{"id":84774,"date":"2021-08-31T21:20:12","date_gmt":"2021-09-01T00:20:12","guid":{"rendered":"http:\/\/infoecos.com.ar\/?p=84774"},"modified":"2021-09-02T19:23:06","modified_gmt":"2021-09-02T22:23:06","slug":"el-descenso-de-casos-genera-que-el-gobierno-bonaerense-levante-mas-restricciones-y-habilite-actividades","status":"publish","type":"post","link":"https:\/\/infoecos.com.ar\/index.php\/el-descenso-de-casos-genera-que-el-gobierno-bonaerense-levante-mas-restricciones-y-habilite-actividades\/","title":{"rendered":"El descenso de casos genera que el gobierno bonaerense levante m\u00e1s restricciones y habilit\u00e9 actividades"},"content":{"rendered":"\n<p>El jefe de Gabinete de Ministros de la Provincia, Carlos Bianco, y la subsecretaria de Gesti\u00f3n de la Informaci\u00f3n, Educaci\u00f3n Permanente y Fiscalizaci\u00f3n del Ministerio de Salud, Leticia Ceriani, presentaron el informe semanal sobre la situaci\u00f3n epidemiol\u00f3gica y sanitaria en la provincia de Buenos Aires y dieron precisiones sobre las medidas de cuidado vigentes. Fue en una conferencia de prensa desarrollada este martes en el Sal\u00f3n Dorado de la Gobernaci\u00f3n.<\/p>\n\n\n\n<div class=\"wp-block-image is-style-default\"><figure class=\"aligncenter size-medium\"><img loading=\"lazy\" decoding=\"async\" width=\"460\" height=\"259\" src=\"http:\/\/infoecos.com.ar\/wp-content\/uploads\/2021\/08\/3-1-4-460x259.jpg\" alt=\"\" class=\"wp-image-84775\" srcset=\"https:\/\/infoecos.com.ar\/wp-content\/uploads\/2021\/08\/3-1-4-460x259.jpg 460w, https:\/\/infoecos.com.ar\/wp-content\/uploads\/2021\/08\/3-1-4-920x518.jpg 920w, https:\/\/infoecos.com.ar\/wp-content\/uploads\/2021\/08\/3-1-4-768x432.jpg 768w, https:\/\/infoecos.com.ar\/wp-content\/uploads\/2021\/08\/3-1-4-1536x864.jpg 1536w, https:\/\/infoecos.com.ar\/wp-content\/uploads\/2021\/08\/3-1-4-1024x576.jpg 1024w, https:\/\/infoecos.com.ar\/wp-content\/uploads\/2021\/08\/3-1-4.jpg 1920w\" sizes=\"(max-width: 460px) 100vw, 460px\" \/><\/figure><\/div>\n\n\n\n<p>La subsecretaria Ceriani destac\u00f3 que la provincia se encuentra en su decimocuarta semana consecutiva de descenso de casos, con un promedio diario de 1.431 contagios (frente a los 1.664 de la semana previa) y una baja del 88% en relaci\u00f3n al pico de la segunda ola. \u201cEs otra semana de descenso de casos y de avance a gran velocidad de la campa\u00f1a de vacunaci\u00f3n\u201d, afirm\u00f3 la Subsecretaria.<\/p>\n\n\n\n<p>En cuanto al nivel de ocupaci\u00f3n de camas de terapia intensiva, Ceriani se\u00f1al\u00f3 que de las 4.968 disponibles se encuentran ocupadas 2.523 (50,7%). De ellas, 585 corresponden a pacientes de COVID-19, es decir, solo un 23,2% del total de camas ocupadas.<\/p>\n\n\n\n<div class=\"wp-block-image is-style-default\"><figure class=\"aligncenter size-medium\"><img loading=\"lazy\" decoding=\"async\" width=\"460\" height=\"259\" src=\"http:\/\/infoecos.com.ar\/wp-content\/uploads\/2021\/08\/6-460x259.jpg\" alt=\"\" class=\"wp-image-84776\" srcset=\"https:\/\/infoecos.com.ar\/wp-content\/uploads\/2021\/08\/6-460x259.jpg 460w, https:\/\/infoecos.com.ar\/wp-content\/uploads\/2021\/08\/6-920x518.jpg 920w, https:\/\/infoecos.com.ar\/wp-content\/uploads\/2021\/08\/6-768x432.jpg 768w, https:\/\/infoecos.com.ar\/wp-content\/uploads\/2021\/08\/6-1536x864.jpg 1536w, https:\/\/infoecos.com.ar\/wp-content\/uploads\/2021\/08\/6-1024x576.jpg 1024w, https:\/\/infoecos.com.ar\/wp-content\/uploads\/2021\/08\/6.jpg 1920w\" sizes=\"(max-width: 460px) 100vw, 460px\" \/><\/figure><\/div>\n\n\n\n<p>Ceriani tambi\u00e9n se refiri\u00f3 a la circulaci\u00f3n de la variante Delta, que hasta la fecha cuenta con 63 casos confirmados en la provincia, e indic\u00f3: \u201cHacemos lo indispensable para retrasar lo m\u00e1ximo posible su circulaci\u00f3n comunitaria\u201d. De los casos identificados, 59 corresponden a personas que regresaron del exterior, dos a personas convivientes con ellas y otros dos son posibles casos de circulaci\u00f3n comunitaria. En todos los casos, las y los pacientes transitaron la enfermedad de forma leve, y 62 de los 63 ya han finalizado el per\u00edodo de aislamiento y tienen el alta.<\/p>\n\n\n\n<p>En lo que respecta al avance del plan Buenos Aires Vacunate, Ceriani afirm\u00f3 que \u201cagosto fue el mes de las segundas dosis y septiembre lo va a seguir siendo\u201d. En el mes que termina se aplicaron 2.807.631 segundas dosis y se han asignado casi un mill\u00f3n y medio de turnos de segundas dosis para los pr\u00f3ximos d\u00edas.<\/p>\n\n\n\n<div class=\"wp-block-image is-style-default\"><figure class=\"aligncenter size-medium\"><img loading=\"lazy\" decoding=\"async\" width=\"1920\" height=\"1080\" src=\"http:\/\/infoecos.com.ar\/wp-content\/uploads\/2021\/08\/9-460x259.jpg\" alt=\"\" class=\"wp-image-84777\" srcset=\"https:\/\/infoecos.com.ar\/wp-content\/uploads\/2021\/08\/9-460x259.jpg 460w, https:\/\/infoecos.com.ar\/wp-content\/uploads\/2021\/08\/9-920x518.jpg 920w, https:\/\/infoecos.com.ar\/wp-content\/uploads\/2021\/08\/9-768x432.jpg 768w, https:\/\/infoecos.com.ar\/wp-content\/uploads\/2021\/08\/9-1536x864.jpg 1536w, https:\/\/infoecos.com.ar\/wp-content\/uploads\/2021\/08\/9-1024x576.jpg 1024w, https:\/\/infoecos.com.ar\/wp-content\/uploads\/2021\/08\/9.jpg 1920w\" sizes=\"(max-width: 1920px) 100vw, 1920px\" \/><\/figure><\/div>\n\n\n\n<p>Carlos Bianco, por su parte, se\u00f1al\u00f3 que \u201clos avances de la vacunaci\u00f3n y el descenso de casos nos permiten habilitar nuevas actividades\u201d. En este sentido, el Jefe de Gabinete anunci\u00f3 que se comenzar\u00e1 a permitir la asistencia de hasta 100 personas en espect\u00e1culos deportivos de ligas regionales, amateurs y municipales, as\u00ed como la realizaci\u00f3n de exposiciones, ferias comerciales, congresos y convenciones, siguiendo protocolos de cuidado sanitario.<\/p>\n\n\n\n<p>Asimismo, Bianco se refiri\u00f3 a la verificaci\u00f3n del esquema de aislamiento mixto en hoteles y domicilios para las personas que vuelven del exterior. Explic\u00f3 que desde el 1\u00b0 de julio salieron del pa\u00eds 30.206 bonaerenses, de los cuales regresaron 9.419. De ellos, el 81% cumplieron con el aislamiento mixto, se est\u00e1 en proceso de fiscalizaci\u00f3n presencial de 371 personas y otras 723 que llegaron en los \u00faltimos d\u00edas est\u00e1n siendo contactadas telef\u00f3nicamente. Solamente 674 personas no cumplieron con el aislamiento y, en estos casos, Bianco indic\u00f3 que \u201chemos avanzado, como lo marca la ley, con denuncias penales y aplicaci\u00f3n de multas por incumplir la normativa provincial en materia sanitaria\u201d.<\/p>\n","protected":false},"excerpt":{"rendered":"<p>El Jefe de Gabinete anunci\u00f3 que se comenzar\u00e1 a permitir la asistencia de hasta 100 personas en espect\u00e1culos deportivos de ligas regionales, amateurs y municipales<\/p>\n","protected":false},"author":2,"featured_media":84776,"comment_status":"closed","ping_status":"open","sticky":false,"template":"","format":"standard","meta":{"footnotes":""},"categories":[1643],"tags":[2537],"class_list":["post-84774","post","type-post","status-publish","format-standard","has-post-thumbnail","hentry","category-inferior16","tag-situacion-epidemiologica"],"yoast_head":"<!-- This site is optimized with the Yoast SEO plugin v23.4 - https:\/\/yoast.com\/wordpress\/plugins\/seo\/ -->\n<title>El descenso de casos genera que el gobierno bonaerense levante m\u00e1s restricciones y habilit\u00e9 actividades - Infoecos<\/title>\n<meta name=\"robots\" content=\"index, follow, max-snippet:-1, max-image-preview:large, max-video-preview:-1\" \/>\n<link rel=\"canonical\" href=\"https:\/\/infoecos.com.ar\/index.php\/el-descenso-de-casos-genera-que-el-gobierno-bonaerense-levante-mas-restricciones-y-habilite-actividades\/\" \/>\n<meta property=\"og:locale\" content=\"es_ES\" \/>\n<meta property=\"og:type\" content=\"article\" \/>\n<meta property=\"og:title\" content=\"El descenso de casos genera que el gobierno bonaerense levante m\u00e1s restricciones y habilit\u00e9 actividades - Infoecos\" \/>\n<meta property=\"og:description\" content=\"El Jefe de Gabinete anunci\u00f3 que se comenzar\u00e1 a permitir la asistencia de hasta 100 personas en espect\u00e1culos deportivos de ligas regionales, amateurs y municipales\" \/>\n<meta property=\"og:url\" content=\"https:\/\/infoecos.com.ar\/index.php\/el-descenso-de-casos-genera-que-el-gobierno-bonaerense-levante-mas-restricciones-y-habilite-actividades\/\" \/>\n<meta property=\"og:site_name\" content=\"Infoecos\" \/>\n<meta property=\"article:publisher\" content=\"https:\/\/www.facebook.com\/profile.php?id=100063200290284\" \/>\n<meta property=\"article:published_time\" content=\"2021-09-01T00:20:12+00:00\" \/>\n<meta property=\"article:modified_time\" content=\"2021-09-02T22:23:06+00:00\" \/>\n<meta property=\"og:image\" content=\"https:\/\/infoecos.com.ar\/wp-content\/uploads\/2021\/08\/6.jpg\" \/>\n\t<meta property=\"og:image:width\" content=\"1920\" \/>\n\t<meta property=\"og:image:height\" content=\"1080\" \/>\n\t<meta property=\"og:image:type\" content=\"image\/jpeg\" \/>\n<meta name=\"author\" content=\"Jorge Matheus\" \/>\n<meta name=\"twitter:card\" content=\"summary_large_image\" \/>\n<meta name=\"twitter:creator\" content=\"@infoecos\" \/>\n<meta name=\"twitter:site\" content=\"@infoecos\" \/>\n<meta name=\"twitter:label1\" content=\"Escrito por\" \/>\n\t<meta name=\"twitter:data1\" content=\"Jorge Matheus\" \/>\n\t<meta name=\"twitter:label2\" content=\"Tiempo de lectura\" \/>\n\t<meta name=\"twitter:data2\" content=\"3 minutos\" \/>\n<script type=\"application\/ld+json\" class=\"yoast-schema-graph\">{\"@context\":\"https:\/\/schema.org\",\"@graph\":[{\"@type\":\"Article\",\"@id\":\"https:\/\/infoecos.com.ar\/index.php\/el-descenso-de-casos-genera-que-el-gobierno-bonaerense-levante-mas-restricciones-y-habilite-actividades\/#article\",\"isPartOf\":{\"@id\":\"https:\/\/infoecos.com.ar\/index.php\/el-descenso-de-casos-genera-que-el-gobierno-bonaerense-levante-mas-restricciones-y-habilite-actividades\/\"},\"author\":{\"name\":\"Jorge Matheus\",\"@id\":\"https:\/\/infoecos.com.ar\/#\/schema\/person\/8f5ace5ce73b4b4aac4b7245aee6f191\"},\"headline\":\"El descenso de casos genera que el gobierno bonaerense levante m\u00e1s restricciones y habilit\u00e9 actividades\",\"datePublished\":\"2021-09-01T00:20:12+00:00\",\"dateModified\":\"2021-09-02T22:23:06+00:00\",\"mainEntityOfPage\":{\"@id\":\"https:\/\/infoecos.com.ar\/index.php\/el-descenso-de-casos-genera-que-el-gobierno-bonaerense-levante-mas-restricciones-y-habilite-actividades\/\"},\"wordCount\":531,\"publisher\":{\"@id\":\"https:\/\/infoecos.com.ar\/#organization\"},\"image\":{\"@id\":\"https:\/\/infoecos.com.ar\/index.php\/el-descenso-de-casos-genera-que-el-gobierno-bonaerense-levante-mas-restricciones-y-habilite-actividades\/#primaryimage\"},\"thumbnailUrl\":\"https:\/\/infoecos.com.ar\/wp-content\/uploads\/2021\/08\/6.jpg\",\"keywords\":[\"SITUACI\u00d3N EPIDEMIOL\u00d3GICA\"],\"articleSection\":[\"Bloque inferior - 16\"],\"inLanguage\":\"es\"},{\"@type\":\"WebPage\",\"@id\":\"https:\/\/infoecos.com.ar\/index.php\/el-descenso-de-casos-genera-que-el-gobierno-bonaerense-levante-mas-restricciones-y-habilite-actividades\/\",\"url\":\"https:\/\/infoecos.com.ar\/index.php\/el-descenso-de-casos-genera-que-el-gobierno-bonaerense-levante-mas-restricciones-y-habilite-actividades\/\",\"name\":\"El descenso de casos genera que el gobierno bonaerense levante m\u00e1s restricciones y habilit\u00e9 actividades - Infoecos\",\"isPartOf\":{\"@id\":\"https:\/\/infoecos.com.ar\/#website\"},\"primaryImageOfPage\":{\"@id\":\"https:\/\/infoecos.com.ar\/index.php\/el-descenso-de-casos-genera-que-el-gobierno-bonaerense-levante-mas-restricciones-y-habilite-actividades\/#primaryimage\"},\"image\":{\"@id\":\"https:\/\/infoecos.com.ar\/index.php\/el-descenso-de-casos-genera-que-el-gobierno-bonaerense-levante-mas-restricciones-y-habilite-actividades\/#primaryimage\"},\"thumbnailUrl\":\"https:\/\/infoecos.com.ar\/wp-content\/uploads\/2021\/08\/6.jpg\",\"datePublished\":\"2021-09-01T00:20:12+00:00\",\"dateModified\":\"2021-09-02T22:23:06+00:00\",\"breadcrumb\":{\"@id\":\"https:\/\/infoecos.com.ar\/index.php\/el-descenso-de-casos-genera-que-el-gobierno-bonaerense-levante-mas-restricciones-y-habilite-actividades\/#breadcrumb\"},\"inLanguage\":\"es\",\"potentialAction\":[{\"@type\":\"ReadAction\",\"target\":[\"https:\/\/infoecos.com.ar\/index.php\/el-descenso-de-casos-genera-que-el-gobierno-bonaerense-levante-mas-restricciones-y-habilite-actividades\/\"]}]},{\"@type\":\"ImageObject\",\"inLanguage\":\"es\",\"@id\":\"https:\/\/infoecos.com.ar\/index.php\/el-descenso-de-casos-genera-que-el-gobierno-bonaerense-levante-mas-restricciones-y-habilite-actividades\/#primaryimage\",\"url\":\"https:\/\/infoecos.com.ar\/wp-content\/uploads\/2021\/08\/6.jpg\",\"contentUrl\":\"https:\/\/infoecos.com.ar\/wp-content\/uploads\/2021\/08\/6.jpg\",\"width\":1920,\"height\":1080},{\"@type\":\"BreadcrumbList\",\"@id\":\"https:\/\/infoecos.com.ar\/index.php\/el-descenso-de-casos-genera-que-el-gobierno-bonaerense-levante-mas-restricciones-y-habilite-actividades\/#breadcrumb\",\"itemListElement\":[{\"@type\":\"ListItem\",\"position\":1,\"name\":\"Portada\",\"item\":\"https:\/\/infoecos.com.ar\/\"},{\"@type\":\"ListItem\",\"position\":2,\"name\":\"El descenso de casos genera que el gobierno bonaerense levante m\u00e1s restricciones y habilit\u00e9 actividades\"}]},{\"@type\":\"WebSite\",\"@id\":\"https:\/\/infoecos.com.ar\/#website\",\"url\":\"https:\/\/infoecos.com.ar\/\",\"name\":\"Infoecos\",\"description\":\"Noticias de trenque lauquen y la zona\",\"publisher\":{\"@id\":\"https:\/\/infoecos.com.ar\/#organization\"},\"alternateName\":\"Noticias\",\"potentialAction\":[{\"@type\":\"SearchAction\",\"target\":{\"@type\":\"EntryPoint\",\"urlTemplate\":\"https:\/\/infoecos.com.ar\/?s={search_term_string}\"},\"query-input\":{\"@type\":\"PropertyValueSpecification\",\"valueRequired\":true,\"valueName\":\"search_term_string\"}}],\"inLanguage\":\"es\"},{\"@type\":\"Organization\",\"@id\":\"https:\/\/infoecos.com.ar\/#organization\",\"name\":\"Infoecos\",\"alternateName\":\"Noticias\",\"url\":\"https:\/\/infoecos.com.ar\/\",\"logo\":{\"@type\":\"ImageObject\",\"inLanguage\":\"es\",\"@id\":\"https:\/\/infoecos.com.ar\/#\/schema\/logo\/image\/\",\"url\":\"https:\/\/infoecos.com.ar\/wp-content\/uploads\/2024\/03\/cropped-logo.png\",\"contentUrl\":\"https:\/\/infoecos.com.ar\/wp-content\/uploads\/2024\/03\/cropped-logo.png\",\"width\":374,\"height\":90,\"caption\":\"Infoecos\"},\"image\":{\"@id\":\"https:\/\/infoecos.com.ar\/#\/schema\/logo\/image\/\"},\"sameAs\":[\"https:\/\/www.facebook.com\/profile.php?id=100063200290284\",\"https:\/\/x.com\/infoecos\"]},{\"@type\":\"Person\",\"@id\":\"https:\/\/infoecos.com.ar\/#\/schema\/person\/8f5ace5ce73b4b4aac4b7245aee6f191\",\"name\":\"Jorge Matheus\",\"url\":\"https:\/\/infoecos.com.ar\/index.php\/author\/jomatheus\/\"}]}<\/script>\n<!-- \/ Yoast SEO plugin. -->","yoast_head_json":{"title":"El descenso de casos genera que el gobierno bonaerense levante m\u00e1s restricciones y habilit\u00e9 actividades - Infoecos","robots":{"index":"index","follow":"follow","max-snippet":"max-snippet:-1","max-image-preview":"max-image-preview:large","max-video-preview":"max-video-preview:-1"},"canonical":"https:\/\/infoecos.com.ar\/index.php\/el-descenso-de-casos-genera-que-el-gobierno-bonaerense-levante-mas-restricciones-y-habilite-actividades\/","og_locale":"es_ES","og_type":"article","og_title":"El descenso de casos genera que el gobierno bonaerense levante m\u00e1s restricciones y habilit\u00e9 actividades - Infoecos","og_description":"El Jefe de Gabinete anunci\u00f3 que se comenzar\u00e1 a permitir la asistencia de hasta 100 personas en espect\u00e1culos deportivos de ligas regionales, amateurs y municipales","og_url":"https:\/\/infoecos.com.ar\/index.php\/el-descenso-de-casos-genera-que-el-gobierno-bonaerense-levante-mas-restricciones-y-habilite-actividades\/","og_site_name":"Infoecos","article_publisher":"https:\/\/www.facebook.com\/profile.php?id=100063200290284","article_published_time":"2021-09-01T00:20:12+00:00","article_modified_time":"2021-09-02T22:23:06+00:00","og_image":[{"width":1920,"height":1080,"url":"https:\/\/infoecos.com.ar\/wp-content\/uploads\/2021\/08\/6.jpg","type":"image\/jpeg"}],"author":"Jorge Matheus","twitter_card":"summary_large_image","twitter_creator":"@infoecos","twitter_site":"@infoecos","twitter_misc":{"Escrito por":"Jorge Matheus","Tiempo de lectura":"3 minutos"},"schema":{"@context":"https:\/\/schema.org","@graph":[{"@type":"Article","@id":"https:\/\/infoecos.com.ar\/index.php\/el-descenso-de-casos-genera-que-el-gobierno-bonaerense-levante-mas-restricciones-y-habilite-actividades\/#article","isPartOf":{"@id":"https:\/\/infoecos.com.ar\/index.php\/el-descenso-de-casos-genera-que-el-gobierno-bonaerense-levante-mas-restricciones-y-habilite-actividades\/"},"author":{"name":"Jorge Matheus","@id":"https:\/\/infoecos.com.ar\/#\/schema\/person\/8f5ace5ce73b4b4aac4b7245aee6f191"},"headline":"El descenso de casos genera que el gobierno bonaerense levante m\u00e1s restricciones y habilit\u00e9 actividades","datePublished":"2021-09-01T00:20:12+00:00","dateModified":"2021-09-02T22:23:06+00:00","mainEntityOfPage":{"@id":"https:\/\/infoecos.com.ar\/index.php\/el-descenso-de-casos-genera-que-el-gobierno-bonaerense-levante-mas-restricciones-y-habilite-actividades\/"},"wordCount":531,"publisher":{"@id":"https:\/\/infoecos.com.ar\/#organization"},"image":{"@id":"https:\/\/infoecos.com.ar\/index.php\/el-descenso-de-casos-genera-que-el-gobierno-bonaerense-levante-mas-restricciones-y-habilite-actividades\/#primaryimage"},"thumbnailUrl":"https:\/\/infoecos.com.ar\/wp-content\/uploads\/2021\/08\/6.jpg","keywords":["SITUACI\u00d3N EPIDEMIOL\u00d3GICA"],"articleSection":["Bloque inferior - 16"],"inLanguage":"es"},{"@type":"WebPage","@id":"https:\/\/infoecos.com.ar\/index.php\/el-descenso-de-casos-genera-que-el-gobierno-bonaerense-levante-mas-restricciones-y-habilite-actividades\/","url":"https:\/\/infoecos.com.ar\/index.php\/el-descenso-de-casos-genera-que-el-gobierno-bonaerense-levante-mas-restricciones-y-habilite-actividades\/","name":"El descenso de casos genera que el gobierno bonaerense levante m\u00e1s restricciones y habilit\u00e9 actividades - Infoecos","isPartOf":{"@id":"https:\/\/infoecos.com.ar\/#website"},"primaryImageOfPage":{"@id":"https:\/\/infoecos.com.ar\/index.php\/el-descenso-de-casos-genera-que-el-gobierno-bonaerense-levante-mas-restricciones-y-habilite-actividades\/#primaryimage"},"image":{"@id":"https:\/\/infoecos.com.ar\/index.php\/el-descenso-de-casos-genera-que-el-gobierno-bonaerense-levante-mas-restricciones-y-habilite-actividades\/#primaryimage"},"thumbnailUrl":"https:\/\/infoecos.com.ar\/wp-content\/uploads\/2021\/08\/6.jpg","datePublished":"2021-09-01T00:20:12+00:00","dateModified":"2021-09-02T22:23:06+00:00","breadcrumb":{"@id":"https:\/\/infoecos.com.ar\/index.php\/el-descenso-de-casos-genera-que-el-gobierno-bonaerense-levante-mas-restricciones-y-habilite-actividades\/#breadcrumb"},"inLanguage":"es","potentialAction":[{"@type":"ReadAction","target":["https:\/\/infoecos.com.ar\/index.php\/el-descenso-de-casos-genera-que-el-gobierno-bonaerense-levante-mas-restricciones-y-habilite-actividades\/"]}]},{"@type":"ImageObject","inLanguage":"es","@id":"https:\/\/infoecos.com.ar\/index.php\/el-descenso-de-casos-genera-que-el-gobierno-bonaerense-levante-mas-restricciones-y-habilite-actividades\/#primaryimage","url":"https:\/\/infoecos.com.ar\/wp-content\/uploads\/2021\/08\/6.jpg","contentUrl":"https:\/\/infoecos.com.ar\/wp-content\/uploads\/2021\/08\/6.jpg","width":1920,"height":1080},{"@type":"BreadcrumbList","@id":"https:\/\/infoecos.com.ar\/index.php\/el-descenso-de-casos-genera-que-el-gobierno-bonaerense-levante-mas-restricciones-y-habilite-actividades\/#breadcrumb","itemListElement":[{"@type":"ListItem","position":1,"name":"Portada","item":"https:\/\/infoecos.com.ar\/"},{"@type":"ListItem","position":2,"name":"El descenso de casos genera que el gobierno bonaerense levante m\u00e1s restricciones y habilit\u00e9 actividades"}]},{"@type":"WebSite","@id":"https:\/\/infoecos.com.ar\/#website","url":"https:\/\/infoecos.com.ar\/","name":"Infoecos","description":"Noticias de trenque lauquen y la zona","publisher":{"@id":"https:\/\/infoecos.com.ar\/#organization"},"alternateName":"Noticias","potentialAction":[{"@type":"SearchAction","target":{"@type":"EntryPoint","urlTemplate":"https:\/\/infoecos.com.ar\/?s={search_term_string}"},"query-input":{"@type":"PropertyValueSpecification","valueRequired":true,"valueName":"search_term_string"}}],"inLanguage":"es"},{"@type":"Organization","@id":"https:\/\/infoecos.com.ar\/#organization","name":"Infoecos","alternateName":"Noticias","url":"https:\/\/infoecos.com.ar\/","logo":{"@type":"ImageObject","inLanguage":"es","@id":"https:\/\/infoecos.com.ar\/#\/schema\/logo\/image\/","url":"https:\/\/infoecos.com.ar\/wp-content\/uploads\/2024\/03\/cropped-logo.png","contentUrl":"https:\/\/infoecos.com.ar\/wp-content\/uploads\/2024\/03\/cropped-logo.png","width":374,"height":90,"caption":"Infoecos"},"image":{"@id":"https:\/\/infoecos.com.ar\/#\/schema\/logo\/image\/"},"sameAs":["https:\/\/www.facebook.com\/profile.php?id=100063200290284","https:\/\/x.com\/infoecos"]},{"@type":"Person","@id":"https:\/\/infoecos.com.ar\/#\/schema\/person\/8f5ace5ce73b4b4aac4b7245aee6f191","name":"Jorge Matheus","url":"https:\/\/infoecos.com.ar\/index.php\/author\/jomatheus\/"}]}},"featured_image_urls":{"full":["https:\/\/infoecos.com.ar\/wp-content\/uploads\/2021\/08\/6.jpg",1920,1080,false],"thumbnail":["https:\/\/infoecos.com.ar\/wp-content\/uploads\/2021\/08\/6-150x150.jpg",150,150,true],"medium":["https:\/\/infoecos.com.ar\/wp-content\/uploads\/2021\/08\/6-460x259.jpg",460,259,true],"medium_large":["https:\/\/infoecos.com.ar\/wp-content\/uploads\/2021\/08\/6-768x432.jpg",640,360,true],"large":["https:\/\/infoecos.com.ar\/wp-content\/uploads\/2021\/08\/6-920x518.jpg",640,360,true],"1536x1536":["https:\/\/infoecos.com.ar\/wp-content\/uploads\/2021\/08\/6-1536x864.jpg",1536,864,true],"2048x2048":["https:\/\/infoecos.com.ar\/wp-content\/uploads\/2021\/08\/6.jpg",1920,1080,false],"covernews-slider-full":["https:\/\/infoecos.com.ar\/wp-content\/uploads\/2021\/08\/6-1536x1020.jpg",1077,715,true],"covernews-slider-center":["https:\/\/infoecos.com.ar\/wp-content\/uploads\/2021\/08\/6-936x897.jpg",522,500,true],"covernews-featured":["https:\/\/infoecos.com.ar\/wp-content\/uploads\/2021\/08\/6-1024x576.jpg",1024,576,true],"covernews-medium":["https:\/\/infoecos.com.ar\/wp-content\/uploads\/2021\/08\/6-720x380.jpg",540,285,true],"covernews-medium-square":["https:\/\/infoecos.com.ar\/wp-content\/uploads\/2021\/08\/6-675x450.jpg",375,250,true]},"author_info":{"info":["Jorge Matheus"]},"category_info":"<a href=\"https:\/\/infoecos.com.ar\/index.php\/category\/inferior16\/\" rel=\"category tag\">Bloque inferior - 16<\/a>","tag_info":"Bloque inferior - 16","comment_count":"0","_links":{"self":[{"href":"https:\/\/infoecos.com.ar\/index.php\/wp-json\/wp\/v2\/posts\/84774"}],"collection":[{"href":"https:\/\/infoecos.com.ar\/index.php\/wp-json\/wp\/v2\/posts"}],"about":[{"href":"https:\/\/infoecos.com.ar\/index.php\/wp-json\/wp\/v2\/types\/post"}],"author":[{"embeddable":true,"href":"https:\/\/infoecos.com.ar\/index.php\/wp-json\/wp\/v2\/users\/2"}],"replies":[{"embeddable":true,"href":"https:\/\/infoecos.com.ar\/index.php\/wp-json\/wp\/v2\/comments?post=84774"}],"version-history":[{"count":1,"href":"https:\/\/infoecos.com.ar\/index.php\/wp-json\/wp\/v2\/posts\/84774\/revisions"}],"predecessor-version":[{"id":84778,"href":"https:\/\/infoecos.com.ar\/index.php\/wp-json\/wp\/v2\/posts\/84774\/revisions\/84778"}],"wp:featuredmedia":[{"embeddable":true,"href":"https:\/\/infoecos.com.ar\/index.php\/wp-json\/wp\/v2\/media\/84776"}],"wp:attachment":[{"href":"https:\/\/infoecos.com.ar\/index.php\/wp-json\/wp\/v2\/media?parent=84774"}],"wp:term":[{"taxonomy":"category","embeddable":true,"href":"https:\/\/infoecos.com.ar\/index.php\/wp-json\/wp\/v2\/categories?post=84774"},{"taxonomy":"post_tag","embeddable":true,"href":"https:\/\/infoecos.com.ar\/index.php\/wp-json\/wp\/v2\/tags?post=84774"}],"curies":[{"name":"wp","href":"https:\/\/api.w.org\/{rel}","templated":true}]}}