{"id":84805,"date":"2021-08-31T23:38:36","date_gmt":"2021-09-01T02:38:36","guid":{"rendered":"http:\/\/infoecos.com.ar\/?p=84805"},"modified":"2021-08-31T23:38:36","modified_gmt":"2021-09-01T02:38:36","slug":"vuelve-la-presencialidad-total-a-las-escuelas-de-la-provincia-de-buenos-aires","status":"publish","type":"post","link":"https:\/\/infoecos.com.ar\/index.php\/vuelve-la-presencialidad-total-a-las-escuelas-de-la-provincia-de-buenos-aires\/","title":{"rendered":"Vuelve la presencialidad total a las escuelas de la provincia de Buenos Aires"},"content":{"rendered":"\n<p>La provincia de Buenos Aires, recordamos, dispuso para hoy el regreso de la presencialidad escolar plena en todos los municipios.\u00a0De ese modo, los chicos volver\u00e1n a las aulas de lunes a viernes en el horario de clases normal, y bajo un<strong>\u00a0<\/strong>protocolo consensuado por el Consejo Federal de Educaci\u00f3n.<\/p>\n\n\n\n<div class=\"wp-block-image is-style-default\"><figure class=\"aligncenter size-medium\"><img decoding=\"async\" src=\"http:\/\/infoecos.com.ar\/wp-content\/uploads\/historia01_0-460x184.jpg\" alt=\"\" class=\"wp-image-47809\"\/><figcaption>Direcci\u00f3n General de Escuelas de Buenos Aires<\/figcaption><\/figure><\/div>\n\n\n\n<p>La Direcci\u00f3n General de Escuelas inform\u00f3 el lunes que la Provincia iniciar\u00e1 una \u00abnueva etapa de la presencialidad cuidada en todas sus instituciones educativas\u00bb dado que\u00a0\u201cla situaci\u00f3n epidemiol\u00f3gica de todos los distritos bonaerenses permite avanzar hacia estas modalidades\u201d<strong>.<\/strong><\/p>\n\n\n\n<p>Al mismo tiempo, precis\u00f3 que\u00a0desde el 1\u00b0 de septiembre \u00abse actualizar\u00e1n las medidas de cuidado\u00a0relativas al distanciamiento social de referencia dentro del aula\u00bb. Seg\u00fan establece el nuevo protocolo,\u00a0se reducir\u00e1 el espacio entre estudiantes de 1,5 metros a 90 cent\u00edmetros<strong>\u00a0<\/strong>y en algunos casos excepcionales, donde no se pueda cumplir con la distancia de referencia, se podr\u00e1 incorporar m\u00e1s chicos al aula \u201crobusteciendo otras medidas de mitigaci\u00f3n\u201d.<\/p>\n","protected":false},"excerpt":{"rendered":"<p>La Provincia iniciar\u00e1 una \u00abnueva etapa de la presencialidad cuidada en todas sus instituciones educativas\u00bb<\/p>\n","protected":false},"author":2,"featured_media":47809,"comment_status":"closed","ping_status":"open","sticky":false,"template":"","format":"standard","meta":{"footnotes":""},"categories":[49],"tags":[4935],"class_list":["post-84805","post","type-post","status-publish","format-standard","has-post-thumbnail","hentry","category-c3nota3","tag-lunes-a-viernes-en-horario-de-clases-normal"],"yoast_head":"<!-- This site is optimized with the Yoast SEO plugin v23.4 - https:\/\/yoast.com\/wordpress\/plugins\/seo\/ -->\n<title>Vuelve la presencialidad total a las escuelas de la provincia de Buenos Aires - Infoecos<\/title>\n<meta name=\"robots\" content=\"index, follow, max-snippet:-1, max-image-preview:large, max-video-preview:-1\" \/>\n<link rel=\"canonical\" href=\"https:\/\/infoecos.com.ar\/index.php\/vuelve-la-presencialidad-total-a-las-escuelas-de-la-provincia-de-buenos-aires\/\" \/>\n<meta property=\"og:locale\" content=\"es_ES\" \/>\n<meta property=\"og:type\" content=\"article\" \/>\n<meta property=\"og:title\" content=\"Vuelve la presencialidad total a las escuelas de la provincia de Buenos Aires - Infoecos\" \/>\n<meta property=\"og:description\" content=\"La Provincia iniciar\u00e1 una &quot;nueva etapa de la presencialidad cuidada en todas sus instituciones educativas&quot;\" \/>\n<meta property=\"og:url\" content=\"https:\/\/infoecos.com.ar\/index.php\/vuelve-la-presencialidad-total-a-las-escuelas-de-la-provincia-de-buenos-aires\/\" \/>\n<meta property=\"og:site_name\" content=\"Infoecos\" \/>\n<meta property=\"article:publisher\" content=\"https:\/\/www.facebook.com\/profile.php?id=100063200290284\" \/>\n<meta property=\"article:published_time\" content=\"2021-09-01T02:38:36+00:00\" \/>\n<meta property=\"og:image\" content=\"https:\/\/infoecos.com.ar\/wp-content\/uploads\/historia01_0.jpg\" \/>\n\t<meta property=\"og:image:width\" content=\"1500\" \/>\n\t<meta property=\"og:image:height\" content=\"600\" \/>\n\t<meta property=\"og:image:type\" content=\"image\/jpeg\" \/>\n<meta name=\"author\" content=\"Jorge Matheus\" \/>\n<meta name=\"twitter:card\" content=\"summary_large_image\" \/>\n<meta name=\"twitter:creator\" content=\"@infoecos\" \/>\n<meta name=\"twitter:site\" content=\"@infoecos\" \/>\n<meta name=\"twitter:label1\" content=\"Escrito por\" \/>\n\t<meta name=\"twitter:data1\" content=\"Jorge Matheus\" \/>\n\t<meta name=\"twitter:label2\" content=\"Tiempo de lectura\" \/>\n\t<meta name=\"twitter:data2\" content=\"1 minuto\" \/>\n<script type=\"application\/ld+json\" class=\"yoast-schema-graph\">{\"@context\":\"https:\/\/schema.org\",\"@graph\":[{\"@type\":\"Article\",\"@id\":\"https:\/\/infoecos.com.ar\/index.php\/vuelve-la-presencialidad-total-a-las-escuelas-de-la-provincia-de-buenos-aires\/#article\",\"isPartOf\":{\"@id\":\"https:\/\/infoecos.com.ar\/index.php\/vuelve-la-presencialidad-total-a-las-escuelas-de-la-provincia-de-buenos-aires\/\"},\"author\":{\"name\":\"Jorge Matheus\",\"@id\":\"https:\/\/infoecos.com.ar\/#\/schema\/person\/8f5ace5ce73b4b4aac4b7245aee6f191\"},\"headline\":\"Vuelve la presencialidad total a las escuelas de la provincia de Buenos Aires\",\"datePublished\":\"2021-09-01T02:38:36+00:00\",\"dateModified\":\"2021-09-01T02:38:36+00:00\",\"mainEntityOfPage\":{\"@id\":\"https:\/\/infoecos.com.ar\/index.php\/vuelve-la-presencialidad-total-a-las-escuelas-de-la-provincia-de-buenos-aires\/\"},\"wordCount\":186,\"publisher\":{\"@id\":\"https:\/\/infoecos.com.ar\/#organization\"},\"image\":{\"@id\":\"https:\/\/infoecos.com.ar\/index.php\/vuelve-la-presencialidad-total-a-las-escuelas-de-la-provincia-de-buenos-aires\/#primaryimage\"},\"thumbnailUrl\":\"\",\"keywords\":[\"LUNES A VIERNES EN HORARIO DE CLASES NORMAL\"],\"articleSection\":[\"C3 N3\"],\"inLanguage\":\"es\"},{\"@type\":\"WebPage\",\"@id\":\"https:\/\/infoecos.com.ar\/index.php\/vuelve-la-presencialidad-total-a-las-escuelas-de-la-provincia-de-buenos-aires\/\",\"url\":\"https:\/\/infoecos.com.ar\/index.php\/vuelve-la-presencialidad-total-a-las-escuelas-de-la-provincia-de-buenos-aires\/\",\"name\":\"Vuelve la presencialidad total a las escuelas de la provincia de Buenos Aires - Infoecos\",\"isPartOf\":{\"@id\":\"https:\/\/infoecos.com.ar\/#website\"},\"primaryImageOfPage\":{\"@id\":\"https:\/\/infoecos.com.ar\/index.php\/vuelve-la-presencialidad-total-a-las-escuelas-de-la-provincia-de-buenos-aires\/#primaryimage\"},\"image\":{\"@id\":\"https:\/\/infoecos.com.ar\/index.php\/vuelve-la-presencialidad-total-a-las-escuelas-de-la-provincia-de-buenos-aires\/#primaryimage\"},\"thumbnailUrl\":\"\",\"datePublished\":\"2021-09-01T02:38:36+00:00\",\"dateModified\":\"2021-09-01T02:38:36+00:00\",\"breadcrumb\":{\"@id\":\"https:\/\/infoecos.com.ar\/index.php\/vuelve-la-presencialidad-total-a-las-escuelas-de-la-provincia-de-buenos-aires\/#breadcrumb\"},\"inLanguage\":\"es\",\"potentialAction\":[{\"@type\":\"ReadAction\",\"target\":[\"https:\/\/infoecos.com.ar\/index.php\/vuelve-la-presencialidad-total-a-las-escuelas-de-la-provincia-de-buenos-aires\/\"]}]},{\"@type\":\"ImageObject\",\"inLanguage\":\"es\",\"@id\":\"https:\/\/infoecos.com.ar\/index.php\/vuelve-la-presencialidad-total-a-las-escuelas-de-la-provincia-de-buenos-aires\/#primaryimage\",\"url\":\"\",\"contentUrl\":\"\"},{\"@type\":\"BreadcrumbList\",\"@id\":\"https:\/\/infoecos.com.ar\/index.php\/vuelve-la-presencialidad-total-a-las-escuelas-de-la-provincia-de-buenos-aires\/#breadcrumb\",\"itemListElement\":[{\"@type\":\"ListItem\",\"position\":1,\"name\":\"Portada\",\"item\":\"https:\/\/infoecos.com.ar\/\"},{\"@type\":\"ListItem\",\"position\":2,\"name\":\"Vuelve la presencialidad total a las escuelas de la provincia de Buenos Aires\"}]},{\"@type\":\"WebSite\",\"@id\":\"https:\/\/infoecos.com.ar\/#website\",\"url\":\"https:\/\/infoecos.com.ar\/\",\"name\":\"Infoecos\",\"description\":\"Noticias de trenque lauquen y la zona\",\"publisher\":{\"@id\":\"https:\/\/infoecos.com.ar\/#organization\"},\"alternateName\":\"Noticias\",\"potentialAction\":[{\"@type\":\"SearchAction\",\"target\":{\"@type\":\"EntryPoint\",\"urlTemplate\":\"https:\/\/infoecos.com.ar\/?s={search_term_string}\"},\"query-input\":{\"@type\":\"PropertyValueSpecification\",\"valueRequired\":true,\"valueName\":\"search_term_string\"}}],\"inLanguage\":\"es\"},{\"@type\":\"Organization\",\"@id\":\"https:\/\/infoecos.com.ar\/#organization\",\"name\":\"Infoecos\",\"alternateName\":\"Noticias\",\"url\":\"https:\/\/infoecos.com.ar\/\",\"logo\":{\"@type\":\"ImageObject\",\"inLanguage\":\"es\",\"@id\":\"https:\/\/infoecos.com.ar\/#\/schema\/logo\/image\/\",\"url\":\"https:\/\/infoecos.com.ar\/wp-content\/uploads\/2024\/03\/cropped-logo.png\",\"contentUrl\":\"https:\/\/infoecos.com.ar\/wp-content\/uploads\/2024\/03\/cropped-logo.png\",\"width\":374,\"height\":90,\"caption\":\"Infoecos\"},\"image\":{\"@id\":\"https:\/\/infoecos.com.ar\/#\/schema\/logo\/image\/\"},\"sameAs\":[\"https:\/\/www.facebook.com\/profile.php?id=100063200290284\",\"https:\/\/x.com\/infoecos\"]},{\"@type\":\"Person\",\"@id\":\"https:\/\/infoecos.com.ar\/#\/schema\/person\/8f5ace5ce73b4b4aac4b7245aee6f191\",\"name\":\"Jorge Matheus\",\"url\":\"https:\/\/infoecos.com.ar\/index.php\/author\/jomatheus\/\"}]}<\/script>\n<!-- \/ Yoast SEO plugin. -->","yoast_head_json":{"title":"Vuelve la presencialidad total a las escuelas de la provincia de Buenos Aires - Infoecos","robots":{"index":"index","follow":"follow","max-snippet":"max-snippet:-1","max-image-preview":"max-image-preview:large","max-video-preview":"max-video-preview:-1"},"canonical":"https:\/\/infoecos.com.ar\/index.php\/vuelve-la-presencialidad-total-a-las-escuelas-de-la-provincia-de-buenos-aires\/","og_locale":"es_ES","og_type":"article","og_title":"Vuelve la presencialidad total a las escuelas de la provincia de Buenos Aires - Infoecos","og_description":"La Provincia iniciar\u00e1 una \"nueva etapa de la presencialidad cuidada en todas sus instituciones educativas\"","og_url":"https:\/\/infoecos.com.ar\/index.php\/vuelve-la-presencialidad-total-a-las-escuelas-de-la-provincia-de-buenos-aires\/","og_site_name":"Infoecos","article_publisher":"https:\/\/www.facebook.com\/profile.php?id=100063200290284","article_published_time":"2021-09-01T02:38:36+00:00","og_image":[{"width":1500,"height":600,"url":"https:\/\/infoecos.com.ar\/wp-content\/uploads\/historia01_0.jpg","type":"image\/jpeg"}],"author":"Jorge Matheus","twitter_card":"summary_large_image","twitter_creator":"@infoecos","twitter_site":"@infoecos","twitter_misc":{"Escrito por":"Jorge Matheus","Tiempo de lectura":"1 minuto"},"schema":{"@context":"https:\/\/schema.org","@graph":[{"@type":"Article","@id":"https:\/\/infoecos.com.ar\/index.php\/vuelve-la-presencialidad-total-a-las-escuelas-de-la-provincia-de-buenos-aires\/#article","isPartOf":{"@id":"https:\/\/infoecos.com.ar\/index.php\/vuelve-la-presencialidad-total-a-las-escuelas-de-la-provincia-de-buenos-aires\/"},"author":{"name":"Jorge Matheus","@id":"https:\/\/infoecos.com.ar\/#\/schema\/person\/8f5ace5ce73b4b4aac4b7245aee6f191"},"headline":"Vuelve la presencialidad total a las escuelas de la provincia de Buenos Aires","datePublished":"2021-09-01T02:38:36+00:00","dateModified":"2021-09-01T02:38:36+00:00","mainEntityOfPage":{"@id":"https:\/\/infoecos.com.ar\/index.php\/vuelve-la-presencialidad-total-a-las-escuelas-de-la-provincia-de-buenos-aires\/"},"wordCount":186,"publisher":{"@id":"https:\/\/infoecos.com.ar\/#organization"},"image":{"@id":"https:\/\/infoecos.com.ar\/index.php\/vuelve-la-presencialidad-total-a-las-escuelas-de-la-provincia-de-buenos-aires\/#primaryimage"},"thumbnailUrl":"","keywords":["LUNES A VIERNES EN HORARIO DE CLASES NORMAL"],"articleSection":["C3 N3"],"inLanguage":"es"},{"@type":"WebPage","@id":"https:\/\/infoecos.com.ar\/index.php\/vuelve-la-presencialidad-total-a-las-escuelas-de-la-provincia-de-buenos-aires\/","url":"https:\/\/infoecos.com.ar\/index.php\/vuelve-la-presencialidad-total-a-las-escuelas-de-la-provincia-de-buenos-aires\/","name":"Vuelve la presencialidad total a las escuelas de la provincia de Buenos Aires - Infoecos","isPartOf":{"@id":"https:\/\/infoecos.com.ar\/#website"},"primaryImageOfPage":{"@id":"https:\/\/infoecos.com.ar\/index.php\/vuelve-la-presencialidad-total-a-las-escuelas-de-la-provincia-de-buenos-aires\/#primaryimage"},"image":{"@id":"https:\/\/infoecos.com.ar\/index.php\/vuelve-la-presencialidad-total-a-las-escuelas-de-la-provincia-de-buenos-aires\/#primaryimage"},"thumbnailUrl":"","datePublished":"2021-09-01T02:38:36+00:00","dateModified":"2021-09-01T02:38:36+00:00","breadcrumb":{"@id":"https:\/\/infoecos.com.ar\/index.php\/vuelve-la-presencialidad-total-a-las-escuelas-de-la-provincia-de-buenos-aires\/#breadcrumb"},"inLanguage":"es","potentialAction":[{"@type":"ReadAction","target":["https:\/\/infoecos.com.ar\/index.php\/vuelve-la-presencialidad-total-a-las-escuelas-de-la-provincia-de-buenos-aires\/"]}]},{"@type":"ImageObject","inLanguage":"es","@id":"https:\/\/infoecos.com.ar\/index.php\/vuelve-la-presencialidad-total-a-las-escuelas-de-la-provincia-de-buenos-aires\/#primaryimage","url":"","contentUrl":""},{"@type":"BreadcrumbList","@id":"https:\/\/infoecos.com.ar\/index.php\/vuelve-la-presencialidad-total-a-las-escuelas-de-la-provincia-de-buenos-aires\/#breadcrumb","itemListElement":[{"@type":"ListItem","position":1,"name":"Portada","item":"https:\/\/infoecos.com.ar\/"},{"@type":"ListItem","position":2,"name":"Vuelve la presencialidad total a las escuelas de la provincia de Buenos Aires"}]},{"@type":"WebSite","@id":"https:\/\/infoecos.com.ar\/#website","url":"https:\/\/infoecos.com.ar\/","name":"Infoecos","description":"Noticias de trenque lauquen y la zona","publisher":{"@id":"https:\/\/infoecos.com.ar\/#organization"},"alternateName":"Noticias","potentialAction":[{"@type":"SearchAction","target":{"@type":"EntryPoint","urlTemplate":"https:\/\/infoecos.com.ar\/?s={search_term_string}"},"query-input":{"@type":"PropertyValueSpecification","valueRequired":true,"valueName":"search_term_string"}}],"inLanguage":"es"},{"@type":"Organization","@id":"https:\/\/infoecos.com.ar\/#organization","name":"Infoecos","alternateName":"Noticias","url":"https:\/\/infoecos.com.ar\/","logo":{"@type":"ImageObject","inLanguage":"es","@id":"https:\/\/infoecos.com.ar\/#\/schema\/logo\/image\/","url":"https:\/\/infoecos.com.ar\/wp-content\/uploads\/2024\/03\/cropped-logo.png","contentUrl":"https:\/\/infoecos.com.ar\/wp-content\/uploads\/2024\/03\/cropped-logo.png","width":374,"height":90,"caption":"Infoecos"},"image":{"@id":"https:\/\/infoecos.com.ar\/#\/schema\/logo\/image\/"},"sameAs":["https:\/\/www.facebook.com\/profile.php?id=100063200290284","https:\/\/x.com\/infoecos"]},{"@type":"Person","@id":"https:\/\/infoecos.com.ar\/#\/schema\/person\/8f5ace5ce73b4b4aac4b7245aee6f191","name":"Jorge Matheus","url":"https:\/\/infoecos.com.ar\/index.php\/author\/jomatheus\/"}]}},"featured_image_urls":{"full":"","thumbnail":"","medium":"","medium_large":"","large":"","1536x1536":"","2048x2048":"","covernews-slider-full":"","covernews-slider-center":"","covernews-featured":"","covernews-medium":"","covernews-medium-square":""},"author_info":{"info":["Jorge Matheus"]},"category_info":"<a href=\"https:\/\/infoecos.com.ar\/index.php\/category\/c3nota3\/\" rel=\"category tag\">C3 N3<\/a>","tag_info":"C3 N3","comment_count":"0","_links":{"self":[{"href":"https:\/\/infoecos.com.ar\/index.php\/wp-json\/wp\/v2\/posts\/84805"}],"collection":[{"href":"https:\/\/infoecos.com.ar\/index.php\/wp-json\/wp\/v2\/posts"}],"about":[{"href":"https:\/\/infoecos.com.ar\/index.php\/wp-json\/wp\/v2\/types\/post"}],"author":[{"embeddable":true,"href":"https:\/\/infoecos.com.ar\/index.php\/wp-json\/wp\/v2\/users\/2"}],"replies":[{"embeddable":true,"href":"https:\/\/infoecos.com.ar\/index.php\/wp-json\/wp\/v2\/comments?post=84805"}],"version-history":[{"count":1,"href":"https:\/\/infoecos.com.ar\/index.php\/wp-json\/wp\/v2\/posts\/84805\/revisions"}],"predecessor-version":[{"id":84806,"href":"https:\/\/infoecos.com.ar\/index.php\/wp-json\/wp\/v2\/posts\/84805\/revisions\/84806"}],"wp:featuredmedia":[{"embeddable":true,"href":"https:\/\/infoecos.com.ar\/index.php\/wp-json\/"}],"wp:attachment":[{"href":"https:\/\/infoecos.com.ar\/index.php\/wp-json\/wp\/v2\/media?parent=84805"}],"wp:term":[{"taxonomy":"category","embeddable":true,"href":"https:\/\/infoecos.com.ar\/index.php\/wp-json\/wp\/v2\/categories?post=84805"},{"taxonomy":"post_tag","embeddable":true,"href":"https:\/\/infoecos.com.ar\/index.php\/wp-json\/wp\/v2\/tags?post=84805"}],"curies":[{"name":"wp","href":"https:\/\/api.w.org\/{rel}","templated":true}]}}