{"id":84938,"date":"2021-09-02T06:08:18","date_gmt":"2021-09-02T09:08:18","guid":{"rendered":"http:\/\/infoecos.com.ar\/?p=84938"},"modified":"2021-09-02T06:08:20","modified_gmt":"2021-09-02T09:08:20","slug":"se-corren-el-domingo-los-200-kilometros-de-buenos-aires-en-el-super-tc2000","status":"publish","type":"post","link":"https:\/\/infoecos.com.ar\/index.php\/se-corren-el-domingo-los-200-kilometros-de-buenos-aires-en-el-super-tc2000\/","title":{"rendered":"Se corren el domingo los 200 kil\u00f3metros de Buenos Aires en el S\u00faper TC2000"},"content":{"rendered":"\n<p class=\"wp-block-paragraph\">El domingo pr\u00f3ximo, el\u00a0<strong>S\u00faper TC2000<\/strong>\u00a0desarrollar\u00e1 la competencia m\u00e1s importante del a\u00f1o del automovilismo argentino,\u00a0<strong>los 200 Kil\u00f3metros de Buenos Aires.<\/strong><\/p>\n\n\n\n<p class=\"wp-block-paragraph\">La&nbsp;<strong>15\u00b0 edici\u00f3n q<\/strong>ue se va a correr en el circuito n\u00famero 9 del aut\u00f3dromo porte\u00f1o contar\u00e1 con los mejores pilotos del pa\u00eds que compartir\u00e1n sus autos con figuras del automovilismo en b\u00fasqueda de la victoria.<\/p>\n\n\n\n<p class=\"wp-block-paragraph\">El<strong>&nbsp;Toyota Gazoo Racing YPF Infinia,<\/strong>&nbsp;tendr\u00e1 al puntero del campeonato&nbsp;<strong>Mat\u00edas<\/strong>&nbsp;<strong>Rossi<\/strong>, con el ganador de las 24 Horas de Le Mans,&nbsp;<strong>Jos\u00e9 Mar\u00eda \u00abPechito\u00bb L\u00f3pez.<\/strong>&nbsp;En tanto,&nbsp;<strong>Juli\u00e1n Santero&nbsp;<\/strong>har\u00e1 binomio con el franco-argentino,&nbsp;<strong>Sacha Fenestraz<\/strong>,&nbsp;<strong>Franco<\/strong>&nbsp;<strong>Vivian&nbsp;<\/strong>competir\u00e1 junto a&nbsp;<strong>Hern\u00e1n Palazzo<\/strong>&nbsp;y&nbsp;<strong>Emi<\/strong>liano<strong>&nbsp;Spataro&nbsp;<\/strong>con&nbsp;<strong>Mat\u00edas Rodr\u00edguez<\/strong>.<\/p>\n\n\n\n<div class=\"wp-block-image is-style-default\"><figure class=\"aligncenter size-medium\"><img loading=\"lazy\" decoding=\"async\" width=\"460\" height=\"259\" src=\"http:\/\/infoecos.com.ar\/wp-content\/uploads\/2021\/09\/tc2000-460x259.png\" alt=\"\" class=\"wp-image-84939\" srcset=\"https:\/\/infoecos.com.ar\/wp-content\/uploads\/2021\/09\/tc2000-460x259.png 460w, https:\/\/infoecos.com.ar\/wp-content\/uploads\/2021\/09\/tc2000-768x432.png 768w, https:\/\/infoecos.com.ar\/wp-content\/uploads\/2021\/09\/tc2000.png 862w\" sizes=\"auto, (max-width: 460px) 100vw, 460px\" \/><\/figure><\/div>\n\n\n\n<p class=\"wp-block-paragraph\">Por su parte, el<strong>&nbsp;Toyota Gazoo Racing Junior<\/strong>&nbsp;pondr\u00e1 en pista dos autos.&nbsp;<strong>Nicol\u00e1s Moscardini<\/strong>&nbsp;estar\u00e1 acompa\u00f1ado por&nbsp;<strong>Emmanuel C\u00e1ceres<\/strong>, en tanto que&nbsp;<strong>Ian Reutemann<\/strong>&nbsp;correr\u00e1 con el del TC2000,&nbsp;<strong>Ignacio<\/strong>&nbsp;<strong>Montenegro<\/strong>.<\/p>\n\n\n\n<p class=\"wp-block-paragraph\">El<strong>&nbsp;Renault Sport Castrol Team<\/strong>&nbsp;contar\u00e1 con&nbsp;<strong>Leonel Pern\u00eda<\/strong>, segundo en el torneo actual del S\u00faper TC2000 junto a&nbsp;<strong>Antonino<\/strong>&nbsp;<strong>Garc\u00eda<\/strong>.&nbsp;<strong>Dami\u00e1n Fineschi&nbsp;<\/strong>compartir\u00e1 el auto con&nbsp;<strong>Diego Ciantini<\/strong>,&nbsp;<strong>Mat\u00edas<\/strong>&nbsp;<strong>Milla&nbsp;<\/strong>con el actual puntero del campeonato del TC2000,&nbsp;<strong>Jorge<\/strong>&nbsp;<strong>Barrio<\/strong>&nbsp;y&nbsp;<strong>Tom\u00e1s Cingolani&nbsp;<\/strong>con&nbsp;<strong>Josito<\/strong>&nbsp;<strong>Di Palma<\/strong>.<\/p>\n\n\n\n<p class=\"wp-block-paragraph\">El equipo\u00a0<strong>Puma Energy Honda Racing,<\/strong>\u00a0tendr\u00e1 a\u00a0<strong>Facundo<\/strong>\u00a0<strong>Ardusso\u00a0<\/strong>compartiendo el auto con Gabriel Ponce de Le\u00f3n.\u00a0<strong>Juan \u00c1ngel Rosso<\/strong>\u00a0correr\u00e1 junto\u00a0<strong>a Facundo M\u00e1rques,<\/strong>\u00a0<strong>Fabi\u00e1n Yannantuoni\u00a0<\/strong>con\u00a0<strong>Mat\u00edas Mu\u00f1oz Marchesi<\/strong>\u00a0y\u00a0<strong>Jos\u00e9<\/strong>\u00a0<strong>Manuel Sapag\u00a0<\/strong>con\u00a0<strong>Mauricio<\/strong>\u00a0<strong>Lambiris<\/strong>.<\/p>\n\n\n\n<div class=\"wp-block-image is-style-default\"><figure class=\"aligncenter size-large is-resized\"><img loading=\"lazy\" decoding=\"async\" src=\"http:\/\/infoecos.com.ar\/wp-content\/uploads\/2021\/09\/TC200.jpg\" alt=\"\" class=\"wp-image-84940\" width=\"486\" height=\"274\"\/><\/figure><\/div>\n\n\n\n<p class=\"wp-block-paragraph\"><strong>Chevrolet YPF&nbsp;<\/strong>tendr\u00e1 para los 200 Kil\u00f3metros a&nbsp;<strong>Agust\u00edn Canapino<\/strong>, ganador de la edici\u00f3n 2016, junto a&nbsp;<strong>Ricardo Risatti<\/strong>, mientras que&nbsp;<strong>Bernando<\/strong>&nbsp;<strong>Llaver&nbsp;<\/strong>tendr\u00e1 como invitado a&nbsp;<strong>Carlos Javier<\/strong>&nbsp;<strong>Merlo<\/strong>.<\/p>\n\n\n\n<p class=\"wp-block-paragraph\">El equipo&nbsp;<strong>FDC<\/strong>&nbsp;<strong>Motor Sport&nbsp;<\/strong>tendr\u00e1 a&nbsp;<strong>Marcelo<\/strong>&nbsp;<strong>Ciarrocchi&nbsp;<\/strong>compartiendo el Citro\u00ebn C4 Lounge con&nbsp;<strong>Facundo Chapur<\/strong>, que regresa a la categor\u00eda.&nbsp;<strong>Juan Jos\u00e9 Garriz&nbsp;<\/strong>correr\u00e1 con&nbsp;<strong>Manuel<\/strong>&nbsp;<strong>Luque<\/strong>, mientras que&nbsp;<strong>Mat\u00edas<\/strong>&nbsp;<strong>Cravero&nbsp;<\/strong>har\u00e1 binomio con&nbsp;<strong>Javier<\/strong>&nbsp;<strong>Scuncio<\/strong>&nbsp;<strong>Moro<\/strong>.<\/p>\n\n\n\n<p class=\"wp-block-paragraph\">Por su parte, el&nbsp;<strong>TS Racing<\/strong>&nbsp;se presentar\u00e1 con&nbsp;<strong>Nicol\u00e1s Traut&nbsp;<\/strong>compartiendo el Chevrolet Cruze con el chaque\u00f1o,&nbsp;<strong>Milton<\/strong>&nbsp;<strong>Bobel.&nbsp;<\/strong>Para completar<strong>,&nbsp;Ayrton<\/strong>&nbsp;<strong>Chorne<\/strong>&nbsp;har\u00e1 su debut en la categor\u00eda con un Honda New Civic atendido por el&nbsp;<strong>JM Motorsport&nbsp;<\/strong>y tendr\u00e1 como invitado a&nbsp;<strong>Mateo<\/strong>&nbsp;<strong>Polakovich<\/strong>.<\/p>\n","protected":false},"excerpt":{"rendered":"<p>La 15\u00b0 edici\u00f3n que se va a correr en el circuito n\u00famero 9 del aut\u00f3dromo porte\u00f1o contar\u00e1 con los mejores pilotos del pa\u00eds que compartir\u00e1n sus autos con figuras del automovilismo<\/p>\n","protected":false},"author":2,"featured_media":84939,"comment_status":"closed","ping_status":"open","sticky":false,"template":"","format":"standard","meta":{"footnotes":""},"categories":[199],"tags":[4866],"class_list":["post-84938","post","type-post","status-publish","format-standard","has-post-thumbnail","hentry","category-inferior7","tag-iecosdeportes"],"featured_image_urls":{"full":["https:\/\/infoecos.com.ar\/wp-content\/uploads\/2021\/09\/tc2000.png",862,485,false],"thumbnail":["https:\/\/infoecos.com.ar\/wp-content\/uploads\/2021\/09\/tc2000-150x150.png",150,150,true],"medium":["https:\/\/infoecos.com.ar\/wp-content\/uploads\/2021\/09\/tc2000-460x259.png",460,259,true],"medium_large":["https:\/\/infoecos.com.ar\/wp-content\/uploads\/2021\/09\/tc2000-768x432.png",640,360,true],"large":["https:\/\/infoecos.com.ar\/wp-content\/uploads\/2021\/09\/tc2000.png",640,360,false],"1536x1536":["https:\/\/infoecos.com.ar\/wp-content\/uploads\/2021\/09\/tc2000.png",862,485,false],"2048x2048":["https:\/\/infoecos.com.ar\/wp-content\/uploads\/2021\/09\/tc2000.png",862,485,false],"covernews-slider-full":["https:\/\/infoecos.com.ar\/wp-content\/uploads\/2021\/09\/tc2000.png",862,485,false],"covernews-slider-center":["https:\/\/infoecos.com.ar\/wp-content\/uploads\/2021\/09\/tc2000.png",800,450,false],"covernews-featured":["https:\/\/infoecos.com.ar\/wp-content\/uploads\/2021\/09\/tc2000.png",862,485,false],"covernews-medium":["https:\/\/infoecos.com.ar\/wp-content\/uploads\/2021\/09\/tc2000-720x380.png",540,285,true],"covernews-medium-square":["https:\/\/infoecos.com.ar\/wp-content\/uploads\/2021\/09\/tc2000-675x450.png",375,250,true]},"author_info":{"info":["Jorge Matheus"]},"category_info":"<a href=\"https:\/\/infoecos.com.ar\/index.php\/category\/inferior7\/\" rel=\"category tag\">Bloque inferior - 7<\/a>","tag_info":"Bloque inferior - 7","comment_count":"0","_links":{"self":[{"href":"https:\/\/infoecos.com.ar\/index.php\/wp-json\/wp\/v2\/posts\/84938","targetHints":{"allow":["GET"]}}],"collection":[{"href":"https:\/\/infoecos.com.ar\/index.php\/wp-json\/wp\/v2\/posts"}],"about":[{"href":"https:\/\/infoecos.com.ar\/index.php\/wp-json\/wp\/v2\/types\/post"}],"author":[{"embeddable":true,"href":"https:\/\/infoecos.com.ar\/index.php\/wp-json\/wp\/v2\/users\/2"}],"replies":[{"embeddable":true,"href":"https:\/\/infoecos.com.ar\/index.php\/wp-json\/wp\/v2\/comments?post=84938"}],"version-history":[{"count":1,"href":"https:\/\/infoecos.com.ar\/index.php\/wp-json\/wp\/v2\/posts\/84938\/revisions"}],"predecessor-version":[{"id":84941,"href":"https:\/\/infoecos.com.ar\/index.php\/wp-json\/wp\/v2\/posts\/84938\/revisions\/84941"}],"wp:featuredmedia":[{"embeddable":true,"href":"https:\/\/infoecos.com.ar\/index.php\/wp-json\/wp\/v2\/media\/84939"}],"wp:attachment":[{"href":"https:\/\/infoecos.com.ar\/index.php\/wp-json\/wp\/v2\/media?parent=84938"}],"wp:term":[{"taxonomy":"category","embeddable":true,"href":"https:\/\/infoecos.com.ar\/index.php\/wp-json\/wp\/v2\/categories?post=84938"},{"taxonomy":"post_tag","embeddable":true,"href":"https:\/\/infoecos.com.ar\/index.php\/wp-json\/wp\/v2\/tags?post=84938"}],"curies":[{"name":"wp","href":"https:\/\/api.w.org\/{rel}","templated":true}]}}