{"id":84981,"date":"2021-09-02T08:05:24","date_gmt":"2021-09-02T11:05:24","guid":{"rendered":"http:\/\/infoecos.com.ar\/?p=84981"},"modified":"2021-09-03T07:55:45","modified_gmt":"2021-09-03T10:55:45","slug":"fue-aprehendida-una-mujer-que-rompio-con-la-denominada-perimetral-en-el-hospital-municipal-de-trenque-lauquen","status":"publish","type":"post","link":"https:\/\/infoecos.com.ar\/index.php\/fue-aprehendida-una-mujer-que-rompio-con-la-denominada-perimetral-en-el-hospital-municipal-de-trenque-lauquen\/","title":{"rendered":"Fue aprehendida una mujer que rompi\u00f3 con la denominada perimetral en el Hospital Municipal de Trenque Lauquen"},"content":{"rendered":"\n<p>La Polic\u00eda de Trenque Lauquen, procedieron ayer a la aprehensi\u00f3n de una mujer, mayor de edad, en raz\u00f3n de que se encontraba violando medidas cautelares, de per\u00edmetro y prohibici\u00f3n de acercamiento, ordenada por la se\u00f1ora Jueza de Familia del Departamento Judicial.<\/p>\n\n\n\n<div class=\"wp-block-image is-style-default\"><figure class=\"aligncenter size-medium\"><img loading=\"lazy\" decoding=\"async\" width=\"341\" height=\"460\" src=\"http:\/\/infoecos.com.ar\/wp-content\/uploads\/2021\/09\/VIOLENCIADEGENERO-341x460.jpg\" alt=\"\" class=\"wp-image-84982\" srcset=\"https:\/\/infoecos.com.ar\/wp-content\/uploads\/2021\/09\/VIOLENCIADEGENERO-341x460.jpg 341w, https:\/\/infoecos.com.ar\/wp-content\/uploads\/2021\/09\/VIOLENCIADEGENERO-682x920.jpg 682w, https:\/\/infoecos.com.ar\/wp-content\/uploads\/2021\/09\/VIOLENCIADEGENERO.jpg 764w\" sizes=\"(max-width: 341px) 100vw, 341px\" \/><\/figure><\/div>\n\n\n\n<p>La acci\u00f3n de efectivos de la Comisar\u00eda Primera se cumpli\u00f3 en el Hospital Municipal, a ra\u00edz de un llamado que se realiz\u00f3 al n\u00famero 911.<\/p>\n\n\n\n<p>La mujer debe cumplir con una perimetral solicitada por su ex pareja, el que se encuentra en el efector de salud al cuidado de una hija que tienen en com\u00fan.<\/p>\n\n\n\n<p>Las actuaciones han sido caratruladas como Desobediencia Flagrante, con intervenci\u00f3n de la UFI n\u00famero 5, a cargo del doctor Manuel Iglesias. <\/p>\n\n\n\n<p>No se dio a conocer la identidad de la persona. <\/p>\n","protected":false},"excerpt":{"rendered":"<p>La mujer debe cumplir con una perimetral solicitada por su ex pareja, el que se encuentra en el efector de salud al cuidado de una hija que tienen en com\u00fan<\/p>\n","protected":false},"author":2,"featured_media":84982,"comment_status":"closed","ping_status":"open","sticky":false,"template":"","format":"standard","meta":{"footnotes":""},"categories":[1331],"tags":[4953],"class_list":["post-84981","post","type-post","status-publish","format-standard","has-post-thumbnail","hentry","category-inferior11","tag-otra-accion-policial-y-judicial"],"yoast_head":"<!-- This site is optimized with the Yoast SEO plugin v23.4 - https:\/\/yoast.com\/wordpress\/plugins\/seo\/ -->\n<title>Fue aprehendida una mujer que rompi\u00f3 con la denominada perimetral en el Hospital Municipal de Trenque Lauquen - Infoecos<\/title>\n<meta name=\"robots\" content=\"index, follow, max-snippet:-1, max-image-preview:large, max-video-preview:-1\" \/>\n<link rel=\"canonical\" href=\"https:\/\/infoecos.com.ar\/index.php\/fue-aprehendida-una-mujer-que-rompio-con-la-denominada-perimetral-en-el-hospital-municipal-de-trenque-lauquen\/\" \/>\n<meta property=\"og:locale\" content=\"es_ES\" \/>\n<meta property=\"og:type\" content=\"article\" \/>\n<meta property=\"og:title\" content=\"Fue aprehendida una mujer que rompi\u00f3 con la denominada perimetral en el Hospital Municipal de Trenque Lauquen - Infoecos\" \/>\n<meta property=\"og:description\" content=\"La mujer debe cumplir con una perimetral solicitada por su ex pareja, el que se encuentra en el efector de salud al cuidado de una hija que tienen en com\u00fan\" \/>\n<meta property=\"og:url\" content=\"https:\/\/infoecos.com.ar\/index.php\/fue-aprehendida-una-mujer-que-rompio-con-la-denominada-perimetral-en-el-hospital-municipal-de-trenque-lauquen\/\" \/>\n<meta property=\"og:site_name\" content=\"Infoecos\" \/>\n<meta property=\"article:publisher\" content=\"https:\/\/www.facebook.com\/profile.php?id=100063200290284\" \/>\n<meta property=\"article:published_time\" content=\"2021-09-02T11:05:24+00:00\" \/>\n<meta property=\"article:modified_time\" content=\"2021-09-03T10:55:45+00:00\" \/>\n<meta property=\"og:image\" content=\"https:\/\/infoecos.com.ar\/wp-content\/uploads\/2021\/09\/VIOLENCIADEGENERO.jpg\" \/>\n\t<meta property=\"og:image:width\" content=\"764\" \/>\n\t<meta property=\"og:image:height\" content=\"1031\" \/>\n\t<meta property=\"og:image:type\" content=\"image\/jpeg\" \/>\n<meta name=\"author\" content=\"Jorge Matheus\" \/>\n<meta name=\"twitter:card\" content=\"summary_large_image\" \/>\n<meta name=\"twitter:creator\" content=\"@infoecos\" \/>\n<meta name=\"twitter:site\" content=\"@infoecos\" \/>\n<meta name=\"twitter:label1\" content=\"Escrito por\" \/>\n\t<meta name=\"twitter:data1\" content=\"Jorge Matheus\" \/>\n\t<meta name=\"twitter:label2\" content=\"Tiempo de lectura\" \/>\n\t<meta name=\"twitter:data2\" content=\"1 minuto\" \/>\n<script type=\"application\/ld+json\" class=\"yoast-schema-graph\">{\"@context\":\"https:\/\/schema.org\",\"@graph\":[{\"@type\":\"Article\",\"@id\":\"https:\/\/infoecos.com.ar\/index.php\/fue-aprehendida-una-mujer-que-rompio-con-la-denominada-perimetral-en-el-hospital-municipal-de-trenque-lauquen\/#article\",\"isPartOf\":{\"@id\":\"https:\/\/infoecos.com.ar\/index.php\/fue-aprehendida-una-mujer-que-rompio-con-la-denominada-perimetral-en-el-hospital-municipal-de-trenque-lauquen\/\"},\"author\":{\"name\":\"Jorge Matheus\",\"@id\":\"https:\/\/infoecos.com.ar\/#\/schema\/person\/8f5ace5ce73b4b4aac4b7245aee6f191\"},\"headline\":\"Fue aprehendida una mujer que rompi\u00f3 con la denominada perimetral en el Hospital Municipal de Trenque Lauquen\",\"datePublished\":\"2021-09-02T11:05:24+00:00\",\"dateModified\":\"2021-09-03T10:55:45+00:00\",\"mainEntityOfPage\":{\"@id\":\"https:\/\/infoecos.com.ar\/index.php\/fue-aprehendida-una-mujer-que-rompio-con-la-denominada-perimetral-en-el-hospital-municipal-de-trenque-lauquen\/\"},\"wordCount\":155,\"publisher\":{\"@id\":\"https:\/\/infoecos.com.ar\/#organization\"},\"image\":{\"@id\":\"https:\/\/infoecos.com.ar\/index.php\/fue-aprehendida-una-mujer-que-rompio-con-la-denominada-perimetral-en-el-hospital-municipal-de-trenque-lauquen\/#primaryimage\"},\"thumbnailUrl\":\"https:\/\/infoecos.com.ar\/wp-content\/uploads\/2021\/09\/VIOLENCIADEGENERO.jpg\",\"keywords\":[\"OTRA ACCI\u00d3N POLICIAL Y JUDICIAL\"],\"articleSection\":[\"Bloque inferior - 11\"],\"inLanguage\":\"es\"},{\"@type\":\"WebPage\",\"@id\":\"https:\/\/infoecos.com.ar\/index.php\/fue-aprehendida-una-mujer-que-rompio-con-la-denominada-perimetral-en-el-hospital-municipal-de-trenque-lauquen\/\",\"url\":\"https:\/\/infoecos.com.ar\/index.php\/fue-aprehendida-una-mujer-que-rompio-con-la-denominada-perimetral-en-el-hospital-municipal-de-trenque-lauquen\/\",\"name\":\"Fue aprehendida una mujer que rompi\u00f3 con la denominada perimetral en el Hospital Municipal de Trenque Lauquen - Infoecos\",\"isPartOf\":{\"@id\":\"https:\/\/infoecos.com.ar\/#website\"},\"primaryImageOfPage\":{\"@id\":\"https:\/\/infoecos.com.ar\/index.php\/fue-aprehendida-una-mujer-que-rompio-con-la-denominada-perimetral-en-el-hospital-municipal-de-trenque-lauquen\/#primaryimage\"},\"image\":{\"@id\":\"https:\/\/infoecos.com.ar\/index.php\/fue-aprehendida-una-mujer-que-rompio-con-la-denominada-perimetral-en-el-hospital-municipal-de-trenque-lauquen\/#primaryimage\"},\"thumbnailUrl\":\"https:\/\/infoecos.com.ar\/wp-content\/uploads\/2021\/09\/VIOLENCIADEGENERO.jpg\",\"datePublished\":\"2021-09-02T11:05:24+00:00\",\"dateModified\":\"2021-09-03T10:55:45+00:00\",\"breadcrumb\":{\"@id\":\"https:\/\/infoecos.com.ar\/index.php\/fue-aprehendida-una-mujer-que-rompio-con-la-denominada-perimetral-en-el-hospital-municipal-de-trenque-lauquen\/#breadcrumb\"},\"inLanguage\":\"es\",\"potentialAction\":[{\"@type\":\"ReadAction\",\"target\":[\"https:\/\/infoecos.com.ar\/index.php\/fue-aprehendida-una-mujer-que-rompio-con-la-denominada-perimetral-en-el-hospital-municipal-de-trenque-lauquen\/\"]}]},{\"@type\":\"ImageObject\",\"inLanguage\":\"es\",\"@id\":\"https:\/\/infoecos.com.ar\/index.php\/fue-aprehendida-una-mujer-que-rompio-con-la-denominada-perimetral-en-el-hospital-municipal-de-trenque-lauquen\/#primaryimage\",\"url\":\"https:\/\/infoecos.com.ar\/wp-content\/uploads\/2021\/09\/VIOLENCIADEGENERO.jpg\",\"contentUrl\":\"https:\/\/infoecos.com.ar\/wp-content\/uploads\/2021\/09\/VIOLENCIADEGENERO.jpg\",\"width\":764,\"height\":1031},{\"@type\":\"BreadcrumbList\",\"@id\":\"https:\/\/infoecos.com.ar\/index.php\/fue-aprehendida-una-mujer-que-rompio-con-la-denominada-perimetral-en-el-hospital-municipal-de-trenque-lauquen\/#breadcrumb\",\"itemListElement\":[{\"@type\":\"ListItem\",\"position\":1,\"name\":\"Portada\",\"item\":\"https:\/\/infoecos.com.ar\/\"},{\"@type\":\"ListItem\",\"position\":2,\"name\":\"Fue aprehendida una mujer que rompi\u00f3 con la denominada perimetral en el Hospital Municipal de Trenque Lauquen\"}]},{\"@type\":\"WebSite\",\"@id\":\"https:\/\/infoecos.com.ar\/#website\",\"url\":\"https:\/\/infoecos.com.ar\/\",\"name\":\"Infoecos\",\"description\":\"Noticias de trenque lauquen y la zona\",\"publisher\":{\"@id\":\"https:\/\/infoecos.com.ar\/#organization\"},\"alternateName\":\"Noticias\",\"potentialAction\":[{\"@type\":\"SearchAction\",\"target\":{\"@type\":\"EntryPoint\",\"urlTemplate\":\"https:\/\/infoecos.com.ar\/?s={search_term_string}\"},\"query-input\":{\"@type\":\"PropertyValueSpecification\",\"valueRequired\":true,\"valueName\":\"search_term_string\"}}],\"inLanguage\":\"es\"},{\"@type\":\"Organization\",\"@id\":\"https:\/\/infoecos.com.ar\/#organization\",\"name\":\"Infoecos\",\"alternateName\":\"Noticias\",\"url\":\"https:\/\/infoecos.com.ar\/\",\"logo\":{\"@type\":\"ImageObject\",\"inLanguage\":\"es\",\"@id\":\"https:\/\/infoecos.com.ar\/#\/schema\/logo\/image\/\",\"url\":\"https:\/\/infoecos.com.ar\/wp-content\/uploads\/2024\/03\/cropped-logo.png\",\"contentUrl\":\"https:\/\/infoecos.com.ar\/wp-content\/uploads\/2024\/03\/cropped-logo.png\",\"width\":374,\"height\":90,\"caption\":\"Infoecos\"},\"image\":{\"@id\":\"https:\/\/infoecos.com.ar\/#\/schema\/logo\/image\/\"},\"sameAs\":[\"https:\/\/www.facebook.com\/profile.php?id=100063200290284\",\"https:\/\/x.com\/infoecos\"]},{\"@type\":\"Person\",\"@id\":\"https:\/\/infoecos.com.ar\/#\/schema\/person\/8f5ace5ce73b4b4aac4b7245aee6f191\",\"name\":\"Jorge Matheus\",\"url\":\"https:\/\/infoecos.com.ar\/index.php\/author\/jomatheus\/\"}]}<\/script>\n<!-- \/ Yoast SEO plugin. -->","yoast_head_json":{"title":"Fue aprehendida una mujer que rompi\u00f3 con la denominada perimetral en el Hospital Municipal de Trenque Lauquen - Infoecos","robots":{"index":"index","follow":"follow","max-snippet":"max-snippet:-1","max-image-preview":"max-image-preview:large","max-video-preview":"max-video-preview:-1"},"canonical":"https:\/\/infoecos.com.ar\/index.php\/fue-aprehendida-una-mujer-que-rompio-con-la-denominada-perimetral-en-el-hospital-municipal-de-trenque-lauquen\/","og_locale":"es_ES","og_type":"article","og_title":"Fue aprehendida una mujer que rompi\u00f3 con la denominada perimetral en el Hospital Municipal de Trenque Lauquen - Infoecos","og_description":"La mujer debe cumplir con una perimetral solicitada por su ex pareja, el que se encuentra en el efector de salud al cuidado de una hija que tienen en com\u00fan","og_url":"https:\/\/infoecos.com.ar\/index.php\/fue-aprehendida-una-mujer-que-rompio-con-la-denominada-perimetral-en-el-hospital-municipal-de-trenque-lauquen\/","og_site_name":"Infoecos","article_publisher":"https:\/\/www.facebook.com\/profile.php?id=100063200290284","article_published_time":"2021-09-02T11:05:24+00:00","article_modified_time":"2021-09-03T10:55:45+00:00","og_image":[{"width":764,"height":1031,"url":"https:\/\/infoecos.com.ar\/wp-content\/uploads\/2021\/09\/VIOLENCIADEGENERO.jpg","type":"image\/jpeg"}],"author":"Jorge Matheus","twitter_card":"summary_large_image","twitter_creator":"@infoecos","twitter_site":"@infoecos","twitter_misc":{"Escrito por":"Jorge Matheus","Tiempo de lectura":"1 minuto"},"schema":{"@context":"https:\/\/schema.org","@graph":[{"@type":"Article","@id":"https:\/\/infoecos.com.ar\/index.php\/fue-aprehendida-una-mujer-que-rompio-con-la-denominada-perimetral-en-el-hospital-municipal-de-trenque-lauquen\/#article","isPartOf":{"@id":"https:\/\/infoecos.com.ar\/index.php\/fue-aprehendida-una-mujer-que-rompio-con-la-denominada-perimetral-en-el-hospital-municipal-de-trenque-lauquen\/"},"author":{"name":"Jorge Matheus","@id":"https:\/\/infoecos.com.ar\/#\/schema\/person\/8f5ace5ce73b4b4aac4b7245aee6f191"},"headline":"Fue aprehendida una mujer que rompi\u00f3 con la denominada perimetral en el Hospital Municipal de Trenque Lauquen","datePublished":"2021-09-02T11:05:24+00:00","dateModified":"2021-09-03T10:55:45+00:00","mainEntityOfPage":{"@id":"https:\/\/infoecos.com.ar\/index.php\/fue-aprehendida-una-mujer-que-rompio-con-la-denominada-perimetral-en-el-hospital-municipal-de-trenque-lauquen\/"},"wordCount":155,"publisher":{"@id":"https:\/\/infoecos.com.ar\/#organization"},"image":{"@id":"https:\/\/infoecos.com.ar\/index.php\/fue-aprehendida-una-mujer-que-rompio-con-la-denominada-perimetral-en-el-hospital-municipal-de-trenque-lauquen\/#primaryimage"},"thumbnailUrl":"https:\/\/infoecos.com.ar\/wp-content\/uploads\/2021\/09\/VIOLENCIADEGENERO.jpg","keywords":["OTRA ACCI\u00d3N POLICIAL Y JUDICIAL"],"articleSection":["Bloque inferior - 11"],"inLanguage":"es"},{"@type":"WebPage","@id":"https:\/\/infoecos.com.ar\/index.php\/fue-aprehendida-una-mujer-que-rompio-con-la-denominada-perimetral-en-el-hospital-municipal-de-trenque-lauquen\/","url":"https:\/\/infoecos.com.ar\/index.php\/fue-aprehendida-una-mujer-que-rompio-con-la-denominada-perimetral-en-el-hospital-municipal-de-trenque-lauquen\/","name":"Fue aprehendida una mujer que rompi\u00f3 con la denominada perimetral en el Hospital Municipal de Trenque Lauquen - Infoecos","isPartOf":{"@id":"https:\/\/infoecos.com.ar\/#website"},"primaryImageOfPage":{"@id":"https:\/\/infoecos.com.ar\/index.php\/fue-aprehendida-una-mujer-que-rompio-con-la-denominada-perimetral-en-el-hospital-municipal-de-trenque-lauquen\/#primaryimage"},"image":{"@id":"https:\/\/infoecos.com.ar\/index.php\/fue-aprehendida-una-mujer-que-rompio-con-la-denominada-perimetral-en-el-hospital-municipal-de-trenque-lauquen\/#primaryimage"},"thumbnailUrl":"https:\/\/infoecos.com.ar\/wp-content\/uploads\/2021\/09\/VIOLENCIADEGENERO.jpg","datePublished":"2021-09-02T11:05:24+00:00","dateModified":"2021-09-03T10:55:45+00:00","breadcrumb":{"@id":"https:\/\/infoecos.com.ar\/index.php\/fue-aprehendida-una-mujer-que-rompio-con-la-denominada-perimetral-en-el-hospital-municipal-de-trenque-lauquen\/#breadcrumb"},"inLanguage":"es","potentialAction":[{"@type":"ReadAction","target":["https:\/\/infoecos.com.ar\/index.php\/fue-aprehendida-una-mujer-que-rompio-con-la-denominada-perimetral-en-el-hospital-municipal-de-trenque-lauquen\/"]}]},{"@type":"ImageObject","inLanguage":"es","@id":"https:\/\/infoecos.com.ar\/index.php\/fue-aprehendida-una-mujer-que-rompio-con-la-denominada-perimetral-en-el-hospital-municipal-de-trenque-lauquen\/#primaryimage","url":"https:\/\/infoecos.com.ar\/wp-content\/uploads\/2021\/09\/VIOLENCIADEGENERO.jpg","contentUrl":"https:\/\/infoecos.com.ar\/wp-content\/uploads\/2021\/09\/VIOLENCIADEGENERO.jpg","width":764,"height":1031},{"@type":"BreadcrumbList","@id":"https:\/\/infoecos.com.ar\/index.php\/fue-aprehendida-una-mujer-que-rompio-con-la-denominada-perimetral-en-el-hospital-municipal-de-trenque-lauquen\/#breadcrumb","itemListElement":[{"@type":"ListItem","position":1,"name":"Portada","item":"https:\/\/infoecos.com.ar\/"},{"@type":"ListItem","position":2,"name":"Fue aprehendida una mujer que rompi\u00f3 con la denominada perimetral en el Hospital Municipal de Trenque Lauquen"}]},{"@type":"WebSite","@id":"https:\/\/infoecos.com.ar\/#website","url":"https:\/\/infoecos.com.ar\/","name":"Infoecos","description":"Noticias de trenque lauquen y la zona","publisher":{"@id":"https:\/\/infoecos.com.ar\/#organization"},"alternateName":"Noticias","potentialAction":[{"@type":"SearchAction","target":{"@type":"EntryPoint","urlTemplate":"https:\/\/infoecos.com.ar\/?s={search_term_string}"},"query-input":{"@type":"PropertyValueSpecification","valueRequired":true,"valueName":"search_term_string"}}],"inLanguage":"es"},{"@type":"Organization","@id":"https:\/\/infoecos.com.ar\/#organization","name":"Infoecos","alternateName":"Noticias","url":"https:\/\/infoecos.com.ar\/","logo":{"@type":"ImageObject","inLanguage":"es","@id":"https:\/\/infoecos.com.ar\/#\/schema\/logo\/image\/","url":"https:\/\/infoecos.com.ar\/wp-content\/uploads\/2024\/03\/cropped-logo.png","contentUrl":"https:\/\/infoecos.com.ar\/wp-content\/uploads\/2024\/03\/cropped-logo.png","width":374,"height":90,"caption":"Infoecos"},"image":{"@id":"https:\/\/infoecos.com.ar\/#\/schema\/logo\/image\/"},"sameAs":["https:\/\/www.facebook.com\/profile.php?id=100063200290284","https:\/\/x.com\/infoecos"]},{"@type":"Person","@id":"https:\/\/infoecos.com.ar\/#\/schema\/person\/8f5ace5ce73b4b4aac4b7245aee6f191","name":"Jorge Matheus","url":"https:\/\/infoecos.com.ar\/index.php\/author\/jomatheus\/"}]}},"featured_image_urls":{"full":["https:\/\/infoecos.com.ar\/wp-content\/uploads\/2021\/09\/VIOLENCIADEGENERO.jpg",764,1031,false],"thumbnail":["https:\/\/infoecos.com.ar\/wp-content\/uploads\/2021\/09\/VIOLENCIADEGENERO-150x150.jpg",150,150,true],"medium":["https:\/\/infoecos.com.ar\/wp-content\/uploads\/2021\/09\/VIOLENCIADEGENERO-341x460.jpg",341,460,true],"medium_large":["https:\/\/infoecos.com.ar\/wp-content\/uploads\/2021\/09\/VIOLENCIADEGENERO.jpg",640,864,false],"large":["https:\/\/infoecos.com.ar\/wp-content\/uploads\/2021\/09\/VIOLENCIADEGENERO-682x920.jpg",640,863,true],"1536x1536":["https:\/\/infoecos.com.ar\/wp-content\/uploads\/2021\/09\/VIOLENCIADEGENERO.jpg",764,1031,false],"2048x2048":["https:\/\/infoecos.com.ar\/wp-content\/uploads\/2021\/09\/VIOLENCIADEGENERO.jpg",764,1031,false],"covernews-slider-full":["https:\/\/infoecos.com.ar\/wp-content\/uploads\/2021\/09\/VIOLENCIADEGENERO-764x1020.jpg",536,715,true],"covernews-slider-center":["https:\/\/infoecos.com.ar\/wp-content\/uploads\/2021\/09\/VIOLENCIADEGENERO-764x897.jpg",426,500,true],"covernews-featured":["https:\/\/infoecos.com.ar\/wp-content\/uploads\/2021\/09\/VIOLENCIADEGENERO.jpg",764,1031,false],"covernews-medium":["https:\/\/infoecos.com.ar\/wp-content\/uploads\/2021\/09\/VIOLENCIADEGENERO-720x380.jpg",540,285,true],"covernews-medium-square":["https:\/\/infoecos.com.ar\/wp-content\/uploads\/2021\/09\/VIOLENCIADEGENERO-675x450.jpg",375,250,true]},"author_info":{"info":["Jorge Matheus"]},"category_info":"<a href=\"https:\/\/infoecos.com.ar\/index.php\/category\/inferior11\/\" rel=\"category tag\">Bloque inferior - 11<\/a>","tag_info":"Bloque inferior - 11","comment_count":"0","_links":{"self":[{"href":"https:\/\/infoecos.com.ar\/index.php\/wp-json\/wp\/v2\/posts\/84981"}],"collection":[{"href":"https:\/\/infoecos.com.ar\/index.php\/wp-json\/wp\/v2\/posts"}],"about":[{"href":"https:\/\/infoecos.com.ar\/index.php\/wp-json\/wp\/v2\/types\/post"}],"author":[{"embeddable":true,"href":"https:\/\/infoecos.com.ar\/index.php\/wp-json\/wp\/v2\/users\/2"}],"replies":[{"embeddable":true,"href":"https:\/\/infoecos.com.ar\/index.php\/wp-json\/wp\/v2\/comments?post=84981"}],"version-history":[{"count":1,"href":"https:\/\/infoecos.com.ar\/index.php\/wp-json\/wp\/v2\/posts\/84981\/revisions"}],"predecessor-version":[{"id":84983,"href":"https:\/\/infoecos.com.ar\/index.php\/wp-json\/wp\/v2\/posts\/84981\/revisions\/84983"}],"wp:featuredmedia":[{"embeddable":true,"href":"https:\/\/infoecos.com.ar\/index.php\/wp-json\/wp\/v2\/media\/84982"}],"wp:attachment":[{"href":"https:\/\/infoecos.com.ar\/index.php\/wp-json\/wp\/v2\/media?parent=84981"}],"wp:term":[{"taxonomy":"category","embeddable":true,"href":"https:\/\/infoecos.com.ar\/index.php\/wp-json\/wp\/v2\/categories?post=84981"},{"taxonomy":"post_tag","embeddable":true,"href":"https:\/\/infoecos.com.ar\/index.php\/wp-json\/wp\/v2\/tags?post=84981"}],"curies":[{"name":"wp","href":"https:\/\/api.w.org\/{rel}","templated":true}]}}