{"id":85013,"date":"2021-09-02T20:03:22","date_gmt":"2021-09-02T23:03:22","guid":{"rendered":"http:\/\/infoecos.com.ar\/?p=85013"},"modified":"2021-09-04T08:36:31","modified_gmt":"2021-09-04T11:36:31","slug":"hay-mas-casos-de-los-que-se-dicen-comento-marta-cohen-en-radio-mitre","status":"publish","type":"post","link":"https:\/\/infoecos.com.ar\/index.php\/hay-mas-casos-de-los-que-se-dicen-comento-marta-cohen-en-radio-mitre\/","title":{"rendered":"\u00abHay m\u00e1s casos de los que se dicen\u00bb, coment\u00f3 Marta Cohen en Radio Mitre"},"content":{"rendered":"\n<p>\u201cAhora se va a vacunar a los chicos de 16 y 17 a\u00f1os. No se van a vacunar por ahora a los menores de 16 a\u00f1os sanos. Pese a que tenemos 35 mil casos diarios, chicos internados hay muy poquitos\u201d, se\u00f1al\u00f3 Marta Cohen refiri\u00e9ndose a Gran Breta\u00f1a en declaraciones que formul\u00f3 en el programa de Marcelo Longobardi que se emite por Radio Mitre.<\/p>\n\n\n\n<div class=\"wp-block-image is-style-default\"><figure class=\"aligncenter size-large\"><img loading=\"lazy\" decoding=\"async\" width=\"608\" height=\"342\" src=\"http:\/\/infoecos.com.ar\/wp-content\/uploads\/2021\/09\/longobardimarcelo.jpg\" alt=\"\" class=\"wp-image-85014\" srcset=\"https:\/\/infoecos.com.ar\/wp-content\/uploads\/2021\/09\/longobardimarcelo.jpg 608w, https:\/\/infoecos.com.ar\/wp-content\/uploads\/2021\/09\/longobardimarcelo-460x259.jpg 460w\" sizes=\"(max-width: 608px) 100vw, 608px\" \/><\/figure><\/div>\n\n\n\n<p>\u00abLa situaci\u00f3n es muy diferente a la de EEUU\u201d, apunt\u00f3 la pat\u00f3loga nacida en Trenque Lauquen, desde Londres donde se encontraba al momento de la entrevista. Con relaci\u00f3n al pa\u00eds del norte, Cohen coment\u00f3 que \u201cen EEUU en una semana tuvieron 204 mil ni\u00f1os infectados y el 22,4% de los casos semanales de coronavirus son pedi\u00e1tricos. Menos del 2% de los ni\u00f1os se hospitalizan. He visto mapas de EEUU donde ponen los estados con pocas vacunas y son los estados que m\u00e1s casos tienen. El secreto est\u00e1 en la vacunaci\u00f3n de los adultos porque es la circulaci\u00f3n comunitaria lo que refleja en los ni\u00f1os y no los ni\u00f1os los que sean el target del Covid\u201d.<\/p>\n\n\n\n<div class=\"wp-block-image is-style-default\"><figure class=\"aligncenter size-medium\"><img loading=\"lazy\" decoding=\"async\" width=\"460\" height=\"259\" src=\"http:\/\/infoecos.com.ar\/wp-content\/uploads\/cohenmarta-460x259.jpg\" alt=\"\" class=\"wp-image-62652\" srcset=\"https:\/\/infoecos.com.ar\/wp-content\/uploads\/cohenmarta-460x259.jpg 460w, https:\/\/infoecos.com.ar\/wp-content\/uploads\/cohenmarta-920x518.jpg 920w, https:\/\/infoecos.com.ar\/wp-content\/uploads\/cohenmarta-768x432.jpg 768w, https:\/\/infoecos.com.ar\/wp-content\/uploads\/cohenmarta.jpg 1004w\" sizes=\"(max-width: 460px) 100vw, 460px\" \/><\/figure><\/div>\n\n\n\n<p>Ante los interrogantes planteados por Longobardi consider\u00f3 que \u201clo que hay que hacer es vacunar a los adultos con dos dosis. El mundo tiene que vacunar a los adultos, no solamente un pa\u00eds. Hay que ser equitativos\u201d.  <\/p>\n\n\n\n<p>Respecto a la decisi\u00f3n de vacunar a los ni\u00f1os con Sinopharm en Argentina, \u201clo que tenemos que proponer es vacunar a los adultos con dos dosis el 99,9. Si el n\u00famero de casos de Argentina pasara en el Reino Unido tendr\u00edamos 24 fallecimientos. Y si el n\u00famero de casos del Reino Unido pasara en Argentina tendr\u00edamos 800 fallecimientos. En primer lugar, hay m\u00e1s casos de los que se dicen. En Argentina hay muchos m\u00e1s casos que no se han detectado\u00bb. <\/p>\n","protected":false},"excerpt":{"rendered":"<p>La pat\u00f3loga pedi\u00e1trica, nacida en Trenque Lauquen, habl\u00f3 desde Londres donde se encontraba al momento de la entrevista<\/p>\n","protected":false},"author":2,"featured_media":85014,"comment_status":"closed","ping_status":"open","sticky":false,"template":"","format":"standard","meta":{"footnotes":""},"categories":[1333],"tags":[4960],"class_list":["post-85013","post","type-post","status-publish","format-standard","has-post-thumbnail","hentry","category-inferior13","tag-en-el-programa-de-marcelo-longobardi"],"yoast_head":"<!-- This site is optimized with the Yoast SEO plugin v23.4 - https:\/\/yoast.com\/wordpress\/plugins\/seo\/ -->\n<title>&quot;Hay m\u00e1s casos de los que se dicen&quot;, coment\u00f3 Marta Cohen en Radio Mitre - Infoecos<\/title>\n<meta name=\"robots\" content=\"index, follow, max-snippet:-1, max-image-preview:large, max-video-preview:-1\" \/>\n<link rel=\"canonical\" href=\"https:\/\/infoecos.com.ar\/index.php\/hay-mas-casos-de-los-que-se-dicen-comento-marta-cohen-en-radio-mitre\/\" \/>\n<meta property=\"og:locale\" content=\"es_ES\" \/>\n<meta property=\"og:type\" content=\"article\" \/>\n<meta property=\"og:title\" content=\"&quot;Hay m\u00e1s casos de los que se dicen&quot;, coment\u00f3 Marta Cohen en Radio Mitre - Infoecos\" \/>\n<meta property=\"og:description\" content=\"La pat\u00f3loga pedi\u00e1trica, nacida en Trenque Lauquen, habl\u00f3 desde Londres donde se encontraba al momento de la entrevista\" \/>\n<meta property=\"og:url\" content=\"https:\/\/infoecos.com.ar\/index.php\/hay-mas-casos-de-los-que-se-dicen-comento-marta-cohen-en-radio-mitre\/\" \/>\n<meta property=\"og:site_name\" content=\"Infoecos\" \/>\n<meta property=\"article:publisher\" content=\"https:\/\/www.facebook.com\/profile.php?id=100063200290284\" \/>\n<meta property=\"article:published_time\" content=\"2021-09-02T23:03:22+00:00\" \/>\n<meta property=\"article:modified_time\" content=\"2021-09-04T11:36:31+00:00\" \/>\n<meta property=\"og:image\" content=\"https:\/\/infoecos.com.ar\/wp-content\/uploads\/2021\/09\/longobardimarcelo.jpg\" \/>\n\t<meta property=\"og:image:width\" content=\"608\" \/>\n\t<meta property=\"og:image:height\" content=\"342\" \/>\n\t<meta property=\"og:image:type\" content=\"image\/jpeg\" \/>\n<meta name=\"author\" content=\"Jorge Matheus\" \/>\n<meta name=\"twitter:card\" content=\"summary_large_image\" \/>\n<meta name=\"twitter:creator\" content=\"@infoecos\" \/>\n<meta name=\"twitter:site\" content=\"@infoecos\" \/>\n<meta name=\"twitter:label1\" content=\"Escrito por\" \/>\n\t<meta name=\"twitter:data1\" content=\"Jorge Matheus\" \/>\n\t<meta name=\"twitter:label2\" content=\"Tiempo de lectura\" \/>\n\t<meta name=\"twitter:data2\" content=\"2 minutos\" \/>\n<script type=\"application\/ld+json\" class=\"yoast-schema-graph\">{\"@context\":\"https:\/\/schema.org\",\"@graph\":[{\"@type\":\"Article\",\"@id\":\"https:\/\/infoecos.com.ar\/index.php\/hay-mas-casos-de-los-que-se-dicen-comento-marta-cohen-en-radio-mitre\/#article\",\"isPartOf\":{\"@id\":\"https:\/\/infoecos.com.ar\/index.php\/hay-mas-casos-de-los-que-se-dicen-comento-marta-cohen-en-radio-mitre\/\"},\"author\":{\"name\":\"Jorge Matheus\",\"@id\":\"https:\/\/infoecos.com.ar\/#\/schema\/person\/8f5ace5ce73b4b4aac4b7245aee6f191\"},\"headline\":\"\u00abHay m\u00e1s casos de los que se dicen\u00bb, coment\u00f3 Marta Cohen en Radio Mitre\",\"datePublished\":\"2021-09-02T23:03:22+00:00\",\"dateModified\":\"2021-09-04T11:36:31+00:00\",\"mainEntityOfPage\":{\"@id\":\"https:\/\/infoecos.com.ar\/index.php\/hay-mas-casos-de-los-que-se-dicen-comento-marta-cohen-en-radio-mitre\/\"},\"wordCount\":326,\"publisher\":{\"@id\":\"https:\/\/infoecos.com.ar\/#organization\"},\"image\":{\"@id\":\"https:\/\/infoecos.com.ar\/index.php\/hay-mas-casos-de-los-que-se-dicen-comento-marta-cohen-en-radio-mitre\/#primaryimage\"},\"thumbnailUrl\":\"https:\/\/infoecos.com.ar\/wp-content\/uploads\/2021\/09\/longobardimarcelo.jpg\",\"keywords\":[\"EN EL PROGRAMA DE MARCELO LONGOBARDI\"],\"articleSection\":[\"Bloque inferior - 13\"],\"inLanguage\":\"es\"},{\"@type\":\"WebPage\",\"@id\":\"https:\/\/infoecos.com.ar\/index.php\/hay-mas-casos-de-los-que-se-dicen-comento-marta-cohen-en-radio-mitre\/\",\"url\":\"https:\/\/infoecos.com.ar\/index.php\/hay-mas-casos-de-los-que-se-dicen-comento-marta-cohen-en-radio-mitre\/\",\"name\":\"\\\"Hay m\u00e1s casos de los que se dicen\\\", coment\u00f3 Marta Cohen en Radio Mitre - Infoecos\",\"isPartOf\":{\"@id\":\"https:\/\/infoecos.com.ar\/#website\"},\"primaryImageOfPage\":{\"@id\":\"https:\/\/infoecos.com.ar\/index.php\/hay-mas-casos-de-los-que-se-dicen-comento-marta-cohen-en-radio-mitre\/#primaryimage\"},\"image\":{\"@id\":\"https:\/\/infoecos.com.ar\/index.php\/hay-mas-casos-de-los-que-se-dicen-comento-marta-cohen-en-radio-mitre\/#primaryimage\"},\"thumbnailUrl\":\"https:\/\/infoecos.com.ar\/wp-content\/uploads\/2021\/09\/longobardimarcelo.jpg\",\"datePublished\":\"2021-09-02T23:03:22+00:00\",\"dateModified\":\"2021-09-04T11:36:31+00:00\",\"breadcrumb\":{\"@id\":\"https:\/\/infoecos.com.ar\/index.php\/hay-mas-casos-de-los-que-se-dicen-comento-marta-cohen-en-radio-mitre\/#breadcrumb\"},\"inLanguage\":\"es\",\"potentialAction\":[{\"@type\":\"ReadAction\",\"target\":[\"https:\/\/infoecos.com.ar\/index.php\/hay-mas-casos-de-los-que-se-dicen-comento-marta-cohen-en-radio-mitre\/\"]}]},{\"@type\":\"ImageObject\",\"inLanguage\":\"es\",\"@id\":\"https:\/\/infoecos.com.ar\/index.php\/hay-mas-casos-de-los-que-se-dicen-comento-marta-cohen-en-radio-mitre\/#primaryimage\",\"url\":\"https:\/\/infoecos.com.ar\/wp-content\/uploads\/2021\/09\/longobardimarcelo.jpg\",\"contentUrl\":\"https:\/\/infoecos.com.ar\/wp-content\/uploads\/2021\/09\/longobardimarcelo.jpg\",\"width\":608,\"height\":342},{\"@type\":\"BreadcrumbList\",\"@id\":\"https:\/\/infoecos.com.ar\/index.php\/hay-mas-casos-de-los-que-se-dicen-comento-marta-cohen-en-radio-mitre\/#breadcrumb\",\"itemListElement\":[{\"@type\":\"ListItem\",\"position\":1,\"name\":\"Portada\",\"item\":\"https:\/\/infoecos.com.ar\/\"},{\"@type\":\"ListItem\",\"position\":2,\"name\":\"\u00abHay m\u00e1s casos de los que se dicen\u00bb, coment\u00f3 Marta Cohen en Radio Mitre\"}]},{\"@type\":\"WebSite\",\"@id\":\"https:\/\/infoecos.com.ar\/#website\",\"url\":\"https:\/\/infoecos.com.ar\/\",\"name\":\"Infoecos\",\"description\":\"Noticias de trenque lauquen y la zona\",\"publisher\":{\"@id\":\"https:\/\/infoecos.com.ar\/#organization\"},\"alternateName\":\"Noticias\",\"potentialAction\":[{\"@type\":\"SearchAction\",\"target\":{\"@type\":\"EntryPoint\",\"urlTemplate\":\"https:\/\/infoecos.com.ar\/?s={search_term_string}\"},\"query-input\":{\"@type\":\"PropertyValueSpecification\",\"valueRequired\":true,\"valueName\":\"search_term_string\"}}],\"inLanguage\":\"es\"},{\"@type\":\"Organization\",\"@id\":\"https:\/\/infoecos.com.ar\/#organization\",\"name\":\"Infoecos\",\"alternateName\":\"Noticias\",\"url\":\"https:\/\/infoecos.com.ar\/\",\"logo\":{\"@type\":\"ImageObject\",\"inLanguage\":\"es\",\"@id\":\"https:\/\/infoecos.com.ar\/#\/schema\/logo\/image\/\",\"url\":\"https:\/\/infoecos.com.ar\/wp-content\/uploads\/2024\/03\/cropped-logo.png\",\"contentUrl\":\"https:\/\/infoecos.com.ar\/wp-content\/uploads\/2024\/03\/cropped-logo.png\",\"width\":374,\"height\":90,\"caption\":\"Infoecos\"},\"image\":{\"@id\":\"https:\/\/infoecos.com.ar\/#\/schema\/logo\/image\/\"},\"sameAs\":[\"https:\/\/www.facebook.com\/profile.php?id=100063200290284\",\"https:\/\/x.com\/infoecos\"]},{\"@type\":\"Person\",\"@id\":\"https:\/\/infoecos.com.ar\/#\/schema\/person\/8f5ace5ce73b4b4aac4b7245aee6f191\",\"name\":\"Jorge Matheus\",\"url\":\"https:\/\/infoecos.com.ar\/index.php\/author\/jomatheus\/\"}]}<\/script>\n<!-- \/ Yoast SEO plugin. -->","yoast_head_json":{"title":"\"Hay m\u00e1s casos de los que se dicen\", coment\u00f3 Marta Cohen en Radio Mitre - Infoecos","robots":{"index":"index","follow":"follow","max-snippet":"max-snippet:-1","max-image-preview":"max-image-preview:large","max-video-preview":"max-video-preview:-1"},"canonical":"https:\/\/infoecos.com.ar\/index.php\/hay-mas-casos-de-los-que-se-dicen-comento-marta-cohen-en-radio-mitre\/","og_locale":"es_ES","og_type":"article","og_title":"\"Hay m\u00e1s casos de los que se dicen\", coment\u00f3 Marta Cohen en Radio Mitre - Infoecos","og_description":"La pat\u00f3loga pedi\u00e1trica, nacida en Trenque Lauquen, habl\u00f3 desde Londres donde se encontraba al momento de la entrevista","og_url":"https:\/\/infoecos.com.ar\/index.php\/hay-mas-casos-de-los-que-se-dicen-comento-marta-cohen-en-radio-mitre\/","og_site_name":"Infoecos","article_publisher":"https:\/\/www.facebook.com\/profile.php?id=100063200290284","article_published_time":"2021-09-02T23:03:22+00:00","article_modified_time":"2021-09-04T11:36:31+00:00","og_image":[{"width":608,"height":342,"url":"https:\/\/infoecos.com.ar\/wp-content\/uploads\/2021\/09\/longobardimarcelo.jpg","type":"image\/jpeg"}],"author":"Jorge Matheus","twitter_card":"summary_large_image","twitter_creator":"@infoecos","twitter_site":"@infoecos","twitter_misc":{"Escrito por":"Jorge Matheus","Tiempo de lectura":"2 minutos"},"schema":{"@context":"https:\/\/schema.org","@graph":[{"@type":"Article","@id":"https:\/\/infoecos.com.ar\/index.php\/hay-mas-casos-de-los-que-se-dicen-comento-marta-cohen-en-radio-mitre\/#article","isPartOf":{"@id":"https:\/\/infoecos.com.ar\/index.php\/hay-mas-casos-de-los-que-se-dicen-comento-marta-cohen-en-radio-mitre\/"},"author":{"name":"Jorge Matheus","@id":"https:\/\/infoecos.com.ar\/#\/schema\/person\/8f5ace5ce73b4b4aac4b7245aee6f191"},"headline":"\u00abHay m\u00e1s casos de los que se dicen\u00bb, coment\u00f3 Marta Cohen en Radio Mitre","datePublished":"2021-09-02T23:03:22+00:00","dateModified":"2021-09-04T11:36:31+00:00","mainEntityOfPage":{"@id":"https:\/\/infoecos.com.ar\/index.php\/hay-mas-casos-de-los-que-se-dicen-comento-marta-cohen-en-radio-mitre\/"},"wordCount":326,"publisher":{"@id":"https:\/\/infoecos.com.ar\/#organization"},"image":{"@id":"https:\/\/infoecos.com.ar\/index.php\/hay-mas-casos-de-los-que-se-dicen-comento-marta-cohen-en-radio-mitre\/#primaryimage"},"thumbnailUrl":"https:\/\/infoecos.com.ar\/wp-content\/uploads\/2021\/09\/longobardimarcelo.jpg","keywords":["EN EL PROGRAMA DE MARCELO LONGOBARDI"],"articleSection":["Bloque inferior - 13"],"inLanguage":"es"},{"@type":"WebPage","@id":"https:\/\/infoecos.com.ar\/index.php\/hay-mas-casos-de-los-que-se-dicen-comento-marta-cohen-en-radio-mitre\/","url":"https:\/\/infoecos.com.ar\/index.php\/hay-mas-casos-de-los-que-se-dicen-comento-marta-cohen-en-radio-mitre\/","name":"\"Hay m\u00e1s casos de los que se dicen\", coment\u00f3 Marta Cohen en Radio Mitre - Infoecos","isPartOf":{"@id":"https:\/\/infoecos.com.ar\/#website"},"primaryImageOfPage":{"@id":"https:\/\/infoecos.com.ar\/index.php\/hay-mas-casos-de-los-que-se-dicen-comento-marta-cohen-en-radio-mitre\/#primaryimage"},"image":{"@id":"https:\/\/infoecos.com.ar\/index.php\/hay-mas-casos-de-los-que-se-dicen-comento-marta-cohen-en-radio-mitre\/#primaryimage"},"thumbnailUrl":"https:\/\/infoecos.com.ar\/wp-content\/uploads\/2021\/09\/longobardimarcelo.jpg","datePublished":"2021-09-02T23:03:22+00:00","dateModified":"2021-09-04T11:36:31+00:00","breadcrumb":{"@id":"https:\/\/infoecos.com.ar\/index.php\/hay-mas-casos-de-los-que-se-dicen-comento-marta-cohen-en-radio-mitre\/#breadcrumb"},"inLanguage":"es","potentialAction":[{"@type":"ReadAction","target":["https:\/\/infoecos.com.ar\/index.php\/hay-mas-casos-de-los-que-se-dicen-comento-marta-cohen-en-radio-mitre\/"]}]},{"@type":"ImageObject","inLanguage":"es","@id":"https:\/\/infoecos.com.ar\/index.php\/hay-mas-casos-de-los-que-se-dicen-comento-marta-cohen-en-radio-mitre\/#primaryimage","url":"https:\/\/infoecos.com.ar\/wp-content\/uploads\/2021\/09\/longobardimarcelo.jpg","contentUrl":"https:\/\/infoecos.com.ar\/wp-content\/uploads\/2021\/09\/longobardimarcelo.jpg","width":608,"height":342},{"@type":"BreadcrumbList","@id":"https:\/\/infoecos.com.ar\/index.php\/hay-mas-casos-de-los-que-se-dicen-comento-marta-cohen-en-radio-mitre\/#breadcrumb","itemListElement":[{"@type":"ListItem","position":1,"name":"Portada","item":"https:\/\/infoecos.com.ar\/"},{"@type":"ListItem","position":2,"name":"\u00abHay m\u00e1s casos de los que se dicen\u00bb, coment\u00f3 Marta Cohen en Radio Mitre"}]},{"@type":"WebSite","@id":"https:\/\/infoecos.com.ar\/#website","url":"https:\/\/infoecos.com.ar\/","name":"Infoecos","description":"Noticias de trenque lauquen y la zona","publisher":{"@id":"https:\/\/infoecos.com.ar\/#organization"},"alternateName":"Noticias","potentialAction":[{"@type":"SearchAction","target":{"@type":"EntryPoint","urlTemplate":"https:\/\/infoecos.com.ar\/?s={search_term_string}"},"query-input":{"@type":"PropertyValueSpecification","valueRequired":true,"valueName":"search_term_string"}}],"inLanguage":"es"},{"@type":"Organization","@id":"https:\/\/infoecos.com.ar\/#organization","name":"Infoecos","alternateName":"Noticias","url":"https:\/\/infoecos.com.ar\/","logo":{"@type":"ImageObject","inLanguage":"es","@id":"https:\/\/infoecos.com.ar\/#\/schema\/logo\/image\/","url":"https:\/\/infoecos.com.ar\/wp-content\/uploads\/2024\/03\/cropped-logo.png","contentUrl":"https:\/\/infoecos.com.ar\/wp-content\/uploads\/2024\/03\/cropped-logo.png","width":374,"height":90,"caption":"Infoecos"},"image":{"@id":"https:\/\/infoecos.com.ar\/#\/schema\/logo\/image\/"},"sameAs":["https:\/\/www.facebook.com\/profile.php?id=100063200290284","https:\/\/x.com\/infoecos"]},{"@type":"Person","@id":"https:\/\/infoecos.com.ar\/#\/schema\/person\/8f5ace5ce73b4b4aac4b7245aee6f191","name":"Jorge Matheus","url":"https:\/\/infoecos.com.ar\/index.php\/author\/jomatheus\/"}]}},"featured_image_urls":{"full":["https:\/\/infoecos.com.ar\/wp-content\/uploads\/2021\/09\/longobardimarcelo.jpg",608,342,false],"thumbnail":["https:\/\/infoecos.com.ar\/wp-content\/uploads\/2021\/09\/longobardimarcelo-150x150.jpg",150,150,true],"medium":["https:\/\/infoecos.com.ar\/wp-content\/uploads\/2021\/09\/longobardimarcelo-460x259.jpg",460,259,true],"medium_large":["https:\/\/infoecos.com.ar\/wp-content\/uploads\/2021\/09\/longobardimarcelo.jpg",608,342,false],"large":["https:\/\/infoecos.com.ar\/wp-content\/uploads\/2021\/09\/longobardimarcelo.jpg",608,342,false],"1536x1536":["https:\/\/infoecos.com.ar\/wp-content\/uploads\/2021\/09\/longobardimarcelo.jpg",608,342,false],"2048x2048":["https:\/\/infoecos.com.ar\/wp-content\/uploads\/2021\/09\/longobardimarcelo.jpg",608,342,false],"covernews-slider-full":["https:\/\/infoecos.com.ar\/wp-content\/uploads\/2021\/09\/longobardimarcelo.jpg",608,342,false],"covernews-slider-center":["https:\/\/infoecos.com.ar\/wp-content\/uploads\/2021\/09\/longobardimarcelo.jpg",608,342,false],"covernews-featured":["https:\/\/infoecos.com.ar\/wp-content\/uploads\/2021\/09\/longobardimarcelo.jpg",608,342,false],"covernews-medium":["https:\/\/infoecos.com.ar\/wp-content\/uploads\/2021\/09\/longobardimarcelo.jpg",540,304,false],"covernews-medium-square":["https:\/\/infoecos.com.ar\/wp-content\/uploads\/2021\/09\/longobardimarcelo.jpg",400,225,false]},"author_info":{"info":["Jorge Matheus"]},"category_info":"<a href=\"https:\/\/infoecos.com.ar\/index.php\/category\/inferior13\/\" rel=\"category tag\">Bloque inferior - 13<\/a>","tag_info":"Bloque inferior - 13","comment_count":"0","_links":{"self":[{"href":"https:\/\/infoecos.com.ar\/index.php\/wp-json\/wp\/v2\/posts\/85013"}],"collection":[{"href":"https:\/\/infoecos.com.ar\/index.php\/wp-json\/wp\/v2\/posts"}],"about":[{"href":"https:\/\/infoecos.com.ar\/index.php\/wp-json\/wp\/v2\/types\/post"}],"author":[{"embeddable":true,"href":"https:\/\/infoecos.com.ar\/index.php\/wp-json\/wp\/v2\/users\/2"}],"replies":[{"embeddable":true,"href":"https:\/\/infoecos.com.ar\/index.php\/wp-json\/wp\/v2\/comments?post=85013"}],"version-history":[{"count":1,"href":"https:\/\/infoecos.com.ar\/index.php\/wp-json\/wp\/v2\/posts\/85013\/revisions"}],"predecessor-version":[{"id":85015,"href":"https:\/\/infoecos.com.ar\/index.php\/wp-json\/wp\/v2\/posts\/85013\/revisions\/85015"}],"wp:featuredmedia":[{"embeddable":true,"href":"https:\/\/infoecos.com.ar\/index.php\/wp-json\/wp\/v2\/media\/85014"}],"wp:attachment":[{"href":"https:\/\/infoecos.com.ar\/index.php\/wp-json\/wp\/v2\/media?parent=85013"}],"wp:term":[{"taxonomy":"category","embeddable":true,"href":"https:\/\/infoecos.com.ar\/index.php\/wp-json\/wp\/v2\/categories?post=85013"},{"taxonomy":"post_tag","embeddable":true,"href":"https:\/\/infoecos.com.ar\/index.php\/wp-json\/wp\/v2\/tags?post=85013"}],"curies":[{"name":"wp","href":"https:\/\/api.w.org\/{rel}","templated":true}]}}