{"id":85064,"date":"2021-09-03T06:16:11","date_gmt":"2021-09-03T09:16:11","guid":{"rendered":"http:\/\/infoecos.com.ar\/?p=85064"},"modified":"2021-09-05T09:31:39","modified_gmt":"2021-09-05T12:31:39","slug":"homenaje-al-doctor-pablo-giulianelli-en-el-hospital-municipal-de-trenque-lauquen-al-recordarse-los-10-anos-de-su-fallecimiento","status":"publish","type":"post","link":"https:\/\/infoecos.com.ar\/index.php\/homenaje-al-doctor-pablo-giulianelli-en-el-hospital-municipal-de-trenque-lauquen-al-recordarse-los-10-anos-de-su-fallecimiento\/","title":{"rendered":"Homenaje al doctor Pablo Giulianelli en el Hospital Municipal de Trenque Lauquen al recordarse los 10 a\u00f1os de su fallecimiento"},"content":{"rendered":"\n<p>La municipalidad de Trenque Lauquen har\u00e1 un homenaje al Dr. Pablo Giulianelli, a diez a\u00f1os de su fallecimiento, y descubrir\u00e1 la placa que lleva su nombre en la nueva Guardia del Hospital Municipal Dr. Pedro T. Orellana, en un acto a realizarse este domingo, a las 11, en Castelli esquina Dorrego.<\/p>\n\n\n\n<p>La imposici\u00f3n de su nombre a la Sala de Guardia del Hospital se dispuso por Ordenanza n\u00ba 3792\/2011 en reconocimiento a su labor y trayectoria destacada, y ahora, a diez a\u00f1os de su fallecimiento, y al haberse inaugurado este a\u00f1o la nueva Guardia del centro de salud se proceder\u00e1 a descubrir la nueva placa homenaje que quedar\u00e1 ubicada en este espacio.<\/p>\n\n\n\n<div class=\"wp-block-image is-style-default\"><figure class=\"aligncenter size-medium\"><img loading=\"lazy\" decoding=\"async\" width=\"460\" height=\"307\" src=\"http:\/\/infoecos.com.ar\/wp-content\/uploads\/tl45guardiahospital-2-460x307.jpg\" alt=\"\" class=\"wp-image-60374\" srcset=\"https:\/\/infoecos.com.ar\/wp-content\/uploads\/tl45guardiahospital-2-460x307.jpg 460w, https:\/\/infoecos.com.ar\/wp-content\/uploads\/tl45guardiahospital-2-768x512.jpg 768w, https:\/\/infoecos.com.ar\/wp-content\/uploads\/tl45guardiahospital-2-675x450.jpg 675w, https:\/\/infoecos.com.ar\/wp-content\/uploads\/tl45guardiahospital-2.jpg 912w\" sizes=\"(max-width: 460px) 100vw, 460px\" \/><figcaption>T.Lauquen &#8211; Guardia<\/figcaption><\/figure><\/div>\n\n\n\n<p>El acto ser\u00e1 encabezado por el Intendente municipal, Miguel Fern\u00e1ndez, y autoridades de Salud, junto a familiares y allegados del Dr. Giulianelli.<\/p>\n\n\n\n<p>El reconocido neurocirujano se recibi\u00f3 en la Universidad Nacional de Buenos Aires en 1999, pas\u00f3 a ejercer en el Hospital Eva Per\u00f3n, de San Mart\u00edn, haciendo concurrencia como Neurocirujano y tambi\u00e9n se desempe\u00f1\u00f3 como M\u00e9dico de Guardia y de Planta en el Hospital Posadas, realizando cursos de Administraci\u00f3n Hospitalaria y de Gen\u00e9tica.<\/p>\n\n\n\n<p>Adem\u00e1s, ejerci\u00f3 su profesi\u00f3n en el Hospital Santa Luc\u00eda y en diferentes Cl\u00ednicas Privadas para luego trasladarse al interior de la provincia de Buenos Aires, siendo designado Director del Hospital Municipal de General Villegas, primero, y Director de Salud luego, entre 2005 y 2007.<\/p>\n\n\n\n<p>A partir de 2007 fue designado como Cirujano y M\u00e9dico de Guardia en el Hospital de la ciudad de Trenque Lauquen, y como Jefe de dicho servicio.<\/p>\n\n\n\n<p>Su compasiva y dedicada atenci\u00f3n a los pacientes y sus familiares, a quienes brindaba contenci\u00f3n, hacen que al d\u00eda de hoy contin\u00fae en el alma y el recuerdo de muchas personas de nuestra comunidad, del distrito y de la regi\u00f3n dejando una huella imborrable para todos.<\/p>\n","protected":false},"excerpt":{"rendered":"<p>La imposici\u00f3n de su nombre a la Sala de Guardia del Hospital se dispuso por Ordenanza n\u00ba 3792\/2011 en reconocimiento a su labor y trayectoria destacada<\/p>\n","protected":false},"author":2,"featured_media":60374,"comment_status":"closed","ping_status":"open","sticky":false,"template":"","format":"standard","meta":{"footnotes":""},"categories":[1333],"tags":[4984],"class_list":["post-85064","post","type-post","status-publish","format-standard","has-post-thumbnail","hentry","category-inferior13","tag-manana-domingo"],"yoast_head":"<!-- This site is optimized with the Yoast SEO plugin v23.4 - https:\/\/yoast.com\/wordpress\/plugins\/seo\/ -->\n<title>Homenaje al doctor Pablo Giulianelli en el Hospital Municipal de Trenque Lauquen al recordarse los 10 a\u00f1os de su fallecimiento - Infoecos<\/title>\n<meta name=\"robots\" content=\"index, follow, max-snippet:-1, max-image-preview:large, max-video-preview:-1\" \/>\n<link rel=\"canonical\" href=\"https:\/\/infoecos.com.ar\/index.php\/homenaje-al-doctor-pablo-giulianelli-en-el-hospital-municipal-de-trenque-lauquen-al-recordarse-los-10-anos-de-su-fallecimiento\/\" \/>\n<meta property=\"og:locale\" content=\"es_ES\" \/>\n<meta property=\"og:type\" content=\"article\" \/>\n<meta property=\"og:title\" content=\"Homenaje al doctor Pablo Giulianelli en el Hospital Municipal de Trenque Lauquen al recordarse los 10 a\u00f1os de su fallecimiento - Infoecos\" \/>\n<meta property=\"og:description\" content=\"La imposici\u00f3n de su nombre a la Sala de Guardia del Hospital se dispuso por Ordenanza n\u00ba 3792\/2011 en reconocimiento a su labor y trayectoria destacada\" \/>\n<meta property=\"og:url\" content=\"https:\/\/infoecos.com.ar\/index.php\/homenaje-al-doctor-pablo-giulianelli-en-el-hospital-municipal-de-trenque-lauquen-al-recordarse-los-10-anos-de-su-fallecimiento\/\" \/>\n<meta property=\"og:site_name\" content=\"Infoecos\" \/>\n<meta property=\"article:publisher\" content=\"https:\/\/www.facebook.com\/profile.php?id=100063200290284\" \/>\n<meta property=\"article:published_time\" content=\"2021-09-03T09:16:11+00:00\" \/>\n<meta property=\"article:modified_time\" content=\"2021-09-05T12:31:39+00:00\" \/>\n<meta property=\"og:image\" content=\"https:\/\/infoecos.com.ar\/wp-content\/uploads\/tl45guardiahospital-2.jpg\" \/>\n\t<meta property=\"og:image:width\" content=\"912\" \/>\n\t<meta property=\"og:image:height\" content=\"608\" \/>\n\t<meta property=\"og:image:type\" content=\"image\/jpeg\" \/>\n<meta name=\"author\" content=\"Jorge Matheus\" \/>\n<meta name=\"twitter:card\" content=\"summary_large_image\" \/>\n<meta name=\"twitter:creator\" content=\"@infoecos\" \/>\n<meta name=\"twitter:site\" content=\"@infoecos\" \/>\n<meta name=\"twitter:label1\" content=\"Escrito por\" \/>\n\t<meta name=\"twitter:data1\" content=\"Jorge Matheus\" \/>\n\t<meta name=\"twitter:label2\" content=\"Tiempo de lectura\" \/>\n\t<meta name=\"twitter:data2\" content=\"2 minutos\" \/>\n<script type=\"application\/ld+json\" class=\"yoast-schema-graph\">{\"@context\":\"https:\/\/schema.org\",\"@graph\":[{\"@type\":\"Article\",\"@id\":\"https:\/\/infoecos.com.ar\/index.php\/homenaje-al-doctor-pablo-giulianelli-en-el-hospital-municipal-de-trenque-lauquen-al-recordarse-los-10-anos-de-su-fallecimiento\/#article\",\"isPartOf\":{\"@id\":\"https:\/\/infoecos.com.ar\/index.php\/homenaje-al-doctor-pablo-giulianelli-en-el-hospital-municipal-de-trenque-lauquen-al-recordarse-los-10-anos-de-su-fallecimiento\/\"},\"author\":{\"name\":\"Jorge Matheus\",\"@id\":\"https:\/\/infoecos.com.ar\/#\/schema\/person\/8f5ace5ce73b4b4aac4b7245aee6f191\"},\"headline\":\"Homenaje al doctor Pablo Giulianelli en el Hospital Municipal de Trenque Lauquen al recordarse los 10 a\u00f1os de su fallecimiento\",\"datePublished\":\"2021-09-03T09:16:11+00:00\",\"dateModified\":\"2021-09-05T12:31:39+00:00\",\"mainEntityOfPage\":{\"@id\":\"https:\/\/infoecos.com.ar\/index.php\/homenaje-al-doctor-pablo-giulianelli-en-el-hospital-municipal-de-trenque-lauquen-al-recordarse-los-10-anos-de-su-fallecimiento\/\"},\"wordCount\":342,\"publisher\":{\"@id\":\"https:\/\/infoecos.com.ar\/#organization\"},\"image\":{\"@id\":\"https:\/\/infoecos.com.ar\/index.php\/homenaje-al-doctor-pablo-giulianelli-en-el-hospital-municipal-de-trenque-lauquen-al-recordarse-los-10-anos-de-su-fallecimiento\/#primaryimage\"},\"thumbnailUrl\":\"https:\/\/infoecos.com.ar\/wp-content\/uploads\/tl45guardiahospital-2.jpg\",\"keywords\":[\"ma\u00f1ana domingo\"],\"articleSection\":[\"Bloque inferior - 13\"],\"inLanguage\":\"es\"},{\"@type\":\"WebPage\",\"@id\":\"https:\/\/infoecos.com.ar\/index.php\/homenaje-al-doctor-pablo-giulianelli-en-el-hospital-municipal-de-trenque-lauquen-al-recordarse-los-10-anos-de-su-fallecimiento\/\",\"url\":\"https:\/\/infoecos.com.ar\/index.php\/homenaje-al-doctor-pablo-giulianelli-en-el-hospital-municipal-de-trenque-lauquen-al-recordarse-los-10-anos-de-su-fallecimiento\/\",\"name\":\"Homenaje al doctor Pablo Giulianelli en el Hospital Municipal de Trenque Lauquen al recordarse los 10 a\u00f1os de su fallecimiento - Infoecos\",\"isPartOf\":{\"@id\":\"https:\/\/infoecos.com.ar\/#website\"},\"primaryImageOfPage\":{\"@id\":\"https:\/\/infoecos.com.ar\/index.php\/homenaje-al-doctor-pablo-giulianelli-en-el-hospital-municipal-de-trenque-lauquen-al-recordarse-los-10-anos-de-su-fallecimiento\/#primaryimage\"},\"image\":{\"@id\":\"https:\/\/infoecos.com.ar\/index.php\/homenaje-al-doctor-pablo-giulianelli-en-el-hospital-municipal-de-trenque-lauquen-al-recordarse-los-10-anos-de-su-fallecimiento\/#primaryimage\"},\"thumbnailUrl\":\"https:\/\/infoecos.com.ar\/wp-content\/uploads\/tl45guardiahospital-2.jpg\",\"datePublished\":\"2021-09-03T09:16:11+00:00\",\"dateModified\":\"2021-09-05T12:31:39+00:00\",\"breadcrumb\":{\"@id\":\"https:\/\/infoecos.com.ar\/index.php\/homenaje-al-doctor-pablo-giulianelli-en-el-hospital-municipal-de-trenque-lauquen-al-recordarse-los-10-anos-de-su-fallecimiento\/#breadcrumb\"},\"inLanguage\":\"es\",\"potentialAction\":[{\"@type\":\"ReadAction\",\"target\":[\"https:\/\/infoecos.com.ar\/index.php\/homenaje-al-doctor-pablo-giulianelli-en-el-hospital-municipal-de-trenque-lauquen-al-recordarse-los-10-anos-de-su-fallecimiento\/\"]}]},{\"@type\":\"ImageObject\",\"inLanguage\":\"es\",\"@id\":\"https:\/\/infoecos.com.ar\/index.php\/homenaje-al-doctor-pablo-giulianelli-en-el-hospital-municipal-de-trenque-lauquen-al-recordarse-los-10-anos-de-su-fallecimiento\/#primaryimage\",\"url\":\"https:\/\/infoecos.com.ar\/wp-content\/uploads\/tl45guardiahospital-2.jpg\",\"contentUrl\":\"https:\/\/infoecos.com.ar\/wp-content\/uploads\/tl45guardiahospital-2.jpg\",\"width\":912,\"height\":608,\"caption\":\"T.Lauquen - Guardia\"},{\"@type\":\"BreadcrumbList\",\"@id\":\"https:\/\/infoecos.com.ar\/index.php\/homenaje-al-doctor-pablo-giulianelli-en-el-hospital-municipal-de-trenque-lauquen-al-recordarse-los-10-anos-de-su-fallecimiento\/#breadcrumb\",\"itemListElement\":[{\"@type\":\"ListItem\",\"position\":1,\"name\":\"Portada\",\"item\":\"https:\/\/infoecos.com.ar\/\"},{\"@type\":\"ListItem\",\"position\":2,\"name\":\"Homenaje al doctor Pablo Giulianelli en el Hospital Municipal de Trenque Lauquen al recordarse los 10 a\u00f1os de su fallecimiento\"}]},{\"@type\":\"WebSite\",\"@id\":\"https:\/\/infoecos.com.ar\/#website\",\"url\":\"https:\/\/infoecos.com.ar\/\",\"name\":\"Infoecos\",\"description\":\"Noticias de trenque lauquen y la zona\",\"publisher\":{\"@id\":\"https:\/\/infoecos.com.ar\/#organization\"},\"alternateName\":\"Noticias\",\"potentialAction\":[{\"@type\":\"SearchAction\",\"target\":{\"@type\":\"EntryPoint\",\"urlTemplate\":\"https:\/\/infoecos.com.ar\/?s={search_term_string}\"},\"query-input\":{\"@type\":\"PropertyValueSpecification\",\"valueRequired\":true,\"valueName\":\"search_term_string\"}}],\"inLanguage\":\"es\"},{\"@type\":\"Organization\",\"@id\":\"https:\/\/infoecos.com.ar\/#organization\",\"name\":\"Infoecos\",\"alternateName\":\"Noticias\",\"url\":\"https:\/\/infoecos.com.ar\/\",\"logo\":{\"@type\":\"ImageObject\",\"inLanguage\":\"es\",\"@id\":\"https:\/\/infoecos.com.ar\/#\/schema\/logo\/image\/\",\"url\":\"https:\/\/infoecos.com.ar\/wp-content\/uploads\/2024\/03\/cropped-logo.png\",\"contentUrl\":\"https:\/\/infoecos.com.ar\/wp-content\/uploads\/2024\/03\/cropped-logo.png\",\"width\":374,\"height\":90,\"caption\":\"Infoecos\"},\"image\":{\"@id\":\"https:\/\/infoecos.com.ar\/#\/schema\/logo\/image\/\"},\"sameAs\":[\"https:\/\/www.facebook.com\/profile.php?id=100063200290284\",\"https:\/\/x.com\/infoecos\"]},{\"@type\":\"Person\",\"@id\":\"https:\/\/infoecos.com.ar\/#\/schema\/person\/8f5ace5ce73b4b4aac4b7245aee6f191\",\"name\":\"Jorge Matheus\",\"url\":\"https:\/\/infoecos.com.ar\/index.php\/author\/jomatheus\/\"}]}<\/script>\n<!-- \/ Yoast SEO plugin. -->","yoast_head_json":{"title":"Homenaje al doctor Pablo Giulianelli en el Hospital Municipal de Trenque Lauquen al recordarse los 10 a\u00f1os de su fallecimiento - Infoecos","robots":{"index":"index","follow":"follow","max-snippet":"max-snippet:-1","max-image-preview":"max-image-preview:large","max-video-preview":"max-video-preview:-1"},"canonical":"https:\/\/infoecos.com.ar\/index.php\/homenaje-al-doctor-pablo-giulianelli-en-el-hospital-municipal-de-trenque-lauquen-al-recordarse-los-10-anos-de-su-fallecimiento\/","og_locale":"es_ES","og_type":"article","og_title":"Homenaje al doctor Pablo Giulianelli en el Hospital Municipal de Trenque Lauquen al recordarse los 10 a\u00f1os de su fallecimiento - Infoecos","og_description":"La imposici\u00f3n de su nombre a la Sala de Guardia del Hospital se dispuso por Ordenanza n\u00ba 3792\/2011 en reconocimiento a su labor y trayectoria destacada","og_url":"https:\/\/infoecos.com.ar\/index.php\/homenaje-al-doctor-pablo-giulianelli-en-el-hospital-municipal-de-trenque-lauquen-al-recordarse-los-10-anos-de-su-fallecimiento\/","og_site_name":"Infoecos","article_publisher":"https:\/\/www.facebook.com\/profile.php?id=100063200290284","article_published_time":"2021-09-03T09:16:11+00:00","article_modified_time":"2021-09-05T12:31:39+00:00","og_image":[{"width":912,"height":608,"url":"https:\/\/infoecos.com.ar\/wp-content\/uploads\/tl45guardiahospital-2.jpg","type":"image\/jpeg"}],"author":"Jorge Matheus","twitter_card":"summary_large_image","twitter_creator":"@infoecos","twitter_site":"@infoecos","twitter_misc":{"Escrito por":"Jorge Matheus","Tiempo de lectura":"2 minutos"},"schema":{"@context":"https:\/\/schema.org","@graph":[{"@type":"Article","@id":"https:\/\/infoecos.com.ar\/index.php\/homenaje-al-doctor-pablo-giulianelli-en-el-hospital-municipal-de-trenque-lauquen-al-recordarse-los-10-anos-de-su-fallecimiento\/#article","isPartOf":{"@id":"https:\/\/infoecos.com.ar\/index.php\/homenaje-al-doctor-pablo-giulianelli-en-el-hospital-municipal-de-trenque-lauquen-al-recordarse-los-10-anos-de-su-fallecimiento\/"},"author":{"name":"Jorge Matheus","@id":"https:\/\/infoecos.com.ar\/#\/schema\/person\/8f5ace5ce73b4b4aac4b7245aee6f191"},"headline":"Homenaje al doctor Pablo Giulianelli en el Hospital Municipal de Trenque Lauquen al recordarse los 10 a\u00f1os de su fallecimiento","datePublished":"2021-09-03T09:16:11+00:00","dateModified":"2021-09-05T12:31:39+00:00","mainEntityOfPage":{"@id":"https:\/\/infoecos.com.ar\/index.php\/homenaje-al-doctor-pablo-giulianelli-en-el-hospital-municipal-de-trenque-lauquen-al-recordarse-los-10-anos-de-su-fallecimiento\/"},"wordCount":342,"publisher":{"@id":"https:\/\/infoecos.com.ar\/#organization"},"image":{"@id":"https:\/\/infoecos.com.ar\/index.php\/homenaje-al-doctor-pablo-giulianelli-en-el-hospital-municipal-de-trenque-lauquen-al-recordarse-los-10-anos-de-su-fallecimiento\/#primaryimage"},"thumbnailUrl":"https:\/\/infoecos.com.ar\/wp-content\/uploads\/tl45guardiahospital-2.jpg","keywords":["ma\u00f1ana domingo"],"articleSection":["Bloque inferior - 13"],"inLanguage":"es"},{"@type":"WebPage","@id":"https:\/\/infoecos.com.ar\/index.php\/homenaje-al-doctor-pablo-giulianelli-en-el-hospital-municipal-de-trenque-lauquen-al-recordarse-los-10-anos-de-su-fallecimiento\/","url":"https:\/\/infoecos.com.ar\/index.php\/homenaje-al-doctor-pablo-giulianelli-en-el-hospital-municipal-de-trenque-lauquen-al-recordarse-los-10-anos-de-su-fallecimiento\/","name":"Homenaje al doctor Pablo Giulianelli en el Hospital Municipal de Trenque Lauquen al recordarse los 10 a\u00f1os de su fallecimiento - Infoecos","isPartOf":{"@id":"https:\/\/infoecos.com.ar\/#website"},"primaryImageOfPage":{"@id":"https:\/\/infoecos.com.ar\/index.php\/homenaje-al-doctor-pablo-giulianelli-en-el-hospital-municipal-de-trenque-lauquen-al-recordarse-los-10-anos-de-su-fallecimiento\/#primaryimage"},"image":{"@id":"https:\/\/infoecos.com.ar\/index.php\/homenaje-al-doctor-pablo-giulianelli-en-el-hospital-municipal-de-trenque-lauquen-al-recordarse-los-10-anos-de-su-fallecimiento\/#primaryimage"},"thumbnailUrl":"https:\/\/infoecos.com.ar\/wp-content\/uploads\/tl45guardiahospital-2.jpg","datePublished":"2021-09-03T09:16:11+00:00","dateModified":"2021-09-05T12:31:39+00:00","breadcrumb":{"@id":"https:\/\/infoecos.com.ar\/index.php\/homenaje-al-doctor-pablo-giulianelli-en-el-hospital-municipal-de-trenque-lauquen-al-recordarse-los-10-anos-de-su-fallecimiento\/#breadcrumb"},"inLanguage":"es","potentialAction":[{"@type":"ReadAction","target":["https:\/\/infoecos.com.ar\/index.php\/homenaje-al-doctor-pablo-giulianelli-en-el-hospital-municipal-de-trenque-lauquen-al-recordarse-los-10-anos-de-su-fallecimiento\/"]}]},{"@type":"ImageObject","inLanguage":"es","@id":"https:\/\/infoecos.com.ar\/index.php\/homenaje-al-doctor-pablo-giulianelli-en-el-hospital-municipal-de-trenque-lauquen-al-recordarse-los-10-anos-de-su-fallecimiento\/#primaryimage","url":"https:\/\/infoecos.com.ar\/wp-content\/uploads\/tl45guardiahospital-2.jpg","contentUrl":"https:\/\/infoecos.com.ar\/wp-content\/uploads\/tl45guardiahospital-2.jpg","width":912,"height":608,"caption":"T.Lauquen - Guardia"},{"@type":"BreadcrumbList","@id":"https:\/\/infoecos.com.ar\/index.php\/homenaje-al-doctor-pablo-giulianelli-en-el-hospital-municipal-de-trenque-lauquen-al-recordarse-los-10-anos-de-su-fallecimiento\/#breadcrumb","itemListElement":[{"@type":"ListItem","position":1,"name":"Portada","item":"https:\/\/infoecos.com.ar\/"},{"@type":"ListItem","position":2,"name":"Homenaje al doctor Pablo Giulianelli en el Hospital Municipal de Trenque Lauquen al recordarse los 10 a\u00f1os de su fallecimiento"}]},{"@type":"WebSite","@id":"https:\/\/infoecos.com.ar\/#website","url":"https:\/\/infoecos.com.ar\/","name":"Infoecos","description":"Noticias de trenque lauquen y la zona","publisher":{"@id":"https:\/\/infoecos.com.ar\/#organization"},"alternateName":"Noticias","potentialAction":[{"@type":"SearchAction","target":{"@type":"EntryPoint","urlTemplate":"https:\/\/infoecos.com.ar\/?s={search_term_string}"},"query-input":{"@type":"PropertyValueSpecification","valueRequired":true,"valueName":"search_term_string"}}],"inLanguage":"es"},{"@type":"Organization","@id":"https:\/\/infoecos.com.ar\/#organization","name":"Infoecos","alternateName":"Noticias","url":"https:\/\/infoecos.com.ar\/","logo":{"@type":"ImageObject","inLanguage":"es","@id":"https:\/\/infoecos.com.ar\/#\/schema\/logo\/image\/","url":"https:\/\/infoecos.com.ar\/wp-content\/uploads\/2024\/03\/cropped-logo.png","contentUrl":"https:\/\/infoecos.com.ar\/wp-content\/uploads\/2024\/03\/cropped-logo.png","width":374,"height":90,"caption":"Infoecos"},"image":{"@id":"https:\/\/infoecos.com.ar\/#\/schema\/logo\/image\/"},"sameAs":["https:\/\/www.facebook.com\/profile.php?id=100063200290284","https:\/\/x.com\/infoecos"]},{"@type":"Person","@id":"https:\/\/infoecos.com.ar\/#\/schema\/person\/8f5ace5ce73b4b4aac4b7245aee6f191","name":"Jorge Matheus","url":"https:\/\/infoecos.com.ar\/index.php\/author\/jomatheus\/"}]}},"featured_image_urls":{"full":["https:\/\/infoecos.com.ar\/wp-content\/uploads\/tl45guardiahospital-2.jpg",912,608,false],"thumbnail":["https:\/\/infoecos.com.ar\/wp-content\/uploads\/tl45guardiahospital-2-150x150.jpg",150,150,true],"medium":["https:\/\/infoecos.com.ar\/wp-content\/uploads\/tl45guardiahospital-2-460x307.jpg",460,307,true],"medium_large":["https:\/\/infoecos.com.ar\/wp-content\/uploads\/tl45guardiahospital-2-768x512.jpg",640,427,true],"large":["https:\/\/infoecos.com.ar\/wp-content\/uploads\/tl45guardiahospital-2.jpg",640,427,false],"1536x1536":["https:\/\/infoecos.com.ar\/wp-content\/uploads\/tl45guardiahospital-2.jpg",912,608,false],"2048x2048":["https:\/\/infoecos.com.ar\/wp-content\/uploads\/tl45guardiahospital-2.jpg",912,608,false],"covernews-slider-full":["https:\/\/infoecos.com.ar\/wp-content\/uploads\/tl45guardiahospital-2.jpg",912,608,false],"covernews-slider-center":["https:\/\/infoecos.com.ar\/wp-content\/uploads\/tl45guardiahospital-2.jpg",750,500,false],"covernews-featured":["https:\/\/infoecos.com.ar\/wp-content\/uploads\/tl45guardiahospital-2.jpg",912,608,false],"covernews-medium":["https:\/\/infoecos.com.ar\/wp-content\/uploads\/tl45guardiahospital-2-720x380.jpg",540,285,true],"covernews-medium-square":["https:\/\/infoecos.com.ar\/wp-content\/uploads\/tl45guardiahospital-2-675x450.jpg",375,250,true]},"author_info":{"info":["Jorge Matheus"]},"category_info":"<a href=\"https:\/\/infoecos.com.ar\/index.php\/category\/inferior13\/\" rel=\"category tag\">Bloque inferior - 13<\/a>","tag_info":"Bloque inferior - 13","comment_count":"0","_links":{"self":[{"href":"https:\/\/infoecos.com.ar\/index.php\/wp-json\/wp\/v2\/posts\/85064"}],"collection":[{"href":"https:\/\/infoecos.com.ar\/index.php\/wp-json\/wp\/v2\/posts"}],"about":[{"href":"https:\/\/infoecos.com.ar\/index.php\/wp-json\/wp\/v2\/types\/post"}],"author":[{"embeddable":true,"href":"https:\/\/infoecos.com.ar\/index.php\/wp-json\/wp\/v2\/users\/2"}],"replies":[{"embeddable":true,"href":"https:\/\/infoecos.com.ar\/index.php\/wp-json\/wp\/v2\/comments?post=85064"}],"version-history":[{"count":1,"href":"https:\/\/infoecos.com.ar\/index.php\/wp-json\/wp\/v2\/posts\/85064\/revisions"}],"predecessor-version":[{"id":85065,"href":"https:\/\/infoecos.com.ar\/index.php\/wp-json\/wp\/v2\/posts\/85064\/revisions\/85065"}],"wp:featuredmedia":[{"embeddable":true,"href":"https:\/\/infoecos.com.ar\/index.php\/wp-json\/wp\/v2\/media\/60374"}],"wp:attachment":[{"href":"https:\/\/infoecos.com.ar\/index.php\/wp-json\/wp\/v2\/media?parent=85064"}],"wp:term":[{"taxonomy":"category","embeddable":true,"href":"https:\/\/infoecos.com.ar\/index.php\/wp-json\/wp\/v2\/categories?post=85064"},{"taxonomy":"post_tag","embeddable":true,"href":"https:\/\/infoecos.com.ar\/index.php\/wp-json\/wp\/v2\/tags?post=85064"}],"curies":[{"name":"wp","href":"https:\/\/api.w.org\/{rel}","templated":true}]}}