{"id":85066,"date":"2021-09-03T06:29:55","date_gmt":"2021-09-03T09:29:55","guid":{"rendered":"http:\/\/infoecos.com.ar\/?p=85066"},"modified":"2021-09-05T09:31:17","modified_gmt":"2021-09-05T12:31:17","slug":"50-anos-del-pami-en-pehuajo-se-destaco-el-trabajo-en-conjunto-con-el-municipio","status":"publish","type":"post","link":"https:\/\/infoecos.com.ar\/index.php\/50-anos-del-pami-en-pehuajo-se-destaco-el-trabajo-en-conjunto-con-el-municipio\/","title":{"rendered":"50 a\u00f1os del PAMI en Pehuaj\u00f3: se destac\u00f3 el trabajo en conjunto con el municipio"},"content":{"rendered":"\n<p>Se llev\u00f3 a cabo el segundo encuentro del cincuentenario de PAMI en Pehuaj\u00f3, como continuidad de un dispositivo de participaci\u00f3n de las organizaciones de jubilados y jubiladas.<\/p>\n\n\n\n<p>El Intendente municipal, Pablo Javier Zurro, estuvo presente en el encuentro y lo hizo acompa\u00f1ado por el Jefe de PAMI de Pehuaj\u00f3, Mateo Rossi, el Director Ejecutivo de la UGL de Chivilcoy, Luciano Dellepiane, el coordinador ejecutivo de la UGL, Tom\u00e1s Garibotti, el referente de Relaci\u00f3n con las organizaciones de la UGL, Mart\u00edn Cappi, la coordinadora de Pol\u00edticas Sociales de la UGL, Laura Belusci y el coordinador medico de la UGL, Dr. Hern\u00e1n Massolini.<\/p>\n\n\n\n<div class=\"wp-block-image is-style-default\"><figure class=\"aligncenter size-medium\"><img loading=\"lazy\" decoding=\"async\" width=\"460\" height=\"307\" src=\"http:\/\/infoecos.com.ar\/wp-content\/uploads\/2021\/09\/50anospamipehuajo-460x307.jpg\" alt=\"\" class=\"wp-image-85067\" srcset=\"https:\/\/infoecos.com.ar\/wp-content\/uploads\/2021\/09\/50anospamipehuajo-460x307.jpg 460w, https:\/\/infoecos.com.ar\/wp-content\/uploads\/2021\/09\/50anospamipehuajo.jpg 639w\" sizes=\"(max-width: 460px) 100vw, 460px\" \/><\/figure><\/div>\n\n\n\n<p>Dado el contexto sanitario y la importancia de cuidar a las personas afiliadas, el encuentro se desarroll\u00f3 en simult\u00e1neo tanto de manera presencial como virtual.<\/p>\n\n\n\n<p>El intendente Zurro manifest\u00f3 que \u201cCreo que el rol de PAMI, es fundamental siempre y m\u00e1s en este contexto de pandemia. Quiero destacar la calidad humana de los agentes que tienen la vocaci\u00f3n de dedicarse al otro diariamente\u201d.<\/p>\n\n\n\n<p>Por otro lado, el Jefe de PAMI Pehuaj\u00f3, explic\u00f3 que \u201cLa posibilidad de gestionar juntamente con el municipio nos permiti\u00f3 implementar en el distrito de Pehuaj\u00f3, un programa que denominamos \u201cPami en los pueblos\u201d, en la cual, es muy importante ya que en un trabajo mancomunado con la municipalidad porque gracias a sus delegados, esas localidades que no forman parte de las que son demogr\u00e1ficamente menos grandes, como lo son Chiclana, Guanaco, Magdala y Nueva Plata, pudimos ir puerta a puerta de cada jubilado y jubilada que a lo mejor ten\u00edan dificultades para poder tener las prestaciones medico asistenciales del Pami. Los y las invito a redoblar los esfuerzos y a redoblar el compromiso que tenemos institucional con todos y todas\u201d.<\/p>\n\n\n\n<div class=\"wp-block-image is-style-default\"><figure class=\"aligncenter size-medium\"><img loading=\"lazy\" decoding=\"async\" width=\"460\" height=\"307\" src=\"http:\/\/infoecos.com.ar\/wp-content\/uploads\/2021\/09\/50anospehuajo-460x307.jpg\" alt=\"\" class=\"wp-image-85068\" srcset=\"https:\/\/infoecos.com.ar\/wp-content\/uploads\/2021\/09\/50anospehuajo-460x307.jpg 460w, https:\/\/infoecos.com.ar\/wp-content\/uploads\/2021\/09\/50anospehuajo.jpg 639w\" sizes=\"(max-width: 460px) 100vw, 460px\" \/><\/figure><\/div>\n\n\n\n<p>El Director Ejecutivo de la UGL de Chivilcoy, Luciano Dellepiane, agreg\u00f3 que \u00abpara m\u00ed es un orgullo estar aqu\u00ed y que nos acompa\u00f1e el Intendente municipal. Es importante para nosotros volver a tener este \u00e1mbito de escucha activa, poder volver a tener un contacto con los jubilados y jubiladas. Les agradezco a cada uno de los trabajadores y trabajadoras porque sin ellos no se podr\u00eda haber llevado a cabo la campa\u00f1a de vacunaci\u00f3n m\u00e1s grande que hemos tenido. Una muestra muy clara tiene que ver con la coordinaci\u00f3n de los trabajos del instituto con los municipios y eso conlleva un esfuerzo enorme de log\u00edstica que no solo es llevar vacunas en tiempo y forma, sino cuidar la cadena de frio y poder llegar con el equipo de vacunaci\u00f3n a todos lados y, gracias a la gesti\u00f3n de Pablo Zurro, que ya hab\u00eda empezado con la vacunaci\u00f3n, nos alivi\u00f3 un mont\u00f3n y eso habla de no solo el compromiso que tiene el Instituto para con sus afiliados y afiliadas sino tambi\u00e9n del compromiso pol\u00edtico de los jefes comunales de ponerse al hombro y estar cerca de los vecinos y vecinas\u00bb.<\/p>\n","protected":false},"excerpt":{"rendered":"<p>Dado el contexto sanitario y la importancia de cuidar a las personas afiliadas, el encuentro se desarroll\u00f3 en simult\u00e1neo tanto de manera presencial como virtual<\/p>\n","protected":false},"author":2,"featured_media":85068,"comment_status":"closed","ping_status":"open","sticky":false,"template":"","format":"standard","meta":{"footnotes":""},"categories":[1332],"tags":[4970],"class_list":["post-85066","post","type-post","status-publish","format-standard","has-post-thumbnail","hentry","category-inferior12","tag-elogiaron-el-plan-pami-en-los-pueblos"],"yoast_head":"<!-- This site is optimized with the Yoast SEO plugin v23.4 - https:\/\/yoast.com\/wordpress\/plugins\/seo\/ -->\n<title>50 a\u00f1os del PAMI en Pehuaj\u00f3: se destac\u00f3 el trabajo en conjunto con el municipio - Infoecos<\/title>\n<meta name=\"robots\" content=\"index, follow, max-snippet:-1, max-image-preview:large, max-video-preview:-1\" \/>\n<link rel=\"canonical\" href=\"https:\/\/infoecos.com.ar\/index.php\/50-anos-del-pami-en-pehuajo-se-destaco-el-trabajo-en-conjunto-con-el-municipio\/\" \/>\n<meta property=\"og:locale\" content=\"es_ES\" \/>\n<meta property=\"og:type\" content=\"article\" \/>\n<meta property=\"og:title\" content=\"50 a\u00f1os del PAMI en Pehuaj\u00f3: se destac\u00f3 el trabajo en conjunto con el municipio - Infoecos\" \/>\n<meta property=\"og:description\" content=\"Dado el contexto sanitario y la importancia de cuidar a las personas afiliadas, el encuentro se desarroll\u00f3 en simult\u00e1neo tanto de manera presencial como virtual\" \/>\n<meta property=\"og:url\" content=\"https:\/\/infoecos.com.ar\/index.php\/50-anos-del-pami-en-pehuajo-se-destaco-el-trabajo-en-conjunto-con-el-municipio\/\" \/>\n<meta property=\"og:site_name\" content=\"Infoecos\" \/>\n<meta property=\"article:publisher\" content=\"https:\/\/www.facebook.com\/profile.php?id=100063200290284\" \/>\n<meta property=\"article:published_time\" content=\"2021-09-03T09:29:55+00:00\" \/>\n<meta property=\"article:modified_time\" content=\"2021-09-05T12:31:17+00:00\" \/>\n<meta property=\"og:image\" content=\"https:\/\/infoecos.com.ar\/wp-content\/uploads\/2021\/09\/50anospehuajo.jpg\" \/>\n\t<meta property=\"og:image:width\" content=\"639\" \/>\n\t<meta property=\"og:image:height\" content=\"426\" \/>\n\t<meta property=\"og:image:type\" content=\"image\/jpeg\" \/>\n<meta name=\"author\" content=\"Jorge Matheus\" \/>\n<meta name=\"twitter:card\" content=\"summary_large_image\" \/>\n<meta name=\"twitter:creator\" content=\"@infoecos\" \/>\n<meta name=\"twitter:site\" content=\"@infoecos\" \/>\n<meta name=\"twitter:label1\" content=\"Escrito por\" \/>\n\t<meta name=\"twitter:data1\" content=\"Jorge Matheus\" \/>\n\t<meta name=\"twitter:label2\" content=\"Tiempo de lectura\" \/>\n\t<meta name=\"twitter:data2\" content=\"3 minutos\" \/>\n<script type=\"application\/ld+json\" class=\"yoast-schema-graph\">{\"@context\":\"https:\/\/schema.org\",\"@graph\":[{\"@type\":\"Article\",\"@id\":\"https:\/\/infoecos.com.ar\/index.php\/50-anos-del-pami-en-pehuajo-se-destaco-el-trabajo-en-conjunto-con-el-municipio\/#article\",\"isPartOf\":{\"@id\":\"https:\/\/infoecos.com.ar\/index.php\/50-anos-del-pami-en-pehuajo-se-destaco-el-trabajo-en-conjunto-con-el-municipio\/\"},\"author\":{\"name\":\"Jorge Matheus\",\"@id\":\"https:\/\/infoecos.com.ar\/#\/schema\/person\/8f5ace5ce73b4b4aac4b7245aee6f191\"},\"headline\":\"50 a\u00f1os del PAMI en Pehuaj\u00f3: se destac\u00f3 el trabajo en conjunto con el municipio\",\"datePublished\":\"2021-09-03T09:29:55+00:00\",\"dateModified\":\"2021-09-05T12:31:17+00:00\",\"mainEntityOfPage\":{\"@id\":\"https:\/\/infoecos.com.ar\/index.php\/50-anos-del-pami-en-pehuajo-se-destaco-el-trabajo-en-conjunto-con-el-municipio\/\"},\"wordCount\":515,\"publisher\":{\"@id\":\"https:\/\/infoecos.com.ar\/#organization\"},\"image\":{\"@id\":\"https:\/\/infoecos.com.ar\/index.php\/50-anos-del-pami-en-pehuajo-se-destaco-el-trabajo-en-conjunto-con-el-municipio\/#primaryimage\"},\"thumbnailUrl\":\"https:\/\/infoecos.com.ar\/wp-content\/uploads\/2021\/09\/50anospehuajo.jpg\",\"keywords\":[\"elogiaron el plan &quot;Pami en los Pueblos&quot;\"],\"articleSection\":[\"Bloque inferior - 12\"],\"inLanguage\":\"es\"},{\"@type\":\"WebPage\",\"@id\":\"https:\/\/infoecos.com.ar\/index.php\/50-anos-del-pami-en-pehuajo-se-destaco-el-trabajo-en-conjunto-con-el-municipio\/\",\"url\":\"https:\/\/infoecos.com.ar\/index.php\/50-anos-del-pami-en-pehuajo-se-destaco-el-trabajo-en-conjunto-con-el-municipio\/\",\"name\":\"50 a\u00f1os del PAMI en Pehuaj\u00f3: se destac\u00f3 el trabajo en conjunto con el municipio - Infoecos\",\"isPartOf\":{\"@id\":\"https:\/\/infoecos.com.ar\/#website\"},\"primaryImageOfPage\":{\"@id\":\"https:\/\/infoecos.com.ar\/index.php\/50-anos-del-pami-en-pehuajo-se-destaco-el-trabajo-en-conjunto-con-el-municipio\/#primaryimage\"},\"image\":{\"@id\":\"https:\/\/infoecos.com.ar\/index.php\/50-anos-del-pami-en-pehuajo-se-destaco-el-trabajo-en-conjunto-con-el-municipio\/#primaryimage\"},\"thumbnailUrl\":\"https:\/\/infoecos.com.ar\/wp-content\/uploads\/2021\/09\/50anospehuajo.jpg\",\"datePublished\":\"2021-09-03T09:29:55+00:00\",\"dateModified\":\"2021-09-05T12:31:17+00:00\",\"breadcrumb\":{\"@id\":\"https:\/\/infoecos.com.ar\/index.php\/50-anos-del-pami-en-pehuajo-se-destaco-el-trabajo-en-conjunto-con-el-municipio\/#breadcrumb\"},\"inLanguage\":\"es\",\"potentialAction\":[{\"@type\":\"ReadAction\",\"target\":[\"https:\/\/infoecos.com.ar\/index.php\/50-anos-del-pami-en-pehuajo-se-destaco-el-trabajo-en-conjunto-con-el-municipio\/\"]}]},{\"@type\":\"ImageObject\",\"inLanguage\":\"es\",\"@id\":\"https:\/\/infoecos.com.ar\/index.php\/50-anos-del-pami-en-pehuajo-se-destaco-el-trabajo-en-conjunto-con-el-municipio\/#primaryimage\",\"url\":\"https:\/\/infoecos.com.ar\/wp-content\/uploads\/2021\/09\/50anospehuajo.jpg\",\"contentUrl\":\"https:\/\/infoecos.com.ar\/wp-content\/uploads\/2021\/09\/50anospehuajo.jpg\",\"width\":639,\"height\":426},{\"@type\":\"BreadcrumbList\",\"@id\":\"https:\/\/infoecos.com.ar\/index.php\/50-anos-del-pami-en-pehuajo-se-destaco-el-trabajo-en-conjunto-con-el-municipio\/#breadcrumb\",\"itemListElement\":[{\"@type\":\"ListItem\",\"position\":1,\"name\":\"Portada\",\"item\":\"https:\/\/infoecos.com.ar\/\"},{\"@type\":\"ListItem\",\"position\":2,\"name\":\"50 a\u00f1os del PAMI en Pehuaj\u00f3: se destac\u00f3 el trabajo en conjunto con el municipio\"}]},{\"@type\":\"WebSite\",\"@id\":\"https:\/\/infoecos.com.ar\/#website\",\"url\":\"https:\/\/infoecos.com.ar\/\",\"name\":\"Infoecos\",\"description\":\"Noticias de trenque lauquen y la zona\",\"publisher\":{\"@id\":\"https:\/\/infoecos.com.ar\/#organization\"},\"alternateName\":\"Noticias\",\"potentialAction\":[{\"@type\":\"SearchAction\",\"target\":{\"@type\":\"EntryPoint\",\"urlTemplate\":\"https:\/\/infoecos.com.ar\/?s={search_term_string}\"},\"query-input\":{\"@type\":\"PropertyValueSpecification\",\"valueRequired\":true,\"valueName\":\"search_term_string\"}}],\"inLanguage\":\"es\"},{\"@type\":\"Organization\",\"@id\":\"https:\/\/infoecos.com.ar\/#organization\",\"name\":\"Infoecos\",\"alternateName\":\"Noticias\",\"url\":\"https:\/\/infoecos.com.ar\/\",\"logo\":{\"@type\":\"ImageObject\",\"inLanguage\":\"es\",\"@id\":\"https:\/\/infoecos.com.ar\/#\/schema\/logo\/image\/\",\"url\":\"https:\/\/infoecos.com.ar\/wp-content\/uploads\/2024\/03\/cropped-logo.png\",\"contentUrl\":\"https:\/\/infoecos.com.ar\/wp-content\/uploads\/2024\/03\/cropped-logo.png\",\"width\":374,\"height\":90,\"caption\":\"Infoecos\"},\"image\":{\"@id\":\"https:\/\/infoecos.com.ar\/#\/schema\/logo\/image\/\"},\"sameAs\":[\"https:\/\/www.facebook.com\/profile.php?id=100063200290284\",\"https:\/\/x.com\/infoecos\"]},{\"@type\":\"Person\",\"@id\":\"https:\/\/infoecos.com.ar\/#\/schema\/person\/8f5ace5ce73b4b4aac4b7245aee6f191\",\"name\":\"Jorge Matheus\",\"url\":\"https:\/\/infoecos.com.ar\/index.php\/author\/jomatheus\/\"}]}<\/script>\n<!-- \/ Yoast SEO plugin. -->","yoast_head_json":{"title":"50 a\u00f1os del PAMI en Pehuaj\u00f3: se destac\u00f3 el trabajo en conjunto con el municipio - Infoecos","robots":{"index":"index","follow":"follow","max-snippet":"max-snippet:-1","max-image-preview":"max-image-preview:large","max-video-preview":"max-video-preview:-1"},"canonical":"https:\/\/infoecos.com.ar\/index.php\/50-anos-del-pami-en-pehuajo-se-destaco-el-trabajo-en-conjunto-con-el-municipio\/","og_locale":"es_ES","og_type":"article","og_title":"50 a\u00f1os del PAMI en Pehuaj\u00f3: se destac\u00f3 el trabajo en conjunto con el municipio - Infoecos","og_description":"Dado el contexto sanitario y la importancia de cuidar a las personas afiliadas, el encuentro se desarroll\u00f3 en simult\u00e1neo tanto de manera presencial como virtual","og_url":"https:\/\/infoecos.com.ar\/index.php\/50-anos-del-pami-en-pehuajo-se-destaco-el-trabajo-en-conjunto-con-el-municipio\/","og_site_name":"Infoecos","article_publisher":"https:\/\/www.facebook.com\/profile.php?id=100063200290284","article_published_time":"2021-09-03T09:29:55+00:00","article_modified_time":"2021-09-05T12:31:17+00:00","og_image":[{"width":639,"height":426,"url":"https:\/\/infoecos.com.ar\/wp-content\/uploads\/2021\/09\/50anospehuajo.jpg","type":"image\/jpeg"}],"author":"Jorge Matheus","twitter_card":"summary_large_image","twitter_creator":"@infoecos","twitter_site":"@infoecos","twitter_misc":{"Escrito por":"Jorge Matheus","Tiempo de lectura":"3 minutos"},"schema":{"@context":"https:\/\/schema.org","@graph":[{"@type":"Article","@id":"https:\/\/infoecos.com.ar\/index.php\/50-anos-del-pami-en-pehuajo-se-destaco-el-trabajo-en-conjunto-con-el-municipio\/#article","isPartOf":{"@id":"https:\/\/infoecos.com.ar\/index.php\/50-anos-del-pami-en-pehuajo-se-destaco-el-trabajo-en-conjunto-con-el-municipio\/"},"author":{"name":"Jorge Matheus","@id":"https:\/\/infoecos.com.ar\/#\/schema\/person\/8f5ace5ce73b4b4aac4b7245aee6f191"},"headline":"50 a\u00f1os del PAMI en Pehuaj\u00f3: se destac\u00f3 el trabajo en conjunto con el municipio","datePublished":"2021-09-03T09:29:55+00:00","dateModified":"2021-09-05T12:31:17+00:00","mainEntityOfPage":{"@id":"https:\/\/infoecos.com.ar\/index.php\/50-anos-del-pami-en-pehuajo-se-destaco-el-trabajo-en-conjunto-con-el-municipio\/"},"wordCount":515,"publisher":{"@id":"https:\/\/infoecos.com.ar\/#organization"},"image":{"@id":"https:\/\/infoecos.com.ar\/index.php\/50-anos-del-pami-en-pehuajo-se-destaco-el-trabajo-en-conjunto-con-el-municipio\/#primaryimage"},"thumbnailUrl":"https:\/\/infoecos.com.ar\/wp-content\/uploads\/2021\/09\/50anospehuajo.jpg","keywords":["elogiaron el plan &quot;Pami en los Pueblos&quot;"],"articleSection":["Bloque inferior - 12"],"inLanguage":"es"},{"@type":"WebPage","@id":"https:\/\/infoecos.com.ar\/index.php\/50-anos-del-pami-en-pehuajo-se-destaco-el-trabajo-en-conjunto-con-el-municipio\/","url":"https:\/\/infoecos.com.ar\/index.php\/50-anos-del-pami-en-pehuajo-se-destaco-el-trabajo-en-conjunto-con-el-municipio\/","name":"50 a\u00f1os del PAMI en Pehuaj\u00f3: se destac\u00f3 el trabajo en conjunto con el municipio - Infoecos","isPartOf":{"@id":"https:\/\/infoecos.com.ar\/#website"},"primaryImageOfPage":{"@id":"https:\/\/infoecos.com.ar\/index.php\/50-anos-del-pami-en-pehuajo-se-destaco-el-trabajo-en-conjunto-con-el-municipio\/#primaryimage"},"image":{"@id":"https:\/\/infoecos.com.ar\/index.php\/50-anos-del-pami-en-pehuajo-se-destaco-el-trabajo-en-conjunto-con-el-municipio\/#primaryimage"},"thumbnailUrl":"https:\/\/infoecos.com.ar\/wp-content\/uploads\/2021\/09\/50anospehuajo.jpg","datePublished":"2021-09-03T09:29:55+00:00","dateModified":"2021-09-05T12:31:17+00:00","breadcrumb":{"@id":"https:\/\/infoecos.com.ar\/index.php\/50-anos-del-pami-en-pehuajo-se-destaco-el-trabajo-en-conjunto-con-el-municipio\/#breadcrumb"},"inLanguage":"es","potentialAction":[{"@type":"ReadAction","target":["https:\/\/infoecos.com.ar\/index.php\/50-anos-del-pami-en-pehuajo-se-destaco-el-trabajo-en-conjunto-con-el-municipio\/"]}]},{"@type":"ImageObject","inLanguage":"es","@id":"https:\/\/infoecos.com.ar\/index.php\/50-anos-del-pami-en-pehuajo-se-destaco-el-trabajo-en-conjunto-con-el-municipio\/#primaryimage","url":"https:\/\/infoecos.com.ar\/wp-content\/uploads\/2021\/09\/50anospehuajo.jpg","contentUrl":"https:\/\/infoecos.com.ar\/wp-content\/uploads\/2021\/09\/50anospehuajo.jpg","width":639,"height":426},{"@type":"BreadcrumbList","@id":"https:\/\/infoecos.com.ar\/index.php\/50-anos-del-pami-en-pehuajo-se-destaco-el-trabajo-en-conjunto-con-el-municipio\/#breadcrumb","itemListElement":[{"@type":"ListItem","position":1,"name":"Portada","item":"https:\/\/infoecos.com.ar\/"},{"@type":"ListItem","position":2,"name":"50 a\u00f1os del PAMI en Pehuaj\u00f3: se destac\u00f3 el trabajo en conjunto con el municipio"}]},{"@type":"WebSite","@id":"https:\/\/infoecos.com.ar\/#website","url":"https:\/\/infoecos.com.ar\/","name":"Infoecos","description":"Noticias de trenque lauquen y la zona","publisher":{"@id":"https:\/\/infoecos.com.ar\/#organization"},"alternateName":"Noticias","potentialAction":[{"@type":"SearchAction","target":{"@type":"EntryPoint","urlTemplate":"https:\/\/infoecos.com.ar\/?s={search_term_string}"},"query-input":{"@type":"PropertyValueSpecification","valueRequired":true,"valueName":"search_term_string"}}],"inLanguage":"es"},{"@type":"Organization","@id":"https:\/\/infoecos.com.ar\/#organization","name":"Infoecos","alternateName":"Noticias","url":"https:\/\/infoecos.com.ar\/","logo":{"@type":"ImageObject","inLanguage":"es","@id":"https:\/\/infoecos.com.ar\/#\/schema\/logo\/image\/","url":"https:\/\/infoecos.com.ar\/wp-content\/uploads\/2024\/03\/cropped-logo.png","contentUrl":"https:\/\/infoecos.com.ar\/wp-content\/uploads\/2024\/03\/cropped-logo.png","width":374,"height":90,"caption":"Infoecos"},"image":{"@id":"https:\/\/infoecos.com.ar\/#\/schema\/logo\/image\/"},"sameAs":["https:\/\/www.facebook.com\/profile.php?id=100063200290284","https:\/\/x.com\/infoecos"]},{"@type":"Person","@id":"https:\/\/infoecos.com.ar\/#\/schema\/person\/8f5ace5ce73b4b4aac4b7245aee6f191","name":"Jorge Matheus","url":"https:\/\/infoecos.com.ar\/index.php\/author\/jomatheus\/"}]}},"featured_image_urls":{"full":["https:\/\/infoecos.com.ar\/wp-content\/uploads\/2021\/09\/50anospehuajo.jpg",639,426,false],"thumbnail":["https:\/\/infoecos.com.ar\/wp-content\/uploads\/2021\/09\/50anospehuajo-150x150.jpg",150,150,true],"medium":["https:\/\/infoecos.com.ar\/wp-content\/uploads\/2021\/09\/50anospehuajo-460x307.jpg",460,307,true],"medium_large":["https:\/\/infoecos.com.ar\/wp-content\/uploads\/2021\/09\/50anospehuajo.jpg",639,426,false],"large":["https:\/\/infoecos.com.ar\/wp-content\/uploads\/2021\/09\/50anospehuajo.jpg",639,426,false],"1536x1536":["https:\/\/infoecos.com.ar\/wp-content\/uploads\/2021\/09\/50anospehuajo.jpg",639,426,false],"2048x2048":["https:\/\/infoecos.com.ar\/wp-content\/uploads\/2021\/09\/50anospehuajo.jpg",639,426,false],"covernews-slider-full":["https:\/\/infoecos.com.ar\/wp-content\/uploads\/2021\/09\/50anospehuajo.jpg",639,426,false],"covernews-slider-center":["https:\/\/infoecos.com.ar\/wp-content\/uploads\/2021\/09\/50anospehuajo.jpg",639,426,false],"covernews-featured":["https:\/\/infoecos.com.ar\/wp-content\/uploads\/2021\/09\/50anospehuajo.jpg",639,426,false],"covernews-medium":["https:\/\/infoecos.com.ar\/wp-content\/uploads\/2021\/09\/50anospehuajo-639x380.jpg",540,321,true],"covernews-medium-square":["https:\/\/infoecos.com.ar\/wp-content\/uploads\/2021\/09\/50anospehuajo.jpg",375,250,false]},"author_info":{"info":["Jorge Matheus"]},"category_info":"<a href=\"https:\/\/infoecos.com.ar\/index.php\/category\/inferior12\/\" rel=\"category tag\">Bloque inferior - 12<\/a>","tag_info":"Bloque inferior - 12","comment_count":"0","_links":{"self":[{"href":"https:\/\/infoecos.com.ar\/index.php\/wp-json\/wp\/v2\/posts\/85066"}],"collection":[{"href":"https:\/\/infoecos.com.ar\/index.php\/wp-json\/wp\/v2\/posts"}],"about":[{"href":"https:\/\/infoecos.com.ar\/index.php\/wp-json\/wp\/v2\/types\/post"}],"author":[{"embeddable":true,"href":"https:\/\/infoecos.com.ar\/index.php\/wp-json\/wp\/v2\/users\/2"}],"replies":[{"embeddable":true,"href":"https:\/\/infoecos.com.ar\/index.php\/wp-json\/wp\/v2\/comments?post=85066"}],"version-history":[{"count":1,"href":"https:\/\/infoecos.com.ar\/index.php\/wp-json\/wp\/v2\/posts\/85066\/revisions"}],"predecessor-version":[{"id":85069,"href":"https:\/\/infoecos.com.ar\/index.php\/wp-json\/wp\/v2\/posts\/85066\/revisions\/85069"}],"wp:featuredmedia":[{"embeddable":true,"href":"https:\/\/infoecos.com.ar\/index.php\/wp-json\/wp\/v2\/media\/85068"}],"wp:attachment":[{"href":"https:\/\/infoecos.com.ar\/index.php\/wp-json\/wp\/v2\/media?parent=85066"}],"wp:term":[{"taxonomy":"category","embeddable":true,"href":"https:\/\/infoecos.com.ar\/index.php\/wp-json\/wp\/v2\/categories?post=85066"},{"taxonomy":"post_tag","embeddable":true,"href":"https:\/\/infoecos.com.ar\/index.php\/wp-json\/wp\/v2\/tags?post=85066"}],"curies":[{"name":"wp","href":"https:\/\/api.w.org\/{rel}","templated":true}]}}