{"id":85155,"date":"2021-09-04T06:46:55","date_gmt":"2021-09-04T09:46:55","guid":{"rendered":"http:\/\/infoecos.com.ar\/?p=85155"},"modified":"2021-09-04T06:47:00","modified_gmt":"2021-09-04T09:47:00","slug":"vuelven-las-actividades-deportivas-en-espacios-abiertos-como-cerrados-en-la-provincia-de-buenos-aires","status":"publish","type":"post","link":"https:\/\/infoecos.com.ar\/index.php\/vuelven-las-actividades-deportivas-en-espacios-abiertos-como-cerrados-en-la-provincia-de-buenos-aires\/","title":{"rendered":"Vuelven las actividades deportivas en espacios abiertos, como cerrados, en la provincia de Buenos Aires"},"content":{"rendered":"\n<p>La Aprevide sac\u00f3 la circular donde se oficializa y autoriza la vuelta del p\u00fablico a \u201ctodas las competencias organizadas por entidades oficiales que desarrollen actividades deportivas de conjunto, tanto en espacios abiertos como cerrados\u201d.<\/p>\n\n\n\n<div class=\"wp-block-image is-style-default\"><figure class=\"aligncenter size-large\"><img loading=\"lazy\" decoding=\"async\" width=\"295\" height=\"171\" src=\"http:\/\/infoecos.com.ar\/wp-content\/uploads\/2020\/09\/DEPORTES.jpeg\" alt=\"\" class=\"wp-image-68595\"\/><\/figure><\/div>\n\n\n\n<p>De esta forma el ente que tiene a Gustavo G\u00f3mez como responsable garantiza el retorno de los espectadores al plano amateur. En el escrito se hace hincapi\u00e9 en que la determinaci\u00f3n <strong>\u201cno aplica para las competencias de f\u00fatbol profesional\u201d<\/strong> y que este deber\u00e1 regirse a los protocolos que p\u00fablica la Asociaci\u00f3n del F\u00fatbol Argentino (AFA).<\/p>\n\n\n\n<p>El retorno de la gente a los distintos espacios deportivos, sean ligas, federaciones o clubes de cualquier deporte amateur se comenzar\u00e1 a dar este mismo fin de semana y la cantidad acordada es de 100 personas,<\/p>\n\n\n\n<p>\u201cVamos a tratar que retorne el p\u00fablico en todos los niveles. Nuestra expectativa es que no sea solo en el f\u00fatbol profesional sino que en todos los deportes y en todos los niveles\u201d,dijo Javier Lovera, en el marco de una serie de visitas a instituciones deportivas realizadas el \u00faltimo fin de semana en Olavarr\u00eda.<\/p>\n","protected":false},"excerpt":{"rendered":"<p>El retorno de la gente a los distintos espacios deportivos, sean ligas, federaciones o clubes de cualquier deporte amateur se comenzar\u00e1 a dar este mismo fin de semana y la cantidad acordada es de 100 personas,<\/p>\n","protected":false},"author":2,"featured_media":68595,"comment_status":"closed","ping_status":"open","sticky":false,"template":"","format":"standard","meta":{"footnotes":""},"categories":[1323],"tags":[4988],"class_list":["post-85155","post","type-post","status-publish","format-standard","has-post-thumbnail","hentry","category-c2nota5","tag-una-restriccion-menos"],"yoast_head":"<!-- This site is optimized with the Yoast SEO plugin v23.4 - https:\/\/yoast.com\/wordpress\/plugins\/seo\/ -->\n<title>Vuelven las actividades deportivas en espacios abiertos, como cerrados, en la provincia de Buenos Aires - Infoecos<\/title>\n<meta name=\"robots\" content=\"index, follow, max-snippet:-1, max-image-preview:large, max-video-preview:-1\" \/>\n<link rel=\"canonical\" href=\"https:\/\/infoecos.com.ar\/index.php\/vuelven-las-actividades-deportivas-en-espacios-abiertos-como-cerrados-en-la-provincia-de-buenos-aires\/\" \/>\n<meta property=\"og:locale\" content=\"es_ES\" \/>\n<meta property=\"og:type\" content=\"article\" \/>\n<meta property=\"og:title\" content=\"Vuelven las actividades deportivas en espacios abiertos, como cerrados, en la provincia de Buenos Aires - Infoecos\" \/>\n<meta property=\"og:description\" content=\"El retorno de la gente a los distintos espacios deportivos, sean ligas, federaciones o clubes de cualquier deporte amateur se comenzar\u00e1 a dar este mismo fin de semana y la cantidad acordada es de 100 personas,\" \/>\n<meta property=\"og:url\" content=\"https:\/\/infoecos.com.ar\/index.php\/vuelven-las-actividades-deportivas-en-espacios-abiertos-como-cerrados-en-la-provincia-de-buenos-aires\/\" \/>\n<meta property=\"og:site_name\" content=\"Infoecos\" \/>\n<meta property=\"article:publisher\" content=\"https:\/\/www.facebook.com\/profile.php?id=100063200290284\" \/>\n<meta property=\"article:published_time\" content=\"2021-09-04T09:46:55+00:00\" \/>\n<meta property=\"article:modified_time\" content=\"2021-09-04T09:47:00+00:00\" \/>\n<meta property=\"og:image\" content=\"https:\/\/infoecos.com.ar\/wp-content\/uploads\/2020\/09\/DEPORTES.jpeg\" \/>\n\t<meta property=\"og:image:width\" content=\"295\" \/>\n\t<meta property=\"og:image:height\" content=\"171\" \/>\n\t<meta property=\"og:image:type\" content=\"image\/jpeg\" \/>\n<meta name=\"author\" content=\"Jorge Matheus\" \/>\n<meta name=\"twitter:card\" content=\"summary_large_image\" \/>\n<meta name=\"twitter:creator\" content=\"@infoecos\" \/>\n<meta name=\"twitter:site\" content=\"@infoecos\" \/>\n<meta name=\"twitter:label1\" content=\"Escrito por\" \/>\n\t<meta name=\"twitter:data1\" content=\"Jorge Matheus\" \/>\n\t<meta name=\"twitter:label2\" content=\"Tiempo de lectura\" \/>\n\t<meta name=\"twitter:data2\" content=\"1 minuto\" \/>\n<script type=\"application\/ld+json\" class=\"yoast-schema-graph\">{\"@context\":\"https:\/\/schema.org\",\"@graph\":[{\"@type\":\"Article\",\"@id\":\"https:\/\/infoecos.com.ar\/index.php\/vuelven-las-actividades-deportivas-en-espacios-abiertos-como-cerrados-en-la-provincia-de-buenos-aires\/#article\",\"isPartOf\":{\"@id\":\"https:\/\/infoecos.com.ar\/index.php\/vuelven-las-actividades-deportivas-en-espacios-abiertos-como-cerrados-en-la-provincia-de-buenos-aires\/\"},\"author\":{\"name\":\"Jorge Matheus\",\"@id\":\"https:\/\/infoecos.com.ar\/#\/schema\/person\/8f5ace5ce73b4b4aac4b7245aee6f191\"},\"headline\":\"Vuelven las actividades deportivas en espacios abiertos, como cerrados, en la provincia de Buenos Aires\",\"datePublished\":\"2021-09-04T09:46:55+00:00\",\"dateModified\":\"2021-09-04T09:47:00+00:00\",\"mainEntityOfPage\":{\"@id\":\"https:\/\/infoecos.com.ar\/index.php\/vuelven-las-actividades-deportivas-en-espacios-abiertos-como-cerrados-en-la-provincia-de-buenos-aires\/\"},\"wordCount\":204,\"publisher\":{\"@id\":\"https:\/\/infoecos.com.ar\/#organization\"},\"image\":{\"@id\":\"https:\/\/infoecos.com.ar\/index.php\/vuelven-las-actividades-deportivas-en-espacios-abiertos-como-cerrados-en-la-provincia-de-buenos-aires\/#primaryimage\"},\"thumbnailUrl\":\"https:\/\/infoecos.com.ar\/wp-content\/uploads\/2020\/09\/DEPORTES.jpeg\",\"keywords\":[\"UNA RESTRICCI\u00d3N MENOS\"],\"articleSection\":[\"C2 N5\"],\"inLanguage\":\"es\"},{\"@type\":\"WebPage\",\"@id\":\"https:\/\/infoecos.com.ar\/index.php\/vuelven-las-actividades-deportivas-en-espacios-abiertos-como-cerrados-en-la-provincia-de-buenos-aires\/\",\"url\":\"https:\/\/infoecos.com.ar\/index.php\/vuelven-las-actividades-deportivas-en-espacios-abiertos-como-cerrados-en-la-provincia-de-buenos-aires\/\",\"name\":\"Vuelven las actividades deportivas en espacios abiertos, como cerrados, en la provincia de Buenos Aires - Infoecos\",\"isPartOf\":{\"@id\":\"https:\/\/infoecos.com.ar\/#website\"},\"primaryImageOfPage\":{\"@id\":\"https:\/\/infoecos.com.ar\/index.php\/vuelven-las-actividades-deportivas-en-espacios-abiertos-como-cerrados-en-la-provincia-de-buenos-aires\/#primaryimage\"},\"image\":{\"@id\":\"https:\/\/infoecos.com.ar\/index.php\/vuelven-las-actividades-deportivas-en-espacios-abiertos-como-cerrados-en-la-provincia-de-buenos-aires\/#primaryimage\"},\"thumbnailUrl\":\"https:\/\/infoecos.com.ar\/wp-content\/uploads\/2020\/09\/DEPORTES.jpeg\",\"datePublished\":\"2021-09-04T09:46:55+00:00\",\"dateModified\":\"2021-09-04T09:47:00+00:00\",\"breadcrumb\":{\"@id\":\"https:\/\/infoecos.com.ar\/index.php\/vuelven-las-actividades-deportivas-en-espacios-abiertos-como-cerrados-en-la-provincia-de-buenos-aires\/#breadcrumb\"},\"inLanguage\":\"es\",\"potentialAction\":[{\"@type\":\"ReadAction\",\"target\":[\"https:\/\/infoecos.com.ar\/index.php\/vuelven-las-actividades-deportivas-en-espacios-abiertos-como-cerrados-en-la-provincia-de-buenos-aires\/\"]}]},{\"@type\":\"ImageObject\",\"inLanguage\":\"es\",\"@id\":\"https:\/\/infoecos.com.ar\/index.php\/vuelven-las-actividades-deportivas-en-espacios-abiertos-como-cerrados-en-la-provincia-de-buenos-aires\/#primaryimage\",\"url\":\"https:\/\/infoecos.com.ar\/wp-content\/uploads\/2020\/09\/DEPORTES.jpeg\",\"contentUrl\":\"https:\/\/infoecos.com.ar\/wp-content\/uploads\/2020\/09\/DEPORTES.jpeg\",\"width\":295,\"height\":171},{\"@type\":\"BreadcrumbList\",\"@id\":\"https:\/\/infoecos.com.ar\/index.php\/vuelven-las-actividades-deportivas-en-espacios-abiertos-como-cerrados-en-la-provincia-de-buenos-aires\/#breadcrumb\",\"itemListElement\":[{\"@type\":\"ListItem\",\"position\":1,\"name\":\"Portada\",\"item\":\"https:\/\/infoecos.com.ar\/\"},{\"@type\":\"ListItem\",\"position\":2,\"name\":\"Vuelven las actividades deportivas en espacios abiertos, como cerrados, en la provincia de Buenos Aires\"}]},{\"@type\":\"WebSite\",\"@id\":\"https:\/\/infoecos.com.ar\/#website\",\"url\":\"https:\/\/infoecos.com.ar\/\",\"name\":\"Infoecos\",\"description\":\"Noticias de trenque lauquen y la zona\",\"publisher\":{\"@id\":\"https:\/\/infoecos.com.ar\/#organization\"},\"alternateName\":\"Noticias\",\"potentialAction\":[{\"@type\":\"SearchAction\",\"target\":{\"@type\":\"EntryPoint\",\"urlTemplate\":\"https:\/\/infoecos.com.ar\/?s={search_term_string}\"},\"query-input\":{\"@type\":\"PropertyValueSpecification\",\"valueRequired\":true,\"valueName\":\"search_term_string\"}}],\"inLanguage\":\"es\"},{\"@type\":\"Organization\",\"@id\":\"https:\/\/infoecos.com.ar\/#organization\",\"name\":\"Infoecos\",\"alternateName\":\"Noticias\",\"url\":\"https:\/\/infoecos.com.ar\/\",\"logo\":{\"@type\":\"ImageObject\",\"inLanguage\":\"es\",\"@id\":\"https:\/\/infoecos.com.ar\/#\/schema\/logo\/image\/\",\"url\":\"https:\/\/infoecos.com.ar\/wp-content\/uploads\/2024\/03\/cropped-logo.png\",\"contentUrl\":\"https:\/\/infoecos.com.ar\/wp-content\/uploads\/2024\/03\/cropped-logo.png\",\"width\":374,\"height\":90,\"caption\":\"Infoecos\"},\"image\":{\"@id\":\"https:\/\/infoecos.com.ar\/#\/schema\/logo\/image\/\"},\"sameAs\":[\"https:\/\/www.facebook.com\/profile.php?id=100063200290284\",\"https:\/\/x.com\/infoecos\"]},{\"@type\":\"Person\",\"@id\":\"https:\/\/infoecos.com.ar\/#\/schema\/person\/8f5ace5ce73b4b4aac4b7245aee6f191\",\"name\":\"Jorge Matheus\",\"url\":\"https:\/\/infoecos.com.ar\/index.php\/author\/jomatheus\/\"}]}<\/script>\n<!-- \/ Yoast SEO plugin. -->","yoast_head_json":{"title":"Vuelven las actividades deportivas en espacios abiertos, como cerrados, en la provincia de Buenos Aires - Infoecos","robots":{"index":"index","follow":"follow","max-snippet":"max-snippet:-1","max-image-preview":"max-image-preview:large","max-video-preview":"max-video-preview:-1"},"canonical":"https:\/\/infoecos.com.ar\/index.php\/vuelven-las-actividades-deportivas-en-espacios-abiertos-como-cerrados-en-la-provincia-de-buenos-aires\/","og_locale":"es_ES","og_type":"article","og_title":"Vuelven las actividades deportivas en espacios abiertos, como cerrados, en la provincia de Buenos Aires - Infoecos","og_description":"El retorno de la gente a los distintos espacios deportivos, sean ligas, federaciones o clubes de cualquier deporte amateur se comenzar\u00e1 a dar este mismo fin de semana y la cantidad acordada es de 100 personas,","og_url":"https:\/\/infoecos.com.ar\/index.php\/vuelven-las-actividades-deportivas-en-espacios-abiertos-como-cerrados-en-la-provincia-de-buenos-aires\/","og_site_name":"Infoecos","article_publisher":"https:\/\/www.facebook.com\/profile.php?id=100063200290284","article_published_time":"2021-09-04T09:46:55+00:00","article_modified_time":"2021-09-04T09:47:00+00:00","og_image":[{"width":295,"height":171,"url":"https:\/\/infoecos.com.ar\/wp-content\/uploads\/2020\/09\/DEPORTES.jpeg","type":"image\/jpeg"}],"author":"Jorge Matheus","twitter_card":"summary_large_image","twitter_creator":"@infoecos","twitter_site":"@infoecos","twitter_misc":{"Escrito por":"Jorge Matheus","Tiempo de lectura":"1 minuto"},"schema":{"@context":"https:\/\/schema.org","@graph":[{"@type":"Article","@id":"https:\/\/infoecos.com.ar\/index.php\/vuelven-las-actividades-deportivas-en-espacios-abiertos-como-cerrados-en-la-provincia-de-buenos-aires\/#article","isPartOf":{"@id":"https:\/\/infoecos.com.ar\/index.php\/vuelven-las-actividades-deportivas-en-espacios-abiertos-como-cerrados-en-la-provincia-de-buenos-aires\/"},"author":{"name":"Jorge Matheus","@id":"https:\/\/infoecos.com.ar\/#\/schema\/person\/8f5ace5ce73b4b4aac4b7245aee6f191"},"headline":"Vuelven las actividades deportivas en espacios abiertos, como cerrados, en la provincia de Buenos Aires","datePublished":"2021-09-04T09:46:55+00:00","dateModified":"2021-09-04T09:47:00+00:00","mainEntityOfPage":{"@id":"https:\/\/infoecos.com.ar\/index.php\/vuelven-las-actividades-deportivas-en-espacios-abiertos-como-cerrados-en-la-provincia-de-buenos-aires\/"},"wordCount":204,"publisher":{"@id":"https:\/\/infoecos.com.ar\/#organization"},"image":{"@id":"https:\/\/infoecos.com.ar\/index.php\/vuelven-las-actividades-deportivas-en-espacios-abiertos-como-cerrados-en-la-provincia-de-buenos-aires\/#primaryimage"},"thumbnailUrl":"https:\/\/infoecos.com.ar\/wp-content\/uploads\/2020\/09\/DEPORTES.jpeg","keywords":["UNA RESTRICCI\u00d3N MENOS"],"articleSection":["C2 N5"],"inLanguage":"es"},{"@type":"WebPage","@id":"https:\/\/infoecos.com.ar\/index.php\/vuelven-las-actividades-deportivas-en-espacios-abiertos-como-cerrados-en-la-provincia-de-buenos-aires\/","url":"https:\/\/infoecos.com.ar\/index.php\/vuelven-las-actividades-deportivas-en-espacios-abiertos-como-cerrados-en-la-provincia-de-buenos-aires\/","name":"Vuelven las actividades deportivas en espacios abiertos, como cerrados, en la provincia de Buenos Aires - Infoecos","isPartOf":{"@id":"https:\/\/infoecos.com.ar\/#website"},"primaryImageOfPage":{"@id":"https:\/\/infoecos.com.ar\/index.php\/vuelven-las-actividades-deportivas-en-espacios-abiertos-como-cerrados-en-la-provincia-de-buenos-aires\/#primaryimage"},"image":{"@id":"https:\/\/infoecos.com.ar\/index.php\/vuelven-las-actividades-deportivas-en-espacios-abiertos-como-cerrados-en-la-provincia-de-buenos-aires\/#primaryimage"},"thumbnailUrl":"https:\/\/infoecos.com.ar\/wp-content\/uploads\/2020\/09\/DEPORTES.jpeg","datePublished":"2021-09-04T09:46:55+00:00","dateModified":"2021-09-04T09:47:00+00:00","breadcrumb":{"@id":"https:\/\/infoecos.com.ar\/index.php\/vuelven-las-actividades-deportivas-en-espacios-abiertos-como-cerrados-en-la-provincia-de-buenos-aires\/#breadcrumb"},"inLanguage":"es","potentialAction":[{"@type":"ReadAction","target":["https:\/\/infoecos.com.ar\/index.php\/vuelven-las-actividades-deportivas-en-espacios-abiertos-como-cerrados-en-la-provincia-de-buenos-aires\/"]}]},{"@type":"ImageObject","inLanguage":"es","@id":"https:\/\/infoecos.com.ar\/index.php\/vuelven-las-actividades-deportivas-en-espacios-abiertos-como-cerrados-en-la-provincia-de-buenos-aires\/#primaryimage","url":"https:\/\/infoecos.com.ar\/wp-content\/uploads\/2020\/09\/DEPORTES.jpeg","contentUrl":"https:\/\/infoecos.com.ar\/wp-content\/uploads\/2020\/09\/DEPORTES.jpeg","width":295,"height":171},{"@type":"BreadcrumbList","@id":"https:\/\/infoecos.com.ar\/index.php\/vuelven-las-actividades-deportivas-en-espacios-abiertos-como-cerrados-en-la-provincia-de-buenos-aires\/#breadcrumb","itemListElement":[{"@type":"ListItem","position":1,"name":"Portada","item":"https:\/\/infoecos.com.ar\/"},{"@type":"ListItem","position":2,"name":"Vuelven las actividades deportivas en espacios abiertos, como cerrados, en la provincia de Buenos Aires"}]},{"@type":"WebSite","@id":"https:\/\/infoecos.com.ar\/#website","url":"https:\/\/infoecos.com.ar\/","name":"Infoecos","description":"Noticias de trenque lauquen y la zona","publisher":{"@id":"https:\/\/infoecos.com.ar\/#organization"},"alternateName":"Noticias","potentialAction":[{"@type":"SearchAction","target":{"@type":"EntryPoint","urlTemplate":"https:\/\/infoecos.com.ar\/?s={search_term_string}"},"query-input":{"@type":"PropertyValueSpecification","valueRequired":true,"valueName":"search_term_string"}}],"inLanguage":"es"},{"@type":"Organization","@id":"https:\/\/infoecos.com.ar\/#organization","name":"Infoecos","alternateName":"Noticias","url":"https:\/\/infoecos.com.ar\/","logo":{"@type":"ImageObject","inLanguage":"es","@id":"https:\/\/infoecos.com.ar\/#\/schema\/logo\/image\/","url":"https:\/\/infoecos.com.ar\/wp-content\/uploads\/2024\/03\/cropped-logo.png","contentUrl":"https:\/\/infoecos.com.ar\/wp-content\/uploads\/2024\/03\/cropped-logo.png","width":374,"height":90,"caption":"Infoecos"},"image":{"@id":"https:\/\/infoecos.com.ar\/#\/schema\/logo\/image\/"},"sameAs":["https:\/\/www.facebook.com\/profile.php?id=100063200290284","https:\/\/x.com\/infoecos"]},{"@type":"Person","@id":"https:\/\/infoecos.com.ar\/#\/schema\/person\/8f5ace5ce73b4b4aac4b7245aee6f191","name":"Jorge Matheus","url":"https:\/\/infoecos.com.ar\/index.php\/author\/jomatheus\/"}]}},"featured_image_urls":{"full":["https:\/\/infoecos.com.ar\/wp-content\/uploads\/2020\/09\/DEPORTES.jpeg",295,171,false],"thumbnail":["https:\/\/infoecos.com.ar\/wp-content\/uploads\/2020\/09\/DEPORTES-150x150.jpeg",150,150,true],"medium":["https:\/\/infoecos.com.ar\/wp-content\/uploads\/2020\/09\/DEPORTES.jpeg",295,171,false],"medium_large":["https:\/\/infoecos.com.ar\/wp-content\/uploads\/2020\/09\/DEPORTES.jpeg",295,171,false],"large":["https:\/\/infoecos.com.ar\/wp-content\/uploads\/2020\/09\/DEPORTES.jpeg",295,171,false],"1536x1536":["https:\/\/infoecos.com.ar\/wp-content\/uploads\/2020\/09\/DEPORTES.jpeg",295,171,false],"2048x2048":["https:\/\/infoecos.com.ar\/wp-content\/uploads\/2020\/09\/DEPORTES.jpeg",295,171,false],"covernews-slider-full":["https:\/\/infoecos.com.ar\/wp-content\/uploads\/2020\/09\/DEPORTES.jpeg",295,171,false],"covernews-slider-center":["https:\/\/infoecos.com.ar\/wp-content\/uploads\/2020\/09\/DEPORTES.jpeg",295,171,false],"covernews-featured":["https:\/\/infoecos.com.ar\/wp-content\/uploads\/2020\/09\/DEPORTES.jpeg",295,171,false],"covernews-medium":["https:\/\/infoecos.com.ar\/wp-content\/uploads\/2020\/09\/DEPORTES.jpeg",295,171,false],"covernews-medium-square":["https:\/\/infoecos.com.ar\/wp-content\/uploads\/2020\/09\/DEPORTES.jpeg",295,171,false]},"author_info":{"info":["Jorge Matheus"]},"category_info":"<a href=\"https:\/\/infoecos.com.ar\/index.php\/category\/c2nota5\/\" rel=\"category tag\">C2 N5<\/a>","tag_info":"C2 N5","comment_count":"0","_links":{"self":[{"href":"https:\/\/infoecos.com.ar\/index.php\/wp-json\/wp\/v2\/posts\/85155"}],"collection":[{"href":"https:\/\/infoecos.com.ar\/index.php\/wp-json\/wp\/v2\/posts"}],"about":[{"href":"https:\/\/infoecos.com.ar\/index.php\/wp-json\/wp\/v2\/types\/post"}],"author":[{"embeddable":true,"href":"https:\/\/infoecos.com.ar\/index.php\/wp-json\/wp\/v2\/users\/2"}],"replies":[{"embeddable":true,"href":"https:\/\/infoecos.com.ar\/index.php\/wp-json\/wp\/v2\/comments?post=85155"}],"version-history":[{"count":1,"href":"https:\/\/infoecos.com.ar\/index.php\/wp-json\/wp\/v2\/posts\/85155\/revisions"}],"predecessor-version":[{"id":85156,"href":"https:\/\/infoecos.com.ar\/index.php\/wp-json\/wp\/v2\/posts\/85155\/revisions\/85156"}],"wp:featuredmedia":[{"embeddable":true,"href":"https:\/\/infoecos.com.ar\/index.php\/wp-json\/wp\/v2\/media\/68595"}],"wp:attachment":[{"href":"https:\/\/infoecos.com.ar\/index.php\/wp-json\/wp\/v2\/media?parent=85155"}],"wp:term":[{"taxonomy":"category","embeddable":true,"href":"https:\/\/infoecos.com.ar\/index.php\/wp-json\/wp\/v2\/categories?post=85155"},{"taxonomy":"post_tag","embeddable":true,"href":"https:\/\/infoecos.com.ar\/index.php\/wp-json\/wp\/v2\/tags?post=85155"}],"curies":[{"name":"wp","href":"https:\/\/api.w.org\/{rel}","templated":true}]}}