{"id":85223,"date":"2021-09-05T04:44:21","date_gmt":"2021-09-05T07:44:21","guid":{"rendered":"http:\/\/infoecos.com.ar\/?p=85223"},"modified":"2021-09-05T04:44:31","modified_gmt":"2021-09-05T07:44:31","slug":"el-gobierno-bonaerense-anuncio-que-envio-82-246-turnos-de-segunda-dosis-de-la-vacuna-moderna","status":"publish","type":"post","link":"https:\/\/infoecos.com.ar\/index.php\/el-gobierno-bonaerense-anuncio-que-envio-82-246-turnos-de-segunda-dosis-de-la-vacuna-moderna\/","title":{"rendered":"El gobierno bonaerense anunci\u00f3 que envi\u00f3 82.246 turnos de segunda dosis de la vacuna Moderna"},"content":{"rendered":"\n<p class=\"wp-block-paragraph\">El gobierno de la Provincia de Buenos Aires anunci\u00f3 este s\u00e1bado que envi\u00f3 82.246 turnos de segunda dosis de la vacuna Moderna para todas las personas de 12 a 17 a\u00f1os que tengan alguna condici\u00f3n priorizada de salud y hayan cumplido el tiempo m\u00ednimo interdosis de 28 d\u00edas establecido por el Ministerio de Salud de la Naci\u00f3n.<\/p>\n\n\n\n<figure class=\"wp-block-image size-large is-style-default\"><img loading=\"lazy\" decoding=\"async\" width=\"920\" height=\"690\" src=\"http:\/\/infoecos.com.ar\/wp-content\/uploads\/2021\/06\/fdtvacunacion-920x690.jpg\" alt=\"\" class=\"wp-image-79610\" srcset=\"https:\/\/infoecos.com.ar\/wp-content\/uploads\/2021\/06\/fdtvacunacion-920x690.jpg 920w, https:\/\/infoecos.com.ar\/wp-content\/uploads\/2021\/06\/fdtvacunacion-460x345.jpg 460w, https:\/\/infoecos.com.ar\/wp-content\/uploads\/2021\/06\/fdtvacunacion-768x576.jpg 768w, https:\/\/infoecos.com.ar\/wp-content\/uploads\/2021\/06\/fdtvacunacion-1024x768.jpg 1024w, https:\/\/infoecos.com.ar\/wp-content\/uploads\/2021\/06\/fdtvacunacion.jpg 1280w\" sizes=\"auto, (max-width: 920px) 100vw, 920px\" \/><\/figure>\n\n\n\n<p class=\"wp-block-paragraph\">\u00abPara el mes de septiembre la campa\u00f1a de vacunaci\u00f3n ya tiene m\u00e1s de 1.400.000 turnos enviados a personas de diferentes grupos poblacionales y vacunadas con diferentes vacunas a las que se le suman la totalidad de las y los menores que hayan cumplido el tiempo m\u00ednimo interdosis con el objetivo de escalar la vacunaci\u00f3n y completar esquemas de este grupo priorizado con mayor velocidad\u00bb, se\u00f1al\u00f3 un comunicado oficial.<\/p>\n\n\n\n<p class=\"wp-block-paragraph\">En el distrito bonaerense son 154.191 las personas de este grupo poblacional que iniciaron su esquema de vacunaci\u00f3n, de las cuales 8.335 ya lo completaron y 82.246 ya tienen el turno para hacerlo durante septiembre, mientras que a las restantes se les ir\u00e1n enviando a medida que alcancen los 28 d\u00edas del inicio del esquema.<\/p>\n\n\n\n<p class=\"wp-block-paragraph\">Estas personas podr\u00e1n ver su turno en la web&nbsp;<a href=\"http:\/\/www.vacunatepba.gba.gob.ar\/\" target=\"_blank\" rel=\"noreferrer noopener\">www.vacunatepba.gba.gob.ar<\/a>&nbsp;o en la APP \u00abVacunate PBA\u00bb en las pr\u00f3ximas horas.<\/p>\n\n\n\n<p class=\"wp-block-paragraph\">\u00abLa provincia de Buenos Aires fue la primera jurisdicci\u00f3n del pa\u00eds en habilitar la inscripci\u00f3n de chicos y chicas de 12 a 17 a\u00f1os, el 19 de Julio, y que el d\u00eda 3 de agosto comenzamos a vacunar a aquellos con situaciones de salud priorizadas en conjunto con todas las provincias del pa\u00eds\u00bb, indic\u00f3 el comunicado.<\/p>\n\n\n\n<p class=\"wp-block-paragraph\"><\/p>\n\n\n\n<figure class=\"wp-block-embed is-type-wp-embed is-provider-infoecos wp-block-embed-infoecos\"><div class=\"wp-block-embed__wrapper\">\n<blockquote class=\"wp-embedded-content\" data-secret=\"cAbEWzNd8M\"><a href=\"https:\/\/infoecos.com.ar\/index.php\/marcado-descenso-de-los-casos-activos-de-coronavirus-en-pehuajo-57-en-total\/\">Marcado descenso de los casos activos de coronavirus en T.Lauquen: 57 en total<\/a><\/blockquote><iframe loading=\"lazy\" class=\"wp-embedded-content\" sandbox=\"allow-scripts\" security=\"restricted\" style=\"position: absolute; clip: rect(1px, 1px, 1px, 1px);\" title=\"\u00abMarcado descenso de los casos activos de coronavirus en T.Lauquen: 57 en total\u00bb \u2014 \" src=\"https:\/\/infoecos.com.ar\/index.php\/marcado-descenso-de-los-casos-activos-de-coronavirus-en-pehuajo-57-en-total\/embed\/#?secret=Ku26OxEFHy#?secret=cAbEWzNd8M\" data-secret=\"cAbEWzNd8M\" width=\"600\" height=\"338\" frameborder=\"0\" marginwidth=\"0\" marginheight=\"0\" scrolling=\"no\"><\/iframe>\n<\/div><\/figure>\n","protected":false},"excerpt":{"rendered":"<p>La provincia de Buenos Aires fue la primera jurisdicci\u00f3n del pa\u00eds en habilitar la inscripci\u00f3n de chicos y chicas de 12 a 17 a\u00f1os<\/p>\n","protected":false},"author":2,"featured_media":79610,"comment_status":"closed","ping_status":"open","sticky":false,"template":"","format":"standard","meta":{"footnotes":""},"categories":[28],"tags":[4996],"class_list":["post-85223","post","type-post","status-publish","format-standard","has-post-thumbnail","hentry","category-c1nota1","tag-personas-entre-12-y-17-anos"],"featured_image_urls":{"full":["https:\/\/infoecos.com.ar\/wp-content\/uploads\/2021\/06\/fdtvacunacion.jpg",1280,960,false],"thumbnail":["https:\/\/infoecos.com.ar\/wp-content\/uploads\/2021\/06\/fdtvacunacion-150x150.jpg",150,150,true],"medium":["https:\/\/infoecos.com.ar\/wp-content\/uploads\/2021\/06\/fdtvacunacion-460x345.jpg",460,345,true],"medium_large":["https:\/\/infoecos.com.ar\/wp-content\/uploads\/2021\/06\/fdtvacunacion-768x576.jpg",640,480,true],"large":["https:\/\/infoecos.com.ar\/wp-content\/uploads\/2021\/06\/fdtvacunacion-920x690.jpg",640,480,true],"1536x1536":["https:\/\/infoecos.com.ar\/wp-content\/uploads\/2021\/06\/fdtvacunacion.jpg",1280,960,false],"2048x2048":["https:\/\/infoecos.com.ar\/wp-content\/uploads\/2021\/06\/fdtvacunacion.jpg",1280,960,false],"covernews-slider-full":["https:\/\/infoecos.com.ar\/wp-content\/uploads\/2021\/06\/fdtvacunacion.jpg",953,715,false],"covernews-slider-center":["https:\/\/infoecos.com.ar\/wp-content\/uploads\/2021\/06\/fdtvacunacion-936x897.jpg",522,500,true],"covernews-featured":["https:\/\/infoecos.com.ar\/wp-content\/uploads\/2021\/06\/fdtvacunacion-1024x768.jpg",1024,768,true],"covernews-medium":["https:\/\/infoecos.com.ar\/wp-content\/uploads\/2021\/06\/fdtvacunacion-720x380.jpg",540,285,true],"covernews-medium-square":["https:\/\/infoecos.com.ar\/wp-content\/uploads\/2021\/06\/fdtvacunacion-675x450.jpg",375,250,true]},"author_info":{"info":["Jorge Matheus"]},"category_info":"<a href=\"https:\/\/infoecos.com.ar\/index.php\/category\/c1nota1\/\" rel=\"category tag\">C1 N1<\/a>","tag_info":"C1 N1","comment_count":"0","_links":{"self":[{"href":"https:\/\/infoecos.com.ar\/index.php\/wp-json\/wp\/v2\/posts\/85223","targetHints":{"allow":["GET"]}}],"collection":[{"href":"https:\/\/infoecos.com.ar\/index.php\/wp-json\/wp\/v2\/posts"}],"about":[{"href":"https:\/\/infoecos.com.ar\/index.php\/wp-json\/wp\/v2\/types\/post"}],"author":[{"embeddable":true,"href":"https:\/\/infoecos.com.ar\/index.php\/wp-json\/wp\/v2\/users\/2"}],"replies":[{"embeddable":true,"href":"https:\/\/infoecos.com.ar\/index.php\/wp-json\/wp\/v2\/comments?post=85223"}],"version-history":[{"count":1,"href":"https:\/\/infoecos.com.ar\/index.php\/wp-json\/wp\/v2\/posts\/85223\/revisions"}],"predecessor-version":[{"id":85224,"href":"https:\/\/infoecos.com.ar\/index.php\/wp-json\/wp\/v2\/posts\/85223\/revisions\/85224"}],"wp:featuredmedia":[{"embeddable":true,"href":"https:\/\/infoecos.com.ar\/index.php\/wp-json\/wp\/v2\/media\/79610"}],"wp:attachment":[{"href":"https:\/\/infoecos.com.ar\/index.php\/wp-json\/wp\/v2\/media?parent=85223"}],"wp:term":[{"taxonomy":"category","embeddable":true,"href":"https:\/\/infoecos.com.ar\/index.php\/wp-json\/wp\/v2\/categories?post=85223"},{"taxonomy":"post_tag","embeddable":true,"href":"https:\/\/infoecos.com.ar\/index.php\/wp-json\/wp\/v2\/tags?post=85223"}],"curies":[{"name":"wp","href":"https:\/\/api.w.org\/{rel}","templated":true}]}}