{"id":85235,"date":"2021-09-05T05:59:40","date_gmt":"2021-09-05T08:59:40","guid":{"rendered":"http:\/\/infoecos.com.ar\/?p=85235"},"modified":"2021-09-05T06:00:45","modified_gmt":"2021-09-05T09:00:45","slug":"maria-carolina-olguin-de-general-arenales-preside-el-nucleamiento-empresarial-del-noroeste-bonaerense","status":"publish","type":"post","link":"https:\/\/infoecos.com.ar\/index.php\/maria-carolina-olguin-de-general-arenales-preside-el-nucleamiento-empresarial-del-noroeste-bonaerense\/","title":{"rendered":"Mar\u00eda Carolina Olgu\u00edn, de General Arenales, preside el Nucleamiento Empresarial del Noroeste Bonaerense"},"content":{"rendered":"\n<p class=\"wp-block-paragraph\">El s\u00e1bado 4 de septiembre en la ciudad de 25 de Mayo se llev\u00f3 a cabo la Asamblea General Ordinaria de la Federaci\u00f3n del Nucleamiento Empresarial del Noroeste Bonaerense con la participaci\u00f3n de 27 C\u00e1maras asociadas.<\/p>\n\n\n\n<div class=\"wp-block-image is-style-default\"><figure class=\"aligncenter size-large\"><img loading=\"lazy\" decoding=\"async\" width=\"347\" height=\"349\" src=\"http:\/\/infoecos.com.ar\/wp-content\/uploads\/2021\/09\/olguinmariacarolina.jpg\" alt=\"\" class=\"wp-image-85236\" srcset=\"https:\/\/infoecos.com.ar\/wp-content\/uploads\/2021\/09\/olguinmariacarolina.jpg 347w, https:\/\/infoecos.com.ar\/wp-content\/uploads\/2021\/09\/olguinmariacarolina-150x150.jpg 150w\" sizes=\"auto, (max-width: 347px) 100vw, 347px\" \/><\/figure><\/div>\n\n\n\n<p class=\"wp-block-paragraph\">Se eligi\u00f3 a Mar\u00eda Carolina Olgu\u00edn, presidente de Uni\u00f3n de Comercio, Industria y Servicios del Partido de General Arenales, para la conducci\u00f3n por los pr\u00f3ximos dos a\u00f1os de mandato.<\/p>\n\n\n\n<p class=\"wp-block-paragraph\">Es la primer mujer en 70 a\u00f1os que asume la conducci\u00f3n del nucleamiento.<\/p>\n","protected":false},"excerpt":{"rendered":"<p>En la ciudad de 25 de Mayo se llev\u00f3 a cabo la Asamblea General Ordinaria<\/p>\n","protected":false},"author":2,"featured_media":85237,"comment_status":"closed","ping_status":"open","sticky":false,"template":"","format":"standard","meta":{"footnotes":""},"categories":[46],"tags":[4998],"class_list":["post-85235","post","type-post","status-publish","format-standard","has-post-thumbnail","hentry","category-c2nota2","tag-fue-elegida-en-el-dia-de-ayer"],"featured_image_urls":{"full":["https:\/\/infoecos.com.ar\/wp-content\/uploads\/2021\/09\/mariacarolinaolguin.jpg",538,541,false],"thumbnail":["https:\/\/infoecos.com.ar\/wp-content\/uploads\/2021\/09\/mariacarolinaolguin-150x150.jpg",150,150,true],"medium":["https:\/\/infoecos.com.ar\/wp-content\/uploads\/2021\/09\/mariacarolinaolguin-457x460.jpg",457,460,true],"medium_large":["https:\/\/infoecos.com.ar\/wp-content\/uploads\/2021\/09\/mariacarolinaolguin.jpg",538,541,false],"large":["https:\/\/infoecos.com.ar\/wp-content\/uploads\/2021\/09\/mariacarolinaolguin.jpg",538,541,false],"1536x1536":["https:\/\/infoecos.com.ar\/wp-content\/uploads\/2021\/09\/mariacarolinaolguin.jpg",538,541,false],"2048x2048":["https:\/\/infoecos.com.ar\/wp-content\/uploads\/2021\/09\/mariacarolinaolguin.jpg",538,541,false],"covernews-slider-full":["https:\/\/infoecos.com.ar\/wp-content\/uploads\/2021\/09\/mariacarolinaolguin.jpg",538,541,false],"covernews-slider-center":["https:\/\/infoecos.com.ar\/wp-content\/uploads\/2021\/09\/mariacarolinaolguin.jpg",497,500,false],"covernews-featured":["https:\/\/infoecos.com.ar\/wp-content\/uploads\/2021\/09\/mariacarolinaolguin.jpg",538,541,false],"covernews-medium":["https:\/\/infoecos.com.ar\/wp-content\/uploads\/2021\/09\/mariacarolinaolguin-538x380.jpg",481,340,true],"covernews-medium-square":["https:\/\/infoecos.com.ar\/wp-content\/uploads\/2021\/09\/mariacarolinaolguin-538x450.jpg",299,250,true]},"author_info":{"info":["Jorge Matheus"]},"category_info":"<a href=\"https:\/\/infoecos.com.ar\/index.php\/category\/c2nota2\/\" rel=\"category tag\">C2 N2<\/a>","tag_info":"C2 N2","comment_count":"0","_links":{"self":[{"href":"https:\/\/infoecos.com.ar\/index.php\/wp-json\/wp\/v2\/posts\/85235","targetHints":{"allow":["GET"]}}],"collection":[{"href":"https:\/\/infoecos.com.ar\/index.php\/wp-json\/wp\/v2\/posts"}],"about":[{"href":"https:\/\/infoecos.com.ar\/index.php\/wp-json\/wp\/v2\/types\/post"}],"author":[{"embeddable":true,"href":"https:\/\/infoecos.com.ar\/index.php\/wp-json\/wp\/v2\/users\/2"}],"replies":[{"embeddable":true,"href":"https:\/\/infoecos.com.ar\/index.php\/wp-json\/wp\/v2\/comments?post=85235"}],"version-history":[{"count":2,"href":"https:\/\/infoecos.com.ar\/index.php\/wp-json\/wp\/v2\/posts\/85235\/revisions"}],"predecessor-version":[{"id":85239,"href":"https:\/\/infoecos.com.ar\/index.php\/wp-json\/wp\/v2\/posts\/85235\/revisions\/85239"}],"wp:featuredmedia":[{"embeddable":true,"href":"https:\/\/infoecos.com.ar\/index.php\/wp-json\/wp\/v2\/media\/85237"}],"wp:attachment":[{"href":"https:\/\/infoecos.com.ar\/index.php\/wp-json\/wp\/v2\/media?parent=85235"}],"wp:term":[{"taxonomy":"category","embeddable":true,"href":"https:\/\/infoecos.com.ar\/index.php\/wp-json\/wp\/v2\/categories?post=85235"},{"taxonomy":"post_tag","embeddable":true,"href":"https:\/\/infoecos.com.ar\/index.php\/wp-json\/wp\/v2\/tags?post=85235"}],"curies":[{"name":"wp","href":"https:\/\/api.w.org\/{rel}","templated":true}]}}