{"id":85285,"date":"2021-09-05T08:42:49","date_gmt":"2021-09-05T11:42:49","guid":{"rendered":"http:\/\/infoecos.com.ar\/?p=85285"},"modified":"2021-09-05T08:42:49","modified_gmt":"2021-09-05T11:42:49","slug":"flavia-palmiero-volvio-de-miami-y-a-traves-de-la-red-instagram-se-mostro-con-poca-ropa","status":"publish","type":"post","link":"https:\/\/infoecos.com.ar\/index.php\/flavia-palmiero-volvio-de-miami-y-a-traves-de-la-red-instagram-se-mostro-con-poca-ropa\/","title":{"rendered":"Flavia Palmiero volvi\u00f3 de Miami y a trav\u00e9s de la red Instagram se mostr\u00f3 con poca ropa"},"content":{"rendered":"\n<p class=\"wp-block-paragraph\">Flavia Palmiero<strong> \u00abenloqueci\u00f3<\/strong>\u00bb a sus seguidores de Instagram. Pos\u00f3 con una bikini y una remera muy escotada.<\/p>\n\n\n\n<div class=\"wp-block-image is-style-default\"><figure class=\"aligncenter size-medium\"><img loading=\"lazy\" decoding=\"async\" width=\"368\" height=\"460\" src=\"http:\/\/infoecos.com.ar\/wp-content\/uploads\/2021\/09\/FLAVIAPALMIERO-368x460.jpg\" alt=\"\" class=\"wp-image-85286\" srcset=\"https:\/\/infoecos.com.ar\/wp-content\/uploads\/2021\/09\/FLAVIAPALMIERO-368x460.jpg 368w, https:\/\/infoecos.com.ar\/wp-content\/uploads\/2021\/09\/FLAVIAPALMIERO-736x920.jpg 736w, https:\/\/infoecos.com.ar\/wp-content\/uploads\/2021\/09\/FLAVIAPALMIERO-768x960.jpg 768w, https:\/\/infoecos.com.ar\/wp-content\/uploads\/2021\/09\/FLAVIAPALMIERO.jpg 1024w\" sizes=\"auto, (max-width: 368px) 100vw, 368px\" \/><\/figure><\/div>\n\n\n\n<p class=\"wp-block-paragraph\">La actriz se levant\u00f3 apenas la remera y tambi\u00e9n dej\u00f3 ver la parte de abajo de una bikini negra. \u201c<strong>Arranc\u00f3 septiembre<\/strong>\u201d, anunci\u00f3 en medio de un posteo promocionando una marca.<\/p>\n\n\n\n<div class=\"wp-block-image is-style-default\"><figure class=\"aligncenter size-medium\"><img loading=\"lazy\" decoding=\"async\" width=\"388\" height=\"460\" src=\"http:\/\/infoecos.com.ar\/wp-content\/uploads\/2021\/09\/FLAVIAPALMIERO1-388x460.jpg\" alt=\"\" class=\"wp-image-85287\" srcset=\"https:\/\/infoecos.com.ar\/wp-content\/uploads\/2021\/09\/FLAVIAPALMIERO1-388x460.jpg 388w, https:\/\/infoecos.com.ar\/wp-content\/uploads\/2021\/09\/FLAVIAPALMIERO1-776x920.jpg 776w, https:\/\/infoecos.com.ar\/wp-content\/uploads\/2021\/09\/FLAVIAPALMIERO1-768x910.jpg 768w, https:\/\/infoecos.com.ar\/wp-content\/uploads\/2021\/09\/FLAVIAPALMIERO1-1024x1214.jpg 1024w, https:\/\/infoecos.com.ar\/wp-content\/uploads\/2021\/09\/FLAVIAPALMIERO1.jpg 1080w\" sizes=\"auto, (max-width: 388px) 100vw, 388px\" \/><\/figure><\/div>\n\n\n\n<p class=\"wp-block-paragraph\">Con m\u00e1s de\u00a05 mil me gusta\u00a0en pocas horas, el posteo se llen\u00f3 de comentarios de parte de algunos de sus m\u00e1s de\u00a0360 mil followers\u00a0en la red social. <\/p>\n\n\n\n<p class=\"wp-block-paragraph\">A los\u00a055 a\u00f1os, la ex cantante se muestra intacta y recientemente comparti\u00f3 distintos\u00a0looks para disfrutar de las playas de Miami, donde se encuentra de vacaciones.\u00a0<\/p>\n\n\n\n<div class=\"wp-block-image is-style-default\"><figure class=\"aligncenter size-medium\"><img loading=\"lazy\" decoding=\"async\" width=\"368\" height=\"460\" src=\"http:\/\/infoecos.com.ar\/wp-content\/uploads\/2021\/09\/flaviapalmiero2-368x460.jpg\" alt=\"\" class=\"wp-image-85288\" srcset=\"https:\/\/infoecos.com.ar\/wp-content\/uploads\/2021\/09\/flaviapalmiero2-368x460.jpg 368w, https:\/\/infoecos.com.ar\/wp-content\/uploads\/2021\/09\/flaviapalmiero2-736x920.jpg 736w, https:\/\/infoecos.com.ar\/wp-content\/uploads\/2021\/09\/flaviapalmiero2-768x960.jpg 768w, https:\/\/infoecos.com.ar\/wp-content\/uploads\/2021\/09\/flaviapalmiero2-1024x1280.jpg 1024w, https:\/\/infoecos.com.ar\/wp-content\/uploads\/2021\/09\/flaviapalmiero2.jpg 1080w\" sizes=\"auto, (max-width: 368px) 100vw, 368px\" \/><\/figure><\/div>\n\n\n\n<p class=\"wp-block-paragraph\">Flavia Palmiero\u00a0cumpli\u00f3 55 a\u00f1os el 11 de julio, mientras se encontraba en las playas estadounidenses.<\/p>\n","protected":false},"excerpt":{"rendered":"<p>Con m\u00e1s de 5 mil me gusta en pocas horas, el posteo se llen\u00f3 de comentarios de parte de algunos de sus m\u00e1s de 360 mil followers<\/p>\n","protected":false},"author":2,"featured_media":85287,"comment_status":"closed","ping_status":"open","sticky":false,"template":"","format":"standard","meta":{"footnotes":""},"categories":[41],"tags":[5004],"class_list":["post-85285","post","type-post","status-publish","format-standard","has-post-thumbnail","hentry","category-inferior2","tag-iecos-artistico-2"],"featured_image_urls":{"full":["https:\/\/infoecos.com.ar\/wp-content\/uploads\/2021\/09\/FLAVIAPALMIERO1.jpg",1080,1280,false],"thumbnail":["https:\/\/infoecos.com.ar\/wp-content\/uploads\/2021\/09\/FLAVIAPALMIERO1-150x150.jpg",150,150,true],"medium":["https:\/\/infoecos.com.ar\/wp-content\/uploads\/2021\/09\/FLAVIAPALMIERO1-388x460.jpg",388,460,true],"medium_large":["https:\/\/infoecos.com.ar\/wp-content\/uploads\/2021\/09\/FLAVIAPALMIERO1-768x910.jpg",640,758,true],"large":["https:\/\/infoecos.com.ar\/wp-content\/uploads\/2021\/09\/FLAVIAPALMIERO1-776x920.jpg",640,759,true],"1536x1536":["https:\/\/infoecos.com.ar\/wp-content\/uploads\/2021\/09\/FLAVIAPALMIERO1.jpg",1080,1280,false],"2048x2048":["https:\/\/infoecos.com.ar\/wp-content\/uploads\/2021\/09\/FLAVIAPALMIERO1.jpg",1080,1280,false],"covernews-slider-full":["https:\/\/infoecos.com.ar\/wp-content\/uploads\/2021\/09\/FLAVIAPALMIERO1-1080x1020.jpg",757,715,true],"covernews-slider-center":["https:\/\/infoecos.com.ar\/wp-content\/uploads\/2021\/09\/FLAVIAPALMIERO1-936x897.jpg",522,500,true],"covernews-featured":["https:\/\/infoecos.com.ar\/wp-content\/uploads\/2021\/09\/FLAVIAPALMIERO1-1024x1214.jpg",1024,1214,true],"covernews-medium":["https:\/\/infoecos.com.ar\/wp-content\/uploads\/2021\/09\/FLAVIAPALMIERO1-720x380.jpg",540,285,true],"covernews-medium-square":["https:\/\/infoecos.com.ar\/wp-content\/uploads\/2021\/09\/FLAVIAPALMIERO1-675x450.jpg",375,250,true]},"author_info":{"info":["Jorge Matheus"]},"category_info":"<a href=\"https:\/\/infoecos.com.ar\/index.php\/category\/inferior2\/\" rel=\"category tag\">Bloque inferior - 2<\/a>","tag_info":"Bloque inferior - 2","comment_count":"0","_links":{"self":[{"href":"https:\/\/infoecos.com.ar\/index.php\/wp-json\/wp\/v2\/posts\/85285","targetHints":{"allow":["GET"]}}],"collection":[{"href":"https:\/\/infoecos.com.ar\/index.php\/wp-json\/wp\/v2\/posts"}],"about":[{"href":"https:\/\/infoecos.com.ar\/index.php\/wp-json\/wp\/v2\/types\/post"}],"author":[{"embeddable":true,"href":"https:\/\/infoecos.com.ar\/index.php\/wp-json\/wp\/v2\/users\/2"}],"replies":[{"embeddable":true,"href":"https:\/\/infoecos.com.ar\/index.php\/wp-json\/wp\/v2\/comments?post=85285"}],"version-history":[{"count":1,"href":"https:\/\/infoecos.com.ar\/index.php\/wp-json\/wp\/v2\/posts\/85285\/revisions"}],"predecessor-version":[{"id":85289,"href":"https:\/\/infoecos.com.ar\/index.php\/wp-json\/wp\/v2\/posts\/85285\/revisions\/85289"}],"wp:featuredmedia":[{"embeddable":true,"href":"https:\/\/infoecos.com.ar\/index.php\/wp-json\/wp\/v2\/media\/85287"}],"wp:attachment":[{"href":"https:\/\/infoecos.com.ar\/index.php\/wp-json\/wp\/v2\/media?parent=85285"}],"wp:term":[{"taxonomy":"category","embeddable":true,"href":"https:\/\/infoecos.com.ar\/index.php\/wp-json\/wp\/v2\/categories?post=85285"},{"taxonomy":"post_tag","embeddable":true,"href":"https:\/\/infoecos.com.ar\/index.php\/wp-json\/wp\/v2\/tags?post=85285"}],"curies":[{"name":"wp","href":"https:\/\/api.w.org\/{rel}","templated":true}]}}