{"id":85323,"date":"2021-09-05T16:39:21","date_gmt":"2021-09-05T19:39:21","guid":{"rendered":"http:\/\/infoecos.com.ar\/?p=85323"},"modified":"2021-09-06T18:13:24","modified_gmt":"2021-09-06T21:13:24","slug":"este-no-es-un-acto-politico-es-un-acto-humano-de-reconocimiento-senalo-el-intendente-miguel-fernandez","status":"publish","type":"post","link":"https:\/\/infoecos.com.ar\/index.php\/este-no-es-un-acto-politico-es-un-acto-humano-de-reconocimiento-senalo-el-intendente-miguel-fernandez\/","title":{"rendered":"\u00abEste no es un acto pol\u00edtico, es un acto humano de reconocimiento\u00bb, se\u00f1al\u00f3 el intendente Miguel Fern\u00e1ndez"},"content":{"rendered":"\n<p>\u201cNo es f\u00e1cil, claramente Mariel, yo tambi\u00e9n pens\u00e9 que ibas a aguantar un poquito m\u00e1s (sin llorar), pero es muy dif\u00edcil\u201d, comenz\u00f3 diciendo el Intendente Fern\u00e1ndez, en alusi\u00f3n a las palabras pronunciadas por la esposa del homenajeado, la Dra. Mariel Jord\u00e1n, y agradeci\u00f3 \u201cel acompa\u00f1amiento de todos, un domingo a la ma\u00f1ana, en este acto sencillo de nominar nuevamente a la Guardia con el nombre de Pablo (Giulianelli)\u201d.<\/p>\n\n\n\n<p>Asimismo record\u00f3 que \u201cuna amiga, Rosita Ortiz, fue tambi\u00e9n la que en su momento impuls\u00f3 la imposici\u00f3n del nombre de Pablo para la Guardia, Rosita ten\u00eda un hijo que fue atendido por Pablo, que batall\u00f3 incansablemente y ten\u00eda esa gratitud eterna hacia su m\u00e9dico de cabecera por haberlo cuidado tanto a su hijo y a ra\u00edz de eso, \u00e9ramos concejales con el <strong>Flaco<\/strong> (<strong>Jorge Jord\u00e1n<\/strong>), Rosita present\u00f3 el proyecto en el Concejo Deliberante, luego se aprob\u00f3 y despu\u00e9s se puso el cartel en la Guardia vieja y parec\u00eda oportuno que en la nueva Guardia figurara el nombre de Pablo trasladando la placa original a este lugar\u201d.<\/p>\n\n\n\n<div class=\"wp-block-image is-style-default\"><figure class=\"aligncenter size-medium\"><img loading=\"lazy\" decoding=\"async\" width=\"460\" height=\"307\" src=\"http:\/\/infoecos.com.ar\/wp-content\/uploads\/2021\/09\/GIUALINELI-460x307.jpg\" alt=\"\" class=\"wp-image-85324\" srcset=\"https:\/\/infoecos.com.ar\/wp-content\/uploads\/2021\/09\/GIUALINELI-460x307.jpg 460w, https:\/\/infoecos.com.ar\/wp-content\/uploads\/2021\/09\/GIUALINELI-768x512.jpg 768w, https:\/\/infoecos.com.ar\/wp-content\/uploads\/2021\/09\/GIUALINELI-675x450.jpg 675w, https:\/\/infoecos.com.ar\/wp-content\/uploads\/2021\/09\/GIUALINELI.jpg 900w\" sizes=\"(max-width: 460px) 100vw, 460px\" \/><\/figure><\/div>\n\n\n\n<p>\u201cEsta Guardia, es la Guardia de la no inauguraci\u00f3n porque en realidad no la inauguramos nunca, se termin\u00f3 la obra y ah\u00ed nom\u00e1s nos agarr\u00f3 el Covid-19 y empezamos a funcionar sin inauguraci\u00f3n, y esto tampoco es una inauguraci\u00f3n, \u00e9sta va a ser la Guardia no inaugurada, pero no importan las inauguraciones, importa lo que se hace ac\u00e1 adentro, el trabajo de todos los que est\u00e1n ac\u00e1, m\u00e9dicos, enfermeras y enfermeras, mucamas, auxiliares, administrativos, guardias, que todos los d\u00edas batallan para atender la primera puerta de ingreso al Hospital que es la Guardia municipal\u201d, subray\u00f3 el Intendente.<\/p>\n\n\n\n<p>Sostuvo al respecto que \u201ces un trabajo agotador el que realizan, es muy intenso y justamente por eso lo recordamos a Pablo, porque era un tipo que m\u00e1s all\u00e1 de que fuera el jefe o no, estaba siempre, era un comod\u00edn, estaba siempre dispuesto m\u00e1s all\u00e1 de su especialidad quir\u00fargica, a estar a disposici\u00f3n, a subirse a la ambulancia, y por eso se lo recuerda, porque uno puede ser mejor o peor m\u00e9dico, pero lo que a la gente le queda m\u00e1s all\u00e1 de la calidad profesional es la actitud de servicio, eso es lo que vale en nuestra profesi\u00f3n\u201d.<\/p>\n\n\n\n<div class=\"wp-block-image is-style-default\"><figure class=\"aligncenter size-medium\"><img loading=\"lazy\" decoding=\"async\" width=\"460\" height=\"307\" src=\"http:\/\/infoecos.com.ar\/wp-content\/uploads\/2021\/09\/GIULANELLI1-460x307.jpg\" alt=\"\" class=\"wp-image-85325\" srcset=\"https:\/\/infoecos.com.ar\/wp-content\/uploads\/2021\/09\/GIULANELLI1-460x307.jpg 460w, https:\/\/infoecos.com.ar\/wp-content\/uploads\/2021\/09\/GIULANELLI1-768x512.jpg 768w, https:\/\/infoecos.com.ar\/wp-content\/uploads\/2021\/09\/GIULANELLI1-675x450.jpg 675w, https:\/\/infoecos.com.ar\/wp-content\/uploads\/2021\/09\/GIULANELLI1.jpg 900w\" sizes=\"(max-width: 460px) 100vw, 460px\" \/><\/figure><\/div>\n\n\n\n<p>En este sentido Fern\u00e1ndez destac\u00f3 la importancia de \u201cescuchar, agarrar la mano, contener, sirve para dar casi el 50 por ciento de lo que un paciente necesita cuando requiere atenci\u00f3n: esa contenci\u00f3n afectiva, bajar el nivel de ansiedad y de miedos que todos tenemos y \u00e9ste es un trabajo que hacen todos los m\u00e9dicos, enfermeras, dir\u00eda que quiz\u00e1s las enfermeras tienen un rol preponderante, y Pablo ten\u00eda una muy buena relaci\u00f3n con todas las enfermas del servicio, que tambi\u00e9n lo quer\u00edan mucho\u201d.<\/p>\n\n\n\n<p>Asimismo, el Intendente aprovech\u00f3 este acto homenaje para reconocer \u201cel esfuerzo de todos los profesionales de la salud en esta \u00e9poca de pandemia, un desaf\u00edo hist\u00f3rico que lo asumieron con una enorme responsabilidad y una cuota de compromiso que creo que la sociedad merece reconocer y hacerlo p\u00fablico, a m\u00ed me gustar\u00eda que alguna vez la gente de Trenque Lauquen organice un reconocimiento a todos los profesionales de la salud que han trabajado mucho cuidando a cada uno de los vecinos\u201d.<\/p>\n\n\n\n<div class=\"wp-block-image is-style-default\"><figure class=\"aligncenter size-medium\"><img loading=\"lazy\" decoding=\"async\" width=\"460\" height=\"307\" src=\"http:\/\/infoecos.com.ar\/wp-content\/uploads\/2021\/09\/GIUALINELI2-460x307.jpg\" alt=\"\" class=\"wp-image-85326\" srcset=\"https:\/\/infoecos.com.ar\/wp-content\/uploads\/2021\/09\/GIUALINELI2-460x307.jpg 460w, https:\/\/infoecos.com.ar\/wp-content\/uploads\/2021\/09\/GIUALINELI2-768x512.jpg 768w, https:\/\/infoecos.com.ar\/wp-content\/uploads\/2021\/09\/GIUALINELI2-675x450.jpg 675w, https:\/\/infoecos.com.ar\/wp-content\/uploads\/2021\/09\/GIUALINELI2.jpg 900w\" sizes=\"(max-width: 460px) 100vw, 460px\" \/><\/figure><\/div>\n\n\n\n<p>\u201cPara ellos este reconocimiento tambi\u00e9n en la memoria de Pablo y tambi\u00e9n es simb\u00f3lico que lo hagamos el d\u00eda que corresponde, aunque sea un domingo, y m\u00e1s all\u00e1 de las elecciones, porque \u00e9ste no es un acto pol\u00edtico, es un acto humano de reconocimiento y que merece ser hecho el d\u00eda que corresponde y a la hora que corresponde\u201d, concluy\u00f3 el Intendente.<\/p>\n\n\n\n<figure class=\"wp-block-audio\"><audio controls src=\"blob:http:\/\/infoecos.com.ar\/d905bb17-f68f-41fe-a6bb-7e8d7711efac\"><\/audio><\/figure>\n","protected":false},"excerpt":{"rendered":"<p>Destac\u00f3 la acci\u00f3n de una vecina, Rosita Ortiz, qui\u00e9n fue la que present\u00f3 el proyecto en el Concejo para la imposici\u00f3n del nombre de  Pablo Giulianelli<\/p>\n","protected":false},"author":2,"featured_media":85324,"comment_status":"closed","ping_status":"open","sticky":false,"template":"","format":"standard","meta":{"footnotes":""},"categories":[1327,1323],"tags":[5009],"class_list":["post-85323","post","type-post","status-publish","format-standard","has-post-thumbnail","hentry","category-audio","category-c2nota5","tag-colocan-placa-en-la-guardia-del-hospital"],"yoast_head":"<!-- This site is optimized with the Yoast SEO plugin v23.4 - https:\/\/yoast.com\/wordpress\/plugins\/seo\/ -->\n<title>&quot;Este no es un acto pol\u00edtico, es un acto humano de reconocimiento&quot;, se\u00f1al\u00f3 el intendente Miguel Fern\u00e1ndez - Infoecos<\/title>\n<meta name=\"robots\" content=\"index, follow, max-snippet:-1, max-image-preview:large, max-video-preview:-1\" \/>\n<link rel=\"canonical\" href=\"https:\/\/infoecos.com.ar\/index.php\/este-no-es-un-acto-politico-es-un-acto-humano-de-reconocimiento-senalo-el-intendente-miguel-fernandez\/\" \/>\n<meta property=\"og:locale\" content=\"es_ES\" \/>\n<meta property=\"og:type\" content=\"article\" \/>\n<meta property=\"og:title\" content=\"&quot;Este no es un acto pol\u00edtico, es un acto humano de reconocimiento&quot;, se\u00f1al\u00f3 el intendente Miguel Fern\u00e1ndez - Infoecos\" \/>\n<meta property=\"og:description\" content=\"Destac\u00f3 la acci\u00f3n de una vecina, Rosita Ortiz, qui\u00e9n fue la que present\u00f3 el proyecto en el Concejo para la imposici\u00f3n del nombre de Pablo Giulianelli\" \/>\n<meta property=\"og:url\" content=\"https:\/\/infoecos.com.ar\/index.php\/este-no-es-un-acto-politico-es-un-acto-humano-de-reconocimiento-senalo-el-intendente-miguel-fernandez\/\" \/>\n<meta property=\"og:site_name\" content=\"Infoecos\" \/>\n<meta property=\"article:publisher\" content=\"https:\/\/www.facebook.com\/profile.php?id=100063200290284\" \/>\n<meta property=\"article:published_time\" content=\"2021-09-05T19:39:21+00:00\" \/>\n<meta property=\"article:modified_time\" content=\"2021-09-06T21:13:24+00:00\" \/>\n<meta property=\"og:image\" content=\"https:\/\/infoecos.com.ar\/wp-content\/uploads\/2021\/09\/GIUALINELI.jpg\" \/>\n\t<meta property=\"og:image:width\" content=\"900\" \/>\n\t<meta property=\"og:image:height\" content=\"600\" \/>\n\t<meta property=\"og:image:type\" content=\"image\/jpeg\" \/>\n<meta name=\"author\" content=\"Jorge Matheus\" \/>\n<meta name=\"twitter:card\" content=\"summary_large_image\" \/>\n<meta name=\"twitter:creator\" content=\"@infoecos\" \/>\n<meta name=\"twitter:site\" content=\"@infoecos\" \/>\n<meta name=\"twitter:label1\" content=\"Escrito por\" \/>\n\t<meta name=\"twitter:data1\" content=\"Jorge Matheus\" \/>\n\t<meta name=\"twitter:label2\" content=\"Tiempo de lectura\" \/>\n\t<meta name=\"twitter:data2\" content=\"3 minutos\" \/>\n<script type=\"application\/ld+json\" class=\"yoast-schema-graph\">{\"@context\":\"https:\/\/schema.org\",\"@graph\":[{\"@type\":\"Article\",\"@id\":\"https:\/\/infoecos.com.ar\/index.php\/este-no-es-un-acto-politico-es-un-acto-humano-de-reconocimiento-senalo-el-intendente-miguel-fernandez\/#article\",\"isPartOf\":{\"@id\":\"https:\/\/infoecos.com.ar\/index.php\/este-no-es-un-acto-politico-es-un-acto-humano-de-reconocimiento-senalo-el-intendente-miguel-fernandez\/\"},\"author\":{\"name\":\"Jorge Matheus\",\"@id\":\"https:\/\/infoecos.com.ar\/#\/schema\/person\/8f5ace5ce73b4b4aac4b7245aee6f191\"},\"headline\":\"\u00abEste no es un acto pol\u00edtico, es un acto humano de reconocimiento\u00bb, se\u00f1al\u00f3 el intendente Miguel Fern\u00e1ndez\",\"datePublished\":\"2021-09-05T19:39:21+00:00\",\"dateModified\":\"2021-09-06T21:13:24+00:00\",\"mainEntityOfPage\":{\"@id\":\"https:\/\/infoecos.com.ar\/index.php\/este-no-es-un-acto-politico-es-un-acto-humano-de-reconocimiento-senalo-el-intendente-miguel-fernandez\/\"},\"wordCount\":669,\"publisher\":{\"@id\":\"https:\/\/infoecos.com.ar\/#organization\"},\"image\":{\"@id\":\"https:\/\/infoecos.com.ar\/index.php\/este-no-es-un-acto-politico-es-un-acto-humano-de-reconocimiento-senalo-el-intendente-miguel-fernandez\/#primaryimage\"},\"thumbnailUrl\":\"https:\/\/infoecos.com.ar\/wp-content\/uploads\/2021\/09\/GIUALINELI.jpg\",\"keywords\":[\"COLOCAN PLACA EN LA GUARDIA DEL HOSPITAL\"],\"articleSection\":[\"Audio\",\"C2 N5\"],\"inLanguage\":\"es\"},{\"@type\":\"WebPage\",\"@id\":\"https:\/\/infoecos.com.ar\/index.php\/este-no-es-un-acto-politico-es-un-acto-humano-de-reconocimiento-senalo-el-intendente-miguel-fernandez\/\",\"url\":\"https:\/\/infoecos.com.ar\/index.php\/este-no-es-un-acto-politico-es-un-acto-humano-de-reconocimiento-senalo-el-intendente-miguel-fernandez\/\",\"name\":\"\\\"Este no es un acto pol\u00edtico, es un acto humano de reconocimiento\\\", se\u00f1al\u00f3 el intendente Miguel Fern\u00e1ndez - Infoecos\",\"isPartOf\":{\"@id\":\"https:\/\/infoecos.com.ar\/#website\"},\"primaryImageOfPage\":{\"@id\":\"https:\/\/infoecos.com.ar\/index.php\/este-no-es-un-acto-politico-es-un-acto-humano-de-reconocimiento-senalo-el-intendente-miguel-fernandez\/#primaryimage\"},\"image\":{\"@id\":\"https:\/\/infoecos.com.ar\/index.php\/este-no-es-un-acto-politico-es-un-acto-humano-de-reconocimiento-senalo-el-intendente-miguel-fernandez\/#primaryimage\"},\"thumbnailUrl\":\"https:\/\/infoecos.com.ar\/wp-content\/uploads\/2021\/09\/GIUALINELI.jpg\",\"datePublished\":\"2021-09-05T19:39:21+00:00\",\"dateModified\":\"2021-09-06T21:13:24+00:00\",\"breadcrumb\":{\"@id\":\"https:\/\/infoecos.com.ar\/index.php\/este-no-es-un-acto-politico-es-un-acto-humano-de-reconocimiento-senalo-el-intendente-miguel-fernandez\/#breadcrumb\"},\"inLanguage\":\"es\",\"potentialAction\":[{\"@type\":\"ReadAction\",\"target\":[\"https:\/\/infoecos.com.ar\/index.php\/este-no-es-un-acto-politico-es-un-acto-humano-de-reconocimiento-senalo-el-intendente-miguel-fernandez\/\"]}]},{\"@type\":\"ImageObject\",\"inLanguage\":\"es\",\"@id\":\"https:\/\/infoecos.com.ar\/index.php\/este-no-es-un-acto-politico-es-un-acto-humano-de-reconocimiento-senalo-el-intendente-miguel-fernandez\/#primaryimage\",\"url\":\"https:\/\/infoecos.com.ar\/wp-content\/uploads\/2021\/09\/GIUALINELI.jpg\",\"contentUrl\":\"https:\/\/infoecos.com.ar\/wp-content\/uploads\/2021\/09\/GIUALINELI.jpg\",\"width\":900,\"height\":600},{\"@type\":\"BreadcrumbList\",\"@id\":\"https:\/\/infoecos.com.ar\/index.php\/este-no-es-un-acto-politico-es-un-acto-humano-de-reconocimiento-senalo-el-intendente-miguel-fernandez\/#breadcrumb\",\"itemListElement\":[{\"@type\":\"ListItem\",\"position\":1,\"name\":\"Portada\",\"item\":\"https:\/\/infoecos.com.ar\/\"},{\"@type\":\"ListItem\",\"position\":2,\"name\":\"\u00abEste no es un acto pol\u00edtico, es un acto humano de reconocimiento\u00bb, se\u00f1al\u00f3 el intendente Miguel Fern\u00e1ndez\"}]},{\"@type\":\"WebSite\",\"@id\":\"https:\/\/infoecos.com.ar\/#website\",\"url\":\"https:\/\/infoecos.com.ar\/\",\"name\":\"Infoecos\",\"description\":\"Noticias de trenque lauquen y la zona\",\"publisher\":{\"@id\":\"https:\/\/infoecos.com.ar\/#organization\"},\"alternateName\":\"Noticias\",\"potentialAction\":[{\"@type\":\"SearchAction\",\"target\":{\"@type\":\"EntryPoint\",\"urlTemplate\":\"https:\/\/infoecos.com.ar\/?s={search_term_string}\"},\"query-input\":{\"@type\":\"PropertyValueSpecification\",\"valueRequired\":true,\"valueName\":\"search_term_string\"}}],\"inLanguage\":\"es\"},{\"@type\":\"Organization\",\"@id\":\"https:\/\/infoecos.com.ar\/#organization\",\"name\":\"Infoecos\",\"alternateName\":\"Noticias\",\"url\":\"https:\/\/infoecos.com.ar\/\",\"logo\":{\"@type\":\"ImageObject\",\"inLanguage\":\"es\",\"@id\":\"https:\/\/infoecos.com.ar\/#\/schema\/logo\/image\/\",\"url\":\"https:\/\/infoecos.com.ar\/wp-content\/uploads\/2024\/03\/cropped-logo.png\",\"contentUrl\":\"https:\/\/infoecos.com.ar\/wp-content\/uploads\/2024\/03\/cropped-logo.png\",\"width\":374,\"height\":90,\"caption\":\"Infoecos\"},\"image\":{\"@id\":\"https:\/\/infoecos.com.ar\/#\/schema\/logo\/image\/\"},\"sameAs\":[\"https:\/\/www.facebook.com\/profile.php?id=100063200290284\",\"https:\/\/x.com\/infoecos\"]},{\"@type\":\"Person\",\"@id\":\"https:\/\/infoecos.com.ar\/#\/schema\/person\/8f5ace5ce73b4b4aac4b7245aee6f191\",\"name\":\"Jorge Matheus\",\"url\":\"https:\/\/infoecos.com.ar\/index.php\/author\/jomatheus\/\"}]}<\/script>\n<!-- \/ Yoast SEO plugin. -->","yoast_head_json":{"title":"\"Este no es un acto pol\u00edtico, es un acto humano de reconocimiento\", se\u00f1al\u00f3 el intendente Miguel Fern\u00e1ndez - Infoecos","robots":{"index":"index","follow":"follow","max-snippet":"max-snippet:-1","max-image-preview":"max-image-preview:large","max-video-preview":"max-video-preview:-1"},"canonical":"https:\/\/infoecos.com.ar\/index.php\/este-no-es-un-acto-politico-es-un-acto-humano-de-reconocimiento-senalo-el-intendente-miguel-fernandez\/","og_locale":"es_ES","og_type":"article","og_title":"\"Este no es un acto pol\u00edtico, es un acto humano de reconocimiento\", se\u00f1al\u00f3 el intendente Miguel Fern\u00e1ndez - Infoecos","og_description":"Destac\u00f3 la acci\u00f3n de una vecina, Rosita Ortiz, qui\u00e9n fue la que present\u00f3 el proyecto en el Concejo para la imposici\u00f3n del nombre de Pablo Giulianelli","og_url":"https:\/\/infoecos.com.ar\/index.php\/este-no-es-un-acto-politico-es-un-acto-humano-de-reconocimiento-senalo-el-intendente-miguel-fernandez\/","og_site_name":"Infoecos","article_publisher":"https:\/\/www.facebook.com\/profile.php?id=100063200290284","article_published_time":"2021-09-05T19:39:21+00:00","article_modified_time":"2021-09-06T21:13:24+00:00","og_image":[{"width":900,"height":600,"url":"https:\/\/infoecos.com.ar\/wp-content\/uploads\/2021\/09\/GIUALINELI.jpg","type":"image\/jpeg"}],"author":"Jorge Matheus","twitter_card":"summary_large_image","twitter_creator":"@infoecos","twitter_site":"@infoecos","twitter_misc":{"Escrito por":"Jorge Matheus","Tiempo de lectura":"3 minutos"},"schema":{"@context":"https:\/\/schema.org","@graph":[{"@type":"Article","@id":"https:\/\/infoecos.com.ar\/index.php\/este-no-es-un-acto-politico-es-un-acto-humano-de-reconocimiento-senalo-el-intendente-miguel-fernandez\/#article","isPartOf":{"@id":"https:\/\/infoecos.com.ar\/index.php\/este-no-es-un-acto-politico-es-un-acto-humano-de-reconocimiento-senalo-el-intendente-miguel-fernandez\/"},"author":{"name":"Jorge Matheus","@id":"https:\/\/infoecos.com.ar\/#\/schema\/person\/8f5ace5ce73b4b4aac4b7245aee6f191"},"headline":"\u00abEste no es un acto pol\u00edtico, es un acto humano de reconocimiento\u00bb, se\u00f1al\u00f3 el intendente Miguel Fern\u00e1ndez","datePublished":"2021-09-05T19:39:21+00:00","dateModified":"2021-09-06T21:13:24+00:00","mainEntityOfPage":{"@id":"https:\/\/infoecos.com.ar\/index.php\/este-no-es-un-acto-politico-es-un-acto-humano-de-reconocimiento-senalo-el-intendente-miguel-fernandez\/"},"wordCount":669,"publisher":{"@id":"https:\/\/infoecos.com.ar\/#organization"},"image":{"@id":"https:\/\/infoecos.com.ar\/index.php\/este-no-es-un-acto-politico-es-un-acto-humano-de-reconocimiento-senalo-el-intendente-miguel-fernandez\/#primaryimage"},"thumbnailUrl":"https:\/\/infoecos.com.ar\/wp-content\/uploads\/2021\/09\/GIUALINELI.jpg","keywords":["COLOCAN PLACA EN LA GUARDIA DEL HOSPITAL"],"articleSection":["Audio","C2 N5"],"inLanguage":"es"},{"@type":"WebPage","@id":"https:\/\/infoecos.com.ar\/index.php\/este-no-es-un-acto-politico-es-un-acto-humano-de-reconocimiento-senalo-el-intendente-miguel-fernandez\/","url":"https:\/\/infoecos.com.ar\/index.php\/este-no-es-un-acto-politico-es-un-acto-humano-de-reconocimiento-senalo-el-intendente-miguel-fernandez\/","name":"\"Este no es un acto pol\u00edtico, es un acto humano de reconocimiento\", se\u00f1al\u00f3 el intendente Miguel Fern\u00e1ndez - Infoecos","isPartOf":{"@id":"https:\/\/infoecos.com.ar\/#website"},"primaryImageOfPage":{"@id":"https:\/\/infoecos.com.ar\/index.php\/este-no-es-un-acto-politico-es-un-acto-humano-de-reconocimiento-senalo-el-intendente-miguel-fernandez\/#primaryimage"},"image":{"@id":"https:\/\/infoecos.com.ar\/index.php\/este-no-es-un-acto-politico-es-un-acto-humano-de-reconocimiento-senalo-el-intendente-miguel-fernandez\/#primaryimage"},"thumbnailUrl":"https:\/\/infoecos.com.ar\/wp-content\/uploads\/2021\/09\/GIUALINELI.jpg","datePublished":"2021-09-05T19:39:21+00:00","dateModified":"2021-09-06T21:13:24+00:00","breadcrumb":{"@id":"https:\/\/infoecos.com.ar\/index.php\/este-no-es-un-acto-politico-es-un-acto-humano-de-reconocimiento-senalo-el-intendente-miguel-fernandez\/#breadcrumb"},"inLanguage":"es","potentialAction":[{"@type":"ReadAction","target":["https:\/\/infoecos.com.ar\/index.php\/este-no-es-un-acto-politico-es-un-acto-humano-de-reconocimiento-senalo-el-intendente-miguel-fernandez\/"]}]},{"@type":"ImageObject","inLanguage":"es","@id":"https:\/\/infoecos.com.ar\/index.php\/este-no-es-un-acto-politico-es-un-acto-humano-de-reconocimiento-senalo-el-intendente-miguel-fernandez\/#primaryimage","url":"https:\/\/infoecos.com.ar\/wp-content\/uploads\/2021\/09\/GIUALINELI.jpg","contentUrl":"https:\/\/infoecos.com.ar\/wp-content\/uploads\/2021\/09\/GIUALINELI.jpg","width":900,"height":600},{"@type":"BreadcrumbList","@id":"https:\/\/infoecos.com.ar\/index.php\/este-no-es-un-acto-politico-es-un-acto-humano-de-reconocimiento-senalo-el-intendente-miguel-fernandez\/#breadcrumb","itemListElement":[{"@type":"ListItem","position":1,"name":"Portada","item":"https:\/\/infoecos.com.ar\/"},{"@type":"ListItem","position":2,"name":"\u00abEste no es un acto pol\u00edtico, es un acto humano de reconocimiento\u00bb, se\u00f1al\u00f3 el intendente Miguel Fern\u00e1ndez"}]},{"@type":"WebSite","@id":"https:\/\/infoecos.com.ar\/#website","url":"https:\/\/infoecos.com.ar\/","name":"Infoecos","description":"Noticias de trenque lauquen y la zona","publisher":{"@id":"https:\/\/infoecos.com.ar\/#organization"},"alternateName":"Noticias","potentialAction":[{"@type":"SearchAction","target":{"@type":"EntryPoint","urlTemplate":"https:\/\/infoecos.com.ar\/?s={search_term_string}"},"query-input":{"@type":"PropertyValueSpecification","valueRequired":true,"valueName":"search_term_string"}}],"inLanguage":"es"},{"@type":"Organization","@id":"https:\/\/infoecos.com.ar\/#organization","name":"Infoecos","alternateName":"Noticias","url":"https:\/\/infoecos.com.ar\/","logo":{"@type":"ImageObject","inLanguage":"es","@id":"https:\/\/infoecos.com.ar\/#\/schema\/logo\/image\/","url":"https:\/\/infoecos.com.ar\/wp-content\/uploads\/2024\/03\/cropped-logo.png","contentUrl":"https:\/\/infoecos.com.ar\/wp-content\/uploads\/2024\/03\/cropped-logo.png","width":374,"height":90,"caption":"Infoecos"},"image":{"@id":"https:\/\/infoecos.com.ar\/#\/schema\/logo\/image\/"},"sameAs":["https:\/\/www.facebook.com\/profile.php?id=100063200290284","https:\/\/x.com\/infoecos"]},{"@type":"Person","@id":"https:\/\/infoecos.com.ar\/#\/schema\/person\/8f5ace5ce73b4b4aac4b7245aee6f191","name":"Jorge Matheus","url":"https:\/\/infoecos.com.ar\/index.php\/author\/jomatheus\/"}]}},"featured_image_urls":{"full":["https:\/\/infoecos.com.ar\/wp-content\/uploads\/2021\/09\/GIUALINELI.jpg",900,600,false],"thumbnail":["https:\/\/infoecos.com.ar\/wp-content\/uploads\/2021\/09\/GIUALINELI-150x150.jpg",150,150,true],"medium":["https:\/\/infoecos.com.ar\/wp-content\/uploads\/2021\/09\/GIUALINELI-460x307.jpg",460,307,true],"medium_large":["https:\/\/infoecos.com.ar\/wp-content\/uploads\/2021\/09\/GIUALINELI-768x512.jpg",640,427,true],"large":["https:\/\/infoecos.com.ar\/wp-content\/uploads\/2021\/09\/GIUALINELI.jpg",640,427,false],"1536x1536":["https:\/\/infoecos.com.ar\/wp-content\/uploads\/2021\/09\/GIUALINELI.jpg",900,600,false],"2048x2048":["https:\/\/infoecos.com.ar\/wp-content\/uploads\/2021\/09\/GIUALINELI.jpg",900,600,false],"covernews-slider-full":["https:\/\/infoecos.com.ar\/wp-content\/uploads\/2021\/09\/GIUALINELI.jpg",900,600,false],"covernews-slider-center":["https:\/\/infoecos.com.ar\/wp-content\/uploads\/2021\/09\/GIUALINELI.jpg",750,500,false],"covernews-featured":["https:\/\/infoecos.com.ar\/wp-content\/uploads\/2021\/09\/GIUALINELI.jpg",900,600,false],"covernews-medium":["https:\/\/infoecos.com.ar\/wp-content\/uploads\/2021\/09\/GIUALINELI-720x380.jpg",540,285,true],"covernews-medium-square":["https:\/\/infoecos.com.ar\/wp-content\/uploads\/2021\/09\/GIUALINELI-675x450.jpg",375,250,true]},"author_info":{"info":["Jorge Matheus"]},"category_info":"<a href=\"https:\/\/infoecos.com.ar\/index.php\/category\/audio\/\" rel=\"category tag\">Audio<\/a> <a href=\"https:\/\/infoecos.com.ar\/index.php\/category\/c2nota5\/\" rel=\"category tag\">C2 N5<\/a>","tag_info":"C2 N5","comment_count":"0","_links":{"self":[{"href":"https:\/\/infoecos.com.ar\/index.php\/wp-json\/wp\/v2\/posts\/85323"}],"collection":[{"href":"https:\/\/infoecos.com.ar\/index.php\/wp-json\/wp\/v2\/posts"}],"about":[{"href":"https:\/\/infoecos.com.ar\/index.php\/wp-json\/wp\/v2\/types\/post"}],"author":[{"embeddable":true,"href":"https:\/\/infoecos.com.ar\/index.php\/wp-json\/wp\/v2\/users\/2"}],"replies":[{"embeddable":true,"href":"https:\/\/infoecos.com.ar\/index.php\/wp-json\/wp\/v2\/comments?post=85323"}],"version-history":[{"count":2,"href":"https:\/\/infoecos.com.ar\/index.php\/wp-json\/wp\/v2\/posts\/85323\/revisions"}],"predecessor-version":[{"id":85342,"href":"https:\/\/infoecos.com.ar\/index.php\/wp-json\/wp\/v2\/posts\/85323\/revisions\/85342"}],"wp:featuredmedia":[{"embeddable":true,"href":"https:\/\/infoecos.com.ar\/index.php\/wp-json\/wp\/v2\/media\/85324"}],"wp:attachment":[{"href":"https:\/\/infoecos.com.ar\/index.php\/wp-json\/wp\/v2\/media?parent=85323"}],"wp:term":[{"taxonomy":"category","embeddable":true,"href":"https:\/\/infoecos.com.ar\/index.php\/wp-json\/wp\/v2\/categories?post=85323"},{"taxonomy":"post_tag","embeddable":true,"href":"https:\/\/infoecos.com.ar\/index.php\/wp-json\/wp\/v2\/tags?post=85323"}],"curies":[{"name":"wp","href":"https:\/\/api.w.org\/{rel}","templated":true}]}}