{"id":85347,"date":"2021-09-06T11:15:31","date_gmt":"2021-09-06T14:15:31","guid":{"rendered":"http:\/\/infoecos.com.ar\/?p=85347"},"modified":"2021-09-06T11:15:32","modified_gmt":"2021-09-06T14:15:32","slug":"sigue-el-descenso-de-casos-activos-en-trenque-lauquen-se-reportaron-50-este-lunes","status":"publish","type":"post","link":"https:\/\/infoecos.com.ar\/index.php\/sigue-el-descenso-de-casos-activos-en-trenque-lauquen-se-reportaron-50-este-lunes\/","title":{"rendered":"Sigue el descenso de casos activos en Trenque Lauquen: se reportaron 50 este lunes"},"content":{"rendered":"\n<p class=\"wp-block-paragraph\">Seis (6) nuevos casos confirmados de Covid-19, un (1) deceso, nueve (9) personas recuperadas y 60 casos descartados fueron reportados este lunes por la subsecretar\u00eda de Salud municipal de Trenque Lauquen que, con estos datos, inform\u00f3 que a la fecha los casos activos en el distrito son 50, quedando adem\u00e1s 50 casos sospechosos y 112 personas en aislamiento.<\/p>\n\n\n\n<div class=\"wp-block-image is-style-default\"><figure class=\"aligncenter size-medium\"><img loading=\"lazy\" decoding=\"async\" width=\"460\" height=\"423\" src=\"http:\/\/infoecos.com.ar\/wp-content\/uploads\/2021\/09\/REPORTELUNES-460x423.jpg\" alt=\"\" class=\"wp-image-85348\" srcset=\"https:\/\/infoecos.com.ar\/wp-content\/uploads\/2021\/09\/REPORTELUNES-460x423.jpg 460w, https:\/\/infoecos.com.ar\/wp-content\/uploads\/2021\/09\/REPORTELUNES-768x706.jpg 768w, https:\/\/infoecos.com.ar\/wp-content\/uploads\/2021\/09\/REPORTELUNES.jpg 800w\" sizes=\"auto, (max-width: 460px) 100vw, 460px\" \/><\/figure><\/div>\n\n\n\n<p class=\"wp-block-paragraph\">De los 50 casos activos, 48 corresponden a Trenque Lauquen y dos (2) a Treinta de Agosto: siete (7) personas se encuentran en el Hospital Municipal y 43 est\u00e1n en sus domicilios particulares.<\/p>\n\n\n\n<p class=\"wp-block-paragraph\">La persona fallecida es un hombre de 90 a\u00f1os, de Trenque Lauquen, con enfermedades preexistentes, que estuvo internado 18 d\u00edas en el Hospital Municipal. Las defunciones son 178 desde el comienzo de la pandemia, en marzo del a\u00f1o pasado.<\/p>\n\n\n\n<p class=\"wp-block-paragraph\">Las nueve (9) personas recuperadas pertenecen a la ciudad cabecera y ya suman 10.113 las que recibieron el alta desde el comienzo de la pandemia, en marzo del a\u00f1o pasado.<\/p>\n\n\n\n<p class=\"wp-block-paragraph\">En ese mismo lapso, incluidos los 60 de este lunes -50 de Trenque Lauque, nueve (9) de Treinta de Agosto y uno (1) de Beruti-, fueron descartados 19.576 casos.<\/p>\n\n\n\n<p class=\"wp-block-paragraph\">Hay 112 personas en aislamiento, 107 de Trenque Lauquen y cinco (5) de Beruti, y quedan 50 casos sospechosos, 49 de la ciudad cabecera y uno (1) de Treinta de Agosto.<\/p>\n","protected":false},"excerpt":{"rendered":"<p>De los 50 casos activos, 48 corresponden a Trenque Lauquen y dos (2) a Treinta de Agosto: siete (7) personas se encuentran en el Hospital Municipal y 43 est\u00e1n en sus domicilios particulares<\/p>\n","protected":false},"author":2,"featured_media":60374,"comment_status":"closed","ping_status":"open","sticky":false,"template":"","format":"standard","meta":{"footnotes":""},"categories":[1612],"tags":[1928],"class_list":["post-85347","post","type-post","status-publish","format-standard","has-post-thumbnail","hentry","category-noticia-principal","tag-buena-noticia"],"featured_image_urls":{"full":["https:\/\/infoecos.com.ar\/wp-content\/uploads\/tl45guardiahospital-2.jpg",912,608,false],"thumbnail":["https:\/\/infoecos.com.ar\/wp-content\/uploads\/tl45guardiahospital-2-150x150.jpg",150,150,true],"medium":["https:\/\/infoecos.com.ar\/wp-content\/uploads\/tl45guardiahospital-2-460x307.jpg",460,307,true],"medium_large":["https:\/\/infoecos.com.ar\/wp-content\/uploads\/tl45guardiahospital-2-768x512.jpg",640,427,true],"large":["https:\/\/infoecos.com.ar\/wp-content\/uploads\/tl45guardiahospital-2.jpg",640,427,false],"1536x1536":["https:\/\/infoecos.com.ar\/wp-content\/uploads\/tl45guardiahospital-2.jpg",912,608,false],"2048x2048":["https:\/\/infoecos.com.ar\/wp-content\/uploads\/tl45guardiahospital-2.jpg",912,608,false],"covernews-slider-full":["https:\/\/infoecos.com.ar\/wp-content\/uploads\/tl45guardiahospital-2.jpg",912,608,false],"covernews-slider-center":["https:\/\/infoecos.com.ar\/wp-content\/uploads\/tl45guardiahospital-2.jpg",750,500,false],"covernews-featured":["https:\/\/infoecos.com.ar\/wp-content\/uploads\/tl45guardiahospital-2.jpg",912,608,false],"covernews-medium":["https:\/\/infoecos.com.ar\/wp-content\/uploads\/tl45guardiahospital-2-720x380.jpg",540,285,true],"covernews-medium-square":["https:\/\/infoecos.com.ar\/wp-content\/uploads\/tl45guardiahospital-2-675x450.jpg",375,250,true]},"author_info":{"info":["Jorge Matheus"]},"category_info":"<a href=\"https:\/\/infoecos.com.ar\/index.php\/category\/noticia-principal\/\" rel=\"category tag\">Noticia Principal<\/a>","tag_info":"Noticia Principal","comment_count":"0","_links":{"self":[{"href":"https:\/\/infoecos.com.ar\/index.php\/wp-json\/wp\/v2\/posts\/85347","targetHints":{"allow":["GET"]}}],"collection":[{"href":"https:\/\/infoecos.com.ar\/index.php\/wp-json\/wp\/v2\/posts"}],"about":[{"href":"https:\/\/infoecos.com.ar\/index.php\/wp-json\/wp\/v2\/types\/post"}],"author":[{"embeddable":true,"href":"https:\/\/infoecos.com.ar\/index.php\/wp-json\/wp\/v2\/users\/2"}],"replies":[{"embeddable":true,"href":"https:\/\/infoecos.com.ar\/index.php\/wp-json\/wp\/v2\/comments?post=85347"}],"version-history":[{"count":1,"href":"https:\/\/infoecos.com.ar\/index.php\/wp-json\/wp\/v2\/posts\/85347\/revisions"}],"predecessor-version":[{"id":85349,"href":"https:\/\/infoecos.com.ar\/index.php\/wp-json\/wp\/v2\/posts\/85347\/revisions\/85349"}],"wp:featuredmedia":[{"embeddable":true,"href":"https:\/\/infoecos.com.ar\/index.php\/wp-json\/wp\/v2\/media\/60374"}],"wp:attachment":[{"href":"https:\/\/infoecos.com.ar\/index.php\/wp-json\/wp\/v2\/media?parent=85347"}],"wp:term":[{"taxonomy":"category","embeddable":true,"href":"https:\/\/infoecos.com.ar\/index.php\/wp-json\/wp\/v2\/categories?post=85347"},{"taxonomy":"post_tag","embeddable":true,"href":"https:\/\/infoecos.com.ar\/index.php\/wp-json\/wp\/v2\/tags?post=85347"}],"curies":[{"name":"wp","href":"https:\/\/api.w.org\/{rel}","templated":true}]}}