{"id":85378,"date":"2021-09-06T18:11:25","date_gmt":"2021-09-06T21:11:25","guid":{"rendered":"http:\/\/infoecos.com.ar\/?p=85378"},"modified":"2021-09-06T18:11:27","modified_gmt":"2021-09-06T21:11:27","slug":"ferraresi-anuncio-en-bolivar-que-se-construiran-300-viviendas-en-ese-distrito","status":"publish","type":"post","link":"https:\/\/infoecos.com.ar\/index.php\/ferraresi-anuncio-en-bolivar-que-se-construiran-300-viviendas-en-ese-distrito\/","title":{"rendered":"Ferraresi anunci\u00f3 en Bol\u00edvar que se construir\u00e1n 300 viviendas en ese distrito"},"content":{"rendered":"\n<p>Este lunes, el intendente de Bol\u00edvar, Marcos Pisano\u00a0y\u00a0el diputado Eduardo \u201cBali\u201d\u00a0Bucca\u00a0recibieron en esa ciudad al ministro de Desarrollo Territorial\u00a0y\u00a0H\u00e1bitat de Naci\u00f3n Jorge\u00a0Ferraresi\u00a0y\u00a0al secretario de H\u00e1bitat Santiago Maggiotti. Los funcionarios realizaron el anuncio de la ejecuci\u00f3n de 300 soluciones habitacionales en el distrito.<\/p>\n\n\n\n<p>\u201cA partir de la decisi\u00f3n del presidente Alberto Fern\u00e1ndez de tener un Ministerio de Viviendas, tenemos con el ministro una agenda nutrida de soluciones habitacionales para los vecinos de Bol\u00edvar. Ponemos en marcha m\u00e1s de 300 soluciones habitacionales de acceso a la vivienda del Partido de Bol\u00edvar\u201d, anunci\u00f3 Pisano\u00a0y\u00a0agreg\u00f3: \u201cEn los pr\u00f3ximos d\u00edas comenzaremos con las licitaciones, las obras\u00a0y\u00a0lo concreto que es lo que siempre nos interesa. Trabajamos a\u00fan en pandemia en proyectos que buscan la accesibilidad\u00a0y\u00a0la soluci\u00f3n a esta problem\u00e1tica para que el vecino pueda cumplir su sue\u00f1o de la casa propia\u201d.<\/p>\n\n\n\n<div class=\"wp-block-image is-style-default\"><figure class=\"aligncenter size-medium\"><img loading=\"lazy\" decoding=\"async\" width=\"460\" height=\"325\" src=\"http:\/\/infoecos.com.ar\/wp-content\/uploads\/2021\/09\/ferrabucc-460x325.jpg\" alt=\"\" class=\"wp-image-85379\" srcset=\"https:\/\/infoecos.com.ar\/wp-content\/uploads\/2021\/09\/ferrabucc-460x325.jpg 460w, https:\/\/infoecos.com.ar\/wp-content\/uploads\/2021\/09\/ferrabucc-920x650.jpg 920w, https:\/\/infoecos.com.ar\/wp-content\/uploads\/2021\/09\/ferrabucc-768x542.jpg 768w, https:\/\/infoecos.com.ar\/wp-content\/uploads\/2021\/09\/ferrabucc-1024x723.jpg 1024w, https:\/\/infoecos.com.ar\/wp-content\/uploads\/2021\/09\/ferrabucc.jpg 1242w\" sizes=\"(max-width: 460px) 100vw, 460px\" \/><\/figure><\/div>\n\n\n\n<p>A trav\u00e9s de distintos programas se anunci\u00f3 la puesta en marcha de 300 soluciones habitacionales para el Partido. Se conceder\u00e1n 50 terrenos para construcci\u00f3n en barrio Cooperativa a partir del Programa Municipal Lotes con Servicios; en el marco del Programa Reconstruir se realizar\u00e1n 127 viviendas, de las cuales 104 se ejecutar\u00e1n en barrio Cooperativa&nbsp;y&nbsp;23 en barrio Aires de Jacaranda;&nbsp;y&nbsp;adem\u00e1s se construir\u00e1n 120 viviendas en un nuevo Desarrollo Urban\u00edstico de 3,5 ha.<\/p>\n\n\n\n<div class=\"wp-block-image is-style-default\"><figure class=\"aligncenter size-medium\"><img loading=\"lazy\" decoding=\"async\" width=\"460\" height=\"329\" src=\"http:\/\/infoecos.com.ar\/wp-content\/uploads\/2021\/09\/unnamed-460x329.jpg\" alt=\"\" class=\"wp-image-85380\" srcset=\"https:\/\/infoecos.com.ar\/wp-content\/uploads\/2021\/09\/unnamed-460x329.jpg 460w, https:\/\/infoecos.com.ar\/wp-content\/uploads\/2021\/09\/unnamed-920x658.jpg 920w, https:\/\/infoecos.com.ar\/wp-content\/uploads\/2021\/09\/unnamed-768x549.jpg 768w, https:\/\/infoecos.com.ar\/wp-content\/uploads\/2021\/09\/unnamed-1024x732.jpg 1024w, https:\/\/infoecos.com.ar\/wp-content\/uploads\/2021\/09\/unnamed.jpg 1354w\" sizes=\"(max-width: 460px) 100vw, 460px\" \/><\/figure><\/div>\n\n\n\n<p>\u201c<strong>La vivienda es una de las principales demandas, el ordenador de una familia es la vivienda. Esto es una pol\u00edtica de Estado que es muy importante para la generaci\u00f3n de empleo, es la expectativa de mucho trabajo<\/strong>\u201d, expres\u00f3\u00a0Bucca. Adem\u00e1s sostuvo que \u00abmuchas familias bolivarenses quieren dejar de sentir que tiran la plata en el alquiler, por eso a trav\u00e9s de diferentes programas de acceso a la vivienda, m\u00e1s familias podr\u00e1n llegar al sue\u00f1o de la casa propia\u00bb.\u00a0<\/p>\n\n\n\n<div class=\"wp-block-image is-style-default\"><figure class=\"aligncenter size-medium\"><img loading=\"lazy\" decoding=\"async\" width=\"460\" height=\"307\" src=\"http:\/\/infoecos.com.ar\/wp-content\/uploads\/2021\/09\/ferraresi-460x307.jpg\" alt=\"\" class=\"wp-image-85381\" srcset=\"https:\/\/infoecos.com.ar\/wp-content\/uploads\/2021\/09\/ferraresi-460x307.jpg 460w, https:\/\/infoecos.com.ar\/wp-content\/uploads\/2021\/09\/ferraresi-920x615.jpg 920w, https:\/\/infoecos.com.ar\/wp-content\/uploads\/2021\/09\/ferraresi-768x513.jpg 768w, https:\/\/infoecos.com.ar\/wp-content\/uploads\/2021\/09\/ferraresi-1536x1026.jpg 1536w, https:\/\/infoecos.com.ar\/wp-content\/uploads\/2021\/09\/ferraresi-1024x684.jpg 1024w, https:\/\/infoecos.com.ar\/wp-content\/uploads\/2021\/09\/ferraresi-675x450.jpg 675w, https:\/\/infoecos.com.ar\/wp-content\/uploads\/2021\/09\/ferraresi.jpg 1600w\" sizes=\"(max-width: 460px) 100vw, 460px\" \/><\/figure><\/div>\n\n\n\n<p>Por su parte,\u00a0Ferraresi\u00a0sostuvo: \u201cNada mejor que trabajar con los gobiernos locales que saben qu\u00e9 tipo de desarrollo quieren para sus localidades. Nos encontramos con una ciudad que tiene continuidad de gesti\u00f3n, vamos a construir m\u00e1s de 300 viviendas\u00a0y\u00a0a generar suelo con cr\u00e9ditos para la construcci\u00f3n. La vivienda es un derecho que viene a cumplir sue\u00f1os\u00a0y\u00a0a generar en este caso 900 puestos de trabajo\u201d.<\/p>\n","protected":false},"excerpt":{"rendered":"<p>El candidato a senador por la s\u00e9ptima secci\u00f3n, \u00abBali\u00bb Bucca dijo que \u00abmuchas familias bolivarenses quieren dejar de sentir que tiran la plata en el alquiler\u00bb<\/p>\n","protected":false},"author":2,"featured_media":85380,"comment_status":"closed","ping_status":"open","sticky":false,"template":"","format":"standard","meta":{"footnotes":""},"categories":[25],"tags":[5020],"class_list":["post-85378","post","type-post","status-publish","format-standard","has-post-thumbnail","hentry","category-c3nota1","tag-el-ministro-estuvo-este-lunes"],"yoast_head":"<!-- This site is optimized with the Yoast SEO plugin v23.4 - https:\/\/yoast.com\/wordpress\/plugins\/seo\/ -->\n<title>Ferraresi anunci\u00f3 en Bol\u00edvar que se construir\u00e1n 300 viviendas en ese distrito - Infoecos<\/title>\n<meta name=\"robots\" content=\"index, follow, max-snippet:-1, max-image-preview:large, max-video-preview:-1\" \/>\n<link rel=\"canonical\" href=\"https:\/\/infoecos.com.ar\/index.php\/ferraresi-anuncio-en-bolivar-que-se-construiran-300-viviendas-en-ese-distrito\/\" \/>\n<meta property=\"og:locale\" content=\"es_ES\" \/>\n<meta property=\"og:type\" content=\"article\" \/>\n<meta property=\"og:title\" content=\"Ferraresi anunci\u00f3 en Bol\u00edvar que se construir\u00e1n 300 viviendas en ese distrito - Infoecos\" \/>\n<meta property=\"og:description\" content=\"El candidato a senador por la s\u00e9ptima secci\u00f3n, &quot;Bali&quot; Bucca dijo que &quot;muchas familias bolivarenses quieren dejar de sentir que tiran la plata en el alquiler&quot;\" \/>\n<meta property=\"og:url\" content=\"https:\/\/infoecos.com.ar\/index.php\/ferraresi-anuncio-en-bolivar-que-se-construiran-300-viviendas-en-ese-distrito\/\" \/>\n<meta property=\"og:site_name\" content=\"Infoecos\" \/>\n<meta property=\"article:publisher\" content=\"https:\/\/www.facebook.com\/profile.php?id=100063200290284\" \/>\n<meta property=\"article:published_time\" content=\"2021-09-06T21:11:25+00:00\" \/>\n<meta property=\"article:modified_time\" content=\"2021-09-06T21:11:27+00:00\" \/>\n<meta property=\"og:image\" content=\"https:\/\/infoecos.com.ar\/wp-content\/uploads\/2021\/09\/unnamed.jpg\" \/>\n\t<meta property=\"og:image:width\" content=\"1354\" \/>\n\t<meta property=\"og:image:height\" content=\"968\" \/>\n\t<meta property=\"og:image:type\" content=\"image\/jpeg\" \/>\n<meta name=\"author\" content=\"Jorge Matheus\" \/>\n<meta name=\"twitter:card\" content=\"summary_large_image\" \/>\n<meta name=\"twitter:creator\" content=\"@infoecos\" \/>\n<meta name=\"twitter:site\" content=\"@infoecos\" \/>\n<meta name=\"twitter:label1\" content=\"Escrito por\" \/>\n\t<meta name=\"twitter:data1\" content=\"Jorge Matheus\" \/>\n\t<meta name=\"twitter:label2\" content=\"Tiempo de lectura\" \/>\n\t<meta name=\"twitter:data2\" content=\"2 minutos\" \/>\n<script type=\"application\/ld+json\" class=\"yoast-schema-graph\">{\"@context\":\"https:\/\/schema.org\",\"@graph\":[{\"@type\":\"Article\",\"@id\":\"https:\/\/infoecos.com.ar\/index.php\/ferraresi-anuncio-en-bolivar-que-se-construiran-300-viviendas-en-ese-distrito\/#article\",\"isPartOf\":{\"@id\":\"https:\/\/infoecos.com.ar\/index.php\/ferraresi-anuncio-en-bolivar-que-se-construiran-300-viviendas-en-ese-distrito\/\"},\"author\":{\"name\":\"Jorge Matheus\",\"@id\":\"https:\/\/infoecos.com.ar\/#\/schema\/person\/8f5ace5ce73b4b4aac4b7245aee6f191\"},\"headline\":\"Ferraresi anunci\u00f3 en Bol\u00edvar que se construir\u00e1n 300 viviendas en ese distrito\",\"datePublished\":\"2021-09-06T21:11:25+00:00\",\"dateModified\":\"2021-09-06T21:11:27+00:00\",\"mainEntityOfPage\":{\"@id\":\"https:\/\/infoecos.com.ar\/index.php\/ferraresi-anuncio-en-bolivar-que-se-construiran-300-viviendas-en-ese-distrito\/\"},\"wordCount\":414,\"publisher\":{\"@id\":\"https:\/\/infoecos.com.ar\/#organization\"},\"image\":{\"@id\":\"https:\/\/infoecos.com.ar\/index.php\/ferraresi-anuncio-en-bolivar-que-se-construiran-300-viviendas-en-ese-distrito\/#primaryimage\"},\"thumbnailUrl\":\"https:\/\/infoecos.com.ar\/wp-content\/uploads\/2021\/09\/unnamed.jpg\",\"keywords\":[\"EL MINISTRO ESTUVO ESTE LUNES\"],\"articleSection\":[\"C3 N1\"],\"inLanguage\":\"es\"},{\"@type\":\"WebPage\",\"@id\":\"https:\/\/infoecos.com.ar\/index.php\/ferraresi-anuncio-en-bolivar-que-se-construiran-300-viviendas-en-ese-distrito\/\",\"url\":\"https:\/\/infoecos.com.ar\/index.php\/ferraresi-anuncio-en-bolivar-que-se-construiran-300-viviendas-en-ese-distrito\/\",\"name\":\"Ferraresi anunci\u00f3 en Bol\u00edvar que se construir\u00e1n 300 viviendas en ese distrito - Infoecos\",\"isPartOf\":{\"@id\":\"https:\/\/infoecos.com.ar\/#website\"},\"primaryImageOfPage\":{\"@id\":\"https:\/\/infoecos.com.ar\/index.php\/ferraresi-anuncio-en-bolivar-que-se-construiran-300-viviendas-en-ese-distrito\/#primaryimage\"},\"image\":{\"@id\":\"https:\/\/infoecos.com.ar\/index.php\/ferraresi-anuncio-en-bolivar-que-se-construiran-300-viviendas-en-ese-distrito\/#primaryimage\"},\"thumbnailUrl\":\"https:\/\/infoecos.com.ar\/wp-content\/uploads\/2021\/09\/unnamed.jpg\",\"datePublished\":\"2021-09-06T21:11:25+00:00\",\"dateModified\":\"2021-09-06T21:11:27+00:00\",\"breadcrumb\":{\"@id\":\"https:\/\/infoecos.com.ar\/index.php\/ferraresi-anuncio-en-bolivar-que-se-construiran-300-viviendas-en-ese-distrito\/#breadcrumb\"},\"inLanguage\":\"es\",\"potentialAction\":[{\"@type\":\"ReadAction\",\"target\":[\"https:\/\/infoecos.com.ar\/index.php\/ferraresi-anuncio-en-bolivar-que-se-construiran-300-viviendas-en-ese-distrito\/\"]}]},{\"@type\":\"ImageObject\",\"inLanguage\":\"es\",\"@id\":\"https:\/\/infoecos.com.ar\/index.php\/ferraresi-anuncio-en-bolivar-que-se-construiran-300-viviendas-en-ese-distrito\/#primaryimage\",\"url\":\"https:\/\/infoecos.com.ar\/wp-content\/uploads\/2021\/09\/unnamed.jpg\",\"contentUrl\":\"https:\/\/infoecos.com.ar\/wp-content\/uploads\/2021\/09\/unnamed.jpg\",\"width\":1354,\"height\":968},{\"@type\":\"BreadcrumbList\",\"@id\":\"https:\/\/infoecos.com.ar\/index.php\/ferraresi-anuncio-en-bolivar-que-se-construiran-300-viviendas-en-ese-distrito\/#breadcrumb\",\"itemListElement\":[{\"@type\":\"ListItem\",\"position\":1,\"name\":\"Portada\",\"item\":\"https:\/\/infoecos.com.ar\/\"},{\"@type\":\"ListItem\",\"position\":2,\"name\":\"Ferraresi anunci\u00f3 en Bol\u00edvar que se construir\u00e1n 300 viviendas en ese distrito\"}]},{\"@type\":\"WebSite\",\"@id\":\"https:\/\/infoecos.com.ar\/#website\",\"url\":\"https:\/\/infoecos.com.ar\/\",\"name\":\"Infoecos\",\"description\":\"Noticias de trenque lauquen y la zona\",\"publisher\":{\"@id\":\"https:\/\/infoecos.com.ar\/#organization\"},\"alternateName\":\"Noticias\",\"potentialAction\":[{\"@type\":\"SearchAction\",\"target\":{\"@type\":\"EntryPoint\",\"urlTemplate\":\"https:\/\/infoecos.com.ar\/?s={search_term_string}\"},\"query-input\":{\"@type\":\"PropertyValueSpecification\",\"valueRequired\":true,\"valueName\":\"search_term_string\"}}],\"inLanguage\":\"es\"},{\"@type\":\"Organization\",\"@id\":\"https:\/\/infoecos.com.ar\/#organization\",\"name\":\"Infoecos\",\"alternateName\":\"Noticias\",\"url\":\"https:\/\/infoecos.com.ar\/\",\"logo\":{\"@type\":\"ImageObject\",\"inLanguage\":\"es\",\"@id\":\"https:\/\/infoecos.com.ar\/#\/schema\/logo\/image\/\",\"url\":\"https:\/\/infoecos.com.ar\/wp-content\/uploads\/2024\/03\/cropped-logo.png\",\"contentUrl\":\"https:\/\/infoecos.com.ar\/wp-content\/uploads\/2024\/03\/cropped-logo.png\",\"width\":374,\"height\":90,\"caption\":\"Infoecos\"},\"image\":{\"@id\":\"https:\/\/infoecos.com.ar\/#\/schema\/logo\/image\/\"},\"sameAs\":[\"https:\/\/www.facebook.com\/profile.php?id=100063200290284\",\"https:\/\/x.com\/infoecos\"]},{\"@type\":\"Person\",\"@id\":\"https:\/\/infoecos.com.ar\/#\/schema\/person\/8f5ace5ce73b4b4aac4b7245aee6f191\",\"name\":\"Jorge Matheus\",\"url\":\"https:\/\/infoecos.com.ar\/index.php\/author\/jomatheus\/\"}]}<\/script>\n<!-- \/ Yoast SEO plugin. -->","yoast_head_json":{"title":"Ferraresi anunci\u00f3 en Bol\u00edvar que se construir\u00e1n 300 viviendas en ese distrito - Infoecos","robots":{"index":"index","follow":"follow","max-snippet":"max-snippet:-1","max-image-preview":"max-image-preview:large","max-video-preview":"max-video-preview:-1"},"canonical":"https:\/\/infoecos.com.ar\/index.php\/ferraresi-anuncio-en-bolivar-que-se-construiran-300-viviendas-en-ese-distrito\/","og_locale":"es_ES","og_type":"article","og_title":"Ferraresi anunci\u00f3 en Bol\u00edvar que se construir\u00e1n 300 viviendas en ese distrito - Infoecos","og_description":"El candidato a senador por la s\u00e9ptima secci\u00f3n, \"Bali\" Bucca dijo que \"muchas familias bolivarenses quieren dejar de sentir que tiran la plata en el alquiler\"","og_url":"https:\/\/infoecos.com.ar\/index.php\/ferraresi-anuncio-en-bolivar-que-se-construiran-300-viviendas-en-ese-distrito\/","og_site_name":"Infoecos","article_publisher":"https:\/\/www.facebook.com\/profile.php?id=100063200290284","article_published_time":"2021-09-06T21:11:25+00:00","article_modified_time":"2021-09-06T21:11:27+00:00","og_image":[{"width":1354,"height":968,"url":"https:\/\/infoecos.com.ar\/wp-content\/uploads\/2021\/09\/unnamed.jpg","type":"image\/jpeg"}],"author":"Jorge Matheus","twitter_card":"summary_large_image","twitter_creator":"@infoecos","twitter_site":"@infoecos","twitter_misc":{"Escrito por":"Jorge Matheus","Tiempo de lectura":"2 minutos"},"schema":{"@context":"https:\/\/schema.org","@graph":[{"@type":"Article","@id":"https:\/\/infoecos.com.ar\/index.php\/ferraresi-anuncio-en-bolivar-que-se-construiran-300-viviendas-en-ese-distrito\/#article","isPartOf":{"@id":"https:\/\/infoecos.com.ar\/index.php\/ferraresi-anuncio-en-bolivar-que-se-construiran-300-viviendas-en-ese-distrito\/"},"author":{"name":"Jorge Matheus","@id":"https:\/\/infoecos.com.ar\/#\/schema\/person\/8f5ace5ce73b4b4aac4b7245aee6f191"},"headline":"Ferraresi anunci\u00f3 en Bol\u00edvar que se construir\u00e1n 300 viviendas en ese distrito","datePublished":"2021-09-06T21:11:25+00:00","dateModified":"2021-09-06T21:11:27+00:00","mainEntityOfPage":{"@id":"https:\/\/infoecos.com.ar\/index.php\/ferraresi-anuncio-en-bolivar-que-se-construiran-300-viviendas-en-ese-distrito\/"},"wordCount":414,"publisher":{"@id":"https:\/\/infoecos.com.ar\/#organization"},"image":{"@id":"https:\/\/infoecos.com.ar\/index.php\/ferraresi-anuncio-en-bolivar-que-se-construiran-300-viviendas-en-ese-distrito\/#primaryimage"},"thumbnailUrl":"https:\/\/infoecos.com.ar\/wp-content\/uploads\/2021\/09\/unnamed.jpg","keywords":["EL MINISTRO ESTUVO ESTE LUNES"],"articleSection":["C3 N1"],"inLanguage":"es"},{"@type":"WebPage","@id":"https:\/\/infoecos.com.ar\/index.php\/ferraresi-anuncio-en-bolivar-que-se-construiran-300-viviendas-en-ese-distrito\/","url":"https:\/\/infoecos.com.ar\/index.php\/ferraresi-anuncio-en-bolivar-que-se-construiran-300-viviendas-en-ese-distrito\/","name":"Ferraresi anunci\u00f3 en Bol\u00edvar que se construir\u00e1n 300 viviendas en ese distrito - Infoecos","isPartOf":{"@id":"https:\/\/infoecos.com.ar\/#website"},"primaryImageOfPage":{"@id":"https:\/\/infoecos.com.ar\/index.php\/ferraresi-anuncio-en-bolivar-que-se-construiran-300-viviendas-en-ese-distrito\/#primaryimage"},"image":{"@id":"https:\/\/infoecos.com.ar\/index.php\/ferraresi-anuncio-en-bolivar-que-se-construiran-300-viviendas-en-ese-distrito\/#primaryimage"},"thumbnailUrl":"https:\/\/infoecos.com.ar\/wp-content\/uploads\/2021\/09\/unnamed.jpg","datePublished":"2021-09-06T21:11:25+00:00","dateModified":"2021-09-06T21:11:27+00:00","breadcrumb":{"@id":"https:\/\/infoecos.com.ar\/index.php\/ferraresi-anuncio-en-bolivar-que-se-construiran-300-viviendas-en-ese-distrito\/#breadcrumb"},"inLanguage":"es","potentialAction":[{"@type":"ReadAction","target":["https:\/\/infoecos.com.ar\/index.php\/ferraresi-anuncio-en-bolivar-que-se-construiran-300-viviendas-en-ese-distrito\/"]}]},{"@type":"ImageObject","inLanguage":"es","@id":"https:\/\/infoecos.com.ar\/index.php\/ferraresi-anuncio-en-bolivar-que-se-construiran-300-viviendas-en-ese-distrito\/#primaryimage","url":"https:\/\/infoecos.com.ar\/wp-content\/uploads\/2021\/09\/unnamed.jpg","contentUrl":"https:\/\/infoecos.com.ar\/wp-content\/uploads\/2021\/09\/unnamed.jpg","width":1354,"height":968},{"@type":"BreadcrumbList","@id":"https:\/\/infoecos.com.ar\/index.php\/ferraresi-anuncio-en-bolivar-que-se-construiran-300-viviendas-en-ese-distrito\/#breadcrumb","itemListElement":[{"@type":"ListItem","position":1,"name":"Portada","item":"https:\/\/infoecos.com.ar\/"},{"@type":"ListItem","position":2,"name":"Ferraresi anunci\u00f3 en Bol\u00edvar que se construir\u00e1n 300 viviendas en ese distrito"}]},{"@type":"WebSite","@id":"https:\/\/infoecos.com.ar\/#website","url":"https:\/\/infoecos.com.ar\/","name":"Infoecos","description":"Noticias de trenque lauquen y la zona","publisher":{"@id":"https:\/\/infoecos.com.ar\/#organization"},"alternateName":"Noticias","potentialAction":[{"@type":"SearchAction","target":{"@type":"EntryPoint","urlTemplate":"https:\/\/infoecos.com.ar\/?s={search_term_string}"},"query-input":{"@type":"PropertyValueSpecification","valueRequired":true,"valueName":"search_term_string"}}],"inLanguage":"es"},{"@type":"Organization","@id":"https:\/\/infoecos.com.ar\/#organization","name":"Infoecos","alternateName":"Noticias","url":"https:\/\/infoecos.com.ar\/","logo":{"@type":"ImageObject","inLanguage":"es","@id":"https:\/\/infoecos.com.ar\/#\/schema\/logo\/image\/","url":"https:\/\/infoecos.com.ar\/wp-content\/uploads\/2024\/03\/cropped-logo.png","contentUrl":"https:\/\/infoecos.com.ar\/wp-content\/uploads\/2024\/03\/cropped-logo.png","width":374,"height":90,"caption":"Infoecos"},"image":{"@id":"https:\/\/infoecos.com.ar\/#\/schema\/logo\/image\/"},"sameAs":["https:\/\/www.facebook.com\/profile.php?id=100063200290284","https:\/\/x.com\/infoecos"]},{"@type":"Person","@id":"https:\/\/infoecos.com.ar\/#\/schema\/person\/8f5ace5ce73b4b4aac4b7245aee6f191","name":"Jorge Matheus","url":"https:\/\/infoecos.com.ar\/index.php\/author\/jomatheus\/"}]}},"featured_image_urls":{"full":["https:\/\/infoecos.com.ar\/wp-content\/uploads\/2021\/09\/unnamed.jpg",1354,968,false],"thumbnail":["https:\/\/infoecos.com.ar\/wp-content\/uploads\/2021\/09\/unnamed-150x150.jpg",150,150,true],"medium":["https:\/\/infoecos.com.ar\/wp-content\/uploads\/2021\/09\/unnamed-460x329.jpg",460,329,true],"medium_large":["https:\/\/infoecos.com.ar\/wp-content\/uploads\/2021\/09\/unnamed-768x549.jpg",640,458,true],"large":["https:\/\/infoecos.com.ar\/wp-content\/uploads\/2021\/09\/unnamed-920x658.jpg",640,458,true],"1536x1536":["https:\/\/infoecos.com.ar\/wp-content\/uploads\/2021\/09\/unnamed.jpg",1354,968,false],"2048x2048":["https:\/\/infoecos.com.ar\/wp-content\/uploads\/2021\/09\/unnamed.jpg",1354,968,false],"covernews-slider-full":["https:\/\/infoecos.com.ar\/wp-content\/uploads\/2021\/09\/unnamed.jpg",1000,715,false],"covernews-slider-center":["https:\/\/infoecos.com.ar\/wp-content\/uploads\/2021\/09\/unnamed-936x897.jpg",522,500,true],"covernews-featured":["https:\/\/infoecos.com.ar\/wp-content\/uploads\/2021\/09\/unnamed-1024x732.jpg",1024,732,true],"covernews-medium":["https:\/\/infoecos.com.ar\/wp-content\/uploads\/2021\/09\/unnamed-720x380.jpg",540,285,true],"covernews-medium-square":["https:\/\/infoecos.com.ar\/wp-content\/uploads\/2021\/09\/unnamed-675x450.jpg",375,250,true]},"author_info":{"info":["Jorge Matheus"]},"category_info":"<a href=\"https:\/\/infoecos.com.ar\/index.php\/category\/c3nota1\/\" rel=\"category tag\">C3 N1<\/a>","tag_info":"C3 N1","comment_count":"0","_links":{"self":[{"href":"https:\/\/infoecos.com.ar\/index.php\/wp-json\/wp\/v2\/posts\/85378"}],"collection":[{"href":"https:\/\/infoecos.com.ar\/index.php\/wp-json\/wp\/v2\/posts"}],"about":[{"href":"https:\/\/infoecos.com.ar\/index.php\/wp-json\/wp\/v2\/types\/post"}],"author":[{"embeddable":true,"href":"https:\/\/infoecos.com.ar\/index.php\/wp-json\/wp\/v2\/users\/2"}],"replies":[{"embeddable":true,"href":"https:\/\/infoecos.com.ar\/index.php\/wp-json\/wp\/v2\/comments?post=85378"}],"version-history":[{"count":1,"href":"https:\/\/infoecos.com.ar\/index.php\/wp-json\/wp\/v2\/posts\/85378\/revisions"}],"predecessor-version":[{"id":85382,"href":"https:\/\/infoecos.com.ar\/index.php\/wp-json\/wp\/v2\/posts\/85378\/revisions\/85382"}],"wp:featuredmedia":[{"embeddable":true,"href":"https:\/\/infoecos.com.ar\/index.php\/wp-json\/wp\/v2\/media\/85380"}],"wp:attachment":[{"href":"https:\/\/infoecos.com.ar\/index.php\/wp-json\/wp\/v2\/media?parent=85378"}],"wp:term":[{"taxonomy":"category","embeddable":true,"href":"https:\/\/infoecos.com.ar\/index.php\/wp-json\/wp\/v2\/categories?post=85378"},{"taxonomy":"post_tag","embeddable":true,"href":"https:\/\/infoecos.com.ar\/index.php\/wp-json\/wp\/v2\/tags?post=85378"}],"curies":[{"name":"wp","href":"https:\/\/api.w.org\/{rel}","templated":true}]}}