{"id":85399,"date":"2021-09-08T03:55:58","date_gmt":"2021-09-08T06:55:58","guid":{"rendered":"http:\/\/infoecos.com.ar\/?p=85399"},"modified":"2021-09-09T07:19:19","modified_gmt":"2021-09-09T10:19:19","slug":"la-cosecha-de-maiz-y-sorgo-ha-marcado-un-record-senalo-jorge-solmi-en-marcos-paz","status":"publish","type":"post","link":"https:\/\/infoecos.com.ar\/index.php\/la-cosecha-de-maiz-y-sorgo-ha-marcado-un-record-senalo-jorge-solmi-en-marcos-paz\/","title":{"rendered":"\u00abLa cosecha de ma\u00edz y sorgo ha marcado un r\u00e9cord\u00bb, se\u00f1al\u00f3 Jorge Solmi en Marcos Paz"},"content":{"rendered":"\n<p>El secretario de Agricultura, Ganader\u00eda y Pesca de la Naci\u00f3n, Jorge Solmi, particip\u00f3 ayer de la apertura del primer Congreso de la Producci\u00f3n Agroindustrial que se desarrollar\u00e1 hasta ma\u00f1ana en Marcos Ju\u00e1rez, donde destac\u00f3 la inversi\u00f3n realizada por los productores en la reciente cosecha de ma\u00edz al tiempo que resalt\u00f3 la importancia de un proyecto de ley sobre la identidad de la maquinaria agr\u00edcola nacional impulsado &nbsp;por las C\u00e1maras de Fabricantes de Maquinaria Agr\u00edcola<\/p>\n\n\n\n<div class=\"wp-block-image is-style-default\"><figure class=\"aligncenter size-medium\"><img loading=\"lazy\" decoding=\"async\" width=\"345\" height=\"460\" src=\"http:\/\/infoecos.com.ar\/wp-content\/uploads\/2021\/09\/solmi-1-345x460.jpg\" alt=\"\" class=\"wp-image-85400\" srcset=\"https:\/\/infoecos.com.ar\/wp-content\/uploads\/2021\/09\/solmi-1-345x460.jpg 345w, https:\/\/infoecos.com.ar\/wp-content\/uploads\/2021\/09\/solmi-1-690x920.jpg 690w, https:\/\/infoecos.com.ar\/wp-content\/uploads\/2021\/09\/solmi-1-768x1024.jpg 768w, https:\/\/infoecos.com.ar\/wp-content\/uploads\/2021\/09\/solmi-1-1152x1536.jpg 1152w, https:\/\/infoecos.com.ar\/wp-content\/uploads\/2021\/09\/solmi-1-1024x1365.jpg 1024w, https:\/\/infoecos.com.ar\/wp-content\/uploads\/2021\/09\/solmi-1.jpg 1200w\" sizes=\"(max-width: 345px) 100vw, 345px\" \/><\/figure><\/div>\n\n\n\n<p>\u201cAcabamos de terminar una cosecha de ma\u00edz y sorgo que ha marcado un r\u00e9cord con una inversi\u00f3n aproximada de 8.500 millones de d\u00f3lares de parte de los productores en general y los cordobeses aportaron 2.600 millones, lo que demuestra su relevancia en el sector. Tambi\u00e9n estamos encarando una siembra fina que est\u00e1 siendo r\u00e9cord de trigo y cebada que estimamos que demandar\u00e1n unos &nbsp;4.500 millones de d\u00f3lares cuando finalice. Estamos muy satisfechos y seguiremos trabajando todos juntos para lograr mejores resultados\u201d, dijo Solmi.<\/p>\n\n\n\n<p>\u201cEste camino y estos n\u00fameros estimativos nos llevan a una tracci\u00f3n de la industria nacional y de toda la cadena productiva, donde est\u00e1n inmersos muchos eslabones del sector agropecuario, pero l\u00f3gicamente siempre apuntamos a seguir mejorando los \u00edndices\u201d, indic\u00f3 el secretario de Agricultura, Ganader\u00eda y Pesca de la Naci\u00f3n, quien mantuvo distintos encuentros con productores de la zona.<\/p>\n\n\n\n<div class=\"wp-block-image is-style-default\"><figure class=\"aligncenter size-medium\"><img loading=\"lazy\" decoding=\"async\" width=\"345\" height=\"460\" src=\"http:\/\/infoecos.com.ar\/wp-content\/uploads\/2021\/09\/solmi-2-345x460.jpg\" alt=\"\" class=\"wp-image-85401\" srcset=\"https:\/\/infoecos.com.ar\/wp-content\/uploads\/2021\/09\/solmi-2-345x460.jpg 345w, https:\/\/infoecos.com.ar\/wp-content\/uploads\/2021\/09\/solmi-2-690x920.jpg 690w, https:\/\/infoecos.com.ar\/wp-content\/uploads\/2021\/09\/solmi-2-768x1024.jpg 768w, https:\/\/infoecos.com.ar\/wp-content\/uploads\/2021\/09\/solmi-2-1152x1536.jpg 1152w, https:\/\/infoecos.com.ar\/wp-content\/uploads\/2021\/09\/solmi-2-1024x1365.jpg 1024w, https:\/\/infoecos.com.ar\/wp-content\/uploads\/2021\/09\/solmi-2.jpg 1200w\" sizes=\"(max-width: 345px) 100vw, 345px\" \/><\/figure><\/div>\n\n\n\n<p>En ese marco, Solmi destac\u00f3 la vigencia del plan del Ministerio de Agricultura, Ganader\u00eda y Pesca, cuyo titular es Luis Basterra, para alcanzar un nivel de producci\u00f3n de 200 millones de toneladas de granos, y tambi\u00e9n se refiri\u00f3 al encuentro que mantuvo ayer junto a Sergio Massa, presidente de la C\u00e1mara de Diputados de la Naci\u00f3n, con las C\u00e1maras de Fabricantes de Maquinaria Agr\u00edcola del pa\u00eds (CAFMA) para analizar un proyecto de ley sobre la identidad de la maquinaria agr\u00edcola nacional.<\/p>\n\n\n\n<p>\u201cVamos a colaborar y a trabajar de manera articulada con el sector para avanzar en esta iniciativa que busca identificar la maquinaria agr\u00edcola nacional de la importada y promover un tratamiento espec\u00edfico en materia crediticia para la producci\u00f3n local, que representa el 80% de la mano de obra del sector total de la maquinaria agr\u00edcola\u201d, explic\u00f3 el funcionario nacional oriundo de Pergamino.<\/p>\n","protected":false},"excerpt":{"rendered":"<p>\u00abTambi\u00e9n estamos encarando una siembra fina que est\u00e1 siendo r\u00e9cord de trigo y cebada que estimamos que demandar\u00e1n unos  4.500 millones de d\u00f3lares cuando finalice. Estamos muy satisfechos y seguiremos trabajando todos juntos para lograr mejores resultados\u201d, dijo Solmi<\/p>\n","protected":false},"author":2,"featured_media":85400,"comment_status":"closed","ping_status":"open","sticky":false,"template":"","format":"standard","meta":{"footnotes":""},"categories":[1335],"tags":[5023],"class_list":["post-85399","post","type-post","status-publish","format-standard","has-post-thumbnail","hentry","category-inferior15","tag-congreso-produccion-agroindustrial"],"yoast_head":"<!-- This site is optimized with the Yoast SEO plugin v23.4 - https:\/\/yoast.com\/wordpress\/plugins\/seo\/ -->\n<title>&quot;La cosecha de ma\u00edz y sorgo ha marcado un r\u00e9cord&quot;, se\u00f1al\u00f3 Jorge Solmi en Marcos Paz - Infoecos<\/title>\n<meta name=\"robots\" content=\"index, follow, max-snippet:-1, max-image-preview:large, max-video-preview:-1\" \/>\n<link rel=\"canonical\" href=\"https:\/\/infoecos.com.ar\/index.php\/la-cosecha-de-maiz-y-sorgo-ha-marcado-un-record-senalo-jorge-solmi-en-marcos-paz\/\" \/>\n<meta property=\"og:locale\" content=\"es_ES\" \/>\n<meta property=\"og:type\" content=\"article\" \/>\n<meta property=\"og:title\" content=\"&quot;La cosecha de ma\u00edz y sorgo ha marcado un r\u00e9cord&quot;, se\u00f1al\u00f3 Jorge Solmi en Marcos Paz - Infoecos\" \/>\n<meta property=\"og:description\" content=\"&quot;Tambi\u00e9n estamos encarando una siembra fina que est\u00e1 siendo r\u00e9cord de trigo y cebada que estimamos que demandar\u00e1n unos 4.500 millones de d\u00f3lares cuando finalice. Estamos muy satisfechos y seguiremos trabajando todos juntos para lograr mejores resultados\u201d, dijo Solmi\" \/>\n<meta property=\"og:url\" content=\"https:\/\/infoecos.com.ar\/index.php\/la-cosecha-de-maiz-y-sorgo-ha-marcado-un-record-senalo-jorge-solmi-en-marcos-paz\/\" \/>\n<meta property=\"og:site_name\" content=\"Infoecos\" \/>\n<meta property=\"article:publisher\" content=\"https:\/\/www.facebook.com\/profile.php?id=100063200290284\" \/>\n<meta property=\"article:published_time\" content=\"2021-09-08T06:55:58+00:00\" \/>\n<meta property=\"article:modified_time\" content=\"2021-09-09T10:19:19+00:00\" \/>\n<meta property=\"og:image\" content=\"https:\/\/infoecos.com.ar\/wp-content\/uploads\/2021\/09\/solmi-1.jpg\" \/>\n\t<meta property=\"og:image:width\" content=\"1200\" \/>\n\t<meta property=\"og:image:height\" content=\"1600\" \/>\n\t<meta property=\"og:image:type\" content=\"image\/jpeg\" \/>\n<meta name=\"author\" content=\"Jorge Matheus\" \/>\n<meta name=\"twitter:card\" content=\"summary_large_image\" \/>\n<meta name=\"twitter:creator\" content=\"@infoecos\" \/>\n<meta name=\"twitter:site\" content=\"@infoecos\" \/>\n<meta name=\"twitter:label1\" content=\"Escrito por\" \/>\n\t<meta name=\"twitter:data1\" content=\"Jorge Matheus\" \/>\n\t<meta name=\"twitter:label2\" content=\"Tiempo de lectura\" \/>\n\t<meta name=\"twitter:data2\" content=\"2 minutos\" \/>\n<script type=\"application\/ld+json\" class=\"yoast-schema-graph\">{\"@context\":\"https:\/\/schema.org\",\"@graph\":[{\"@type\":\"Article\",\"@id\":\"https:\/\/infoecos.com.ar\/index.php\/la-cosecha-de-maiz-y-sorgo-ha-marcado-un-record-senalo-jorge-solmi-en-marcos-paz\/#article\",\"isPartOf\":{\"@id\":\"https:\/\/infoecos.com.ar\/index.php\/la-cosecha-de-maiz-y-sorgo-ha-marcado-un-record-senalo-jorge-solmi-en-marcos-paz\/\"},\"author\":{\"name\":\"Jorge Matheus\",\"@id\":\"https:\/\/infoecos.com.ar\/#\/schema\/person\/8f5ace5ce73b4b4aac4b7245aee6f191\"},\"headline\":\"\u00abLa cosecha de ma\u00edz y sorgo ha marcado un r\u00e9cord\u00bb, se\u00f1al\u00f3 Jorge Solmi en Marcos Paz\",\"datePublished\":\"2021-09-08T06:55:58+00:00\",\"dateModified\":\"2021-09-09T10:19:19+00:00\",\"mainEntityOfPage\":{\"@id\":\"https:\/\/infoecos.com.ar\/index.php\/la-cosecha-de-maiz-y-sorgo-ha-marcado-un-record-senalo-jorge-solmi-en-marcos-paz\/\"},\"wordCount\":411,\"publisher\":{\"@id\":\"https:\/\/infoecos.com.ar\/#organization\"},\"image\":{\"@id\":\"https:\/\/infoecos.com.ar\/index.php\/la-cosecha-de-maiz-y-sorgo-ha-marcado-un-record-senalo-jorge-solmi-en-marcos-paz\/#primaryimage\"},\"thumbnailUrl\":\"https:\/\/infoecos.com.ar\/wp-content\/uploads\/2021\/09\/solmi-1.jpg\",\"keywords\":[\"CONGRESO PRODUCCI\u00d3N AGROINDUSTRIAL\"],\"articleSection\":[\"Bloque inferior - 15\"],\"inLanguage\":\"es\"},{\"@type\":\"WebPage\",\"@id\":\"https:\/\/infoecos.com.ar\/index.php\/la-cosecha-de-maiz-y-sorgo-ha-marcado-un-record-senalo-jorge-solmi-en-marcos-paz\/\",\"url\":\"https:\/\/infoecos.com.ar\/index.php\/la-cosecha-de-maiz-y-sorgo-ha-marcado-un-record-senalo-jorge-solmi-en-marcos-paz\/\",\"name\":\"\\\"La cosecha de ma\u00edz y sorgo ha marcado un r\u00e9cord\\\", se\u00f1al\u00f3 Jorge Solmi en Marcos Paz - Infoecos\",\"isPartOf\":{\"@id\":\"https:\/\/infoecos.com.ar\/#website\"},\"primaryImageOfPage\":{\"@id\":\"https:\/\/infoecos.com.ar\/index.php\/la-cosecha-de-maiz-y-sorgo-ha-marcado-un-record-senalo-jorge-solmi-en-marcos-paz\/#primaryimage\"},\"image\":{\"@id\":\"https:\/\/infoecos.com.ar\/index.php\/la-cosecha-de-maiz-y-sorgo-ha-marcado-un-record-senalo-jorge-solmi-en-marcos-paz\/#primaryimage\"},\"thumbnailUrl\":\"https:\/\/infoecos.com.ar\/wp-content\/uploads\/2021\/09\/solmi-1.jpg\",\"datePublished\":\"2021-09-08T06:55:58+00:00\",\"dateModified\":\"2021-09-09T10:19:19+00:00\",\"breadcrumb\":{\"@id\":\"https:\/\/infoecos.com.ar\/index.php\/la-cosecha-de-maiz-y-sorgo-ha-marcado-un-record-senalo-jorge-solmi-en-marcos-paz\/#breadcrumb\"},\"inLanguage\":\"es\",\"potentialAction\":[{\"@type\":\"ReadAction\",\"target\":[\"https:\/\/infoecos.com.ar\/index.php\/la-cosecha-de-maiz-y-sorgo-ha-marcado-un-record-senalo-jorge-solmi-en-marcos-paz\/\"]}]},{\"@type\":\"ImageObject\",\"inLanguage\":\"es\",\"@id\":\"https:\/\/infoecos.com.ar\/index.php\/la-cosecha-de-maiz-y-sorgo-ha-marcado-un-record-senalo-jorge-solmi-en-marcos-paz\/#primaryimage\",\"url\":\"https:\/\/infoecos.com.ar\/wp-content\/uploads\/2021\/09\/solmi-1.jpg\",\"contentUrl\":\"https:\/\/infoecos.com.ar\/wp-content\/uploads\/2021\/09\/solmi-1.jpg\",\"width\":1200,\"height\":1600},{\"@type\":\"BreadcrumbList\",\"@id\":\"https:\/\/infoecos.com.ar\/index.php\/la-cosecha-de-maiz-y-sorgo-ha-marcado-un-record-senalo-jorge-solmi-en-marcos-paz\/#breadcrumb\",\"itemListElement\":[{\"@type\":\"ListItem\",\"position\":1,\"name\":\"Portada\",\"item\":\"https:\/\/infoecos.com.ar\/\"},{\"@type\":\"ListItem\",\"position\":2,\"name\":\"\u00abLa cosecha de ma\u00edz y sorgo ha marcado un r\u00e9cord\u00bb, se\u00f1al\u00f3 Jorge Solmi en Marcos Paz\"}]},{\"@type\":\"WebSite\",\"@id\":\"https:\/\/infoecos.com.ar\/#website\",\"url\":\"https:\/\/infoecos.com.ar\/\",\"name\":\"Infoecos\",\"description\":\"Noticias de trenque lauquen y la zona\",\"publisher\":{\"@id\":\"https:\/\/infoecos.com.ar\/#organization\"},\"alternateName\":\"Noticias\",\"potentialAction\":[{\"@type\":\"SearchAction\",\"target\":{\"@type\":\"EntryPoint\",\"urlTemplate\":\"https:\/\/infoecos.com.ar\/?s={search_term_string}\"},\"query-input\":{\"@type\":\"PropertyValueSpecification\",\"valueRequired\":true,\"valueName\":\"search_term_string\"}}],\"inLanguage\":\"es\"},{\"@type\":\"Organization\",\"@id\":\"https:\/\/infoecos.com.ar\/#organization\",\"name\":\"Infoecos\",\"alternateName\":\"Noticias\",\"url\":\"https:\/\/infoecos.com.ar\/\",\"logo\":{\"@type\":\"ImageObject\",\"inLanguage\":\"es\",\"@id\":\"https:\/\/infoecos.com.ar\/#\/schema\/logo\/image\/\",\"url\":\"https:\/\/infoecos.com.ar\/wp-content\/uploads\/2024\/03\/cropped-logo.png\",\"contentUrl\":\"https:\/\/infoecos.com.ar\/wp-content\/uploads\/2024\/03\/cropped-logo.png\",\"width\":374,\"height\":90,\"caption\":\"Infoecos\"},\"image\":{\"@id\":\"https:\/\/infoecos.com.ar\/#\/schema\/logo\/image\/\"},\"sameAs\":[\"https:\/\/www.facebook.com\/profile.php?id=100063200290284\",\"https:\/\/x.com\/infoecos\"]},{\"@type\":\"Person\",\"@id\":\"https:\/\/infoecos.com.ar\/#\/schema\/person\/8f5ace5ce73b4b4aac4b7245aee6f191\",\"name\":\"Jorge Matheus\",\"url\":\"https:\/\/infoecos.com.ar\/index.php\/author\/jomatheus\/\"}]}<\/script>\n<!-- \/ Yoast SEO plugin. -->","yoast_head_json":{"title":"\"La cosecha de ma\u00edz y sorgo ha marcado un r\u00e9cord\", se\u00f1al\u00f3 Jorge Solmi en Marcos Paz - Infoecos","robots":{"index":"index","follow":"follow","max-snippet":"max-snippet:-1","max-image-preview":"max-image-preview:large","max-video-preview":"max-video-preview:-1"},"canonical":"https:\/\/infoecos.com.ar\/index.php\/la-cosecha-de-maiz-y-sorgo-ha-marcado-un-record-senalo-jorge-solmi-en-marcos-paz\/","og_locale":"es_ES","og_type":"article","og_title":"\"La cosecha de ma\u00edz y sorgo ha marcado un r\u00e9cord\", se\u00f1al\u00f3 Jorge Solmi en Marcos Paz - Infoecos","og_description":"\"Tambi\u00e9n estamos encarando una siembra fina que est\u00e1 siendo r\u00e9cord de trigo y cebada que estimamos que demandar\u00e1n unos 4.500 millones de d\u00f3lares cuando finalice. Estamos muy satisfechos y seguiremos trabajando todos juntos para lograr mejores resultados\u201d, dijo Solmi","og_url":"https:\/\/infoecos.com.ar\/index.php\/la-cosecha-de-maiz-y-sorgo-ha-marcado-un-record-senalo-jorge-solmi-en-marcos-paz\/","og_site_name":"Infoecos","article_publisher":"https:\/\/www.facebook.com\/profile.php?id=100063200290284","article_published_time":"2021-09-08T06:55:58+00:00","article_modified_time":"2021-09-09T10:19:19+00:00","og_image":[{"width":1200,"height":1600,"url":"https:\/\/infoecos.com.ar\/wp-content\/uploads\/2021\/09\/solmi-1.jpg","type":"image\/jpeg"}],"author":"Jorge Matheus","twitter_card":"summary_large_image","twitter_creator":"@infoecos","twitter_site":"@infoecos","twitter_misc":{"Escrito por":"Jorge Matheus","Tiempo de lectura":"2 minutos"},"schema":{"@context":"https:\/\/schema.org","@graph":[{"@type":"Article","@id":"https:\/\/infoecos.com.ar\/index.php\/la-cosecha-de-maiz-y-sorgo-ha-marcado-un-record-senalo-jorge-solmi-en-marcos-paz\/#article","isPartOf":{"@id":"https:\/\/infoecos.com.ar\/index.php\/la-cosecha-de-maiz-y-sorgo-ha-marcado-un-record-senalo-jorge-solmi-en-marcos-paz\/"},"author":{"name":"Jorge Matheus","@id":"https:\/\/infoecos.com.ar\/#\/schema\/person\/8f5ace5ce73b4b4aac4b7245aee6f191"},"headline":"\u00abLa cosecha de ma\u00edz y sorgo ha marcado un r\u00e9cord\u00bb, se\u00f1al\u00f3 Jorge Solmi en Marcos Paz","datePublished":"2021-09-08T06:55:58+00:00","dateModified":"2021-09-09T10:19:19+00:00","mainEntityOfPage":{"@id":"https:\/\/infoecos.com.ar\/index.php\/la-cosecha-de-maiz-y-sorgo-ha-marcado-un-record-senalo-jorge-solmi-en-marcos-paz\/"},"wordCount":411,"publisher":{"@id":"https:\/\/infoecos.com.ar\/#organization"},"image":{"@id":"https:\/\/infoecos.com.ar\/index.php\/la-cosecha-de-maiz-y-sorgo-ha-marcado-un-record-senalo-jorge-solmi-en-marcos-paz\/#primaryimage"},"thumbnailUrl":"https:\/\/infoecos.com.ar\/wp-content\/uploads\/2021\/09\/solmi-1.jpg","keywords":["CONGRESO PRODUCCI\u00d3N AGROINDUSTRIAL"],"articleSection":["Bloque inferior - 15"],"inLanguage":"es"},{"@type":"WebPage","@id":"https:\/\/infoecos.com.ar\/index.php\/la-cosecha-de-maiz-y-sorgo-ha-marcado-un-record-senalo-jorge-solmi-en-marcos-paz\/","url":"https:\/\/infoecos.com.ar\/index.php\/la-cosecha-de-maiz-y-sorgo-ha-marcado-un-record-senalo-jorge-solmi-en-marcos-paz\/","name":"\"La cosecha de ma\u00edz y sorgo ha marcado un r\u00e9cord\", se\u00f1al\u00f3 Jorge Solmi en Marcos Paz - Infoecos","isPartOf":{"@id":"https:\/\/infoecos.com.ar\/#website"},"primaryImageOfPage":{"@id":"https:\/\/infoecos.com.ar\/index.php\/la-cosecha-de-maiz-y-sorgo-ha-marcado-un-record-senalo-jorge-solmi-en-marcos-paz\/#primaryimage"},"image":{"@id":"https:\/\/infoecos.com.ar\/index.php\/la-cosecha-de-maiz-y-sorgo-ha-marcado-un-record-senalo-jorge-solmi-en-marcos-paz\/#primaryimage"},"thumbnailUrl":"https:\/\/infoecos.com.ar\/wp-content\/uploads\/2021\/09\/solmi-1.jpg","datePublished":"2021-09-08T06:55:58+00:00","dateModified":"2021-09-09T10:19:19+00:00","breadcrumb":{"@id":"https:\/\/infoecos.com.ar\/index.php\/la-cosecha-de-maiz-y-sorgo-ha-marcado-un-record-senalo-jorge-solmi-en-marcos-paz\/#breadcrumb"},"inLanguage":"es","potentialAction":[{"@type":"ReadAction","target":["https:\/\/infoecos.com.ar\/index.php\/la-cosecha-de-maiz-y-sorgo-ha-marcado-un-record-senalo-jorge-solmi-en-marcos-paz\/"]}]},{"@type":"ImageObject","inLanguage":"es","@id":"https:\/\/infoecos.com.ar\/index.php\/la-cosecha-de-maiz-y-sorgo-ha-marcado-un-record-senalo-jorge-solmi-en-marcos-paz\/#primaryimage","url":"https:\/\/infoecos.com.ar\/wp-content\/uploads\/2021\/09\/solmi-1.jpg","contentUrl":"https:\/\/infoecos.com.ar\/wp-content\/uploads\/2021\/09\/solmi-1.jpg","width":1200,"height":1600},{"@type":"BreadcrumbList","@id":"https:\/\/infoecos.com.ar\/index.php\/la-cosecha-de-maiz-y-sorgo-ha-marcado-un-record-senalo-jorge-solmi-en-marcos-paz\/#breadcrumb","itemListElement":[{"@type":"ListItem","position":1,"name":"Portada","item":"https:\/\/infoecos.com.ar\/"},{"@type":"ListItem","position":2,"name":"\u00abLa cosecha de ma\u00edz y sorgo ha marcado un r\u00e9cord\u00bb, se\u00f1al\u00f3 Jorge Solmi en Marcos Paz"}]},{"@type":"WebSite","@id":"https:\/\/infoecos.com.ar\/#website","url":"https:\/\/infoecos.com.ar\/","name":"Infoecos","description":"Noticias de trenque lauquen y la zona","publisher":{"@id":"https:\/\/infoecos.com.ar\/#organization"},"alternateName":"Noticias","potentialAction":[{"@type":"SearchAction","target":{"@type":"EntryPoint","urlTemplate":"https:\/\/infoecos.com.ar\/?s={search_term_string}"},"query-input":{"@type":"PropertyValueSpecification","valueRequired":true,"valueName":"search_term_string"}}],"inLanguage":"es"},{"@type":"Organization","@id":"https:\/\/infoecos.com.ar\/#organization","name":"Infoecos","alternateName":"Noticias","url":"https:\/\/infoecos.com.ar\/","logo":{"@type":"ImageObject","inLanguage":"es","@id":"https:\/\/infoecos.com.ar\/#\/schema\/logo\/image\/","url":"https:\/\/infoecos.com.ar\/wp-content\/uploads\/2024\/03\/cropped-logo.png","contentUrl":"https:\/\/infoecos.com.ar\/wp-content\/uploads\/2024\/03\/cropped-logo.png","width":374,"height":90,"caption":"Infoecos"},"image":{"@id":"https:\/\/infoecos.com.ar\/#\/schema\/logo\/image\/"},"sameAs":["https:\/\/www.facebook.com\/profile.php?id=100063200290284","https:\/\/x.com\/infoecos"]},{"@type":"Person","@id":"https:\/\/infoecos.com.ar\/#\/schema\/person\/8f5ace5ce73b4b4aac4b7245aee6f191","name":"Jorge Matheus","url":"https:\/\/infoecos.com.ar\/index.php\/author\/jomatheus\/"}]}},"featured_image_urls":{"full":["https:\/\/infoecos.com.ar\/wp-content\/uploads\/2021\/09\/solmi-1.jpg",1200,1600,false],"thumbnail":["https:\/\/infoecos.com.ar\/wp-content\/uploads\/2021\/09\/solmi-1-150x150.jpg",150,150,true],"medium":["https:\/\/infoecos.com.ar\/wp-content\/uploads\/2021\/09\/solmi-1-345x460.jpg",345,460,true],"medium_large":["https:\/\/infoecos.com.ar\/wp-content\/uploads\/2021\/09\/solmi-1-768x1024.jpg",640,853,true],"large":["https:\/\/infoecos.com.ar\/wp-content\/uploads\/2021\/09\/solmi-1-690x920.jpg",640,853,true],"1536x1536":["https:\/\/infoecos.com.ar\/wp-content\/uploads\/2021\/09\/solmi-1-1152x1536.jpg",1152,1536,true],"2048x2048":["https:\/\/infoecos.com.ar\/wp-content\/uploads\/2021\/09\/solmi-1.jpg",1200,1600,false],"covernews-slider-full":["https:\/\/infoecos.com.ar\/wp-content\/uploads\/2021\/09\/solmi-1-1200x1020.jpg",841,715,true],"covernews-slider-center":["https:\/\/infoecos.com.ar\/wp-content\/uploads\/2021\/09\/solmi-1-936x897.jpg",522,500,true],"covernews-featured":["https:\/\/infoecos.com.ar\/wp-content\/uploads\/2021\/09\/solmi-1-1024x1365.jpg",1024,1365,true],"covernews-medium":["https:\/\/infoecos.com.ar\/wp-content\/uploads\/2021\/09\/solmi-1-720x380.jpg",540,285,true],"covernews-medium-square":["https:\/\/infoecos.com.ar\/wp-content\/uploads\/2021\/09\/solmi-1-675x450.jpg",375,250,true]},"author_info":{"info":["Jorge Matheus"]},"category_info":"<a href=\"https:\/\/infoecos.com.ar\/index.php\/category\/inferior15\/\" rel=\"category tag\">Bloque inferior - 15<\/a>","tag_info":"Bloque inferior - 15","comment_count":"0","_links":{"self":[{"href":"https:\/\/infoecos.com.ar\/index.php\/wp-json\/wp\/v2\/posts\/85399"}],"collection":[{"href":"https:\/\/infoecos.com.ar\/index.php\/wp-json\/wp\/v2\/posts"}],"about":[{"href":"https:\/\/infoecos.com.ar\/index.php\/wp-json\/wp\/v2\/types\/post"}],"author":[{"embeddable":true,"href":"https:\/\/infoecos.com.ar\/index.php\/wp-json\/wp\/v2\/users\/2"}],"replies":[{"embeddable":true,"href":"https:\/\/infoecos.com.ar\/index.php\/wp-json\/wp\/v2\/comments?post=85399"}],"version-history":[{"count":2,"href":"https:\/\/infoecos.com.ar\/index.php\/wp-json\/wp\/v2\/posts\/85399\/revisions"}],"predecessor-version":[{"id":85573,"href":"https:\/\/infoecos.com.ar\/index.php\/wp-json\/wp\/v2\/posts\/85399\/revisions\/85573"}],"wp:featuredmedia":[{"embeddable":true,"href":"https:\/\/infoecos.com.ar\/index.php\/wp-json\/wp\/v2\/media\/85400"}],"wp:attachment":[{"href":"https:\/\/infoecos.com.ar\/index.php\/wp-json\/wp\/v2\/media?parent=85399"}],"wp:term":[{"taxonomy":"category","embeddable":true,"href":"https:\/\/infoecos.com.ar\/index.php\/wp-json\/wp\/v2\/categories?post=85399"},{"taxonomy":"post_tag","embeddable":true,"href":"https:\/\/infoecos.com.ar\/index.php\/wp-json\/wp\/v2\/tags?post=85399"}],"curies":[{"name":"wp","href":"https:\/\/api.w.org\/{rel}","templated":true}]}}