{"id":85414,"date":"2021-09-08T05:01:05","date_gmt":"2021-09-08T08:01:05","guid":{"rendered":"http:\/\/infoecos.com.ar\/?p=85414"},"modified":"2021-09-08T05:01:13","modified_gmt":"2021-09-08T08:01:13","slug":"continua-el-alerta-amarilla-del-servicio-meteorologico-para-una-amplia-region-del-pais","status":"publish","type":"post","link":"https:\/\/infoecos.com.ar\/index.php\/continua-el-alerta-amarilla-del-servicio-meteorologico-para-una-amplia-region-del-pais\/","title":{"rendered":"Contin\u00faa el Alerta Amarilla del Servicio Meteorol\u00f3gico para una amplia regi\u00f3n del pa\u00eds"},"content":{"rendered":"\n<p>El Servicio Meteorol\u00f3gico Nacional (SMN) anticipa para este mi\u00e9rcoles alerta amarilla para la regi\u00f3n n\u00facleo por lluvias y tormentas. Santa Fe, Entre R\u00edos, Buenos Aires, parte de La Pampa y C\u00f3rdoba se ver\u00e1n alcanzadas por las precipitaciones.<\/p>\n\n\n\n<div class=\"wp-block-image is-style-default\"><figure class=\"aligncenter size-large\"><img loading=\"lazy\" decoding=\"async\" width=\"472\" height=\"770\" src=\"http:\/\/infoecos.com.ar\/wp-content\/uploads\/2021\/09\/descarga.png\" alt=\"\" class=\"wp-image-85415\" srcset=\"https:\/\/infoecos.com.ar\/wp-content\/uploads\/2021\/09\/descarga.png 472w, https:\/\/infoecos.com.ar\/wp-content\/uploads\/2021\/09\/descarga-282x460.png 282w\" sizes=\"(max-width: 472px) 100vw, 472px\" \/><\/figure><\/div>\n\n\n\n<p>El organismo inform\u00f3 que el \u00e1rea ser\u00e1 afectada por lluvias y tormentas, algunas fuertes, que pueden estar acompa\u00f1adas de r\u00e1fagas, ca\u00edda de granizo, intensa actividad el\u00e9ctrica y abundante ca\u00edda de agua en cortos per\u00edodos. \u201cSe esperan valores de precipitaci\u00f3n acumulada entre 40 y 60 mil\u00edmetros, pudiendo ser superados de forma puntual\u201d, aclararon.<\/p>\n\n\n\n<p>Se est\u00e1 transitando una semana donde las coberturas nubosas y los fen\u00f3menos de tiempo ser\u00e1n protagonistas. En cuanto a precipitaciones, el centro de la Mesopotamia y la provincia de Buenos Aires, ser\u00e1n las zonas donde las tormentas y las lluvias ser\u00e1n m\u00e1s importantes.<\/p>\n","protected":false},"excerpt":{"rendered":"<p>El organismo inform\u00f3 que el \u00e1rea ser\u00e1 afectada por lluvias y tormentas, algunas fuertes, que pueden estar acompa\u00f1adas de r\u00e1fagas, ca\u00edda de granizo, intensa actividad el\u00e9ctrica y abundante ca\u00edda de agua en cortos per\u00edodos<\/p>\n","protected":false},"author":2,"featured_media":85415,"comment_status":"closed","ping_status":"open","sticky":false,"template":"","format":"standard","meta":{"footnotes":""},"categories":[24],"tags":[5029],"class_list":["post-85414","post","type-post","status-publish","format-standard","has-post-thumbnail","hentry","category-c1nota3","tag-esta-comprendida-toda-la-provincia-de-bs-as"],"yoast_head":"<!-- This site is optimized with the Yoast SEO plugin v23.4 - https:\/\/yoast.com\/wordpress\/plugins\/seo\/ -->\n<title>Contin\u00faa el Alerta Amarilla del Servicio Meteorol\u00f3gico para una amplia regi\u00f3n del pa\u00eds - Infoecos<\/title>\n<meta name=\"robots\" content=\"index, follow, max-snippet:-1, max-image-preview:large, max-video-preview:-1\" \/>\n<link rel=\"canonical\" href=\"https:\/\/infoecos.com.ar\/index.php\/continua-el-alerta-amarilla-del-servicio-meteorologico-para-una-amplia-region-del-pais\/\" \/>\n<meta property=\"og:locale\" content=\"es_ES\" \/>\n<meta property=\"og:type\" content=\"article\" \/>\n<meta property=\"og:title\" content=\"Contin\u00faa el Alerta Amarilla del Servicio Meteorol\u00f3gico para una amplia regi\u00f3n del pa\u00eds - Infoecos\" \/>\n<meta property=\"og:description\" content=\"El organismo inform\u00f3 que el \u00e1rea ser\u00e1 afectada por lluvias y tormentas, algunas fuertes, que pueden estar acompa\u00f1adas de r\u00e1fagas, ca\u00edda de granizo, intensa actividad el\u00e9ctrica y abundante ca\u00edda de agua en cortos per\u00edodos\" \/>\n<meta property=\"og:url\" content=\"https:\/\/infoecos.com.ar\/index.php\/continua-el-alerta-amarilla-del-servicio-meteorologico-para-una-amplia-region-del-pais\/\" \/>\n<meta property=\"og:site_name\" content=\"Infoecos\" \/>\n<meta property=\"article:publisher\" content=\"https:\/\/www.facebook.com\/profile.php?id=100063200290284\" \/>\n<meta property=\"article:published_time\" content=\"2021-09-08T08:01:05+00:00\" \/>\n<meta property=\"article:modified_time\" content=\"2021-09-08T08:01:13+00:00\" \/>\n<meta property=\"og:image\" content=\"https:\/\/infoecos.com.ar\/wp-content\/uploads\/2021\/09\/descarga.png\" \/>\n\t<meta property=\"og:image:width\" content=\"472\" \/>\n\t<meta property=\"og:image:height\" content=\"770\" \/>\n\t<meta property=\"og:image:type\" content=\"image\/png\" \/>\n<meta name=\"author\" content=\"Jorge Matheus\" \/>\n<meta name=\"twitter:card\" content=\"summary_large_image\" \/>\n<meta name=\"twitter:creator\" content=\"@infoecos\" \/>\n<meta name=\"twitter:site\" content=\"@infoecos\" \/>\n<meta name=\"twitter:label1\" content=\"Escrito por\" \/>\n\t<meta name=\"twitter:data1\" content=\"Jorge Matheus\" \/>\n\t<meta name=\"twitter:label2\" content=\"Tiempo de lectura\" \/>\n\t<meta name=\"twitter:data2\" content=\"1 minuto\" \/>\n<script type=\"application\/ld+json\" class=\"yoast-schema-graph\">{\"@context\":\"https:\/\/schema.org\",\"@graph\":[{\"@type\":\"Article\",\"@id\":\"https:\/\/infoecos.com.ar\/index.php\/continua-el-alerta-amarilla-del-servicio-meteorologico-para-una-amplia-region-del-pais\/#article\",\"isPartOf\":{\"@id\":\"https:\/\/infoecos.com.ar\/index.php\/continua-el-alerta-amarilla-del-servicio-meteorologico-para-una-amplia-region-del-pais\/\"},\"author\":{\"name\":\"Jorge Matheus\",\"@id\":\"https:\/\/infoecos.com.ar\/#\/schema\/person\/8f5ace5ce73b4b4aac4b7245aee6f191\"},\"headline\":\"Contin\u00faa el Alerta Amarilla del Servicio Meteorol\u00f3gico para una amplia regi\u00f3n del pa\u00eds\",\"datePublished\":\"2021-09-08T08:01:05+00:00\",\"dateModified\":\"2021-09-08T08:01:13+00:00\",\"mainEntityOfPage\":{\"@id\":\"https:\/\/infoecos.com.ar\/index.php\/continua-el-alerta-amarilla-del-servicio-meteorologico-para-una-amplia-region-del-pais\/\"},\"wordCount\":167,\"publisher\":{\"@id\":\"https:\/\/infoecos.com.ar\/#organization\"},\"image\":{\"@id\":\"https:\/\/infoecos.com.ar\/index.php\/continua-el-alerta-amarilla-del-servicio-meteorologico-para-una-amplia-region-del-pais\/#primaryimage\"},\"thumbnailUrl\":\"https:\/\/infoecos.com.ar\/wp-content\/uploads\/2021\/09\/descarga.png\",\"keywords\":[\"EST\u00c1 COMPRENDIDA TODA LA PROVINCIA DE BS.AS\"],\"articleSection\":[\"C1 N3\"],\"inLanguage\":\"es\"},{\"@type\":\"WebPage\",\"@id\":\"https:\/\/infoecos.com.ar\/index.php\/continua-el-alerta-amarilla-del-servicio-meteorologico-para-una-amplia-region-del-pais\/\",\"url\":\"https:\/\/infoecos.com.ar\/index.php\/continua-el-alerta-amarilla-del-servicio-meteorologico-para-una-amplia-region-del-pais\/\",\"name\":\"Contin\u00faa el Alerta Amarilla del Servicio Meteorol\u00f3gico para una amplia regi\u00f3n del pa\u00eds - Infoecos\",\"isPartOf\":{\"@id\":\"https:\/\/infoecos.com.ar\/#website\"},\"primaryImageOfPage\":{\"@id\":\"https:\/\/infoecos.com.ar\/index.php\/continua-el-alerta-amarilla-del-servicio-meteorologico-para-una-amplia-region-del-pais\/#primaryimage\"},\"image\":{\"@id\":\"https:\/\/infoecos.com.ar\/index.php\/continua-el-alerta-amarilla-del-servicio-meteorologico-para-una-amplia-region-del-pais\/#primaryimage\"},\"thumbnailUrl\":\"https:\/\/infoecos.com.ar\/wp-content\/uploads\/2021\/09\/descarga.png\",\"datePublished\":\"2021-09-08T08:01:05+00:00\",\"dateModified\":\"2021-09-08T08:01:13+00:00\",\"breadcrumb\":{\"@id\":\"https:\/\/infoecos.com.ar\/index.php\/continua-el-alerta-amarilla-del-servicio-meteorologico-para-una-amplia-region-del-pais\/#breadcrumb\"},\"inLanguage\":\"es\",\"potentialAction\":[{\"@type\":\"ReadAction\",\"target\":[\"https:\/\/infoecos.com.ar\/index.php\/continua-el-alerta-amarilla-del-servicio-meteorologico-para-una-amplia-region-del-pais\/\"]}]},{\"@type\":\"ImageObject\",\"inLanguage\":\"es\",\"@id\":\"https:\/\/infoecos.com.ar\/index.php\/continua-el-alerta-amarilla-del-servicio-meteorologico-para-una-amplia-region-del-pais\/#primaryimage\",\"url\":\"https:\/\/infoecos.com.ar\/wp-content\/uploads\/2021\/09\/descarga.png\",\"contentUrl\":\"https:\/\/infoecos.com.ar\/wp-content\/uploads\/2021\/09\/descarga.png\",\"width\":472,\"height\":770},{\"@type\":\"BreadcrumbList\",\"@id\":\"https:\/\/infoecos.com.ar\/index.php\/continua-el-alerta-amarilla-del-servicio-meteorologico-para-una-amplia-region-del-pais\/#breadcrumb\",\"itemListElement\":[{\"@type\":\"ListItem\",\"position\":1,\"name\":\"Portada\",\"item\":\"https:\/\/infoecos.com.ar\/\"},{\"@type\":\"ListItem\",\"position\":2,\"name\":\"Contin\u00faa el Alerta Amarilla del Servicio Meteorol\u00f3gico para una amplia regi\u00f3n del pa\u00eds\"}]},{\"@type\":\"WebSite\",\"@id\":\"https:\/\/infoecos.com.ar\/#website\",\"url\":\"https:\/\/infoecos.com.ar\/\",\"name\":\"Infoecos\",\"description\":\"Noticias de trenque lauquen y la zona\",\"publisher\":{\"@id\":\"https:\/\/infoecos.com.ar\/#organization\"},\"alternateName\":\"Noticias\",\"potentialAction\":[{\"@type\":\"SearchAction\",\"target\":{\"@type\":\"EntryPoint\",\"urlTemplate\":\"https:\/\/infoecos.com.ar\/?s={search_term_string}\"},\"query-input\":{\"@type\":\"PropertyValueSpecification\",\"valueRequired\":true,\"valueName\":\"search_term_string\"}}],\"inLanguage\":\"es\"},{\"@type\":\"Organization\",\"@id\":\"https:\/\/infoecos.com.ar\/#organization\",\"name\":\"Infoecos\",\"alternateName\":\"Noticias\",\"url\":\"https:\/\/infoecos.com.ar\/\",\"logo\":{\"@type\":\"ImageObject\",\"inLanguage\":\"es\",\"@id\":\"https:\/\/infoecos.com.ar\/#\/schema\/logo\/image\/\",\"url\":\"https:\/\/infoecos.com.ar\/wp-content\/uploads\/2024\/03\/cropped-logo.png\",\"contentUrl\":\"https:\/\/infoecos.com.ar\/wp-content\/uploads\/2024\/03\/cropped-logo.png\",\"width\":374,\"height\":90,\"caption\":\"Infoecos\"},\"image\":{\"@id\":\"https:\/\/infoecos.com.ar\/#\/schema\/logo\/image\/\"},\"sameAs\":[\"https:\/\/www.facebook.com\/profile.php?id=100063200290284\",\"https:\/\/x.com\/infoecos\"]},{\"@type\":\"Person\",\"@id\":\"https:\/\/infoecos.com.ar\/#\/schema\/person\/8f5ace5ce73b4b4aac4b7245aee6f191\",\"name\":\"Jorge Matheus\",\"url\":\"https:\/\/infoecos.com.ar\/index.php\/author\/jomatheus\/\"}]}<\/script>\n<!-- \/ Yoast SEO plugin. -->","yoast_head_json":{"title":"Contin\u00faa el Alerta Amarilla del Servicio Meteorol\u00f3gico para una amplia regi\u00f3n del pa\u00eds - Infoecos","robots":{"index":"index","follow":"follow","max-snippet":"max-snippet:-1","max-image-preview":"max-image-preview:large","max-video-preview":"max-video-preview:-1"},"canonical":"https:\/\/infoecos.com.ar\/index.php\/continua-el-alerta-amarilla-del-servicio-meteorologico-para-una-amplia-region-del-pais\/","og_locale":"es_ES","og_type":"article","og_title":"Contin\u00faa el Alerta Amarilla del Servicio Meteorol\u00f3gico para una amplia regi\u00f3n del pa\u00eds - Infoecos","og_description":"El organismo inform\u00f3 que el \u00e1rea ser\u00e1 afectada por lluvias y tormentas, algunas fuertes, que pueden estar acompa\u00f1adas de r\u00e1fagas, ca\u00edda de granizo, intensa actividad el\u00e9ctrica y abundante ca\u00edda de agua en cortos per\u00edodos","og_url":"https:\/\/infoecos.com.ar\/index.php\/continua-el-alerta-amarilla-del-servicio-meteorologico-para-una-amplia-region-del-pais\/","og_site_name":"Infoecos","article_publisher":"https:\/\/www.facebook.com\/profile.php?id=100063200290284","article_published_time":"2021-09-08T08:01:05+00:00","article_modified_time":"2021-09-08T08:01:13+00:00","og_image":[{"width":472,"height":770,"url":"https:\/\/infoecos.com.ar\/wp-content\/uploads\/2021\/09\/descarga.png","type":"image\/png"}],"author":"Jorge Matheus","twitter_card":"summary_large_image","twitter_creator":"@infoecos","twitter_site":"@infoecos","twitter_misc":{"Escrito por":"Jorge Matheus","Tiempo de lectura":"1 minuto"},"schema":{"@context":"https:\/\/schema.org","@graph":[{"@type":"Article","@id":"https:\/\/infoecos.com.ar\/index.php\/continua-el-alerta-amarilla-del-servicio-meteorologico-para-una-amplia-region-del-pais\/#article","isPartOf":{"@id":"https:\/\/infoecos.com.ar\/index.php\/continua-el-alerta-amarilla-del-servicio-meteorologico-para-una-amplia-region-del-pais\/"},"author":{"name":"Jorge Matheus","@id":"https:\/\/infoecos.com.ar\/#\/schema\/person\/8f5ace5ce73b4b4aac4b7245aee6f191"},"headline":"Contin\u00faa el Alerta Amarilla del Servicio Meteorol\u00f3gico para una amplia regi\u00f3n del pa\u00eds","datePublished":"2021-09-08T08:01:05+00:00","dateModified":"2021-09-08T08:01:13+00:00","mainEntityOfPage":{"@id":"https:\/\/infoecos.com.ar\/index.php\/continua-el-alerta-amarilla-del-servicio-meteorologico-para-una-amplia-region-del-pais\/"},"wordCount":167,"publisher":{"@id":"https:\/\/infoecos.com.ar\/#organization"},"image":{"@id":"https:\/\/infoecos.com.ar\/index.php\/continua-el-alerta-amarilla-del-servicio-meteorologico-para-una-amplia-region-del-pais\/#primaryimage"},"thumbnailUrl":"https:\/\/infoecos.com.ar\/wp-content\/uploads\/2021\/09\/descarga.png","keywords":["EST\u00c1 COMPRENDIDA TODA LA PROVINCIA DE BS.AS"],"articleSection":["C1 N3"],"inLanguage":"es"},{"@type":"WebPage","@id":"https:\/\/infoecos.com.ar\/index.php\/continua-el-alerta-amarilla-del-servicio-meteorologico-para-una-amplia-region-del-pais\/","url":"https:\/\/infoecos.com.ar\/index.php\/continua-el-alerta-amarilla-del-servicio-meteorologico-para-una-amplia-region-del-pais\/","name":"Contin\u00faa el Alerta Amarilla del Servicio Meteorol\u00f3gico para una amplia regi\u00f3n del pa\u00eds - Infoecos","isPartOf":{"@id":"https:\/\/infoecos.com.ar\/#website"},"primaryImageOfPage":{"@id":"https:\/\/infoecos.com.ar\/index.php\/continua-el-alerta-amarilla-del-servicio-meteorologico-para-una-amplia-region-del-pais\/#primaryimage"},"image":{"@id":"https:\/\/infoecos.com.ar\/index.php\/continua-el-alerta-amarilla-del-servicio-meteorologico-para-una-amplia-region-del-pais\/#primaryimage"},"thumbnailUrl":"https:\/\/infoecos.com.ar\/wp-content\/uploads\/2021\/09\/descarga.png","datePublished":"2021-09-08T08:01:05+00:00","dateModified":"2021-09-08T08:01:13+00:00","breadcrumb":{"@id":"https:\/\/infoecos.com.ar\/index.php\/continua-el-alerta-amarilla-del-servicio-meteorologico-para-una-amplia-region-del-pais\/#breadcrumb"},"inLanguage":"es","potentialAction":[{"@type":"ReadAction","target":["https:\/\/infoecos.com.ar\/index.php\/continua-el-alerta-amarilla-del-servicio-meteorologico-para-una-amplia-region-del-pais\/"]}]},{"@type":"ImageObject","inLanguage":"es","@id":"https:\/\/infoecos.com.ar\/index.php\/continua-el-alerta-amarilla-del-servicio-meteorologico-para-una-amplia-region-del-pais\/#primaryimage","url":"https:\/\/infoecos.com.ar\/wp-content\/uploads\/2021\/09\/descarga.png","contentUrl":"https:\/\/infoecos.com.ar\/wp-content\/uploads\/2021\/09\/descarga.png","width":472,"height":770},{"@type":"BreadcrumbList","@id":"https:\/\/infoecos.com.ar\/index.php\/continua-el-alerta-amarilla-del-servicio-meteorologico-para-una-amplia-region-del-pais\/#breadcrumb","itemListElement":[{"@type":"ListItem","position":1,"name":"Portada","item":"https:\/\/infoecos.com.ar\/"},{"@type":"ListItem","position":2,"name":"Contin\u00faa el Alerta Amarilla del Servicio Meteorol\u00f3gico para una amplia regi\u00f3n del pa\u00eds"}]},{"@type":"WebSite","@id":"https:\/\/infoecos.com.ar\/#website","url":"https:\/\/infoecos.com.ar\/","name":"Infoecos","description":"Noticias de trenque lauquen y la zona","publisher":{"@id":"https:\/\/infoecos.com.ar\/#organization"},"alternateName":"Noticias","potentialAction":[{"@type":"SearchAction","target":{"@type":"EntryPoint","urlTemplate":"https:\/\/infoecos.com.ar\/?s={search_term_string}"},"query-input":{"@type":"PropertyValueSpecification","valueRequired":true,"valueName":"search_term_string"}}],"inLanguage":"es"},{"@type":"Organization","@id":"https:\/\/infoecos.com.ar\/#organization","name":"Infoecos","alternateName":"Noticias","url":"https:\/\/infoecos.com.ar\/","logo":{"@type":"ImageObject","inLanguage":"es","@id":"https:\/\/infoecos.com.ar\/#\/schema\/logo\/image\/","url":"https:\/\/infoecos.com.ar\/wp-content\/uploads\/2024\/03\/cropped-logo.png","contentUrl":"https:\/\/infoecos.com.ar\/wp-content\/uploads\/2024\/03\/cropped-logo.png","width":374,"height":90,"caption":"Infoecos"},"image":{"@id":"https:\/\/infoecos.com.ar\/#\/schema\/logo\/image\/"},"sameAs":["https:\/\/www.facebook.com\/profile.php?id=100063200290284","https:\/\/x.com\/infoecos"]},{"@type":"Person","@id":"https:\/\/infoecos.com.ar\/#\/schema\/person\/8f5ace5ce73b4b4aac4b7245aee6f191","name":"Jorge Matheus","url":"https:\/\/infoecos.com.ar\/index.php\/author\/jomatheus\/"}]}},"featured_image_urls":{"full":["https:\/\/infoecos.com.ar\/wp-content\/uploads\/2021\/09\/descarga.png",472,770,false],"thumbnail":["https:\/\/infoecos.com.ar\/wp-content\/uploads\/2021\/09\/descarga-150x150.png",150,150,true],"medium":["https:\/\/infoecos.com.ar\/wp-content\/uploads\/2021\/09\/descarga-282x460.png",282,460,true],"medium_large":["https:\/\/infoecos.com.ar\/wp-content\/uploads\/2021\/09\/descarga.png",472,770,false],"large":["https:\/\/infoecos.com.ar\/wp-content\/uploads\/2021\/09\/descarga.png",472,770,false],"1536x1536":["https:\/\/infoecos.com.ar\/wp-content\/uploads\/2021\/09\/descarga.png",472,770,false],"2048x2048":["https:\/\/infoecos.com.ar\/wp-content\/uploads\/2021\/09\/descarga.png",472,770,false],"covernews-slider-full":["https:\/\/infoecos.com.ar\/wp-content\/uploads\/2021\/09\/descarga.png",438,715,false],"covernews-slider-center":["https:\/\/infoecos.com.ar\/wp-content\/uploads\/2021\/09\/descarga.png",306,500,false],"covernews-featured":["https:\/\/infoecos.com.ar\/wp-content\/uploads\/2021\/09\/descarga.png",472,770,false],"covernews-medium":["https:\/\/infoecos.com.ar\/wp-content\/uploads\/2021\/09\/descarga-472x380.png",422,340,true],"covernews-medium-square":["https:\/\/infoecos.com.ar\/wp-content\/uploads\/2021\/09\/descarga-472x450.png",262,250,true]},"author_info":{"info":["Jorge Matheus"]},"category_info":"<a href=\"https:\/\/infoecos.com.ar\/index.php\/category\/c1nota3\/\" rel=\"category tag\">C1 N3<\/a>","tag_info":"C1 N3","comment_count":"0","_links":{"self":[{"href":"https:\/\/infoecos.com.ar\/index.php\/wp-json\/wp\/v2\/posts\/85414"}],"collection":[{"href":"https:\/\/infoecos.com.ar\/index.php\/wp-json\/wp\/v2\/posts"}],"about":[{"href":"https:\/\/infoecos.com.ar\/index.php\/wp-json\/wp\/v2\/types\/post"}],"author":[{"embeddable":true,"href":"https:\/\/infoecos.com.ar\/index.php\/wp-json\/wp\/v2\/users\/2"}],"replies":[{"embeddable":true,"href":"https:\/\/infoecos.com.ar\/index.php\/wp-json\/wp\/v2\/comments?post=85414"}],"version-history":[{"count":1,"href":"https:\/\/infoecos.com.ar\/index.php\/wp-json\/wp\/v2\/posts\/85414\/revisions"}],"predecessor-version":[{"id":85416,"href":"https:\/\/infoecos.com.ar\/index.php\/wp-json\/wp\/v2\/posts\/85414\/revisions\/85416"}],"wp:featuredmedia":[{"embeddable":true,"href":"https:\/\/infoecos.com.ar\/index.php\/wp-json\/wp\/v2\/media\/85415"}],"wp:attachment":[{"href":"https:\/\/infoecos.com.ar\/index.php\/wp-json\/wp\/v2\/media?parent=85414"}],"wp:term":[{"taxonomy":"category","embeddable":true,"href":"https:\/\/infoecos.com.ar\/index.php\/wp-json\/wp\/v2\/categories?post=85414"},{"taxonomy":"post_tag","embeddable":true,"href":"https:\/\/infoecos.com.ar\/index.php\/wp-json\/wp\/v2\/tags?post=85414"}],"curies":[{"name":"wp","href":"https:\/\/api.w.org\/{rel}","templated":true}]}}