{"id":85417,"date":"2021-09-08T05:12:32","date_gmt":"2021-09-08T08:12:32","guid":{"rendered":"http:\/\/infoecos.com.ar\/?p=85417"},"modified":"2021-09-10T06:55:33","modified_gmt":"2021-09-10T09:55:33","slug":"a-fines-de-noviembre-retornaria-el-servicio-de-pasajeros-del-tren-sarmiento-a-carlos-casares","status":"publish","type":"post","link":"https:\/\/infoecos.com.ar\/index.php\/a-fines-de-noviembre-retornaria-el-servicio-de-pasajeros-del-tren-sarmiento-a-carlos-casares\/","title":{"rendered":"A fines de noviembre retornar\u00eda el servicio de pasajeros del tren Sarmiento a Carlos Casares"},"content":{"rendered":"\n<p class=\"wp-block-paragraph\">Estuvo en Carlos Casares el ministro de Transporte de la Naci\u00f3n, Alexis Guerrera.<\/p>\n\n\n\n<div class=\"wp-block-image is-style-default\"><figure class=\"aligncenter size-medium\"><img loading=\"lazy\" decoding=\"async\" width=\"460\" height=\"305\" src=\"http:\/\/infoecos.com.ar\/wp-content\/uploads\/2021\/09\/GUERRERAENCCASARES-460x305.jpg\" alt=\"\" class=\"wp-image-85418\" srcset=\"https:\/\/infoecos.com.ar\/wp-content\/uploads\/2021\/09\/GUERRERAENCCASARES-460x305.jpg 460w, https:\/\/infoecos.com.ar\/wp-content\/uploads\/2021\/09\/GUERRERAENCCASARES-920x611.jpg 920w, https:\/\/infoecos.com.ar\/wp-content\/uploads\/2021\/09\/GUERRERAENCCASARES-768x510.jpg 768w, https:\/\/infoecos.com.ar\/wp-content\/uploads\/2021\/09\/GUERRERAENCCASARES.jpg 1024w\" sizes=\"auto, (max-width: 460px) 100vw, 460px\" \/><\/figure><\/div>\n\n\n\n<p class=\"wp-block-paragraph\">Acompa\u00f1ado por el Director Nacional de Ferrocarriles Argentinos Sociedad del Estado, visit\u00f3 al intendente y recorri\u00f3 las obras que se est\u00e1n realizando en la estaci\u00f3n de trenes de esa ciudad<\/p>\n\n\n\n<p class=\"wp-block-paragraph\">El&nbsp;Ministro Guerrera anticip\u00f3 que <strong>\u201c<\/strong>las primeras pruebas de funcionamiento de las formaciones a Carlos Casares ser\u00e1n a principios de noviembre y a fines del mismo comenzar\u00e1 a funcionar el tren de pasajeros<strong>\u201d<\/strong>.<\/p>\n\n\n\n<div class=\"wp-block-image is-style-default\"><figure class=\"aligncenter size-medium\"><img loading=\"lazy\" decoding=\"async\" width=\"460\" height=\"259\" src=\"http:\/\/infoecos.com.ar\/wp-content\/uploads\/2021\/09\/GUERRERANECAROS-460x259.jpg\" alt=\"\" class=\"wp-image-85419\" srcset=\"https:\/\/infoecos.com.ar\/wp-content\/uploads\/2021\/09\/GUERRERANECAROS-460x259.jpg 460w, https:\/\/infoecos.com.ar\/wp-content\/uploads\/2021\/09\/GUERRERANECAROS-768x432.jpg 768w, https:\/\/infoecos.com.ar\/wp-content\/uploads\/2021\/09\/GUERRERANECAROS.jpg 777w\" sizes=\"auto, (max-width: 460px) 100vw, 460px\" \/><\/figure><\/div>\n\n\n\n<p class=\"wp-block-paragraph\">M\u00e1s adelante apunt\u00f3 que&nbsp;\u201ctenemos una mirada integral en el plan de modernizaci\u00f3n de trenes en el interior con la l\u00ednea sarmiento como en el AMBA y en el resto de las provincias que despu\u00e9s tiene que articular con el resto de las modalidades de transporte\u201d.<\/p>\n\n\n\n<p class=\"wp-block-paragraph\"><\/p>\n","protected":false},"excerpt":{"rendered":"<p>El Ministro Guerrera anticip\u00f3 que \u201clas primeras pruebas de funcionamiento de las formaciones a Carlos Casares ser\u00e1n a principios de noviembre y a fines del mismo comenzar\u00e1 a funcionar el tren de pasajeros\u201d<\/p>\n","protected":false},"author":2,"featured_media":85420,"comment_status":"closed","ping_status":"open","sticky":false,"template":"","format":"standard","meta":{"footnotes":""},"categories":[1333],"tags":[5030],"class_list":["post-85417","post","type-post","status-publish","format-standard","has-post-thumbnail","hentry","category-inferior13","tag-el-ministro-guerrera-visito-la-ciudad"],"featured_image_urls":{"full":["https:\/\/infoecos.com.ar\/wp-content\/uploads\/2021\/09\/GUERRERANECAROS-1.jpg",777,437,false],"thumbnail":["https:\/\/infoecos.com.ar\/wp-content\/uploads\/2021\/09\/GUERRERANECAROS-1-150x150.jpg",150,150,true],"medium":["https:\/\/infoecos.com.ar\/wp-content\/uploads\/2021\/09\/GUERRERANECAROS-1-460x259.jpg",460,259,true],"medium_large":["https:\/\/infoecos.com.ar\/wp-content\/uploads\/2021\/09\/GUERRERANECAROS-1-768x432.jpg",640,360,true],"large":["https:\/\/infoecos.com.ar\/wp-content\/uploads\/2021\/09\/GUERRERANECAROS-1.jpg",640,360,false],"1536x1536":["https:\/\/infoecos.com.ar\/wp-content\/uploads\/2021\/09\/GUERRERANECAROS-1.jpg",777,437,false],"2048x2048":["https:\/\/infoecos.com.ar\/wp-content\/uploads\/2021\/09\/GUERRERANECAROS-1.jpg",777,437,false],"covernews-slider-full":["https:\/\/infoecos.com.ar\/wp-content\/uploads\/2021\/09\/GUERRERANECAROS-1.jpg",777,437,false],"covernews-slider-center":["https:\/\/infoecos.com.ar\/wp-content\/uploads\/2021\/09\/GUERRERANECAROS-1.jpg",777,437,false],"covernews-featured":["https:\/\/infoecos.com.ar\/wp-content\/uploads\/2021\/09\/GUERRERANECAROS-1.jpg",777,437,false],"covernews-medium":["https:\/\/infoecos.com.ar\/wp-content\/uploads\/2021\/09\/GUERRERANECAROS-1-720x380.jpg",540,285,true],"covernews-medium-square":["https:\/\/infoecos.com.ar\/wp-content\/uploads\/2021\/09\/GUERRERANECAROS-1-675x437.jpg",386,250,true]},"author_info":{"info":["Jorge Matheus"]},"category_info":"<a href=\"https:\/\/infoecos.com.ar\/index.php\/category\/inferior13\/\" rel=\"category tag\">Bloque inferior - 13<\/a>","tag_info":"Bloque inferior - 13","comment_count":"0","_links":{"self":[{"href":"https:\/\/infoecos.com.ar\/index.php\/wp-json\/wp\/v2\/posts\/85417","targetHints":{"allow":["GET"]}}],"collection":[{"href":"https:\/\/infoecos.com.ar\/index.php\/wp-json\/wp\/v2\/posts"}],"about":[{"href":"https:\/\/infoecos.com.ar\/index.php\/wp-json\/wp\/v2\/types\/post"}],"author":[{"embeddable":true,"href":"https:\/\/infoecos.com.ar\/index.php\/wp-json\/wp\/v2\/users\/2"}],"replies":[{"embeddable":true,"href":"https:\/\/infoecos.com.ar\/index.php\/wp-json\/wp\/v2\/comments?post=85417"}],"version-history":[{"count":2,"href":"https:\/\/infoecos.com.ar\/index.php\/wp-json\/wp\/v2\/posts\/85417\/revisions"}],"predecessor-version":[{"id":85570,"href":"https:\/\/infoecos.com.ar\/index.php\/wp-json\/wp\/v2\/posts\/85417\/revisions\/85570"}],"wp:featuredmedia":[{"embeddable":true,"href":"https:\/\/infoecos.com.ar\/index.php\/wp-json\/wp\/v2\/media\/85420"}],"wp:attachment":[{"href":"https:\/\/infoecos.com.ar\/index.php\/wp-json\/wp\/v2\/media?parent=85417"}],"wp:term":[{"taxonomy":"category","embeddable":true,"href":"https:\/\/infoecos.com.ar\/index.php\/wp-json\/wp\/v2\/categories?post=85417"},{"taxonomy":"post_tag","embeddable":true,"href":"https:\/\/infoecos.com.ar\/index.php\/wp-json\/wp\/v2\/tags?post=85417"}],"curies":[{"name":"wp","href":"https:\/\/api.w.org\/{rel}","templated":true}]}}