{"id":85429,"date":"2021-09-08T05:38:49","date_gmt":"2021-09-08T08:38:49","guid":{"rendered":"http:\/\/infoecos.com.ar\/?p=85429"},"modified":"2021-09-09T07:14:00","modified_gmt":"2021-09-09T10:14:00","slug":"85429","status":"publish","type":"post","link":"https:\/\/infoecos.com.ar\/index.php\/85429\/","title":{"rendered":"El Director de Planificaci\u00f3n Aeroportuaria estuvo en General Villegas"},"content":{"rendered":"\n<p class=\"wp-block-paragraph\">Visit\u00f3 General Villegas el Director de Planificaci\u00f3n Aeroportuaria, comisario inspector Fabio Michelli junto a la Jefa de Seguridad Aeroportuaria. Fueron recibidos por autoridades de la Comisi\u00f3n Directiva del Aero Club, el Jefe de Aer\u00f3dromo y Aero-aplicadores.<\/p>\n\n\n\n<p class=\"wp-block-paragraph\">Las autoridades recorrieron el aer\u00f3dromo y las instalaciones. Fueron notificados de los proyectos y mejoras que se proyectan.<\/p>\n\n\n\n<div class=\"wp-block-image is-style-default\"><figure class=\"aligncenter size-medium\"><img decoding=\"async\" src=\"http:\/\/infoecos.com.ar\/wp-content\/uploads\/69765_1517267152-460x318.jpg\" alt=\"\" class=\"wp-image-54737\"\/><figcaption>Avi\u00f3n<\/figcaption><\/figure><\/div>\n\n\n\n<p class=\"wp-block-paragraph\">La visitase enmarca en las recorridas que desde la Direcci\u00f3n Provincial de Aero-navegaci\u00f3n Oficial y Planificaci\u00f3n Aeroportuaria se est\u00e1n realizando y que encabeza la Direcci\u00f3n de Planificaci\u00f3n Aeroportuaria&nbsp; en la b\u00fasqueda de presentar las nuevas autoridades que la conforman, acercar v\u00ednculos con los usuarios,&nbsp; jefes de Aeroclubes en pos de fomentar la Aero-navegaci\u00f3n.<\/p>\n\n\n\n<p class=\"wp-block-paragraph\">Puntualmente respecto al Aeroclub de General Villegas se destac\u00f3 el empuje y entusiasmo por parte de sus integrantes, el balizamiento,&nbsp; la pista de pasto en muy buenas condiciones,&nbsp; y con el proyecto de recuperar la pista de asfalto, lo que dar\u00eda gran impulso en la ciudad, en el plano sanitario, tur\u00edstico e industrial.<\/p>\n","protected":false},"excerpt":{"rendered":"<p>Fueron recibidos por autoridades de la Comisi\u00f3n Directiva del Aero Club, el Jefe de Aer\u00f3dromo y Aero-aplicadores<\/p>\n","protected":false},"author":2,"featured_media":39796,"comment_status":"closed","ping_status":"open","sticky":false,"template":"","format":"standard","meta":{"footnotes":""},"categories":[199],"tags":[5033],"class_list":["post-85429","post","type-post","status-publish","format-standard","has-post-thumbnail","hentry","category-inferior7","tag-estuvo-el-director-de-seguridad-aeroportuaria"],"featured_image_urls":{"full":"","thumbnail":"","medium":"","medium_large":"","large":"","1536x1536":"","2048x2048":"","covernews-slider-full":"","covernews-slider-center":"","covernews-featured":"","covernews-medium":"","covernews-medium-square":""},"author_info":{"info":["Jorge Matheus"]},"category_info":"<a href=\"https:\/\/infoecos.com.ar\/index.php\/category\/inferior7\/\" rel=\"category tag\">Bloque inferior - 7<\/a>","tag_info":"Bloque inferior - 7","comment_count":"0","_links":{"self":[{"href":"https:\/\/infoecos.com.ar\/index.php\/wp-json\/wp\/v2\/posts\/85429","targetHints":{"allow":["GET"]}}],"collection":[{"href":"https:\/\/infoecos.com.ar\/index.php\/wp-json\/wp\/v2\/posts"}],"about":[{"href":"https:\/\/infoecos.com.ar\/index.php\/wp-json\/wp\/v2\/types\/post"}],"author":[{"embeddable":true,"href":"https:\/\/infoecos.com.ar\/index.php\/wp-json\/wp\/v2\/users\/2"}],"replies":[{"embeddable":true,"href":"https:\/\/infoecos.com.ar\/index.php\/wp-json\/wp\/v2\/comments?post=85429"}],"version-history":[{"count":3,"href":"https:\/\/infoecos.com.ar\/index.php\/wp-json\/wp\/v2\/posts\/85429\/revisions"}],"predecessor-version":[{"id":85482,"href":"https:\/\/infoecos.com.ar\/index.php\/wp-json\/wp\/v2\/posts\/85429\/revisions\/85482"}],"wp:attachment":[{"href":"https:\/\/infoecos.com.ar\/index.php\/wp-json\/wp\/v2\/media?parent=85429"}],"wp:term":[{"taxonomy":"category","embeddable":true,"href":"https:\/\/infoecos.com.ar\/index.php\/wp-json\/wp\/v2\/categories?post=85429"},{"taxonomy":"post_tag","embeddable":true,"href":"https:\/\/infoecos.com.ar\/index.php\/wp-json\/wp\/v2\/tags?post=85429"}],"curies":[{"name":"wp","href":"https:\/\/api.w.org\/{rel}","templated":true}]}}