{"id":85440,"date":"2021-09-08T06:00:49","date_gmt":"2021-09-08T09:00:49","guid":{"rendered":"http:\/\/infoecos.com.ar\/?p=85440"},"modified":"2021-09-08T06:01:00","modified_gmt":"2021-09-08T09:01:00","slug":"arrollado-por-un-tractor-fallecio-un-nino-de-entre-8-y-9-anos-en-la-localidad-serrana-de-saldungaray","status":"publish","type":"post","link":"https:\/\/infoecos.com.ar\/index.php\/arrollado-por-un-tractor-fallecio-un-nino-de-entre-8-y-9-anos-en-la-localidad-serrana-de-saldungaray\/","title":{"rendered":"Arrollado por un tractor falleci\u00f3 un ni\u00f1o de entre 8 y 9 a\u00f1os en la localidad serrana de Saldungaray"},"content":{"rendered":"\n<p class=\"wp-block-paragraph\">En el Establecimiento \u00abEl Remanso\u00bb ubicado en las cercan\u00edas de la localidad de Saldungaray, distrito de Torquinst, perdi\u00f3 la vida un ni\u00f1o de entre 8 y 9 a\u00f1os. <\/p>\n\n\n\n<p class=\"wp-block-paragraph\">Habr\u00eda sido arrollado por un tractor. <\/p>\n\n\n\n<p class=\"wp-block-paragraph\">La informaci\u00f3n de los distintos medios de Torquinst y la zona, como as\u00ed tambi\u00e9n los de Bah\u00eda Blanca, indica que trabajaron en el lugar, sin dar mayores precisiones, Bomberos Voluntarios de Sierra de la Ventana y Saldungaray. <\/p>\n\n\n\n<p class=\"wp-block-paragraph\"><\/p>\n\n\n\n<div class=\"wp-block-image is-style-default\"><figure class=\"aligncenter size-medium\"><img loading=\"lazy\" decoding=\"async\" width=\"460\" height=\"211\" src=\"http:\/\/infoecos.com.ar\/wp-content\/uploads\/2021\/09\/saldungaray-460x211.jpg\" alt=\"\" class=\"wp-image-85441\" srcset=\"https:\/\/infoecos.com.ar\/wp-content\/uploads\/2021\/09\/saldungaray-460x211.jpg 460w, https:\/\/infoecos.com.ar\/wp-content\/uploads\/2021\/09\/saldungaray-768x352.jpg 768w, https:\/\/infoecos.com.ar\/wp-content\/uploads\/2021\/09\/saldungaray.jpg 785w\" sizes=\"auto, (max-width: 460px) 100vw, 460px\" \/><\/figure><\/div>\n","protected":false},"excerpt":{"rendered":"<p>La informaci\u00f3n de los distintos medios de Torquinst y la zona, como as\u00ed tambi\u00e9n los de Bah\u00eda Blanca, indica que trabajaron en el lugar, sin dar mayores precisiones, Bomberos Voluntarios de Sierra de la Ventana y Saldungaray<\/p>\n","protected":false},"author":2,"featured_media":85441,"comment_status":"closed","ping_status":"open","sticky":false,"template":"","format":"standard","meta":{"footnotes":""},"categories":[1325],"tags":[5035],"class_list":["post-85440","post","type-post","status-publish","format-standard","has-post-thumbnail","hentry","category-c1nota6","tag-distrito-de-torquinst"],"featured_image_urls":{"full":["https:\/\/infoecos.com.ar\/wp-content\/uploads\/2021\/09\/saldungaray.jpg",785,360,false],"thumbnail":["https:\/\/infoecos.com.ar\/wp-content\/uploads\/2021\/09\/saldungaray-150x150.jpg",150,150,true],"medium":["https:\/\/infoecos.com.ar\/wp-content\/uploads\/2021\/09\/saldungaray-460x211.jpg",460,211,true],"medium_large":["https:\/\/infoecos.com.ar\/wp-content\/uploads\/2021\/09\/saldungaray-768x352.jpg",640,293,true],"large":["https:\/\/infoecos.com.ar\/wp-content\/uploads\/2021\/09\/saldungaray.jpg",640,294,false],"1536x1536":["https:\/\/infoecos.com.ar\/wp-content\/uploads\/2021\/09\/saldungaray.jpg",785,360,false],"2048x2048":["https:\/\/infoecos.com.ar\/wp-content\/uploads\/2021\/09\/saldungaray.jpg",785,360,false],"covernews-slider-full":["https:\/\/infoecos.com.ar\/wp-content\/uploads\/2021\/09\/saldungaray.jpg",785,360,false],"covernews-slider-center":["https:\/\/infoecos.com.ar\/wp-content\/uploads\/2021\/09\/saldungaray.jpg",785,360,false],"covernews-featured":["https:\/\/infoecos.com.ar\/wp-content\/uploads\/2021\/09\/saldungaray.jpg",785,360,false],"covernews-medium":["https:\/\/infoecos.com.ar\/wp-content\/uploads\/2021\/09\/saldungaray-720x360.jpg",540,270,true],"covernews-medium-square":["https:\/\/infoecos.com.ar\/wp-content\/uploads\/2021\/09\/saldungaray-675x360.jpg",400,213,true]},"author_info":{"info":["Jorge Matheus"]},"category_info":"<a href=\"https:\/\/infoecos.com.ar\/index.php\/category\/c1nota6\/\" rel=\"category tag\">C1 nota 6<\/a>","tag_info":"C1 nota 6","comment_count":"0","_links":{"self":[{"href":"https:\/\/infoecos.com.ar\/index.php\/wp-json\/wp\/v2\/posts\/85440","targetHints":{"allow":["GET"]}}],"collection":[{"href":"https:\/\/infoecos.com.ar\/index.php\/wp-json\/wp\/v2\/posts"}],"about":[{"href":"https:\/\/infoecos.com.ar\/index.php\/wp-json\/wp\/v2\/types\/post"}],"author":[{"embeddable":true,"href":"https:\/\/infoecos.com.ar\/index.php\/wp-json\/wp\/v2\/users\/2"}],"replies":[{"embeddable":true,"href":"https:\/\/infoecos.com.ar\/index.php\/wp-json\/wp\/v2\/comments?post=85440"}],"version-history":[{"count":1,"href":"https:\/\/infoecos.com.ar\/index.php\/wp-json\/wp\/v2\/posts\/85440\/revisions"}],"predecessor-version":[{"id":85442,"href":"https:\/\/infoecos.com.ar\/index.php\/wp-json\/wp\/v2\/posts\/85440\/revisions\/85442"}],"wp:featuredmedia":[{"embeddable":true,"href":"https:\/\/infoecos.com.ar\/index.php\/wp-json\/wp\/v2\/media\/85441"}],"wp:attachment":[{"href":"https:\/\/infoecos.com.ar\/index.php\/wp-json\/wp\/v2\/media?parent=85440"}],"wp:term":[{"taxonomy":"category","embeddable":true,"href":"https:\/\/infoecos.com.ar\/index.php\/wp-json\/wp\/v2\/categories?post=85440"},{"taxonomy":"post_tag","embeddable":true,"href":"https:\/\/infoecos.com.ar\/index.php\/wp-json\/wp\/v2\/tags?post=85440"}],"curies":[{"name":"wp","href":"https:\/\/api.w.org\/{rel}","templated":true}]}}