{"id":85447,"date":"2021-09-08T06:20:22","date_gmt":"2021-09-08T09:20:22","guid":{"rendered":"http:\/\/infoecos.com.ar\/?p=85447"},"modified":"2021-09-08T06:20:25","modified_gmt":"2021-09-08T09:20:25","slug":"nuevo-operativo-de-vacunacion-contra-el-covid-19-en-30-de-agosto","status":"publish","type":"post","link":"https:\/\/infoecos.com.ar\/index.php\/nuevo-operativo-de-vacunacion-contra-el-covid-19-en-30-de-agosto\/","title":{"rendered":"Nuevo operativo de vacunaci\u00f3n contra el COVID-19 en 30 de Agosto"},"content":{"rendered":"\n<p>El pr\u00f3ximo viernes (10) a partir de las 9 se realizar\u00e1 un nuevo operativo de vacunaci\u00f3n contra el Covid-19 en la ciudad de Treinta de Agosto, en la posta sanitaria que funciona en la sede del Club Deportivo Argentino (General Paz y Arist\u00f3bulo del Valle).<\/p>\n\n\n\n<div class=\"wp-block-image is-style-default\"><figure class=\"aligncenter size-medium\"><img loading=\"lazy\" decoding=\"async\" width=\"460\" height=\"306\" src=\"http:\/\/infoecos.com.ar\/wp-content\/uploads\/2021\/06\/vacunacion30deagosto2-460x306.jpg\" alt=\"\" class=\"wp-image-80348\" srcset=\"https:\/\/infoecos.com.ar\/wp-content\/uploads\/2021\/06\/vacunacion30deagosto2-460x306.jpg 460w, https:\/\/infoecos.com.ar\/wp-content\/uploads\/2021\/06\/vacunacion30deagosto2.jpg 593w\" sizes=\"(max-width: 460px) 100vw, 460px\" \/><\/figure><\/div>\n\n\n\n<p>De acuerdo a lo informado desde la coordinaci\u00f3n de los centros de vacunaci\u00f3n, en esta oportunidad se suministrar\u00e1n las segundas dosis de Sinopharm y Astrazeneca, y las primeras dosis para mayores de 18 a\u00f1os previa inscripci\u00f3n en la web <a href=\"https:\/\/vacunatepba.gba.gob.ar\/\">https:\/\/vacunatepba.gba.gob.ar\/<\/a><\/p>\n","protected":false},"excerpt":{"rendered":"<p> se suministrar\u00e1n las segundas dosis de Sinopharm y Astrazeneca, y las primeras dosis para mayores de 18 a\u00f1os previa inscripci\u00f3n en la web https:\/\/vacunatepba.gba.gob.ar\/<\/p>\n","protected":false},"author":2,"featured_media":80348,"comment_status":"closed","ping_status":"open","sticky":false,"template":"","format":"standard","meta":{"footnotes":""},"categories":[1341],"tags":[5037],"class_list":["post-85447","post","type-post","status-publish","format-standard","has-post-thumbnail","hentry","category-c1nota7","tag-sera-el-proximo-viernes-10"],"yoast_head":"<!-- This site is optimized with the Yoast SEO plugin v23.4 - https:\/\/yoast.com\/wordpress\/plugins\/seo\/ -->\n<title>Nuevo operativo de vacunaci\u00f3n contra el COVID-19 en 30 de Agosto - Infoecos<\/title>\n<meta name=\"robots\" content=\"index, follow, max-snippet:-1, max-image-preview:large, max-video-preview:-1\" \/>\n<link rel=\"canonical\" href=\"https:\/\/infoecos.com.ar\/index.php\/nuevo-operativo-de-vacunacion-contra-el-covid-19-en-30-de-agosto\/\" \/>\n<meta property=\"og:locale\" content=\"es_ES\" \/>\n<meta property=\"og:type\" content=\"article\" \/>\n<meta property=\"og:title\" content=\"Nuevo operativo de vacunaci\u00f3n contra el COVID-19 en 30 de Agosto - Infoecos\" \/>\n<meta property=\"og:description\" content=\"se suministrar\u00e1n las segundas dosis de Sinopharm y Astrazeneca, y las primeras dosis para mayores de 18 a\u00f1os previa inscripci\u00f3n en la web https:\/\/vacunatepba.gba.gob.ar\/\" \/>\n<meta property=\"og:url\" content=\"https:\/\/infoecos.com.ar\/index.php\/nuevo-operativo-de-vacunacion-contra-el-covid-19-en-30-de-agosto\/\" \/>\n<meta property=\"og:site_name\" content=\"Infoecos\" \/>\n<meta property=\"article:publisher\" content=\"https:\/\/www.facebook.com\/profile.php?id=100063200290284\" \/>\n<meta property=\"article:published_time\" content=\"2021-09-08T09:20:22+00:00\" \/>\n<meta property=\"article:modified_time\" content=\"2021-09-08T09:20:25+00:00\" \/>\n<meta property=\"og:image\" content=\"https:\/\/infoecos.com.ar\/wp-content\/uploads\/2021\/06\/vacunacion30deagosto2.jpg\" \/>\n\t<meta property=\"og:image:width\" content=\"593\" \/>\n\t<meta property=\"og:image:height\" content=\"395\" \/>\n\t<meta property=\"og:image:type\" content=\"image\/jpeg\" \/>\n<meta name=\"author\" content=\"Jorge Matheus\" \/>\n<meta name=\"twitter:card\" content=\"summary_large_image\" \/>\n<meta name=\"twitter:creator\" content=\"@infoecos\" \/>\n<meta name=\"twitter:site\" content=\"@infoecos\" \/>\n<meta name=\"twitter:label1\" content=\"Escrito por\" \/>\n\t<meta name=\"twitter:data1\" content=\"Jorge Matheus\" \/>\n<script type=\"application\/ld+json\" class=\"yoast-schema-graph\">{\"@context\":\"https:\/\/schema.org\",\"@graph\":[{\"@type\":\"Article\",\"@id\":\"https:\/\/infoecos.com.ar\/index.php\/nuevo-operativo-de-vacunacion-contra-el-covid-19-en-30-de-agosto\/#article\",\"isPartOf\":{\"@id\":\"https:\/\/infoecos.com.ar\/index.php\/nuevo-operativo-de-vacunacion-contra-el-covid-19-en-30-de-agosto\/\"},\"author\":{\"name\":\"Jorge Matheus\",\"@id\":\"https:\/\/infoecos.com.ar\/#\/schema\/person\/8f5ace5ce73b4b4aac4b7245aee6f191\"},\"headline\":\"Nuevo operativo de vacunaci\u00f3n contra el COVID-19 en 30 de Agosto\",\"datePublished\":\"2021-09-08T09:20:22+00:00\",\"dateModified\":\"2021-09-08T09:20:25+00:00\",\"mainEntityOfPage\":{\"@id\":\"https:\/\/infoecos.com.ar\/index.php\/nuevo-operativo-de-vacunacion-contra-el-covid-19-en-30-de-agosto\/\"},\"wordCount\":105,\"publisher\":{\"@id\":\"https:\/\/infoecos.com.ar\/#organization\"},\"image\":{\"@id\":\"https:\/\/infoecos.com.ar\/index.php\/nuevo-operativo-de-vacunacion-contra-el-covid-19-en-30-de-agosto\/#primaryimage\"},\"thumbnailUrl\":\"https:\/\/infoecos.com.ar\/wp-content\/uploads\/2021\/06\/vacunacion30deagosto2.jpg\",\"keywords\":[\"ser\u00e1 el pr\u00f3ximo viernes 10\"],\"articleSection\":[\"C1 nota 7\"],\"inLanguage\":\"es\"},{\"@type\":\"WebPage\",\"@id\":\"https:\/\/infoecos.com.ar\/index.php\/nuevo-operativo-de-vacunacion-contra-el-covid-19-en-30-de-agosto\/\",\"url\":\"https:\/\/infoecos.com.ar\/index.php\/nuevo-operativo-de-vacunacion-contra-el-covid-19-en-30-de-agosto\/\",\"name\":\"Nuevo operativo de vacunaci\u00f3n contra el COVID-19 en 30 de Agosto - Infoecos\",\"isPartOf\":{\"@id\":\"https:\/\/infoecos.com.ar\/#website\"},\"primaryImageOfPage\":{\"@id\":\"https:\/\/infoecos.com.ar\/index.php\/nuevo-operativo-de-vacunacion-contra-el-covid-19-en-30-de-agosto\/#primaryimage\"},\"image\":{\"@id\":\"https:\/\/infoecos.com.ar\/index.php\/nuevo-operativo-de-vacunacion-contra-el-covid-19-en-30-de-agosto\/#primaryimage\"},\"thumbnailUrl\":\"https:\/\/infoecos.com.ar\/wp-content\/uploads\/2021\/06\/vacunacion30deagosto2.jpg\",\"datePublished\":\"2021-09-08T09:20:22+00:00\",\"dateModified\":\"2021-09-08T09:20:25+00:00\",\"breadcrumb\":{\"@id\":\"https:\/\/infoecos.com.ar\/index.php\/nuevo-operativo-de-vacunacion-contra-el-covid-19-en-30-de-agosto\/#breadcrumb\"},\"inLanguage\":\"es\",\"potentialAction\":[{\"@type\":\"ReadAction\",\"target\":[\"https:\/\/infoecos.com.ar\/index.php\/nuevo-operativo-de-vacunacion-contra-el-covid-19-en-30-de-agosto\/\"]}]},{\"@type\":\"ImageObject\",\"inLanguage\":\"es\",\"@id\":\"https:\/\/infoecos.com.ar\/index.php\/nuevo-operativo-de-vacunacion-contra-el-covid-19-en-30-de-agosto\/#primaryimage\",\"url\":\"https:\/\/infoecos.com.ar\/wp-content\/uploads\/2021\/06\/vacunacion30deagosto2.jpg\",\"contentUrl\":\"https:\/\/infoecos.com.ar\/wp-content\/uploads\/2021\/06\/vacunacion30deagosto2.jpg\",\"width\":593,\"height\":395},{\"@type\":\"BreadcrumbList\",\"@id\":\"https:\/\/infoecos.com.ar\/index.php\/nuevo-operativo-de-vacunacion-contra-el-covid-19-en-30-de-agosto\/#breadcrumb\",\"itemListElement\":[{\"@type\":\"ListItem\",\"position\":1,\"name\":\"Portada\",\"item\":\"https:\/\/infoecos.com.ar\/\"},{\"@type\":\"ListItem\",\"position\":2,\"name\":\"Nuevo operativo de vacunaci\u00f3n contra el COVID-19 en 30 de Agosto\"}]},{\"@type\":\"WebSite\",\"@id\":\"https:\/\/infoecos.com.ar\/#website\",\"url\":\"https:\/\/infoecos.com.ar\/\",\"name\":\"Infoecos\",\"description\":\"Noticias de trenque lauquen y la zona\",\"publisher\":{\"@id\":\"https:\/\/infoecos.com.ar\/#organization\"},\"alternateName\":\"Noticias\",\"potentialAction\":[{\"@type\":\"SearchAction\",\"target\":{\"@type\":\"EntryPoint\",\"urlTemplate\":\"https:\/\/infoecos.com.ar\/?s={search_term_string}\"},\"query-input\":{\"@type\":\"PropertyValueSpecification\",\"valueRequired\":true,\"valueName\":\"search_term_string\"}}],\"inLanguage\":\"es\"},{\"@type\":\"Organization\",\"@id\":\"https:\/\/infoecos.com.ar\/#organization\",\"name\":\"Infoecos\",\"alternateName\":\"Noticias\",\"url\":\"https:\/\/infoecos.com.ar\/\",\"logo\":{\"@type\":\"ImageObject\",\"inLanguage\":\"es\",\"@id\":\"https:\/\/infoecos.com.ar\/#\/schema\/logo\/image\/\",\"url\":\"https:\/\/infoecos.com.ar\/wp-content\/uploads\/2024\/03\/cropped-logo.png\",\"contentUrl\":\"https:\/\/infoecos.com.ar\/wp-content\/uploads\/2024\/03\/cropped-logo.png\",\"width\":374,\"height\":90,\"caption\":\"Infoecos\"},\"image\":{\"@id\":\"https:\/\/infoecos.com.ar\/#\/schema\/logo\/image\/\"},\"sameAs\":[\"https:\/\/www.facebook.com\/profile.php?id=100063200290284\",\"https:\/\/x.com\/infoecos\"]},{\"@type\":\"Person\",\"@id\":\"https:\/\/infoecos.com.ar\/#\/schema\/person\/8f5ace5ce73b4b4aac4b7245aee6f191\",\"name\":\"Jorge Matheus\",\"url\":\"https:\/\/infoecos.com.ar\/index.php\/author\/jomatheus\/\"}]}<\/script>\n<!-- \/ Yoast SEO plugin. -->","yoast_head_json":{"title":"Nuevo operativo de vacunaci\u00f3n contra el COVID-19 en 30 de Agosto - Infoecos","robots":{"index":"index","follow":"follow","max-snippet":"max-snippet:-1","max-image-preview":"max-image-preview:large","max-video-preview":"max-video-preview:-1"},"canonical":"https:\/\/infoecos.com.ar\/index.php\/nuevo-operativo-de-vacunacion-contra-el-covid-19-en-30-de-agosto\/","og_locale":"es_ES","og_type":"article","og_title":"Nuevo operativo de vacunaci\u00f3n contra el COVID-19 en 30 de Agosto - Infoecos","og_description":"se suministrar\u00e1n las segundas dosis de Sinopharm y Astrazeneca, y las primeras dosis para mayores de 18 a\u00f1os previa inscripci\u00f3n en la web https:\/\/vacunatepba.gba.gob.ar\/","og_url":"https:\/\/infoecos.com.ar\/index.php\/nuevo-operativo-de-vacunacion-contra-el-covid-19-en-30-de-agosto\/","og_site_name":"Infoecos","article_publisher":"https:\/\/www.facebook.com\/profile.php?id=100063200290284","article_published_time":"2021-09-08T09:20:22+00:00","article_modified_time":"2021-09-08T09:20:25+00:00","og_image":[{"width":593,"height":395,"url":"https:\/\/infoecos.com.ar\/wp-content\/uploads\/2021\/06\/vacunacion30deagosto2.jpg","type":"image\/jpeg"}],"author":"Jorge Matheus","twitter_card":"summary_large_image","twitter_creator":"@infoecos","twitter_site":"@infoecos","twitter_misc":{"Escrito por":"Jorge Matheus"},"schema":{"@context":"https:\/\/schema.org","@graph":[{"@type":"Article","@id":"https:\/\/infoecos.com.ar\/index.php\/nuevo-operativo-de-vacunacion-contra-el-covid-19-en-30-de-agosto\/#article","isPartOf":{"@id":"https:\/\/infoecos.com.ar\/index.php\/nuevo-operativo-de-vacunacion-contra-el-covid-19-en-30-de-agosto\/"},"author":{"name":"Jorge Matheus","@id":"https:\/\/infoecos.com.ar\/#\/schema\/person\/8f5ace5ce73b4b4aac4b7245aee6f191"},"headline":"Nuevo operativo de vacunaci\u00f3n contra el COVID-19 en 30 de Agosto","datePublished":"2021-09-08T09:20:22+00:00","dateModified":"2021-09-08T09:20:25+00:00","mainEntityOfPage":{"@id":"https:\/\/infoecos.com.ar\/index.php\/nuevo-operativo-de-vacunacion-contra-el-covid-19-en-30-de-agosto\/"},"wordCount":105,"publisher":{"@id":"https:\/\/infoecos.com.ar\/#organization"},"image":{"@id":"https:\/\/infoecos.com.ar\/index.php\/nuevo-operativo-de-vacunacion-contra-el-covid-19-en-30-de-agosto\/#primaryimage"},"thumbnailUrl":"https:\/\/infoecos.com.ar\/wp-content\/uploads\/2021\/06\/vacunacion30deagosto2.jpg","keywords":["ser\u00e1 el pr\u00f3ximo viernes 10"],"articleSection":["C1 nota 7"],"inLanguage":"es"},{"@type":"WebPage","@id":"https:\/\/infoecos.com.ar\/index.php\/nuevo-operativo-de-vacunacion-contra-el-covid-19-en-30-de-agosto\/","url":"https:\/\/infoecos.com.ar\/index.php\/nuevo-operativo-de-vacunacion-contra-el-covid-19-en-30-de-agosto\/","name":"Nuevo operativo de vacunaci\u00f3n contra el COVID-19 en 30 de Agosto - Infoecos","isPartOf":{"@id":"https:\/\/infoecos.com.ar\/#website"},"primaryImageOfPage":{"@id":"https:\/\/infoecos.com.ar\/index.php\/nuevo-operativo-de-vacunacion-contra-el-covid-19-en-30-de-agosto\/#primaryimage"},"image":{"@id":"https:\/\/infoecos.com.ar\/index.php\/nuevo-operativo-de-vacunacion-contra-el-covid-19-en-30-de-agosto\/#primaryimage"},"thumbnailUrl":"https:\/\/infoecos.com.ar\/wp-content\/uploads\/2021\/06\/vacunacion30deagosto2.jpg","datePublished":"2021-09-08T09:20:22+00:00","dateModified":"2021-09-08T09:20:25+00:00","breadcrumb":{"@id":"https:\/\/infoecos.com.ar\/index.php\/nuevo-operativo-de-vacunacion-contra-el-covid-19-en-30-de-agosto\/#breadcrumb"},"inLanguage":"es","potentialAction":[{"@type":"ReadAction","target":["https:\/\/infoecos.com.ar\/index.php\/nuevo-operativo-de-vacunacion-contra-el-covid-19-en-30-de-agosto\/"]}]},{"@type":"ImageObject","inLanguage":"es","@id":"https:\/\/infoecos.com.ar\/index.php\/nuevo-operativo-de-vacunacion-contra-el-covid-19-en-30-de-agosto\/#primaryimage","url":"https:\/\/infoecos.com.ar\/wp-content\/uploads\/2021\/06\/vacunacion30deagosto2.jpg","contentUrl":"https:\/\/infoecos.com.ar\/wp-content\/uploads\/2021\/06\/vacunacion30deagosto2.jpg","width":593,"height":395},{"@type":"BreadcrumbList","@id":"https:\/\/infoecos.com.ar\/index.php\/nuevo-operativo-de-vacunacion-contra-el-covid-19-en-30-de-agosto\/#breadcrumb","itemListElement":[{"@type":"ListItem","position":1,"name":"Portada","item":"https:\/\/infoecos.com.ar\/"},{"@type":"ListItem","position":2,"name":"Nuevo operativo de vacunaci\u00f3n contra el COVID-19 en 30 de Agosto"}]},{"@type":"WebSite","@id":"https:\/\/infoecos.com.ar\/#website","url":"https:\/\/infoecos.com.ar\/","name":"Infoecos","description":"Noticias de trenque lauquen y la zona","publisher":{"@id":"https:\/\/infoecos.com.ar\/#organization"},"alternateName":"Noticias","potentialAction":[{"@type":"SearchAction","target":{"@type":"EntryPoint","urlTemplate":"https:\/\/infoecos.com.ar\/?s={search_term_string}"},"query-input":{"@type":"PropertyValueSpecification","valueRequired":true,"valueName":"search_term_string"}}],"inLanguage":"es"},{"@type":"Organization","@id":"https:\/\/infoecos.com.ar\/#organization","name":"Infoecos","alternateName":"Noticias","url":"https:\/\/infoecos.com.ar\/","logo":{"@type":"ImageObject","inLanguage":"es","@id":"https:\/\/infoecos.com.ar\/#\/schema\/logo\/image\/","url":"https:\/\/infoecos.com.ar\/wp-content\/uploads\/2024\/03\/cropped-logo.png","contentUrl":"https:\/\/infoecos.com.ar\/wp-content\/uploads\/2024\/03\/cropped-logo.png","width":374,"height":90,"caption":"Infoecos"},"image":{"@id":"https:\/\/infoecos.com.ar\/#\/schema\/logo\/image\/"},"sameAs":["https:\/\/www.facebook.com\/profile.php?id=100063200290284","https:\/\/x.com\/infoecos"]},{"@type":"Person","@id":"https:\/\/infoecos.com.ar\/#\/schema\/person\/8f5ace5ce73b4b4aac4b7245aee6f191","name":"Jorge Matheus","url":"https:\/\/infoecos.com.ar\/index.php\/author\/jomatheus\/"}]}},"featured_image_urls":{"full":["https:\/\/infoecos.com.ar\/wp-content\/uploads\/2021\/06\/vacunacion30deagosto2.jpg",593,395,false],"thumbnail":["https:\/\/infoecos.com.ar\/wp-content\/uploads\/2021\/06\/vacunacion30deagosto2-150x150.jpg",150,150,true],"medium":["https:\/\/infoecos.com.ar\/wp-content\/uploads\/2021\/06\/vacunacion30deagosto2-460x306.jpg",460,306,true],"medium_large":["https:\/\/infoecos.com.ar\/wp-content\/uploads\/2021\/06\/vacunacion30deagosto2.jpg",593,395,false],"large":["https:\/\/infoecos.com.ar\/wp-content\/uploads\/2021\/06\/vacunacion30deagosto2.jpg",593,395,false],"1536x1536":["https:\/\/infoecos.com.ar\/wp-content\/uploads\/2021\/06\/vacunacion30deagosto2.jpg",593,395,false],"2048x2048":["https:\/\/infoecos.com.ar\/wp-content\/uploads\/2021\/06\/vacunacion30deagosto2.jpg",593,395,false],"covernews-slider-full":["https:\/\/infoecos.com.ar\/wp-content\/uploads\/2021\/06\/vacunacion30deagosto2.jpg",593,395,false],"covernews-slider-center":["https:\/\/infoecos.com.ar\/wp-content\/uploads\/2021\/06\/vacunacion30deagosto2.jpg",593,395,false],"covernews-featured":["https:\/\/infoecos.com.ar\/wp-content\/uploads\/2021\/06\/vacunacion30deagosto2.jpg",593,395,false],"covernews-medium":["https:\/\/infoecos.com.ar\/wp-content\/uploads\/2021\/06\/vacunacion30deagosto2-593x380.jpg",531,340,true],"covernews-medium-square":["https:\/\/infoecos.com.ar\/wp-content\/uploads\/2021\/06\/vacunacion30deagosto2.jpg",375,250,false]},"author_info":{"info":["Jorge Matheus"]},"category_info":"<a href=\"https:\/\/infoecos.com.ar\/index.php\/category\/c1nota7\/\" rel=\"category tag\">C1 nota 7<\/a>","tag_info":"C1 nota 7","comment_count":"0","_links":{"self":[{"href":"https:\/\/infoecos.com.ar\/index.php\/wp-json\/wp\/v2\/posts\/85447"}],"collection":[{"href":"https:\/\/infoecos.com.ar\/index.php\/wp-json\/wp\/v2\/posts"}],"about":[{"href":"https:\/\/infoecos.com.ar\/index.php\/wp-json\/wp\/v2\/types\/post"}],"author":[{"embeddable":true,"href":"https:\/\/infoecos.com.ar\/index.php\/wp-json\/wp\/v2\/users\/2"}],"replies":[{"embeddable":true,"href":"https:\/\/infoecos.com.ar\/index.php\/wp-json\/wp\/v2\/comments?post=85447"}],"version-history":[{"count":1,"href":"https:\/\/infoecos.com.ar\/index.php\/wp-json\/wp\/v2\/posts\/85447\/revisions"}],"predecessor-version":[{"id":85448,"href":"https:\/\/infoecos.com.ar\/index.php\/wp-json\/wp\/v2\/posts\/85447\/revisions\/85448"}],"wp:featuredmedia":[{"embeddable":true,"href":"https:\/\/infoecos.com.ar\/index.php\/wp-json\/wp\/v2\/media\/80348"}],"wp:attachment":[{"href":"https:\/\/infoecos.com.ar\/index.php\/wp-json\/wp\/v2\/media?parent=85447"}],"wp:term":[{"taxonomy":"category","embeddable":true,"href":"https:\/\/infoecos.com.ar\/index.php\/wp-json\/wp\/v2\/categories?post=85447"},{"taxonomy":"post_tag","embeddable":true,"href":"https:\/\/infoecos.com.ar\/index.php\/wp-json\/wp\/v2\/tags?post=85447"}],"curies":[{"name":"wp","href":"https:\/\/api.w.org\/{rel}","templated":true}]}}