{"id":85566,"date":"2021-09-09T06:59:55","date_gmt":"2021-09-09T09:59:55","guid":{"rendered":"http:\/\/infoecos.com.ar\/?p=85566"},"modified":"2021-09-09T06:59:56","modified_gmt":"2021-09-09T09:59:56","slug":"morgan-freeman-al-pacino-helen-mirren-y-danny-devito-juntos-en-snif-pelicula-dirigida-por-taylor-hackford","status":"publish","type":"post","link":"https:\/\/infoecos.com.ar\/index.php\/morgan-freeman-al-pacino-helen-mirren-y-danny-devito-juntos-en-snif-pelicula-dirigida-por-taylor-hackford\/","title":{"rendered":"Morgan Freeman, Al Pacino, Helen Mirren y Danny DeVito juntos en \u00abSnif\u00bb pel\u00edcula dirigida por Taylor Hackford"},"content":{"rendered":"\n<p>Un\u00a0<strong>grupo de estrellas de\u00a0<\/strong><a rel=\"noreferrer noopener\" href=\"https:\/\/radiomitre.cienradios.com\/espectaculos\/celebrities\/conmocion-en-bollywood-encontraron-muerto-al-actor-modelo-y-estrella-sidharth-shukla\/\" target=\"_blank\"><strong>Hollywood\u00a0<\/strong><\/a><strong>vuelve a las pantallas<\/strong>\u00a0con una\u00a0<strong>pel\u00edcula\u00a0<\/strong>que incluye\u00a0<strong>detectives, misterios y jefes de submundos de drogas y asesinatos<\/strong>. As\u00ed, Morgan\u00a0<strong>Freeman<\/strong>,\u00a0<strong>Al Pacino<\/strong>, Helen\u00a0<strong>Mirren\u00a0<\/strong>y Danny\u00a0<strong>DeVito<\/strong>\u00a0dar\u00e1n<strong>\u00a0vida a los personajes del guion de\u00a0<\/strong><em><strong>Sniff<\/strong><\/em>,\u00a0<strong>dirigida\u00a0<\/strong>por<strong>\u00a0Taylor Hackford<\/strong>, que buscar\u00e1 r<strong>evivir el relato\u00a0<\/strong><em><strong>noir<\/strong><\/em><strong>.<\/strong>Aunque se trata de un\u00a0<strong>g\u00e9nero olvidado en la industria de Hollywood<\/strong>, la\u00a0<strong>\u00faltima pel\u00edcula\u00a0<\/strong><em><strong>Entre navajas y secretos<\/strong><\/em>\u00a0del\u00a0<strong>mismo estilo<\/strong>\u00a0result\u00f3 ser un\u00a0<strong>\u00e9xito<\/strong>. Por lo tanto,\u00a0<strong>Hackford<\/strong>\u00a0tomar\u00e1 la\u00a0<strong>oportunidad para lanzar el largometraje en esta l\u00ednea\u00a0<\/strong>cinematogr\u00e1fica y\u00a0<strong>recuperar la cultura del relato\u00a0<\/strong><em><strong>noir<\/strong><\/em>que incluye\u00a0<strong>historias donde nada es lo que parece<\/strong>\u00a0en un mundo de asesinos, misterios y detectives.<\/p>\n\n\n\n<div class=\"wp-block-image is-style-default\"><figure class=\"aligncenter size-large\"><img loading=\"lazy\" decoding=\"async\" width=\"624\" height=\"351\" src=\"http:\/\/infoecos.com.ar\/wp-content\/uploads\/2021\/09\/UXJFSKNN7ZBRHJP3XKZPEBT7AU.jpg\" alt=\"\" class=\"wp-image-85567\" srcset=\"https:\/\/infoecos.com.ar\/wp-content\/uploads\/2021\/09\/UXJFSKNN7ZBRHJP3XKZPEBT7AU.jpg 624w, https:\/\/infoecos.com.ar\/wp-content\/uploads\/2021\/09\/UXJFSKNN7ZBRHJP3XKZPEBT7AU-460x259.jpg 460w\" sizes=\"(max-width: 624px) 100vw, 624px\" \/><\/figure><\/div>\n\n\n\n<p>La<strong>\u00a0pel\u00edcula tendr\u00e1 lugar en un retiro de personas mayores pero que cuenta con todo tipo de lujos<\/strong>, seg\u00fan adelant\u00f3 Variety. En aquel lugar\u00a0<strong>dos residentes son encontrados muertos<\/strong>\u00a0y, a partir de las caracter\u00edsticas de la escena, se presume que podr\u00eda tratarse de un doble homicidio.Por lo tanto,\u00a0<strong>Joe Mulwray<\/strong>, el personaje que interpretar\u00e1 Morgan\u00a0<strong>Freeman<\/strong>, y su colega\u00a0<strong>William Keys<\/strong>, que en este caso ser\u00e1 Danny\u00a0<strong>DeVito<\/strong>\u00a0estar\u00e1n\u00a0<strong>a cargo de la investigaci\u00f3n<\/strong>\u00a0para conocer m\u00e1s acerca del caso. Aunque\u00a0<strong>al avanzar en la historia descubrir\u00e1n que nada es lo que parece<\/strong>\u00a0y debajo de las apariencias ideales de la residencia<strong>\u00a0se esconde un submundo de misterio y negocios turbios.<\/strong><\/p>\n\n\n\n<p>As\u00ed, ser\u00e1\u00a0<strong>Al Pacino bajo el nombre de Harvey Stride<\/strong>\u00a0quien\u00a0<strong>protagonizar\u00e1 al l\u00edder del entorno peligroso<\/strong>, en el que se fusionan los mundos de asesinatos por encargo y las drogas. A su lado,\u00a0<strong>Helen Mirren, en el papel de una femme fatale ser\u00e1 la mujer que acompa\u00f1a a Stride,\u00a0<\/strong>conocida como \u2018La ara\u00f1a\u2019.Mientras que<strong>\u00a0la pel\u00edcula tiene una trama prometedora y novedosa<\/strong>, tambi\u00e9n\u00a0<strong>tendr\u00e1 sus posibilidades de ser la m\u00e1s taquillerapor<\/strong>\u00a0c\u00f3mo est\u00e1 conformado\u00a0<strong>el elenco<\/strong>. Aunque\u00a0<strong>cada\u00a0<\/strong><a rel=\"noreferrer noopener\" href=\"https:\/\/radiomitre.cienradios.com\/espectaculos\/celebrities\/stanley-tucci-el-actor-de-el-diablo-viste-a-la-moda-confeso-que-tiene-cancer\/\" target=\"_blank\"><strong>actor\u00a0<\/strong><\/a><strong>cuenta con sus proyectos cinematogr\u00e1ficos<\/strong>, la reuni\u00f3n de los cuatro representa un llamativo aspecto para los amantes del cine y que son fieles seguidores de las cl\u00e1sicas estrellas de Hollywood.<\/p>\n\n\n\n<p><strong>Gentileza: radiomitre.com.ar<\/strong><\/p>\n","protected":false},"excerpt":{"rendered":"<p>La pel\u00edcula tendr\u00e1 lugar en un retiro de personas mayores pero que cuenta con todo tipo de lujos, seg\u00fan adelant\u00f3 Variety<\/p>\n","protected":false},"author":2,"featured_media":85567,"comment_status":"closed","ping_status":"open","sticky":false,"template":"","format":"standard","meta":{"footnotes":""},"categories":[43],"tags":[5050],"class_list":["post-85566","post","type-post","status-publish","format-standard","has-post-thumbnail","hentry","category-inferior4","tag-iecos-espectaculos-2"],"yoast_head":"<!-- This site is optimized with the Yoast SEO plugin v23.4 - https:\/\/yoast.com\/wordpress\/plugins\/seo\/ -->\n<title>Morgan Freeman, Al Pacino, Helen Mirren y Danny DeVito juntos en &quot;Snif&quot; pel\u00edcula dirigida por Taylor Hackford - Infoecos<\/title>\n<meta name=\"robots\" content=\"index, follow, max-snippet:-1, max-image-preview:large, max-video-preview:-1\" \/>\n<link rel=\"canonical\" href=\"https:\/\/infoecos.com.ar\/index.php\/morgan-freeman-al-pacino-helen-mirren-y-danny-devito-juntos-en-snif-pelicula-dirigida-por-taylor-hackford\/\" \/>\n<meta property=\"og:locale\" content=\"es_ES\" \/>\n<meta property=\"og:type\" content=\"article\" \/>\n<meta property=\"og:title\" content=\"Morgan Freeman, Al Pacino, Helen Mirren y Danny DeVito juntos en &quot;Snif&quot; pel\u00edcula dirigida por Taylor Hackford - Infoecos\" \/>\n<meta property=\"og:description\" content=\"La pel\u00edcula tendr\u00e1 lugar en un retiro de personas mayores pero que cuenta con todo tipo de lujos, seg\u00fan adelant\u00f3 Variety\" \/>\n<meta property=\"og:url\" content=\"https:\/\/infoecos.com.ar\/index.php\/morgan-freeman-al-pacino-helen-mirren-y-danny-devito-juntos-en-snif-pelicula-dirigida-por-taylor-hackford\/\" \/>\n<meta property=\"og:site_name\" content=\"Infoecos\" \/>\n<meta property=\"article:publisher\" content=\"https:\/\/www.facebook.com\/profile.php?id=100063200290284\" \/>\n<meta property=\"article:published_time\" content=\"2021-09-09T09:59:55+00:00\" \/>\n<meta property=\"article:modified_time\" content=\"2021-09-09T09:59:56+00:00\" \/>\n<meta property=\"og:image\" content=\"https:\/\/infoecos.com.ar\/wp-content\/uploads\/2021\/09\/UXJFSKNN7ZBRHJP3XKZPEBT7AU.jpg\" \/>\n\t<meta property=\"og:image:width\" content=\"624\" \/>\n\t<meta property=\"og:image:height\" content=\"351\" \/>\n\t<meta property=\"og:image:type\" content=\"image\/jpeg\" \/>\n<meta name=\"author\" content=\"Jorge Matheus\" \/>\n<meta name=\"twitter:card\" content=\"summary_large_image\" \/>\n<meta name=\"twitter:creator\" content=\"@infoecos\" \/>\n<meta name=\"twitter:site\" content=\"@infoecos\" \/>\n<meta name=\"twitter:label1\" content=\"Escrito por\" \/>\n\t<meta name=\"twitter:data1\" content=\"Jorge Matheus\" \/>\n\t<meta name=\"twitter:label2\" content=\"Tiempo de lectura\" \/>\n\t<meta name=\"twitter:data2\" content=\"2 minutos\" \/>\n<script type=\"application\/ld+json\" class=\"yoast-schema-graph\">{\"@context\":\"https:\/\/schema.org\",\"@graph\":[{\"@type\":\"Article\",\"@id\":\"https:\/\/infoecos.com.ar\/index.php\/morgan-freeman-al-pacino-helen-mirren-y-danny-devito-juntos-en-snif-pelicula-dirigida-por-taylor-hackford\/#article\",\"isPartOf\":{\"@id\":\"https:\/\/infoecos.com.ar\/index.php\/morgan-freeman-al-pacino-helen-mirren-y-danny-devito-juntos-en-snif-pelicula-dirigida-por-taylor-hackford\/\"},\"author\":{\"name\":\"Jorge Matheus\",\"@id\":\"https:\/\/infoecos.com.ar\/#\/schema\/person\/8f5ace5ce73b4b4aac4b7245aee6f191\"},\"headline\":\"Morgan Freeman, Al Pacino, Helen Mirren y Danny DeVito juntos en \u00abSnif\u00bb pel\u00edcula dirigida por Taylor Hackford\",\"datePublished\":\"2021-09-09T09:59:55+00:00\",\"dateModified\":\"2021-09-09T09:59:56+00:00\",\"mainEntityOfPage\":{\"@id\":\"https:\/\/infoecos.com.ar\/index.php\/morgan-freeman-al-pacino-helen-mirren-y-danny-devito-juntos-en-snif-pelicula-dirigida-por-taylor-hackford\/\"},\"wordCount\":389,\"publisher\":{\"@id\":\"https:\/\/infoecos.com.ar\/#organization\"},\"image\":{\"@id\":\"https:\/\/infoecos.com.ar\/index.php\/morgan-freeman-al-pacino-helen-mirren-y-danny-devito-juntos-en-snif-pelicula-dirigida-por-taylor-hackford\/#primaryimage\"},\"thumbnailUrl\":\"https:\/\/infoecos.com.ar\/wp-content\/uploads\/2021\/09\/UXJFSKNN7ZBRHJP3XKZPEBT7AU.jpg\",\"keywords\":[\"iecos espectaculos\"],\"articleSection\":[\"Bloque inferior - 4\"],\"inLanguage\":\"es\"},{\"@type\":\"WebPage\",\"@id\":\"https:\/\/infoecos.com.ar\/index.php\/morgan-freeman-al-pacino-helen-mirren-y-danny-devito-juntos-en-snif-pelicula-dirigida-por-taylor-hackford\/\",\"url\":\"https:\/\/infoecos.com.ar\/index.php\/morgan-freeman-al-pacino-helen-mirren-y-danny-devito-juntos-en-snif-pelicula-dirigida-por-taylor-hackford\/\",\"name\":\"Morgan Freeman, Al Pacino, Helen Mirren y Danny DeVito juntos en \\\"Snif\\\" pel\u00edcula dirigida por Taylor Hackford - Infoecos\",\"isPartOf\":{\"@id\":\"https:\/\/infoecos.com.ar\/#website\"},\"primaryImageOfPage\":{\"@id\":\"https:\/\/infoecos.com.ar\/index.php\/morgan-freeman-al-pacino-helen-mirren-y-danny-devito-juntos-en-snif-pelicula-dirigida-por-taylor-hackford\/#primaryimage\"},\"image\":{\"@id\":\"https:\/\/infoecos.com.ar\/index.php\/morgan-freeman-al-pacino-helen-mirren-y-danny-devito-juntos-en-snif-pelicula-dirigida-por-taylor-hackford\/#primaryimage\"},\"thumbnailUrl\":\"https:\/\/infoecos.com.ar\/wp-content\/uploads\/2021\/09\/UXJFSKNN7ZBRHJP3XKZPEBT7AU.jpg\",\"datePublished\":\"2021-09-09T09:59:55+00:00\",\"dateModified\":\"2021-09-09T09:59:56+00:00\",\"breadcrumb\":{\"@id\":\"https:\/\/infoecos.com.ar\/index.php\/morgan-freeman-al-pacino-helen-mirren-y-danny-devito-juntos-en-snif-pelicula-dirigida-por-taylor-hackford\/#breadcrumb\"},\"inLanguage\":\"es\",\"potentialAction\":[{\"@type\":\"ReadAction\",\"target\":[\"https:\/\/infoecos.com.ar\/index.php\/morgan-freeman-al-pacino-helen-mirren-y-danny-devito-juntos-en-snif-pelicula-dirigida-por-taylor-hackford\/\"]}]},{\"@type\":\"ImageObject\",\"inLanguage\":\"es\",\"@id\":\"https:\/\/infoecos.com.ar\/index.php\/morgan-freeman-al-pacino-helen-mirren-y-danny-devito-juntos-en-snif-pelicula-dirigida-por-taylor-hackford\/#primaryimage\",\"url\":\"https:\/\/infoecos.com.ar\/wp-content\/uploads\/2021\/09\/UXJFSKNN7ZBRHJP3XKZPEBT7AU.jpg\",\"contentUrl\":\"https:\/\/infoecos.com.ar\/wp-content\/uploads\/2021\/09\/UXJFSKNN7ZBRHJP3XKZPEBT7AU.jpg\",\"width\":624,\"height\":351},{\"@type\":\"BreadcrumbList\",\"@id\":\"https:\/\/infoecos.com.ar\/index.php\/morgan-freeman-al-pacino-helen-mirren-y-danny-devito-juntos-en-snif-pelicula-dirigida-por-taylor-hackford\/#breadcrumb\",\"itemListElement\":[{\"@type\":\"ListItem\",\"position\":1,\"name\":\"Portada\",\"item\":\"https:\/\/infoecos.com.ar\/\"},{\"@type\":\"ListItem\",\"position\":2,\"name\":\"Morgan Freeman, Al Pacino, Helen Mirren y Danny DeVito juntos en \u00abSnif\u00bb pel\u00edcula dirigida por Taylor Hackford\"}]},{\"@type\":\"WebSite\",\"@id\":\"https:\/\/infoecos.com.ar\/#website\",\"url\":\"https:\/\/infoecos.com.ar\/\",\"name\":\"Infoecos\",\"description\":\"Noticias de trenque lauquen y la zona\",\"publisher\":{\"@id\":\"https:\/\/infoecos.com.ar\/#organization\"},\"alternateName\":\"Noticias\",\"potentialAction\":[{\"@type\":\"SearchAction\",\"target\":{\"@type\":\"EntryPoint\",\"urlTemplate\":\"https:\/\/infoecos.com.ar\/?s={search_term_string}\"},\"query-input\":{\"@type\":\"PropertyValueSpecification\",\"valueRequired\":true,\"valueName\":\"search_term_string\"}}],\"inLanguage\":\"es\"},{\"@type\":\"Organization\",\"@id\":\"https:\/\/infoecos.com.ar\/#organization\",\"name\":\"Infoecos\",\"alternateName\":\"Noticias\",\"url\":\"https:\/\/infoecos.com.ar\/\",\"logo\":{\"@type\":\"ImageObject\",\"inLanguage\":\"es\",\"@id\":\"https:\/\/infoecos.com.ar\/#\/schema\/logo\/image\/\",\"url\":\"https:\/\/infoecos.com.ar\/wp-content\/uploads\/2024\/03\/cropped-logo.png\",\"contentUrl\":\"https:\/\/infoecos.com.ar\/wp-content\/uploads\/2024\/03\/cropped-logo.png\",\"width\":374,\"height\":90,\"caption\":\"Infoecos\"},\"image\":{\"@id\":\"https:\/\/infoecos.com.ar\/#\/schema\/logo\/image\/\"},\"sameAs\":[\"https:\/\/www.facebook.com\/profile.php?id=100063200290284\",\"https:\/\/x.com\/infoecos\"]},{\"@type\":\"Person\",\"@id\":\"https:\/\/infoecos.com.ar\/#\/schema\/person\/8f5ace5ce73b4b4aac4b7245aee6f191\",\"name\":\"Jorge Matheus\",\"url\":\"https:\/\/infoecos.com.ar\/index.php\/author\/jomatheus\/\"}]}<\/script>\n<!-- \/ Yoast SEO plugin. -->","yoast_head_json":{"title":"Morgan Freeman, Al Pacino, Helen Mirren y Danny DeVito juntos en \"Snif\" pel\u00edcula dirigida por Taylor Hackford - Infoecos","robots":{"index":"index","follow":"follow","max-snippet":"max-snippet:-1","max-image-preview":"max-image-preview:large","max-video-preview":"max-video-preview:-1"},"canonical":"https:\/\/infoecos.com.ar\/index.php\/morgan-freeman-al-pacino-helen-mirren-y-danny-devito-juntos-en-snif-pelicula-dirigida-por-taylor-hackford\/","og_locale":"es_ES","og_type":"article","og_title":"Morgan Freeman, Al Pacino, Helen Mirren y Danny DeVito juntos en \"Snif\" pel\u00edcula dirigida por Taylor Hackford - Infoecos","og_description":"La pel\u00edcula tendr\u00e1 lugar en un retiro de personas mayores pero que cuenta con todo tipo de lujos, seg\u00fan adelant\u00f3 Variety","og_url":"https:\/\/infoecos.com.ar\/index.php\/morgan-freeman-al-pacino-helen-mirren-y-danny-devito-juntos-en-snif-pelicula-dirigida-por-taylor-hackford\/","og_site_name":"Infoecos","article_publisher":"https:\/\/www.facebook.com\/profile.php?id=100063200290284","article_published_time":"2021-09-09T09:59:55+00:00","article_modified_time":"2021-09-09T09:59:56+00:00","og_image":[{"width":624,"height":351,"url":"https:\/\/infoecos.com.ar\/wp-content\/uploads\/2021\/09\/UXJFSKNN7ZBRHJP3XKZPEBT7AU.jpg","type":"image\/jpeg"}],"author":"Jorge Matheus","twitter_card":"summary_large_image","twitter_creator":"@infoecos","twitter_site":"@infoecos","twitter_misc":{"Escrito por":"Jorge Matheus","Tiempo de lectura":"2 minutos"},"schema":{"@context":"https:\/\/schema.org","@graph":[{"@type":"Article","@id":"https:\/\/infoecos.com.ar\/index.php\/morgan-freeman-al-pacino-helen-mirren-y-danny-devito-juntos-en-snif-pelicula-dirigida-por-taylor-hackford\/#article","isPartOf":{"@id":"https:\/\/infoecos.com.ar\/index.php\/morgan-freeman-al-pacino-helen-mirren-y-danny-devito-juntos-en-snif-pelicula-dirigida-por-taylor-hackford\/"},"author":{"name":"Jorge Matheus","@id":"https:\/\/infoecos.com.ar\/#\/schema\/person\/8f5ace5ce73b4b4aac4b7245aee6f191"},"headline":"Morgan Freeman, Al Pacino, Helen Mirren y Danny DeVito juntos en \u00abSnif\u00bb pel\u00edcula dirigida por Taylor Hackford","datePublished":"2021-09-09T09:59:55+00:00","dateModified":"2021-09-09T09:59:56+00:00","mainEntityOfPage":{"@id":"https:\/\/infoecos.com.ar\/index.php\/morgan-freeman-al-pacino-helen-mirren-y-danny-devito-juntos-en-snif-pelicula-dirigida-por-taylor-hackford\/"},"wordCount":389,"publisher":{"@id":"https:\/\/infoecos.com.ar\/#organization"},"image":{"@id":"https:\/\/infoecos.com.ar\/index.php\/morgan-freeman-al-pacino-helen-mirren-y-danny-devito-juntos-en-snif-pelicula-dirigida-por-taylor-hackford\/#primaryimage"},"thumbnailUrl":"https:\/\/infoecos.com.ar\/wp-content\/uploads\/2021\/09\/UXJFSKNN7ZBRHJP3XKZPEBT7AU.jpg","keywords":["iecos espectaculos"],"articleSection":["Bloque inferior - 4"],"inLanguage":"es"},{"@type":"WebPage","@id":"https:\/\/infoecos.com.ar\/index.php\/morgan-freeman-al-pacino-helen-mirren-y-danny-devito-juntos-en-snif-pelicula-dirigida-por-taylor-hackford\/","url":"https:\/\/infoecos.com.ar\/index.php\/morgan-freeman-al-pacino-helen-mirren-y-danny-devito-juntos-en-snif-pelicula-dirigida-por-taylor-hackford\/","name":"Morgan Freeman, Al Pacino, Helen Mirren y Danny DeVito juntos en \"Snif\" pel\u00edcula dirigida por Taylor Hackford - Infoecos","isPartOf":{"@id":"https:\/\/infoecos.com.ar\/#website"},"primaryImageOfPage":{"@id":"https:\/\/infoecos.com.ar\/index.php\/morgan-freeman-al-pacino-helen-mirren-y-danny-devito-juntos-en-snif-pelicula-dirigida-por-taylor-hackford\/#primaryimage"},"image":{"@id":"https:\/\/infoecos.com.ar\/index.php\/morgan-freeman-al-pacino-helen-mirren-y-danny-devito-juntos-en-snif-pelicula-dirigida-por-taylor-hackford\/#primaryimage"},"thumbnailUrl":"https:\/\/infoecos.com.ar\/wp-content\/uploads\/2021\/09\/UXJFSKNN7ZBRHJP3XKZPEBT7AU.jpg","datePublished":"2021-09-09T09:59:55+00:00","dateModified":"2021-09-09T09:59:56+00:00","breadcrumb":{"@id":"https:\/\/infoecos.com.ar\/index.php\/morgan-freeman-al-pacino-helen-mirren-y-danny-devito-juntos-en-snif-pelicula-dirigida-por-taylor-hackford\/#breadcrumb"},"inLanguage":"es","potentialAction":[{"@type":"ReadAction","target":["https:\/\/infoecos.com.ar\/index.php\/morgan-freeman-al-pacino-helen-mirren-y-danny-devito-juntos-en-snif-pelicula-dirigida-por-taylor-hackford\/"]}]},{"@type":"ImageObject","inLanguage":"es","@id":"https:\/\/infoecos.com.ar\/index.php\/morgan-freeman-al-pacino-helen-mirren-y-danny-devito-juntos-en-snif-pelicula-dirigida-por-taylor-hackford\/#primaryimage","url":"https:\/\/infoecos.com.ar\/wp-content\/uploads\/2021\/09\/UXJFSKNN7ZBRHJP3XKZPEBT7AU.jpg","contentUrl":"https:\/\/infoecos.com.ar\/wp-content\/uploads\/2021\/09\/UXJFSKNN7ZBRHJP3XKZPEBT7AU.jpg","width":624,"height":351},{"@type":"BreadcrumbList","@id":"https:\/\/infoecos.com.ar\/index.php\/morgan-freeman-al-pacino-helen-mirren-y-danny-devito-juntos-en-snif-pelicula-dirigida-por-taylor-hackford\/#breadcrumb","itemListElement":[{"@type":"ListItem","position":1,"name":"Portada","item":"https:\/\/infoecos.com.ar\/"},{"@type":"ListItem","position":2,"name":"Morgan Freeman, Al Pacino, Helen Mirren y Danny DeVito juntos en \u00abSnif\u00bb pel\u00edcula dirigida por Taylor Hackford"}]},{"@type":"WebSite","@id":"https:\/\/infoecos.com.ar\/#website","url":"https:\/\/infoecos.com.ar\/","name":"Infoecos","description":"Noticias de trenque lauquen y la zona","publisher":{"@id":"https:\/\/infoecos.com.ar\/#organization"},"alternateName":"Noticias","potentialAction":[{"@type":"SearchAction","target":{"@type":"EntryPoint","urlTemplate":"https:\/\/infoecos.com.ar\/?s={search_term_string}"},"query-input":{"@type":"PropertyValueSpecification","valueRequired":true,"valueName":"search_term_string"}}],"inLanguage":"es"},{"@type":"Organization","@id":"https:\/\/infoecos.com.ar\/#organization","name":"Infoecos","alternateName":"Noticias","url":"https:\/\/infoecos.com.ar\/","logo":{"@type":"ImageObject","inLanguage":"es","@id":"https:\/\/infoecos.com.ar\/#\/schema\/logo\/image\/","url":"https:\/\/infoecos.com.ar\/wp-content\/uploads\/2024\/03\/cropped-logo.png","contentUrl":"https:\/\/infoecos.com.ar\/wp-content\/uploads\/2024\/03\/cropped-logo.png","width":374,"height":90,"caption":"Infoecos"},"image":{"@id":"https:\/\/infoecos.com.ar\/#\/schema\/logo\/image\/"},"sameAs":["https:\/\/www.facebook.com\/profile.php?id=100063200290284","https:\/\/x.com\/infoecos"]},{"@type":"Person","@id":"https:\/\/infoecos.com.ar\/#\/schema\/person\/8f5ace5ce73b4b4aac4b7245aee6f191","name":"Jorge Matheus","url":"https:\/\/infoecos.com.ar\/index.php\/author\/jomatheus\/"}]}},"featured_image_urls":{"full":["https:\/\/infoecos.com.ar\/wp-content\/uploads\/2021\/09\/UXJFSKNN7ZBRHJP3XKZPEBT7AU.jpg",624,351,false],"thumbnail":["https:\/\/infoecos.com.ar\/wp-content\/uploads\/2021\/09\/UXJFSKNN7ZBRHJP3XKZPEBT7AU-150x150.jpg",150,150,true],"medium":["https:\/\/infoecos.com.ar\/wp-content\/uploads\/2021\/09\/UXJFSKNN7ZBRHJP3XKZPEBT7AU-460x259.jpg",460,259,true],"medium_large":["https:\/\/infoecos.com.ar\/wp-content\/uploads\/2021\/09\/UXJFSKNN7ZBRHJP3XKZPEBT7AU.jpg",624,351,false],"large":["https:\/\/infoecos.com.ar\/wp-content\/uploads\/2021\/09\/UXJFSKNN7ZBRHJP3XKZPEBT7AU.jpg",624,351,false],"1536x1536":["https:\/\/infoecos.com.ar\/wp-content\/uploads\/2021\/09\/UXJFSKNN7ZBRHJP3XKZPEBT7AU.jpg",624,351,false],"2048x2048":["https:\/\/infoecos.com.ar\/wp-content\/uploads\/2021\/09\/UXJFSKNN7ZBRHJP3XKZPEBT7AU.jpg",624,351,false],"covernews-slider-full":["https:\/\/infoecos.com.ar\/wp-content\/uploads\/2021\/09\/UXJFSKNN7ZBRHJP3XKZPEBT7AU.jpg",624,351,false],"covernews-slider-center":["https:\/\/infoecos.com.ar\/wp-content\/uploads\/2021\/09\/UXJFSKNN7ZBRHJP3XKZPEBT7AU.jpg",624,351,false],"covernews-featured":["https:\/\/infoecos.com.ar\/wp-content\/uploads\/2021\/09\/UXJFSKNN7ZBRHJP3XKZPEBT7AU.jpg",624,351,false],"covernews-medium":["https:\/\/infoecos.com.ar\/wp-content\/uploads\/2021\/09\/UXJFSKNN7ZBRHJP3XKZPEBT7AU.jpg",540,304,false],"covernews-medium-square":["https:\/\/infoecos.com.ar\/wp-content\/uploads\/2021\/09\/UXJFSKNN7ZBRHJP3XKZPEBT7AU.jpg",400,225,false]},"author_info":{"info":["Jorge Matheus"]},"category_info":"<a href=\"https:\/\/infoecos.com.ar\/index.php\/category\/inferior4\/\" rel=\"category tag\">Bloque inferior - 4<\/a>","tag_info":"Bloque inferior - 4","comment_count":"0","_links":{"self":[{"href":"https:\/\/infoecos.com.ar\/index.php\/wp-json\/wp\/v2\/posts\/85566"}],"collection":[{"href":"https:\/\/infoecos.com.ar\/index.php\/wp-json\/wp\/v2\/posts"}],"about":[{"href":"https:\/\/infoecos.com.ar\/index.php\/wp-json\/wp\/v2\/types\/post"}],"author":[{"embeddable":true,"href":"https:\/\/infoecos.com.ar\/index.php\/wp-json\/wp\/v2\/users\/2"}],"replies":[{"embeddable":true,"href":"https:\/\/infoecos.com.ar\/index.php\/wp-json\/wp\/v2\/comments?post=85566"}],"version-history":[{"count":1,"href":"https:\/\/infoecos.com.ar\/index.php\/wp-json\/wp\/v2\/posts\/85566\/revisions"}],"predecessor-version":[{"id":85568,"href":"https:\/\/infoecos.com.ar\/index.php\/wp-json\/wp\/v2\/posts\/85566\/revisions\/85568"}],"wp:featuredmedia":[{"embeddable":true,"href":"https:\/\/infoecos.com.ar\/index.php\/wp-json\/wp\/v2\/media\/85567"}],"wp:attachment":[{"href":"https:\/\/infoecos.com.ar\/index.php\/wp-json\/wp\/v2\/media?parent=85566"}],"wp:term":[{"taxonomy":"category","embeddable":true,"href":"https:\/\/infoecos.com.ar\/index.php\/wp-json\/wp\/v2\/categories?post=85566"},{"taxonomy":"post_tag","embeddable":true,"href":"https:\/\/infoecos.com.ar\/index.php\/wp-json\/wp\/v2\/tags?post=85566"}],"curies":[{"name":"wp","href":"https:\/\/api.w.org\/{rel}","templated":true}]}}