{"id":85619,"date":"2021-09-10T04:50:13","date_gmt":"2021-09-10T07:50:13","guid":{"rendered":"http:\/\/infoecos.com.ar\/?p=85619"},"modified":"2021-09-10T04:50:30","modified_gmt":"2021-09-10T07:50:30","slug":"manes-estuvo-en-san-nicolas-y-salto-convocando-a-una-nueva-epica","status":"publish","type":"post","link":"https:\/\/infoecos.com.ar\/index.php\/manes-estuvo-en-san-nicolas-y-salto-convocando-a-una-nueva-epica\/","title":{"rendered":"Manes estuvo en San Nicol\u00e1s y Salto convocando a una nueva \u00e9pica"},"content":{"rendered":"\n<p class=\"wp-block-paragraph\">El\u00a0precandidato\u00a0a\u00a0diputado nacional\u00a0de\u00a0Juntos en la\u00a0provincia de Buenos Aires, Facundo Manes, realiz\u00f3 este jueves el\u00a0cierre\u00a0definitivo de su\u00a0campa\u00f1a\u00a0de cara a las\u00a0elecciones legislativas Primarias\u00a0con una  visita a Salto, su ciudad natal, y a San Nicol\u00e1s.<\/p>\n\n\n\n<div class=\"wp-block-image is-style-default\"><figure class=\"aligncenter size-medium\"><img loading=\"lazy\" decoding=\"async\" width=\"460\" height=\"316\" src=\"http:\/\/infoecos.com.ar\/wp-content\/uploads\/2021\/09\/manesensalto-460x316.jpg\" alt=\"\" class=\"wp-image-85620\" srcset=\"https:\/\/infoecos.com.ar\/wp-content\/uploads\/2021\/09\/manesensalto-460x316.jpg 460w, https:\/\/infoecos.com.ar\/wp-content\/uploads\/2021\/09\/manesensalto-920x632.jpg 920w, https:\/\/infoecos.com.ar\/wp-content\/uploads\/2021\/09\/manesensalto-768x527.jpg 768w, https:\/\/infoecos.com.ar\/wp-content\/uploads\/2021\/09\/manesensalto-1024x703.jpg 1024w, https:\/\/infoecos.com.ar\/wp-content\/uploads\/2021\/09\/manesensalto.jpg 1280w\" sizes=\"auto, (max-width: 460px) 100vw, 460px\" \/><\/figure><\/div>\n\n\n\n<p class=\"wp-block-paragraph\">\u201cPara salir de la decadencia: educaci\u00f3n, educaci\u00f3n, educaci\u00f3n. Inversi\u00f3n en la ciencia. Innovaci\u00f3n tecnol\u00f3gica para el desarrollo productivo\u201d, manifest\u00f3 el referente del espacio Dar El Paso, y convoc\u00f3 a construir una nueva \u00e9pica: \u201cComo en el \u201883 construimos la Democracia, ahora debemos hacerlo con el progreso\u201d.<\/p>\n\n\n\n<p class=\"wp-block-paragraph\">De las recorridas tambi\u00e9n participaron Claudio Alberto Rossi y Viviana Andrea Dirolli, precandidatos a diputados provinciales, y Mariana De Sautu, precandidata a concejal de Pergamino.\u00a0Tambi\u00e9n estuvo Margarita Stolbizer. <\/p>\n","protected":false},"excerpt":{"rendered":"<p>\u201cPara salir de la decadencia: educaci\u00f3n, educaci\u00f3n, educaci\u00f3n. Inversi\u00f3n en la ciencia\u00bb, expres\u00f3 entre otras cosas<\/p>\n","protected":false},"author":2,"featured_media":85620,"comment_status":"closed","ping_status":"open","sticky":false,"template":"","format":"standard","meta":{"footnotes":""},"categories":[25],"tags":[4648],"class_list":["post-85619","post","type-post","status-publish","format-standard","has-post-thumbnail","hentry","category-c3nota1","tag-elecciones-paso-2021"],"featured_image_urls":{"full":["https:\/\/infoecos.com.ar\/wp-content\/uploads\/2021\/09\/manesensalto.jpg",1280,879,false],"thumbnail":["https:\/\/infoecos.com.ar\/wp-content\/uploads\/2021\/09\/manesensalto-150x150.jpg",150,150,true],"medium":["https:\/\/infoecos.com.ar\/wp-content\/uploads\/2021\/09\/manesensalto-460x316.jpg",460,316,true],"medium_large":["https:\/\/infoecos.com.ar\/wp-content\/uploads\/2021\/09\/manesensalto-768x527.jpg",640,439,true],"large":["https:\/\/infoecos.com.ar\/wp-content\/uploads\/2021\/09\/manesensalto-920x632.jpg",640,440,true],"1536x1536":["https:\/\/infoecos.com.ar\/wp-content\/uploads\/2021\/09\/manesensalto.jpg",1280,879,false],"2048x2048":["https:\/\/infoecos.com.ar\/wp-content\/uploads\/2021\/09\/manesensalto.jpg",1280,879,false],"covernews-slider-full":["https:\/\/infoecos.com.ar\/wp-content\/uploads\/2021\/09\/manesensalto.jpg",1041,715,false],"covernews-slider-center":["https:\/\/infoecos.com.ar\/wp-content\/uploads\/2021\/09\/manesensalto-936x879.jpg",532,500,true],"covernews-featured":["https:\/\/infoecos.com.ar\/wp-content\/uploads\/2021\/09\/manesensalto-1024x703.jpg",1024,703,true],"covernews-medium":["https:\/\/infoecos.com.ar\/wp-content\/uploads\/2021\/09\/manesensalto-720x380.jpg",540,285,true],"covernews-medium-square":["https:\/\/infoecos.com.ar\/wp-content\/uploads\/2021\/09\/manesensalto-675x450.jpg",375,250,true]},"author_info":{"info":["Jorge Matheus"]},"category_info":"<a href=\"https:\/\/infoecos.com.ar\/index.php\/category\/c3nota1\/\" rel=\"category tag\">C3 N1<\/a>","tag_info":"C3 N1","comment_count":"0","_links":{"self":[{"href":"https:\/\/infoecos.com.ar\/index.php\/wp-json\/wp\/v2\/posts\/85619","targetHints":{"allow":["GET"]}}],"collection":[{"href":"https:\/\/infoecos.com.ar\/index.php\/wp-json\/wp\/v2\/posts"}],"about":[{"href":"https:\/\/infoecos.com.ar\/index.php\/wp-json\/wp\/v2\/types\/post"}],"author":[{"embeddable":true,"href":"https:\/\/infoecos.com.ar\/index.php\/wp-json\/wp\/v2\/users\/2"}],"replies":[{"embeddable":true,"href":"https:\/\/infoecos.com.ar\/index.php\/wp-json\/wp\/v2\/comments?post=85619"}],"version-history":[{"count":1,"href":"https:\/\/infoecos.com.ar\/index.php\/wp-json\/wp\/v2\/posts\/85619\/revisions"}],"predecessor-version":[{"id":85621,"href":"https:\/\/infoecos.com.ar\/index.php\/wp-json\/wp\/v2\/posts\/85619\/revisions\/85621"}],"wp:featuredmedia":[{"embeddable":true,"href":"https:\/\/infoecos.com.ar\/index.php\/wp-json\/wp\/v2\/media\/85620"}],"wp:attachment":[{"href":"https:\/\/infoecos.com.ar\/index.php\/wp-json\/wp\/v2\/media?parent=85619"}],"wp:term":[{"taxonomy":"category","embeddable":true,"href":"https:\/\/infoecos.com.ar\/index.php\/wp-json\/wp\/v2\/categories?post=85619"},{"taxonomy":"post_tag","embeddable":true,"href":"https:\/\/infoecos.com.ar\/index.php\/wp-json\/wp\/v2\/tags?post=85619"}],"curies":[{"name":"wp","href":"https:\/\/api.w.org\/{rel}","templated":true}]}}