{"id":85648,"date":"2021-09-10T06:08:23","date_gmt":"2021-09-10T09:08:23","guid":{"rendered":"http:\/\/infoecos.com.ar\/?p=85648"},"modified":"2021-09-13T06:32:36","modified_gmt":"2021-09-13T09:32:36","slug":"comenzo-la-veda-electoral-que-se-habra-de-extender-hasta-el-domingo-que-se-prohibe","status":"publish","type":"post","link":"https:\/\/infoecos.com.ar\/index.php\/comenzo-la-veda-electoral-que-se-habra-de-extender-hasta-el-domingo-que-se-prohibe\/","title":{"rendered":"Ya est\u00e1 vigente la veda electoral la que se extender\u00e1 hasta el domingo despu\u00e9s de culminado el comicio"},"content":{"rendered":"\n<p>De acuerdo a lo establecido en el cronograma del Calendario Nacional Electoral, la veda electoral comenz\u00f3 a regir en todo el pa\u00eds a partir a las 8 de la ma\u00f1ana de este viernes y se extender\u00e1 m\u00e1s all\u00e1 del cierre de urnas de las Primarias, Abiertas, Simult\u00e1neas y Obligatorias (PASO) del domingo (12).<\/p>\n\n\n\n<p>Desde el momento en que comenz\u00f3 la veda queda prohibida la realizaci\u00f3n de actos proselitistas hasta el cierre de la votaci\u00f3n el domingo a las 18 horas y la prohibici\u00f3n alcanza todo tipo de declaraciones de propaganda pol\u00edtica por parte de candidatos, funcionarios o comunicadores sociales, y la difusi\u00f3n de encuestas y sondeos preelectorales.<\/p>\n\n\n\n<p>Adem\u00e1s, prev\u00e9 la prohibici\u00f3n de la realizaci\u00f3n de espect\u00e1culos masivos, ya sea culturales, sociales o deportivos, durante todo el domingo y hasta tres horas despu\u00e9s de finalizado el proceso electoral y comprende espect\u00e1culos al aire libre, en recintos cerrados, fiestas teatrales y deportivas y toda de reuni\u00f3n p\u00fablica que no se refiera al acto electoral.<\/p>\n\n\n\n<p>La venta de bebidas alcoh\u00f3licas tambi\u00e9n estar\u00e1 prohibida desde las 20 horas del d\u00eda anterior a la elecci\u00f3n (12 horas antes de la apertura de urnas) y hasta tres horas de finalizados los comicios.<\/p>\n\n\n\n<p>Los ciudadanos que no respeten la veda podr\u00e1n ser denunciados por violaci\u00f3n al C\u00f3digo Electoral, y sancionados si la Justicia comprueba la falta. El C\u00f3digo proh\u00edbe adem\u00e1s \u201cla portaci\u00f3n de armas, el uso de banderas, divisas u otros distintivos durante el d\u00eda de la elecci\u00f3n, doce horas antes y tres horas despu\u00e9s de finalizadas las elecciones\u201d.<\/p>\n\n\n\n<div class=\"wp-block-image is-style-default\"><figure class=\"aligncenter size-medium\"><img loading=\"lazy\" decoding=\"async\" width=\"460\" height=\"198\" src=\"http:\/\/infoecos.com.ar\/wp-content\/uploads\/2021\/07\/eleccionesurnas-460x198.png\" alt=\"\" class=\"wp-image-81973\" srcset=\"https:\/\/infoecos.com.ar\/wp-content\/uploads\/2021\/07\/eleccionesurnas-460x198.png 460w, https:\/\/infoecos.com.ar\/wp-content\/uploads\/2021\/07\/eleccionesurnas-920x395.png 920w, https:\/\/infoecos.com.ar\/wp-content\/uploads\/2021\/07\/eleccionesurnas-768x330.png 768w, https:\/\/infoecos.com.ar\/wp-content\/uploads\/2021\/07\/eleccionesurnas-1024x440.png 1024w, https:\/\/infoecos.com.ar\/wp-content\/uploads\/2021\/07\/eleccionesurnas.png 1278w\" sizes=\"(max-width: 460px) 100vw, 460px\" \/><\/figure><\/div>\n\n\n\n<p>. <strong>PROHIBICIONES<\/strong><\/p>\n\n\n\n<p>Seg\u00fan el art\u00edculo 71 del C\u00f3digo Electoral, durante la jornada electoral queda prohibido:<\/p>\n\n\n\n<p>. Admitir reuniones de electores o dep\u00f3sito de armas durante las horas de la elecci\u00f3n a toda persona que en los centros urbanos habite una casa situada dentro de un radio de ochenta metros (80 m) alrededor de la mesa receptora. Si la finca fuese tomada a viva fuerza deber\u00e1 darse aviso inmediato a la autoridad policial;<\/p>\n\n\n\n<p>. Los espect\u00e1culos populares al aire libre o en recintos cerrados, fiestas teatrales, deportivas y toda clase de reuniones p\u00fablicas que no se refieran al acto electoral, durante su desarrollo y hasta pasadas tres horas de ser clausurado;<\/p>\n\n\n\n<p>. Tener abiertas las casas destinadas al expendio de cualquier clase de bebidas alcoh\u00f3licas hasta transcurridas tres horas del cierre de los comicios;<\/p>\n\n\n\n<p>. Ofrecer o entregar a los electores boletas de sufragio dentro de un radio de ochenta metros (80 m.) de las mesas receptoras de votos, contados sobre la calzada, calle o camino;<\/p>\n\n\n\n<p>. A los electores, la portaci\u00f3n de armas, el uso de banderas, divisas u otros distintivos durante el d\u00eda de la elecci\u00f3n, doce horas antes y tres horas despu\u00e9s de finalizada;<\/p>\n\n\n\n<p>. Realizar actos p\u00fablicos de proselitismo y publicar y difundir encuestas y sondeos preelectorales, desde cuarenta y ocho horas antes de la iniciaci\u00f3n del comicio y hasta el cierre del mismo.<\/p>\n\n\n\n<p>. La apertura de organismos partidarios dentro de un radio de ochenta metros (80 m.) del lugar en que se instalen mesas receptoras de votos. La Junta Electoral Nacional o cualquiera de sus miembros podr\u00e1n disponer el cierre transitorio de los locales que estuvieren en infracci\u00f3n a lo dispuesto precedentemente. No se instalar\u00e1n mesas receptoras a menos de ochenta metros (80 m.) de la sede en que se encuentre el domicilio legal de los partidos nacionales o de distrito.<\/p>\n\n\n\n<p>. Publicar o difundir encuestas y proyecciones sobre el resultado de la elecci\u00f3n durante la realizaci\u00f3n de los comicios y hasta tres horas despu\u00e9s de su cierre.<\/p>\n","protected":false},"excerpt":{"rendered":"<p>De acuerdo a lo establecido en el cronograma del Calendario Nacional Electoral, la veda electoral&#8230;<\/p>\n","protected":false},"author":2,"featured_media":81973,"comment_status":"closed","ping_status":"open","sticky":false,"template":"","format":"standard","meta":{"footnotes":""},"categories":[1341,25],"tags":[4648],"class_list":["post-85648","post","type-post","status-publish","format-standard","has-post-thumbnail","hentry","category-c1nota7","category-c3nota1","tag-elecciones-paso-2021"],"yoast_head":"<!-- This site is optimized with the Yoast SEO plugin v23.4 - https:\/\/yoast.com\/wordpress\/plugins\/seo\/ -->\n<title>Ya est\u00e1 vigente la veda electoral la que se extender\u00e1 hasta el domingo despu\u00e9s de culminado el comicio - Infoecos<\/title>\n<meta name=\"robots\" content=\"index, follow, max-snippet:-1, max-image-preview:large, max-video-preview:-1\" \/>\n<link rel=\"canonical\" href=\"https:\/\/infoecos.com.ar\/index.php\/comenzo-la-veda-electoral-que-se-habra-de-extender-hasta-el-domingo-que-se-prohibe\/\" \/>\n<meta property=\"og:locale\" content=\"es_ES\" \/>\n<meta property=\"og:type\" content=\"article\" \/>\n<meta property=\"og:title\" content=\"Ya est\u00e1 vigente la veda electoral la que se extender\u00e1 hasta el domingo despu\u00e9s de culminado el comicio - Infoecos\" \/>\n<meta property=\"og:description\" content=\"De acuerdo a lo establecido en el cronograma del Calendario Nacional Electoral, la veda electoral...\" \/>\n<meta property=\"og:url\" content=\"https:\/\/infoecos.com.ar\/index.php\/comenzo-la-veda-electoral-que-se-habra-de-extender-hasta-el-domingo-que-se-prohibe\/\" \/>\n<meta property=\"og:site_name\" content=\"Infoecos\" \/>\n<meta property=\"article:publisher\" content=\"https:\/\/www.facebook.com\/profile.php?id=100063200290284\" \/>\n<meta property=\"article:published_time\" content=\"2021-09-10T09:08:23+00:00\" \/>\n<meta property=\"article:modified_time\" content=\"2021-09-13T09:32:36+00:00\" \/>\n<meta property=\"og:image\" content=\"https:\/\/infoecos.com.ar\/wp-content\/uploads\/2021\/07\/eleccionesurnas.png\" \/>\n\t<meta property=\"og:image:width\" content=\"1278\" \/>\n\t<meta property=\"og:image:height\" content=\"549\" \/>\n\t<meta property=\"og:image:type\" content=\"image\/png\" \/>\n<meta name=\"author\" content=\"Jorge Matheus\" \/>\n<meta name=\"twitter:card\" content=\"summary_large_image\" \/>\n<meta name=\"twitter:creator\" content=\"@infoecos\" \/>\n<meta name=\"twitter:site\" content=\"@infoecos\" \/>\n<meta name=\"twitter:label1\" content=\"Escrito por\" \/>\n\t<meta name=\"twitter:data1\" content=\"Jorge Matheus\" \/>\n\t<meta name=\"twitter:label2\" content=\"Tiempo de lectura\" \/>\n\t<meta name=\"twitter:data2\" content=\"3 minutos\" \/>\n<script type=\"application\/ld+json\" class=\"yoast-schema-graph\">{\"@context\":\"https:\/\/schema.org\",\"@graph\":[{\"@type\":\"Article\",\"@id\":\"https:\/\/infoecos.com.ar\/index.php\/comenzo-la-veda-electoral-que-se-habra-de-extender-hasta-el-domingo-que-se-prohibe\/#article\",\"isPartOf\":{\"@id\":\"https:\/\/infoecos.com.ar\/index.php\/comenzo-la-veda-electoral-que-se-habra-de-extender-hasta-el-domingo-que-se-prohibe\/\"},\"author\":{\"name\":\"Jorge Matheus\",\"@id\":\"https:\/\/infoecos.com.ar\/#\/schema\/person\/8f5ace5ce73b4b4aac4b7245aee6f191\"},\"headline\":\"Ya est\u00e1 vigente la veda electoral la que se extender\u00e1 hasta el domingo despu\u00e9s de culminado el comicio\",\"datePublished\":\"2021-09-10T09:08:23+00:00\",\"dateModified\":\"2021-09-13T09:32:36+00:00\",\"mainEntityOfPage\":{\"@id\":\"https:\/\/infoecos.com.ar\/index.php\/comenzo-la-veda-electoral-que-se-habra-de-extender-hasta-el-domingo-que-se-prohibe\/\"},\"wordCount\":636,\"publisher\":{\"@id\":\"https:\/\/infoecos.com.ar\/#organization\"},\"image\":{\"@id\":\"https:\/\/infoecos.com.ar\/index.php\/comenzo-la-veda-electoral-que-se-habra-de-extender-hasta-el-domingo-que-se-prohibe\/#primaryimage\"},\"thumbnailUrl\":\"https:\/\/infoecos.com.ar\/wp-content\/uploads\/2021\/07\/eleccionesurnas.png\",\"keywords\":[\"elecciones paso 2021\"],\"articleSection\":[\"C1 nota 7\",\"C3 N1\"],\"inLanguage\":\"es\"},{\"@type\":\"WebPage\",\"@id\":\"https:\/\/infoecos.com.ar\/index.php\/comenzo-la-veda-electoral-que-se-habra-de-extender-hasta-el-domingo-que-se-prohibe\/\",\"url\":\"https:\/\/infoecos.com.ar\/index.php\/comenzo-la-veda-electoral-que-se-habra-de-extender-hasta-el-domingo-que-se-prohibe\/\",\"name\":\"Ya est\u00e1 vigente la veda electoral la que se extender\u00e1 hasta el domingo despu\u00e9s de culminado el comicio - Infoecos\",\"isPartOf\":{\"@id\":\"https:\/\/infoecos.com.ar\/#website\"},\"primaryImageOfPage\":{\"@id\":\"https:\/\/infoecos.com.ar\/index.php\/comenzo-la-veda-electoral-que-se-habra-de-extender-hasta-el-domingo-que-se-prohibe\/#primaryimage\"},\"image\":{\"@id\":\"https:\/\/infoecos.com.ar\/index.php\/comenzo-la-veda-electoral-que-se-habra-de-extender-hasta-el-domingo-que-se-prohibe\/#primaryimage\"},\"thumbnailUrl\":\"https:\/\/infoecos.com.ar\/wp-content\/uploads\/2021\/07\/eleccionesurnas.png\",\"datePublished\":\"2021-09-10T09:08:23+00:00\",\"dateModified\":\"2021-09-13T09:32:36+00:00\",\"breadcrumb\":{\"@id\":\"https:\/\/infoecos.com.ar\/index.php\/comenzo-la-veda-electoral-que-se-habra-de-extender-hasta-el-domingo-que-se-prohibe\/#breadcrumb\"},\"inLanguage\":\"es\",\"potentialAction\":[{\"@type\":\"ReadAction\",\"target\":[\"https:\/\/infoecos.com.ar\/index.php\/comenzo-la-veda-electoral-que-se-habra-de-extender-hasta-el-domingo-que-se-prohibe\/\"]}]},{\"@type\":\"ImageObject\",\"inLanguage\":\"es\",\"@id\":\"https:\/\/infoecos.com.ar\/index.php\/comenzo-la-veda-electoral-que-se-habra-de-extender-hasta-el-domingo-que-se-prohibe\/#primaryimage\",\"url\":\"https:\/\/infoecos.com.ar\/wp-content\/uploads\/2021\/07\/eleccionesurnas.png\",\"contentUrl\":\"https:\/\/infoecos.com.ar\/wp-content\/uploads\/2021\/07\/eleccionesurnas.png\",\"width\":1278,\"height\":549},{\"@type\":\"BreadcrumbList\",\"@id\":\"https:\/\/infoecos.com.ar\/index.php\/comenzo-la-veda-electoral-que-se-habra-de-extender-hasta-el-domingo-que-se-prohibe\/#breadcrumb\",\"itemListElement\":[{\"@type\":\"ListItem\",\"position\":1,\"name\":\"Portada\",\"item\":\"https:\/\/infoecos.com.ar\/\"},{\"@type\":\"ListItem\",\"position\":2,\"name\":\"Ya est\u00e1 vigente la veda electoral la que se extender\u00e1 hasta el domingo despu\u00e9s de culminado el comicio\"}]},{\"@type\":\"WebSite\",\"@id\":\"https:\/\/infoecos.com.ar\/#website\",\"url\":\"https:\/\/infoecos.com.ar\/\",\"name\":\"Infoecos\",\"description\":\"Noticias de trenque lauquen y la zona\",\"publisher\":{\"@id\":\"https:\/\/infoecos.com.ar\/#organization\"},\"alternateName\":\"Noticias\",\"potentialAction\":[{\"@type\":\"SearchAction\",\"target\":{\"@type\":\"EntryPoint\",\"urlTemplate\":\"https:\/\/infoecos.com.ar\/?s={search_term_string}\"},\"query-input\":{\"@type\":\"PropertyValueSpecification\",\"valueRequired\":true,\"valueName\":\"search_term_string\"}}],\"inLanguage\":\"es\"},{\"@type\":\"Organization\",\"@id\":\"https:\/\/infoecos.com.ar\/#organization\",\"name\":\"Infoecos\",\"alternateName\":\"Noticias\",\"url\":\"https:\/\/infoecos.com.ar\/\",\"logo\":{\"@type\":\"ImageObject\",\"inLanguage\":\"es\",\"@id\":\"https:\/\/infoecos.com.ar\/#\/schema\/logo\/image\/\",\"url\":\"https:\/\/infoecos.com.ar\/wp-content\/uploads\/2024\/03\/cropped-logo.png\",\"contentUrl\":\"https:\/\/infoecos.com.ar\/wp-content\/uploads\/2024\/03\/cropped-logo.png\",\"width\":374,\"height\":90,\"caption\":\"Infoecos\"},\"image\":{\"@id\":\"https:\/\/infoecos.com.ar\/#\/schema\/logo\/image\/\"},\"sameAs\":[\"https:\/\/www.facebook.com\/profile.php?id=100063200290284\",\"https:\/\/x.com\/infoecos\"]},{\"@type\":\"Person\",\"@id\":\"https:\/\/infoecos.com.ar\/#\/schema\/person\/8f5ace5ce73b4b4aac4b7245aee6f191\",\"name\":\"Jorge Matheus\",\"url\":\"https:\/\/infoecos.com.ar\/index.php\/author\/jomatheus\/\"}]}<\/script>\n<!-- \/ Yoast SEO plugin. -->","yoast_head_json":{"title":"Ya est\u00e1 vigente la veda electoral la que se extender\u00e1 hasta el domingo despu\u00e9s de culminado el comicio - Infoecos","robots":{"index":"index","follow":"follow","max-snippet":"max-snippet:-1","max-image-preview":"max-image-preview:large","max-video-preview":"max-video-preview:-1"},"canonical":"https:\/\/infoecos.com.ar\/index.php\/comenzo-la-veda-electoral-que-se-habra-de-extender-hasta-el-domingo-que-se-prohibe\/","og_locale":"es_ES","og_type":"article","og_title":"Ya est\u00e1 vigente la veda electoral la que se extender\u00e1 hasta el domingo despu\u00e9s de culminado el comicio - Infoecos","og_description":"De acuerdo a lo establecido en el cronograma del Calendario Nacional Electoral, la veda electoral...","og_url":"https:\/\/infoecos.com.ar\/index.php\/comenzo-la-veda-electoral-que-se-habra-de-extender-hasta-el-domingo-que-se-prohibe\/","og_site_name":"Infoecos","article_publisher":"https:\/\/www.facebook.com\/profile.php?id=100063200290284","article_published_time":"2021-09-10T09:08:23+00:00","article_modified_time":"2021-09-13T09:32:36+00:00","og_image":[{"width":1278,"height":549,"url":"https:\/\/infoecos.com.ar\/wp-content\/uploads\/2021\/07\/eleccionesurnas.png","type":"image\/png"}],"author":"Jorge Matheus","twitter_card":"summary_large_image","twitter_creator":"@infoecos","twitter_site":"@infoecos","twitter_misc":{"Escrito por":"Jorge Matheus","Tiempo de lectura":"3 minutos"},"schema":{"@context":"https:\/\/schema.org","@graph":[{"@type":"Article","@id":"https:\/\/infoecos.com.ar\/index.php\/comenzo-la-veda-electoral-que-se-habra-de-extender-hasta-el-domingo-que-se-prohibe\/#article","isPartOf":{"@id":"https:\/\/infoecos.com.ar\/index.php\/comenzo-la-veda-electoral-que-se-habra-de-extender-hasta-el-domingo-que-se-prohibe\/"},"author":{"name":"Jorge Matheus","@id":"https:\/\/infoecos.com.ar\/#\/schema\/person\/8f5ace5ce73b4b4aac4b7245aee6f191"},"headline":"Ya est\u00e1 vigente la veda electoral la que se extender\u00e1 hasta el domingo despu\u00e9s de culminado el comicio","datePublished":"2021-09-10T09:08:23+00:00","dateModified":"2021-09-13T09:32:36+00:00","mainEntityOfPage":{"@id":"https:\/\/infoecos.com.ar\/index.php\/comenzo-la-veda-electoral-que-se-habra-de-extender-hasta-el-domingo-que-se-prohibe\/"},"wordCount":636,"publisher":{"@id":"https:\/\/infoecos.com.ar\/#organization"},"image":{"@id":"https:\/\/infoecos.com.ar\/index.php\/comenzo-la-veda-electoral-que-se-habra-de-extender-hasta-el-domingo-que-se-prohibe\/#primaryimage"},"thumbnailUrl":"https:\/\/infoecos.com.ar\/wp-content\/uploads\/2021\/07\/eleccionesurnas.png","keywords":["elecciones paso 2021"],"articleSection":["C1 nota 7","C3 N1"],"inLanguage":"es"},{"@type":"WebPage","@id":"https:\/\/infoecos.com.ar\/index.php\/comenzo-la-veda-electoral-que-se-habra-de-extender-hasta-el-domingo-que-se-prohibe\/","url":"https:\/\/infoecos.com.ar\/index.php\/comenzo-la-veda-electoral-que-se-habra-de-extender-hasta-el-domingo-que-se-prohibe\/","name":"Ya est\u00e1 vigente la veda electoral la que se extender\u00e1 hasta el domingo despu\u00e9s de culminado el comicio - Infoecos","isPartOf":{"@id":"https:\/\/infoecos.com.ar\/#website"},"primaryImageOfPage":{"@id":"https:\/\/infoecos.com.ar\/index.php\/comenzo-la-veda-electoral-que-se-habra-de-extender-hasta-el-domingo-que-se-prohibe\/#primaryimage"},"image":{"@id":"https:\/\/infoecos.com.ar\/index.php\/comenzo-la-veda-electoral-que-se-habra-de-extender-hasta-el-domingo-que-se-prohibe\/#primaryimage"},"thumbnailUrl":"https:\/\/infoecos.com.ar\/wp-content\/uploads\/2021\/07\/eleccionesurnas.png","datePublished":"2021-09-10T09:08:23+00:00","dateModified":"2021-09-13T09:32:36+00:00","breadcrumb":{"@id":"https:\/\/infoecos.com.ar\/index.php\/comenzo-la-veda-electoral-que-se-habra-de-extender-hasta-el-domingo-que-se-prohibe\/#breadcrumb"},"inLanguage":"es","potentialAction":[{"@type":"ReadAction","target":["https:\/\/infoecos.com.ar\/index.php\/comenzo-la-veda-electoral-que-se-habra-de-extender-hasta-el-domingo-que-se-prohibe\/"]}]},{"@type":"ImageObject","inLanguage":"es","@id":"https:\/\/infoecos.com.ar\/index.php\/comenzo-la-veda-electoral-que-se-habra-de-extender-hasta-el-domingo-que-se-prohibe\/#primaryimage","url":"https:\/\/infoecos.com.ar\/wp-content\/uploads\/2021\/07\/eleccionesurnas.png","contentUrl":"https:\/\/infoecos.com.ar\/wp-content\/uploads\/2021\/07\/eleccionesurnas.png","width":1278,"height":549},{"@type":"BreadcrumbList","@id":"https:\/\/infoecos.com.ar\/index.php\/comenzo-la-veda-electoral-que-se-habra-de-extender-hasta-el-domingo-que-se-prohibe\/#breadcrumb","itemListElement":[{"@type":"ListItem","position":1,"name":"Portada","item":"https:\/\/infoecos.com.ar\/"},{"@type":"ListItem","position":2,"name":"Ya est\u00e1 vigente la veda electoral la que se extender\u00e1 hasta el domingo despu\u00e9s de culminado el comicio"}]},{"@type":"WebSite","@id":"https:\/\/infoecos.com.ar\/#website","url":"https:\/\/infoecos.com.ar\/","name":"Infoecos","description":"Noticias de trenque lauquen y la zona","publisher":{"@id":"https:\/\/infoecos.com.ar\/#organization"},"alternateName":"Noticias","potentialAction":[{"@type":"SearchAction","target":{"@type":"EntryPoint","urlTemplate":"https:\/\/infoecos.com.ar\/?s={search_term_string}"},"query-input":{"@type":"PropertyValueSpecification","valueRequired":true,"valueName":"search_term_string"}}],"inLanguage":"es"},{"@type":"Organization","@id":"https:\/\/infoecos.com.ar\/#organization","name":"Infoecos","alternateName":"Noticias","url":"https:\/\/infoecos.com.ar\/","logo":{"@type":"ImageObject","inLanguage":"es","@id":"https:\/\/infoecos.com.ar\/#\/schema\/logo\/image\/","url":"https:\/\/infoecos.com.ar\/wp-content\/uploads\/2024\/03\/cropped-logo.png","contentUrl":"https:\/\/infoecos.com.ar\/wp-content\/uploads\/2024\/03\/cropped-logo.png","width":374,"height":90,"caption":"Infoecos"},"image":{"@id":"https:\/\/infoecos.com.ar\/#\/schema\/logo\/image\/"},"sameAs":["https:\/\/www.facebook.com\/profile.php?id=100063200290284","https:\/\/x.com\/infoecos"]},{"@type":"Person","@id":"https:\/\/infoecos.com.ar\/#\/schema\/person\/8f5ace5ce73b4b4aac4b7245aee6f191","name":"Jorge Matheus","url":"https:\/\/infoecos.com.ar\/index.php\/author\/jomatheus\/"}]}},"featured_image_urls":{"full":["https:\/\/infoecos.com.ar\/wp-content\/uploads\/2021\/07\/eleccionesurnas.png",1278,549,false],"thumbnail":["https:\/\/infoecos.com.ar\/wp-content\/uploads\/2021\/07\/eleccionesurnas-150x150.png",150,150,true],"medium":["https:\/\/infoecos.com.ar\/wp-content\/uploads\/2021\/07\/eleccionesurnas-460x198.png",460,198,true],"medium_large":["https:\/\/infoecos.com.ar\/wp-content\/uploads\/2021\/07\/eleccionesurnas-768x330.png",640,275,true],"large":["https:\/\/infoecos.com.ar\/wp-content\/uploads\/2021\/07\/eleccionesurnas-920x395.png",640,275,true],"1536x1536":["https:\/\/infoecos.com.ar\/wp-content\/uploads\/2021\/07\/eleccionesurnas.png",1278,549,false],"2048x2048":["https:\/\/infoecos.com.ar\/wp-content\/uploads\/2021\/07\/eleccionesurnas.png",1278,549,false],"covernews-slider-full":["https:\/\/infoecos.com.ar\/wp-content\/uploads\/2021\/07\/eleccionesurnas.png",1115,479,false],"covernews-slider-center":["https:\/\/infoecos.com.ar\/wp-content\/uploads\/2021\/07\/eleccionesurnas-936x549.png",800,469,true],"covernews-featured":["https:\/\/infoecos.com.ar\/wp-content\/uploads\/2021\/07\/eleccionesurnas-1024x440.png",1024,440,true],"covernews-medium":["https:\/\/infoecos.com.ar\/wp-content\/uploads\/2021\/07\/eleccionesurnas-720x380.png",540,285,true],"covernews-medium-square":["https:\/\/infoecos.com.ar\/wp-content\/uploads\/2021\/07\/eleccionesurnas-675x450.png",375,250,true]},"author_info":{"info":["Jorge Matheus"]},"category_info":"<a href=\"https:\/\/infoecos.com.ar\/index.php\/category\/c1nota7\/\" rel=\"category tag\">C1 nota 7<\/a> <a href=\"https:\/\/infoecos.com.ar\/index.php\/category\/c3nota1\/\" rel=\"category tag\">C3 N1<\/a>","tag_info":"C3 N1","comment_count":"0","_links":{"self":[{"href":"https:\/\/infoecos.com.ar\/index.php\/wp-json\/wp\/v2\/posts\/85648"}],"collection":[{"href":"https:\/\/infoecos.com.ar\/index.php\/wp-json\/wp\/v2\/posts"}],"about":[{"href":"https:\/\/infoecos.com.ar\/index.php\/wp-json\/wp\/v2\/types\/post"}],"author":[{"embeddable":true,"href":"https:\/\/infoecos.com.ar\/index.php\/wp-json\/wp\/v2\/users\/2"}],"replies":[{"embeddable":true,"href":"https:\/\/infoecos.com.ar\/index.php\/wp-json\/wp\/v2\/comments?post=85648"}],"version-history":[{"count":2,"href":"https:\/\/infoecos.com.ar\/index.php\/wp-json\/wp\/v2\/posts\/85648\/revisions"}],"predecessor-version":[{"id":85687,"href":"https:\/\/infoecos.com.ar\/index.php\/wp-json\/wp\/v2\/posts\/85648\/revisions\/85687"}],"wp:featuredmedia":[{"embeddable":true,"href":"https:\/\/infoecos.com.ar\/index.php\/wp-json\/wp\/v2\/media\/81973"}],"wp:attachment":[{"href":"https:\/\/infoecos.com.ar\/index.php\/wp-json\/wp\/v2\/media?parent=85648"}],"wp:term":[{"taxonomy":"category","embeddable":true,"href":"https:\/\/infoecos.com.ar\/index.php\/wp-json\/wp\/v2\/categories?post=85648"},{"taxonomy":"post_tag","embeddable":true,"href":"https:\/\/infoecos.com.ar\/index.php\/wp-json\/wp\/v2\/tags?post=85648"}],"curies":[{"name":"wp","href":"https:\/\/api.w.org\/{rel}","templated":true}]}}