{"id":85652,"date":"2021-09-10T06:22:01","date_gmt":"2021-09-10T09:22:01","guid":{"rendered":"http:\/\/infoecos.com.ar\/?p=85652"},"modified":"2021-09-10T06:22:02","modified_gmt":"2021-09-10T09:22:02","slug":"cinthia-fernandez-los-herederos-de-tita-merello-iniciaran-una-causa-judicial-contra-cinthia-fernandez","status":"publish","type":"post","link":"https:\/\/infoecos.com.ar\/index.php\/cinthia-fernandez-los-herederos-de-tita-merello-iniciaran-una-causa-judicial-contra-cinthia-fernandez\/","title":{"rendered":"Cinthia Fern\u00e1ndez los herederos de Tita Merello iniciar\u00e1n una causa judicial contra Cinthia Fern\u00e1ndez"},"content":{"rendered":"\n<p class=\"wp-block-paragraph\">Al ritmo de\u00a0<em>Se dice de m\u00ed<\/em>, de Tita Merello,\u00a0<a href=\"https:\/\/www.eldestapeweb.com\/tag\/cinthia-fernandez\">Cinthia Fern\u00e1ndez<\/a>\u00a0se convirti\u00f3 en tendencia luego de su striptease frente al Congreso\u00a0para promocionar su campa\u00f1a en las pr\u00f3ximas\u00a0<a href=\"https:\/\/www.eldestapeweb.com\/tag\/elecciones-2021\">elecciones legislativas<\/a>. El video de la pol\u00e9mica lleg\u00f3 hasta\u00a0los herederos de la notable cantante, quienes manifestaron todo su disgusto con la precandidata.<\/p>\n\n\n\n<div class=\"wp-block-image is-style-default\"><figure class=\"aligncenter size-large\"><img loading=\"lazy\" decoding=\"async\" width=\"580\" height=\"326\" src=\"http:\/\/infoecos.com.ar\/wp-content\/uploads\/2021\/09\/cola_cinthiafernandez-1.jpg\" alt=\"\" class=\"wp-image-85564\" srcset=\"https:\/\/infoecos.com.ar\/wp-content\/uploads\/2021\/09\/cola_cinthiafernandez-1.jpg 580w, https:\/\/infoecos.com.ar\/wp-content\/uploads\/2021\/09\/cola_cinthiafernandez-1-460x259.jpg 460w\" sizes=\"auto, (max-width: 580px) 100vw, 580px\" \/><\/figure><\/div>\n\n\n\n<p class=\"wp-block-paragraph\">Francisco Canaro y Ivo Pelay, herederos de Tita Merello, se enojaron al ver que la canci\u00f3n se utiliz\u00f3 sin ning\u00fan tipo de permiso\u00a0y, sobre todo, con fines pol\u00edticos, motivos por los cuales\u00a0iniciaron una denuncia contra la modelo y ex participante de\u00a0<em>ShowMatch<\/em>\u00a0que se lanz\u00f3 a la pol\u00edtica, en la misma agrupaci\u00f3n que la antiderechos Amalia Granata.<\/p>\n\n\n\n<p class=\"wp-block-paragraph\">La informaci\u00f3n fue revelada por Mar\u00eda Isabel S\u00e1nchez, en\u00a0<em>Radio Mitre.<\/em>\u00a0Este episodio se suma a las denuncias de la viuda de Sandro, el hijo de Sergio Denis, el cantante de La Renga y Andr\u00e9s Calamaro, quienes mostraron su disconformidad ante el uso de sus canciones para spots de campa\u00f1a<strong>,<\/strong>\u00a0adem\u00e1s de advertir que en ning\u00fan caso se les pidi\u00f3 permiso para hacerlo.<\/p>\n","protected":false},"excerpt":{"rendered":"<p>Francisco Canaro y Ivo Pelay, herederos de Tita Merello, se enojaron al ver que la canci\u00f3n \u00abSe dice de m\u00ed\u00bb se utiliz\u00f3 sin ning\u00fan tipo de permiso<\/p>\n","protected":false},"author":2,"featured_media":85564,"comment_status":"closed","ping_status":"open","sticky":false,"template":"","format":"standard","meta":{"footnotes":""},"categories":[40],"tags":[5014],"class_list":["post-85652","post","type-post","status-publish","format-standard","has-post-thumbnail","hentry","category-inferior1","tag-iecos-espectaculos"],"featured_image_urls":{"full":["https:\/\/infoecos.com.ar\/wp-content\/uploads\/2021\/09\/cola_cinthiafernandez-1.jpg",580,326,false],"thumbnail":["https:\/\/infoecos.com.ar\/wp-content\/uploads\/2021\/09\/cola_cinthiafernandez-1-150x150.jpg",150,150,true],"medium":["https:\/\/infoecos.com.ar\/wp-content\/uploads\/2021\/09\/cola_cinthiafernandez-1-460x259.jpg",460,259,true],"medium_large":["https:\/\/infoecos.com.ar\/wp-content\/uploads\/2021\/09\/cola_cinthiafernandez-1.jpg",580,326,false],"large":["https:\/\/infoecos.com.ar\/wp-content\/uploads\/2021\/09\/cola_cinthiafernandez-1.jpg",580,326,false],"1536x1536":["https:\/\/infoecos.com.ar\/wp-content\/uploads\/2021\/09\/cola_cinthiafernandez-1.jpg",580,326,false],"2048x2048":["https:\/\/infoecos.com.ar\/wp-content\/uploads\/2021\/09\/cola_cinthiafernandez-1.jpg",580,326,false],"covernews-slider-full":["https:\/\/infoecos.com.ar\/wp-content\/uploads\/2021\/09\/cola_cinthiafernandez-1.jpg",580,326,false],"covernews-slider-center":["https:\/\/infoecos.com.ar\/wp-content\/uploads\/2021\/09\/cola_cinthiafernandez-1.jpg",580,326,false],"covernews-featured":["https:\/\/infoecos.com.ar\/wp-content\/uploads\/2021\/09\/cola_cinthiafernandez-1.jpg",580,326,false],"covernews-medium":["https:\/\/infoecos.com.ar\/wp-content\/uploads\/2021\/09\/cola_cinthiafernandez-1.jpg",540,304,false],"covernews-medium-square":["https:\/\/infoecos.com.ar\/wp-content\/uploads\/2021\/09\/cola_cinthiafernandez-1.jpg",400,225,false]},"author_info":{"info":["Jorge Matheus"]},"category_info":"<a href=\"https:\/\/infoecos.com.ar\/index.php\/category\/inferior1\/\" rel=\"category tag\">Bloque inferior - 1<\/a>","tag_info":"Bloque inferior - 1","comment_count":"0","_links":{"self":[{"href":"https:\/\/infoecos.com.ar\/index.php\/wp-json\/wp\/v2\/posts\/85652","targetHints":{"allow":["GET"]}}],"collection":[{"href":"https:\/\/infoecos.com.ar\/index.php\/wp-json\/wp\/v2\/posts"}],"about":[{"href":"https:\/\/infoecos.com.ar\/index.php\/wp-json\/wp\/v2\/types\/post"}],"author":[{"embeddable":true,"href":"https:\/\/infoecos.com.ar\/index.php\/wp-json\/wp\/v2\/users\/2"}],"replies":[{"embeddable":true,"href":"https:\/\/infoecos.com.ar\/index.php\/wp-json\/wp\/v2\/comments?post=85652"}],"version-history":[{"count":1,"href":"https:\/\/infoecos.com.ar\/index.php\/wp-json\/wp\/v2\/posts\/85652\/revisions"}],"predecessor-version":[{"id":85653,"href":"https:\/\/infoecos.com.ar\/index.php\/wp-json\/wp\/v2\/posts\/85652\/revisions\/85653"}],"wp:featuredmedia":[{"embeddable":true,"href":"https:\/\/infoecos.com.ar\/index.php\/wp-json\/wp\/v2\/media\/85564"}],"wp:attachment":[{"href":"https:\/\/infoecos.com.ar\/index.php\/wp-json\/wp\/v2\/media?parent=85652"}],"wp:term":[{"taxonomy":"category","embeddable":true,"href":"https:\/\/infoecos.com.ar\/index.php\/wp-json\/wp\/v2\/categories?post=85652"},{"taxonomy":"post_tag","embeddable":true,"href":"https:\/\/infoecos.com.ar\/index.php\/wp-json\/wp\/v2\/tags?post=85652"}],"curies":[{"name":"wp","href":"https:\/\/api.w.org\/{rel}","templated":true}]}}