{"id":85674,"date":"2021-09-10T19:47:23","date_gmt":"2021-09-10T22:47:23","guid":{"rendered":"http:\/\/infoecos.com.ar\/?p=85674"},"modified":"2021-09-11T15:54:51","modified_gmt":"2021-09-11T18:54:51","slug":"habra-clases-en-las-escuelas-donde-se-vote-y-no-habra-vacunacion-este-domingo","status":"publish","type":"post","link":"https:\/\/infoecos.com.ar\/index.php\/habra-clases-en-las-escuelas-donde-se-vote-y-no-habra-vacunacion-este-domingo\/","title":{"rendered":"Habr\u00e1 clases en las escuelas donde se vote  y sin vacunaci\u00f3n este domingo"},"content":{"rendered":"\n<p class=\"wp-block-paragraph\">El Gobierno de la provincia de Buenos Aires asegur\u00f3 el dictado de clases, el lunes pr\u00f3ximo, en aquellas escuelas donde se desarrolle la votaci\u00f3n de las elecciones PASO.<\/p>\n\n\n\n<div class=\"wp-block-image is-style-default\"><figure class=\"aligncenter size-medium\"><img loading=\"lazy\" decoding=\"async\" width=\"460\" height=\"306\" src=\"http:\/\/infoecos.com.ar\/wp-content\/uploads\/2020\/09\/casagobietrnobsa-460x306.jpg\" alt=\"\" class=\"wp-image-68637\" srcset=\"https:\/\/infoecos.com.ar\/wp-content\/uploads\/2020\/09\/casagobietrnobsa-460x306.jpg 460w, https:\/\/infoecos.com.ar\/wp-content\/uploads\/2020\/09\/casagobietrnobsa-675x450.jpg 675w, https:\/\/infoecos.com.ar\/wp-content\/uploads\/2020\/09\/casagobietrnobsa.jpg 760w\" sizes=\"auto, (max-width: 460px) 100vw, 460px\" \/><\/figure><\/div>\n\n\n\n<p class=\"wp-block-paragraph\">En tanto, se asegur\u00f3 a medios platenses, que el pr\u00f3ximo domingo no se vacunar\u00e1 en la Provincia, a ra\u00edz de las Primarias Abiertas Simult\u00e1neas y Obligatorias.<\/p>\n\n\n\n<p class=\"wp-block-paragraph\">\u201cNo hay turnos ni demanda espont\u00e1nea. Cierran los vacunatorios por primera vez desde el 29 de diciembre\u201d, &nbsp;asegur\u00f3 una fuente de Gobernaci\u00f3n a latecla.info respecto de la inoculaci\u00f3n del fin de semana.<\/p>\n\n\n\n<p class=\"wp-block-paragraph\">Adem\u00e1s, la suspensi\u00f3n de la aplicaci\u00f3n de vacunas contra el Covid-19 fue se\u00f1alada por algunos vacunadores, quienes confiaron que se les hab\u00eda comunicado que el domingo no fuesen a los puestos de vacunaci\u00f3n habituales, se\u00f1ala el medio colega.<\/p>\n\n\n\n<p class=\"wp-block-paragraph\"><\/p>\n","protected":false},"excerpt":{"rendered":"<p>En tanto, se asegur\u00f3 a medios platenses, que el pr\u00f3ximo domingo no se vacunar\u00e1 en la Provincia, a ra\u00edz de las Primarias Abiertas Simult\u00e1neas y Obligatorias<\/p>\n","protected":false},"author":2,"featured_media":68637,"comment_status":"closed","ping_status":"open","sticky":false,"template":"","format":"standard","meta":{"footnotes":""},"categories":[1325],"tags":[4648],"class_list":["post-85674","post","type-post","status-publish","format-standard","has-post-thumbnail","hentry","category-c1nota6","tag-elecciones-paso-2021"],"featured_image_urls":{"full":["https:\/\/infoecos.com.ar\/wp-content\/uploads\/2020\/09\/casagobietrnobsa.jpg",760,506,false],"thumbnail":["https:\/\/infoecos.com.ar\/wp-content\/uploads\/2020\/09\/casagobietrnobsa-150x150.jpg",150,150,true],"medium":["https:\/\/infoecos.com.ar\/wp-content\/uploads\/2020\/09\/casagobietrnobsa-460x306.jpg",460,306,true],"medium_large":["https:\/\/infoecos.com.ar\/wp-content\/uploads\/2020\/09\/casagobietrnobsa.jpg",640,426,false],"large":["https:\/\/infoecos.com.ar\/wp-content\/uploads\/2020\/09\/casagobietrnobsa.jpg",640,426,false],"1536x1536":["https:\/\/infoecos.com.ar\/wp-content\/uploads\/2020\/09\/casagobietrnobsa.jpg",760,506,false],"2048x2048":["https:\/\/infoecos.com.ar\/wp-content\/uploads\/2020\/09\/casagobietrnobsa.jpg",760,506,false],"covernews-slider-full":["https:\/\/infoecos.com.ar\/wp-content\/uploads\/2020\/09\/casagobietrnobsa.jpg",760,506,false],"covernews-slider-center":["https:\/\/infoecos.com.ar\/wp-content\/uploads\/2020\/09\/casagobietrnobsa.jpg",751,500,false],"covernews-featured":["https:\/\/infoecos.com.ar\/wp-content\/uploads\/2020\/09\/casagobietrnobsa.jpg",760,506,false],"covernews-medium":["https:\/\/infoecos.com.ar\/wp-content\/uploads\/2020\/09\/casagobietrnobsa-720x380.jpg",540,285,true],"covernews-medium-square":["https:\/\/infoecos.com.ar\/wp-content\/uploads\/2020\/09\/casagobietrnobsa-675x450.jpg",375,250,true]},"author_info":{"info":["Jorge Matheus"]},"category_info":"<a href=\"https:\/\/infoecos.com.ar\/index.php\/category\/c1nota6\/\" rel=\"category tag\">C1 nota 6<\/a>","tag_info":"C1 nota 6","comment_count":"0","_links":{"self":[{"href":"https:\/\/infoecos.com.ar\/index.php\/wp-json\/wp\/v2\/posts\/85674","targetHints":{"allow":["GET"]}}],"collection":[{"href":"https:\/\/infoecos.com.ar\/index.php\/wp-json\/wp\/v2\/posts"}],"about":[{"href":"https:\/\/infoecos.com.ar\/index.php\/wp-json\/wp\/v2\/types\/post"}],"author":[{"embeddable":true,"href":"https:\/\/infoecos.com.ar\/index.php\/wp-json\/wp\/v2\/users\/2"}],"replies":[{"embeddable":true,"href":"https:\/\/infoecos.com.ar\/index.php\/wp-json\/wp\/v2\/comments?post=85674"}],"version-history":[{"count":2,"href":"https:\/\/infoecos.com.ar\/index.php\/wp-json\/wp\/v2\/posts\/85674\/revisions"}],"predecessor-version":[{"id":85678,"href":"https:\/\/infoecos.com.ar\/index.php\/wp-json\/wp\/v2\/posts\/85674\/revisions\/85678"}],"wp:featuredmedia":[{"embeddable":true,"href":"https:\/\/infoecos.com.ar\/index.php\/wp-json\/wp\/v2\/media\/68637"}],"wp:attachment":[{"href":"https:\/\/infoecos.com.ar\/index.php\/wp-json\/wp\/v2\/media?parent=85674"}],"wp:term":[{"taxonomy":"category","embeddable":true,"href":"https:\/\/infoecos.com.ar\/index.php\/wp-json\/wp\/v2\/categories?post=85674"},{"taxonomy":"post_tag","embeddable":true,"href":"https:\/\/infoecos.com.ar\/index.php\/wp-json\/wp\/v2\/tags?post=85674"}],"curies":[{"name":"wp","href":"https:\/\/api.w.org\/{rel}","templated":true}]}}