{"id":85778,"date":"2021-09-11T16:07:02","date_gmt":"2021-09-11T19:07:02","guid":{"rendered":"http:\/\/infoecos.com.ar\/?p=85778"},"modified":"2021-09-11T16:07:03","modified_gmt":"2021-09-11T19:07:03","slug":"aprehenden-a-un-joven-de-19-anos-que-habia-robado-en-un-fiambreria-de-la-zona-centrica-de-trenque-lauquen","status":"publish","type":"post","link":"https:\/\/infoecos.com.ar\/index.php\/aprehenden-a-un-joven-de-19-anos-que-habia-robado-en-un-fiambreria-de-la-zona-centrica-de-trenque-lauquen\/","title":{"rendered":"Aprehenden a un joven de 19 a\u00f1os que hab\u00eda robado en un fiambrer\u00eda de la zona c\u00e9ntrica de Trenque Lauquen"},"content":{"rendered":"\n<p>Personal de la Comisaria Primera de Trenque Lauquen procedi\u00f3, en la ma\u00f1ana de este s\u00e1bado, a la aprehensi\u00f3n Axel Emmanuel Moyano, de 19 a\u00f1os.<\/p>\n\n\n\n<div class=\"wp-block-image is-style-default\"><figure class=\"aligncenter size-medium\"><img loading=\"lazy\" decoding=\"async\" width=\"430\" height=\"460\" src=\"http:\/\/infoecos.com.ar\/wp-content\/uploads\/2021\/09\/policiaaprehen-430x460.jpg\" alt=\"\" class=\"wp-image-85779\" srcset=\"https:\/\/infoecos.com.ar\/wp-content\/uploads\/2021\/09\/policiaaprehen-430x460.jpg 430w, https:\/\/infoecos.com.ar\/wp-content\/uploads\/2021\/09\/policiaaprehen.jpg 695w\" sizes=\"(max-width: 430px) 100vw, 430px\" \/><\/figure><\/div>\n\n\n\n<p>El operativo se concret\u00f3 en la intersecci\u00f3n de las calles Gregorio Cuello y Villegas. Moyano, momentos antes hab\u00eda violentado la puerta de un comercio ubicado en el Boulevard Villegas n\u00famero 85, sustrayendo mercader\u00edas varias. Su accionar fue captado por las c\u00e1maras de video vigilancia del local comercial. <br><br>Al momento de su aprehensi\u00f3n, le incautaron una r\u00e9plica de un arma de fuego, s\u00edmil a una pistola, y dos armas blancas siendo una de ellas una cuchilla marca Arbolito de 25 cm de largo de hoja y un cuchillo de aproximadamente quince cm de hoja, cabo cola peludo. Estos elementos los ten\u00eda entre sus ropas.-<\/p>\n\n\n\n<div class=\"wp-block-image is-style-default\"><figure class=\"aligncenter size-medium\"><img loading=\"lazy\" decoding=\"async\" width=\"460\" height=\"307\" src=\"http:\/\/infoecos.com.ar\/wp-content\/uploads\/2021\/09\/policiaaprehen1-460x307.jpg\" alt=\"\" class=\"wp-image-85780\" srcset=\"https:\/\/infoecos.com.ar\/wp-content\/uploads\/2021\/09\/policiaaprehen1-460x307.jpg 460w, https:\/\/infoecos.com.ar\/wp-content\/uploads\/2021\/09\/policiaaprehen1-920x613.jpg 920w, https:\/\/infoecos.com.ar\/wp-content\/uploads\/2021\/09\/policiaaprehen1-768x512.jpg 768w, https:\/\/infoecos.com.ar\/wp-content\/uploads\/2021\/09\/policiaaprehen1-1024x682.jpg 1024w, https:\/\/infoecos.com.ar\/wp-content\/uploads\/2021\/09\/policiaaprehen1-675x450.jpg 675w, https:\/\/infoecos.com.ar\/wp-content\/uploads\/2021\/09\/policiaaprehen1.jpg 1280w\" sizes=\"(max-width: 460px) 100vw, 460px\" \/><\/figure><\/div>\n\n\n\n<p>La informaci\u00f3n policial consigna que cuando estaba siendo llevado al patrullero, Moyano le aplic\u00f3 a la puerta una patada violenta que produjo da\u00f1os. <\/p>\n\n\n\n<p>Se labraron actuaciones caratuladas Robo y Da\u00f1o, con intervenci\u00f3n de la UFI Nro. 5 a cargo del Dr. Manuel Iglesias.<\/p>\n","protected":false},"excerpt":{"rendered":"<p>El operativo se concret\u00f3 en la intersecci\u00f3n de las calles Gregorio Cuello y Villegas. Cuando estaba siendo llevado al patrullero da\u00f1\u00f3 la puerta del mismo con una patada<\/p>\n","protected":false},"author":2,"featured_media":85780,"comment_status":"closed","ping_status":"open","sticky":false,"template":"","format":"standard","meta":{"footnotes":""},"categories":[1326],"tags":[5080],"class_list":["post-85778","post","type-post","status-publish","format-standard","has-post-thumbnail","hentry","category-c2nota6","tag-en-la-manana-de-este-sabado"],"yoast_head":"<!-- This site is optimized with the Yoast SEO plugin v23.4 - https:\/\/yoast.com\/wordpress\/plugins\/seo\/ -->\n<title>Aprehenden a un joven de 19 a\u00f1os que hab\u00eda robado en un fiambrer\u00eda de la zona c\u00e9ntrica de Trenque Lauquen - Infoecos<\/title>\n<meta name=\"robots\" content=\"index, follow, max-snippet:-1, max-image-preview:large, max-video-preview:-1\" \/>\n<link rel=\"canonical\" href=\"https:\/\/infoecos.com.ar\/index.php\/aprehenden-a-un-joven-de-19-anos-que-habia-robado-en-un-fiambreria-de-la-zona-centrica-de-trenque-lauquen\/\" \/>\n<meta property=\"og:locale\" content=\"es_ES\" \/>\n<meta property=\"og:type\" content=\"article\" \/>\n<meta property=\"og:title\" content=\"Aprehenden a un joven de 19 a\u00f1os que hab\u00eda robado en un fiambrer\u00eda de la zona c\u00e9ntrica de Trenque Lauquen - Infoecos\" \/>\n<meta property=\"og:description\" content=\"El operativo se concret\u00f3 en la intersecci\u00f3n de las calles Gregorio Cuello y Villegas. Cuando estaba siendo llevado al patrullero da\u00f1\u00f3 la puerta del mismo con una patada\" \/>\n<meta property=\"og:url\" content=\"https:\/\/infoecos.com.ar\/index.php\/aprehenden-a-un-joven-de-19-anos-que-habia-robado-en-un-fiambreria-de-la-zona-centrica-de-trenque-lauquen\/\" \/>\n<meta property=\"og:site_name\" content=\"Infoecos\" \/>\n<meta property=\"article:publisher\" content=\"https:\/\/www.facebook.com\/profile.php?id=100063200290284\" \/>\n<meta property=\"article:published_time\" content=\"2021-09-11T19:07:02+00:00\" \/>\n<meta property=\"article:modified_time\" content=\"2021-09-11T19:07:03+00:00\" \/>\n<meta property=\"og:image\" content=\"https:\/\/infoecos.com.ar\/wp-content\/uploads\/2021\/09\/policiaaprehen1.jpg\" \/>\n\t<meta property=\"og:image:width\" content=\"1280\" \/>\n\t<meta property=\"og:image:height\" content=\"853\" \/>\n\t<meta property=\"og:image:type\" content=\"image\/jpeg\" \/>\n<meta name=\"author\" content=\"Jorge Matheus\" \/>\n<meta name=\"twitter:card\" content=\"summary_large_image\" \/>\n<meta name=\"twitter:creator\" content=\"@infoecos\" \/>\n<meta name=\"twitter:site\" content=\"@infoecos\" \/>\n<meta name=\"twitter:label1\" content=\"Escrito por\" \/>\n\t<meta name=\"twitter:data1\" content=\"Jorge Matheus\" \/>\n\t<meta name=\"twitter:label2\" content=\"Tiempo de lectura\" \/>\n\t<meta name=\"twitter:data2\" content=\"1 minuto\" \/>\n<script type=\"application\/ld+json\" class=\"yoast-schema-graph\">{\"@context\":\"https:\/\/schema.org\",\"@graph\":[{\"@type\":\"Article\",\"@id\":\"https:\/\/infoecos.com.ar\/index.php\/aprehenden-a-un-joven-de-19-anos-que-habia-robado-en-un-fiambreria-de-la-zona-centrica-de-trenque-lauquen\/#article\",\"isPartOf\":{\"@id\":\"https:\/\/infoecos.com.ar\/index.php\/aprehenden-a-un-joven-de-19-anos-que-habia-robado-en-un-fiambreria-de-la-zona-centrica-de-trenque-lauquen\/\"},\"author\":{\"name\":\"Jorge Matheus\",\"@id\":\"https:\/\/infoecos.com.ar\/#\/schema\/person\/8f5ace5ce73b4b4aac4b7245aee6f191\"},\"headline\":\"Aprehenden a un joven de 19 a\u00f1os que hab\u00eda robado en un fiambrer\u00eda de la zona c\u00e9ntrica de Trenque Lauquen\",\"datePublished\":\"2021-09-11T19:07:02+00:00\",\"dateModified\":\"2021-09-11T19:07:03+00:00\",\"mainEntityOfPage\":{\"@id\":\"https:\/\/infoecos.com.ar\/index.php\/aprehenden-a-un-joven-de-19-anos-que-habia-robado-en-un-fiambreria-de-la-zona-centrica-de-trenque-lauquen\/\"},\"wordCount\":207,\"publisher\":{\"@id\":\"https:\/\/infoecos.com.ar\/#organization\"},\"image\":{\"@id\":\"https:\/\/infoecos.com.ar\/index.php\/aprehenden-a-un-joven-de-19-anos-que-habia-robado-en-un-fiambreria-de-la-zona-centrica-de-trenque-lauquen\/#primaryimage\"},\"thumbnailUrl\":\"https:\/\/infoecos.com.ar\/wp-content\/uploads\/2021\/09\/policiaaprehen1.jpg\",\"keywords\":[\"EN LA MA\u00d1ANA DE ESTE S\u00c1BADO\"],\"articleSection\":[\"C2 N6\"],\"inLanguage\":\"es\"},{\"@type\":\"WebPage\",\"@id\":\"https:\/\/infoecos.com.ar\/index.php\/aprehenden-a-un-joven-de-19-anos-que-habia-robado-en-un-fiambreria-de-la-zona-centrica-de-trenque-lauquen\/\",\"url\":\"https:\/\/infoecos.com.ar\/index.php\/aprehenden-a-un-joven-de-19-anos-que-habia-robado-en-un-fiambreria-de-la-zona-centrica-de-trenque-lauquen\/\",\"name\":\"Aprehenden a un joven de 19 a\u00f1os que hab\u00eda robado en un fiambrer\u00eda de la zona c\u00e9ntrica de Trenque Lauquen - Infoecos\",\"isPartOf\":{\"@id\":\"https:\/\/infoecos.com.ar\/#website\"},\"primaryImageOfPage\":{\"@id\":\"https:\/\/infoecos.com.ar\/index.php\/aprehenden-a-un-joven-de-19-anos-que-habia-robado-en-un-fiambreria-de-la-zona-centrica-de-trenque-lauquen\/#primaryimage\"},\"image\":{\"@id\":\"https:\/\/infoecos.com.ar\/index.php\/aprehenden-a-un-joven-de-19-anos-que-habia-robado-en-un-fiambreria-de-la-zona-centrica-de-trenque-lauquen\/#primaryimage\"},\"thumbnailUrl\":\"https:\/\/infoecos.com.ar\/wp-content\/uploads\/2021\/09\/policiaaprehen1.jpg\",\"datePublished\":\"2021-09-11T19:07:02+00:00\",\"dateModified\":\"2021-09-11T19:07:03+00:00\",\"breadcrumb\":{\"@id\":\"https:\/\/infoecos.com.ar\/index.php\/aprehenden-a-un-joven-de-19-anos-que-habia-robado-en-un-fiambreria-de-la-zona-centrica-de-trenque-lauquen\/#breadcrumb\"},\"inLanguage\":\"es\",\"potentialAction\":[{\"@type\":\"ReadAction\",\"target\":[\"https:\/\/infoecos.com.ar\/index.php\/aprehenden-a-un-joven-de-19-anos-que-habia-robado-en-un-fiambreria-de-la-zona-centrica-de-trenque-lauquen\/\"]}]},{\"@type\":\"ImageObject\",\"inLanguage\":\"es\",\"@id\":\"https:\/\/infoecos.com.ar\/index.php\/aprehenden-a-un-joven-de-19-anos-que-habia-robado-en-un-fiambreria-de-la-zona-centrica-de-trenque-lauquen\/#primaryimage\",\"url\":\"https:\/\/infoecos.com.ar\/wp-content\/uploads\/2021\/09\/policiaaprehen1.jpg\",\"contentUrl\":\"https:\/\/infoecos.com.ar\/wp-content\/uploads\/2021\/09\/policiaaprehen1.jpg\",\"width\":1280,\"height\":853},{\"@type\":\"BreadcrumbList\",\"@id\":\"https:\/\/infoecos.com.ar\/index.php\/aprehenden-a-un-joven-de-19-anos-que-habia-robado-en-un-fiambreria-de-la-zona-centrica-de-trenque-lauquen\/#breadcrumb\",\"itemListElement\":[{\"@type\":\"ListItem\",\"position\":1,\"name\":\"Portada\",\"item\":\"https:\/\/infoecos.com.ar\/\"},{\"@type\":\"ListItem\",\"position\":2,\"name\":\"Aprehenden a un joven de 19 a\u00f1os que hab\u00eda robado en un fiambrer\u00eda de la zona c\u00e9ntrica de Trenque Lauquen\"}]},{\"@type\":\"WebSite\",\"@id\":\"https:\/\/infoecos.com.ar\/#website\",\"url\":\"https:\/\/infoecos.com.ar\/\",\"name\":\"Infoecos\",\"description\":\"Noticias de trenque lauquen y la zona\",\"publisher\":{\"@id\":\"https:\/\/infoecos.com.ar\/#organization\"},\"alternateName\":\"Noticias\",\"potentialAction\":[{\"@type\":\"SearchAction\",\"target\":{\"@type\":\"EntryPoint\",\"urlTemplate\":\"https:\/\/infoecos.com.ar\/?s={search_term_string}\"},\"query-input\":{\"@type\":\"PropertyValueSpecification\",\"valueRequired\":true,\"valueName\":\"search_term_string\"}}],\"inLanguage\":\"es\"},{\"@type\":\"Organization\",\"@id\":\"https:\/\/infoecos.com.ar\/#organization\",\"name\":\"Infoecos\",\"alternateName\":\"Noticias\",\"url\":\"https:\/\/infoecos.com.ar\/\",\"logo\":{\"@type\":\"ImageObject\",\"inLanguage\":\"es\",\"@id\":\"https:\/\/infoecos.com.ar\/#\/schema\/logo\/image\/\",\"url\":\"https:\/\/infoecos.com.ar\/wp-content\/uploads\/2024\/03\/cropped-logo.png\",\"contentUrl\":\"https:\/\/infoecos.com.ar\/wp-content\/uploads\/2024\/03\/cropped-logo.png\",\"width\":374,\"height\":90,\"caption\":\"Infoecos\"},\"image\":{\"@id\":\"https:\/\/infoecos.com.ar\/#\/schema\/logo\/image\/\"},\"sameAs\":[\"https:\/\/www.facebook.com\/profile.php?id=100063200290284\",\"https:\/\/x.com\/infoecos\"]},{\"@type\":\"Person\",\"@id\":\"https:\/\/infoecos.com.ar\/#\/schema\/person\/8f5ace5ce73b4b4aac4b7245aee6f191\",\"name\":\"Jorge Matheus\",\"url\":\"https:\/\/infoecos.com.ar\/index.php\/author\/jomatheus\/\"}]}<\/script>\n<!-- \/ Yoast SEO plugin. -->","yoast_head_json":{"title":"Aprehenden a un joven de 19 a\u00f1os que hab\u00eda robado en un fiambrer\u00eda de la zona c\u00e9ntrica de Trenque Lauquen - Infoecos","robots":{"index":"index","follow":"follow","max-snippet":"max-snippet:-1","max-image-preview":"max-image-preview:large","max-video-preview":"max-video-preview:-1"},"canonical":"https:\/\/infoecos.com.ar\/index.php\/aprehenden-a-un-joven-de-19-anos-que-habia-robado-en-un-fiambreria-de-la-zona-centrica-de-trenque-lauquen\/","og_locale":"es_ES","og_type":"article","og_title":"Aprehenden a un joven de 19 a\u00f1os que hab\u00eda robado en un fiambrer\u00eda de la zona c\u00e9ntrica de Trenque Lauquen - Infoecos","og_description":"El operativo se concret\u00f3 en la intersecci\u00f3n de las calles Gregorio Cuello y Villegas. Cuando estaba siendo llevado al patrullero da\u00f1\u00f3 la puerta del mismo con una patada","og_url":"https:\/\/infoecos.com.ar\/index.php\/aprehenden-a-un-joven-de-19-anos-que-habia-robado-en-un-fiambreria-de-la-zona-centrica-de-trenque-lauquen\/","og_site_name":"Infoecos","article_publisher":"https:\/\/www.facebook.com\/profile.php?id=100063200290284","article_published_time":"2021-09-11T19:07:02+00:00","article_modified_time":"2021-09-11T19:07:03+00:00","og_image":[{"width":1280,"height":853,"url":"https:\/\/infoecos.com.ar\/wp-content\/uploads\/2021\/09\/policiaaprehen1.jpg","type":"image\/jpeg"}],"author":"Jorge Matheus","twitter_card":"summary_large_image","twitter_creator":"@infoecos","twitter_site":"@infoecos","twitter_misc":{"Escrito por":"Jorge Matheus","Tiempo de lectura":"1 minuto"},"schema":{"@context":"https:\/\/schema.org","@graph":[{"@type":"Article","@id":"https:\/\/infoecos.com.ar\/index.php\/aprehenden-a-un-joven-de-19-anos-que-habia-robado-en-un-fiambreria-de-la-zona-centrica-de-trenque-lauquen\/#article","isPartOf":{"@id":"https:\/\/infoecos.com.ar\/index.php\/aprehenden-a-un-joven-de-19-anos-que-habia-robado-en-un-fiambreria-de-la-zona-centrica-de-trenque-lauquen\/"},"author":{"name":"Jorge Matheus","@id":"https:\/\/infoecos.com.ar\/#\/schema\/person\/8f5ace5ce73b4b4aac4b7245aee6f191"},"headline":"Aprehenden a un joven de 19 a\u00f1os que hab\u00eda robado en un fiambrer\u00eda de la zona c\u00e9ntrica de Trenque Lauquen","datePublished":"2021-09-11T19:07:02+00:00","dateModified":"2021-09-11T19:07:03+00:00","mainEntityOfPage":{"@id":"https:\/\/infoecos.com.ar\/index.php\/aprehenden-a-un-joven-de-19-anos-que-habia-robado-en-un-fiambreria-de-la-zona-centrica-de-trenque-lauquen\/"},"wordCount":207,"publisher":{"@id":"https:\/\/infoecos.com.ar\/#organization"},"image":{"@id":"https:\/\/infoecos.com.ar\/index.php\/aprehenden-a-un-joven-de-19-anos-que-habia-robado-en-un-fiambreria-de-la-zona-centrica-de-trenque-lauquen\/#primaryimage"},"thumbnailUrl":"https:\/\/infoecos.com.ar\/wp-content\/uploads\/2021\/09\/policiaaprehen1.jpg","keywords":["EN LA MA\u00d1ANA DE ESTE S\u00c1BADO"],"articleSection":["C2 N6"],"inLanguage":"es"},{"@type":"WebPage","@id":"https:\/\/infoecos.com.ar\/index.php\/aprehenden-a-un-joven-de-19-anos-que-habia-robado-en-un-fiambreria-de-la-zona-centrica-de-trenque-lauquen\/","url":"https:\/\/infoecos.com.ar\/index.php\/aprehenden-a-un-joven-de-19-anos-que-habia-robado-en-un-fiambreria-de-la-zona-centrica-de-trenque-lauquen\/","name":"Aprehenden a un joven de 19 a\u00f1os que hab\u00eda robado en un fiambrer\u00eda de la zona c\u00e9ntrica de Trenque Lauquen - Infoecos","isPartOf":{"@id":"https:\/\/infoecos.com.ar\/#website"},"primaryImageOfPage":{"@id":"https:\/\/infoecos.com.ar\/index.php\/aprehenden-a-un-joven-de-19-anos-que-habia-robado-en-un-fiambreria-de-la-zona-centrica-de-trenque-lauquen\/#primaryimage"},"image":{"@id":"https:\/\/infoecos.com.ar\/index.php\/aprehenden-a-un-joven-de-19-anos-que-habia-robado-en-un-fiambreria-de-la-zona-centrica-de-trenque-lauquen\/#primaryimage"},"thumbnailUrl":"https:\/\/infoecos.com.ar\/wp-content\/uploads\/2021\/09\/policiaaprehen1.jpg","datePublished":"2021-09-11T19:07:02+00:00","dateModified":"2021-09-11T19:07:03+00:00","breadcrumb":{"@id":"https:\/\/infoecos.com.ar\/index.php\/aprehenden-a-un-joven-de-19-anos-que-habia-robado-en-un-fiambreria-de-la-zona-centrica-de-trenque-lauquen\/#breadcrumb"},"inLanguage":"es","potentialAction":[{"@type":"ReadAction","target":["https:\/\/infoecos.com.ar\/index.php\/aprehenden-a-un-joven-de-19-anos-que-habia-robado-en-un-fiambreria-de-la-zona-centrica-de-trenque-lauquen\/"]}]},{"@type":"ImageObject","inLanguage":"es","@id":"https:\/\/infoecos.com.ar\/index.php\/aprehenden-a-un-joven-de-19-anos-que-habia-robado-en-un-fiambreria-de-la-zona-centrica-de-trenque-lauquen\/#primaryimage","url":"https:\/\/infoecos.com.ar\/wp-content\/uploads\/2021\/09\/policiaaprehen1.jpg","contentUrl":"https:\/\/infoecos.com.ar\/wp-content\/uploads\/2021\/09\/policiaaprehen1.jpg","width":1280,"height":853},{"@type":"BreadcrumbList","@id":"https:\/\/infoecos.com.ar\/index.php\/aprehenden-a-un-joven-de-19-anos-que-habia-robado-en-un-fiambreria-de-la-zona-centrica-de-trenque-lauquen\/#breadcrumb","itemListElement":[{"@type":"ListItem","position":1,"name":"Portada","item":"https:\/\/infoecos.com.ar\/"},{"@type":"ListItem","position":2,"name":"Aprehenden a un joven de 19 a\u00f1os que hab\u00eda robado en un fiambrer\u00eda de la zona c\u00e9ntrica de Trenque Lauquen"}]},{"@type":"WebSite","@id":"https:\/\/infoecos.com.ar\/#website","url":"https:\/\/infoecos.com.ar\/","name":"Infoecos","description":"Noticias de trenque lauquen y la zona","publisher":{"@id":"https:\/\/infoecos.com.ar\/#organization"},"alternateName":"Noticias","potentialAction":[{"@type":"SearchAction","target":{"@type":"EntryPoint","urlTemplate":"https:\/\/infoecos.com.ar\/?s={search_term_string}"},"query-input":{"@type":"PropertyValueSpecification","valueRequired":true,"valueName":"search_term_string"}}],"inLanguage":"es"},{"@type":"Organization","@id":"https:\/\/infoecos.com.ar\/#organization","name":"Infoecos","alternateName":"Noticias","url":"https:\/\/infoecos.com.ar\/","logo":{"@type":"ImageObject","inLanguage":"es","@id":"https:\/\/infoecos.com.ar\/#\/schema\/logo\/image\/","url":"https:\/\/infoecos.com.ar\/wp-content\/uploads\/2024\/03\/cropped-logo.png","contentUrl":"https:\/\/infoecos.com.ar\/wp-content\/uploads\/2024\/03\/cropped-logo.png","width":374,"height":90,"caption":"Infoecos"},"image":{"@id":"https:\/\/infoecos.com.ar\/#\/schema\/logo\/image\/"},"sameAs":["https:\/\/www.facebook.com\/profile.php?id=100063200290284","https:\/\/x.com\/infoecos"]},{"@type":"Person","@id":"https:\/\/infoecos.com.ar\/#\/schema\/person\/8f5ace5ce73b4b4aac4b7245aee6f191","name":"Jorge Matheus","url":"https:\/\/infoecos.com.ar\/index.php\/author\/jomatheus\/"}]}},"featured_image_urls":{"full":["https:\/\/infoecos.com.ar\/wp-content\/uploads\/2021\/09\/policiaaprehen1.jpg",1280,853,false],"thumbnail":["https:\/\/infoecos.com.ar\/wp-content\/uploads\/2021\/09\/policiaaprehen1-150x150.jpg",150,150,true],"medium":["https:\/\/infoecos.com.ar\/wp-content\/uploads\/2021\/09\/policiaaprehen1-460x307.jpg",460,307,true],"medium_large":["https:\/\/infoecos.com.ar\/wp-content\/uploads\/2021\/09\/policiaaprehen1-768x512.jpg",640,427,true],"large":["https:\/\/infoecos.com.ar\/wp-content\/uploads\/2021\/09\/policiaaprehen1-920x613.jpg",640,426,true],"1536x1536":["https:\/\/infoecos.com.ar\/wp-content\/uploads\/2021\/09\/policiaaprehen1.jpg",1280,853,false],"2048x2048":["https:\/\/infoecos.com.ar\/wp-content\/uploads\/2021\/09\/policiaaprehen1.jpg",1280,853,false],"covernews-slider-full":["https:\/\/infoecos.com.ar\/wp-content\/uploads\/2021\/09\/policiaaprehen1.jpg",1073,715,false],"covernews-slider-center":["https:\/\/infoecos.com.ar\/wp-content\/uploads\/2021\/09\/policiaaprehen1-936x853.jpg",549,500,true],"covernews-featured":["https:\/\/infoecos.com.ar\/wp-content\/uploads\/2021\/09\/policiaaprehen1-1024x682.jpg",1024,682,true],"covernews-medium":["https:\/\/infoecos.com.ar\/wp-content\/uploads\/2021\/09\/policiaaprehen1-720x380.jpg",540,285,true],"covernews-medium-square":["https:\/\/infoecos.com.ar\/wp-content\/uploads\/2021\/09\/policiaaprehen1-675x450.jpg",375,250,true]},"author_info":{"info":["Jorge Matheus"]},"category_info":"<a href=\"https:\/\/infoecos.com.ar\/index.php\/category\/c2nota6\/\" rel=\"category tag\">C2 N6<\/a>","tag_info":"C2 N6","comment_count":"0","_links":{"self":[{"href":"https:\/\/infoecos.com.ar\/index.php\/wp-json\/wp\/v2\/posts\/85778"}],"collection":[{"href":"https:\/\/infoecos.com.ar\/index.php\/wp-json\/wp\/v2\/posts"}],"about":[{"href":"https:\/\/infoecos.com.ar\/index.php\/wp-json\/wp\/v2\/types\/post"}],"author":[{"embeddable":true,"href":"https:\/\/infoecos.com.ar\/index.php\/wp-json\/wp\/v2\/users\/2"}],"replies":[{"embeddable":true,"href":"https:\/\/infoecos.com.ar\/index.php\/wp-json\/wp\/v2\/comments?post=85778"}],"version-history":[{"count":1,"href":"https:\/\/infoecos.com.ar\/index.php\/wp-json\/wp\/v2\/posts\/85778\/revisions"}],"predecessor-version":[{"id":85781,"href":"https:\/\/infoecos.com.ar\/index.php\/wp-json\/wp\/v2\/posts\/85778\/revisions\/85781"}],"wp:featuredmedia":[{"embeddable":true,"href":"https:\/\/infoecos.com.ar\/index.php\/wp-json\/wp\/v2\/media\/85780"}],"wp:attachment":[{"href":"https:\/\/infoecos.com.ar\/index.php\/wp-json\/wp\/v2\/media?parent=85778"}],"wp:term":[{"taxonomy":"category","embeddable":true,"href":"https:\/\/infoecos.com.ar\/index.php\/wp-json\/wp\/v2\/categories?post=85778"},{"taxonomy":"post_tag","embeddable":true,"href":"https:\/\/infoecos.com.ar\/index.php\/wp-json\/wp\/v2\/tags?post=85778"}],"curies":[{"name":"wp","href":"https:\/\/api.w.org\/{rel}","templated":true}]}}