{"id":85782,"date":"2021-09-11T16:15:35","date_gmt":"2021-09-11T19:15:35","guid":{"rendered":"http:\/\/infoecos.com.ar\/?p=85782"},"modified":"2021-09-11T16:15:36","modified_gmt":"2021-09-11T19:15:36","slug":"colocaron-una-ofrenda-floral-en-el-busto-que-perpetua-la-memoria-de-domingo-faustino-sarmiento","status":"publish","type":"post","link":"https:\/\/infoecos.com.ar\/index.php\/colocaron-una-ofrenda-floral-en-el-busto-que-perpetua-la-memoria-de-domingo-faustino-sarmiento\/","title":{"rendered":"Colocaron una ofrenda floral en el busto que perpet\u00faa la memoria de Domingo Faustino Sarmiento"},"content":{"rendered":"\n<p class=\"wp-block-paragraph\">En el D\u00eda del Maestro, para conmemorar y rendir homenaje a Domingo Faustino Sarmiento se coloc\u00f3 una ofrenda floral al pie de su monumento en la intersecci\u00f3n de la calle que lleva su nombre y San Mart\u00edn, de la ciudad de Trenque Lauquen.<\/p>\n\n\n\n<div class=\"wp-block-image is-style-default\"><figure class=\"aligncenter size-medium\"><img loading=\"lazy\" decoding=\"async\" width=\"460\" height=\"259\" src=\"http:\/\/infoecos.com.ar\/wp-content\/uploads\/2021\/09\/diadelmaestroofrenda1-460x259.jpg\" alt=\"\" class=\"wp-image-85783\" srcset=\"https:\/\/infoecos.com.ar\/wp-content\/uploads\/2021\/09\/diadelmaestroofrenda1-460x259.jpg 460w, https:\/\/infoecos.com.ar\/wp-content\/uploads\/2021\/09\/diadelmaestroofrenda1-920x518.jpg 920w, https:\/\/infoecos.com.ar\/wp-content\/uploads\/2021\/09\/diadelmaestroofrenda1-768x432.jpg 768w, https:\/\/infoecos.com.ar\/wp-content\/uploads\/2021\/09\/diadelmaestroofrenda1-1024x576.jpg 1024w, https:\/\/infoecos.com.ar\/wp-content\/uploads\/2021\/09\/diadelmaestroofrenda1.jpg 1280w\" sizes=\"auto, (max-width: 460px) 100vw, 460px\" \/><\/figure><\/div>\n\n\n\n<p class=\"wp-block-paragraph\">Encabezado por el intendente Miguel Fern\u00e1ndez, y del que participaron el secretario de Gesti\u00f3n y Planificaci\u00f3n municipal, Mart\u00edn Borraz\u00e1s; la Consejera Escolar Carolina Cervera; la inspectora Jefa Distrital de Educaci\u00f3n P\u00fablica, Alejandra Marino; la inspectora de Nivel Primario, Andrea Lasa; y Mar\u00eda Alejandra Tassone, directora de la Escuela n\u00ba8, donde el viernes se realiz\u00f3 el acto oficial.<\/p>\n\n\n\n<figure class=\"wp-block-gallery columns-3 is-cropped wp-block-gallery-1 is-layout-flex wp-block-gallery-is-layout-flex\"><ul class=\"blocks-gallery-grid\"><li class=\"blocks-gallery-item\"><figure><img loading=\"lazy\" decoding=\"async\" width=\"920\" height=\"518\" src=\"http:\/\/infoecos.com.ar\/wp-content\/uploads\/2021\/09\/diadelmaestro3-920x518.jpg\" alt=\"\" data-id=\"85784\" data-full-url=\"http:\/\/infoecos.com.ar\/wp-content\/uploads\/2021\/09\/diadelmaestro3.jpg\" data-link=\"http:\/\/infoecos.com.ar\/?attachment_id=85784\" class=\"wp-image-85784\" srcset=\"https:\/\/infoecos.com.ar\/wp-content\/uploads\/2021\/09\/diadelmaestro3-920x518.jpg 920w, https:\/\/infoecos.com.ar\/wp-content\/uploads\/2021\/09\/diadelmaestro3-460x259.jpg 460w, https:\/\/infoecos.com.ar\/wp-content\/uploads\/2021\/09\/diadelmaestro3-768x432.jpg 768w, https:\/\/infoecos.com.ar\/wp-content\/uploads\/2021\/09\/diadelmaestro3-1024x576.jpg 1024w, https:\/\/infoecos.com.ar\/wp-content\/uploads\/2021\/09\/diadelmaestro3.jpg 1280w\" sizes=\"auto, (max-width: 920px) 100vw, 920px\" \/><\/figure><\/li><li class=\"blocks-gallery-item\"><figure><img loading=\"lazy\" decoding=\"async\" width=\"719\" height=\"809\" src=\"http:\/\/infoecos.com.ar\/wp-content\/uploads\/2021\/09\/diadelmaestro4.jpg\" alt=\"\" data-id=\"85785\" data-full-url=\"http:\/\/infoecos.com.ar\/wp-content\/uploads\/2021\/09\/diadelmaestro4.jpg\" data-link=\"http:\/\/infoecos.com.ar\/?attachment_id=85785\" class=\"wp-image-85785\" srcset=\"https:\/\/infoecos.com.ar\/wp-content\/uploads\/2021\/09\/diadelmaestro4.jpg 719w, https:\/\/infoecos.com.ar\/wp-content\/uploads\/2021\/09\/diadelmaestro4-409x460.jpg 409w\" sizes=\"auto, (max-width: 719px) 100vw, 719px\" \/><\/figure><\/li><li class=\"blocks-gallery-item\"><figure><img loading=\"lazy\" decoding=\"async\" width=\"920\" height=\"518\" src=\"http:\/\/infoecos.com.ar\/wp-content\/uploads\/2021\/09\/diadelmaestroofrenda1-1-920x518.jpg\" alt=\"\" data-id=\"85786\" data-full-url=\"http:\/\/infoecos.com.ar\/wp-content\/uploads\/2021\/09\/diadelmaestroofrenda1-1.jpg\" data-link=\"http:\/\/infoecos.com.ar\/?attachment_id=85786\" class=\"wp-image-85786\" srcset=\"https:\/\/infoecos.com.ar\/wp-content\/uploads\/2021\/09\/diadelmaestroofrenda1-1-920x518.jpg 920w, https:\/\/infoecos.com.ar\/wp-content\/uploads\/2021\/09\/diadelmaestroofrenda1-1-460x259.jpg 460w, https:\/\/infoecos.com.ar\/wp-content\/uploads\/2021\/09\/diadelmaestroofrenda1-1-768x432.jpg 768w, https:\/\/infoecos.com.ar\/wp-content\/uploads\/2021\/09\/diadelmaestroofrenda1-1-1024x576.jpg 1024w, https:\/\/infoecos.com.ar\/wp-content\/uploads\/2021\/09\/diadelmaestroofrenda1-1.jpg 1280w\" sizes=\"auto, (max-width: 920px) 100vw, 920px\" \/><\/figure><\/li><li class=\"blocks-gallery-item\"><figure><img loading=\"lazy\" decoding=\"async\" width=\"920\" height=\"518\" src=\"http:\/\/infoecos.com.ar\/wp-content\/uploads\/2021\/09\/diadelmaestroofrenda2-920x518.jpg\" alt=\"\" data-id=\"85787\" data-full-url=\"http:\/\/infoecos.com.ar\/wp-content\/uploads\/2021\/09\/diadelmaestroofrenda2.jpg\" data-link=\"http:\/\/infoecos.com.ar\/?attachment_id=85787\" class=\"wp-image-85787\" srcset=\"https:\/\/infoecos.com.ar\/wp-content\/uploads\/2021\/09\/diadelmaestroofrenda2-920x518.jpg 920w, https:\/\/infoecos.com.ar\/wp-content\/uploads\/2021\/09\/diadelmaestroofrenda2-460x259.jpg 460w, https:\/\/infoecos.com.ar\/wp-content\/uploads\/2021\/09\/diadelmaestroofrenda2-768x432.jpg 768w, https:\/\/infoecos.com.ar\/wp-content\/uploads\/2021\/09\/diadelmaestroofrenda2-1024x576.jpg 1024w, https:\/\/infoecos.com.ar\/wp-content\/uploads\/2021\/09\/diadelmaestroofrenda2.jpg 1280w\" sizes=\"auto, (max-width: 920px) 100vw, 920px\" \/><\/figure><\/li><\/ul><\/figure>\n\n\n\n<p class=\"wp-block-paragraph\"><br><br><br><\/p>\n","protected":false},"excerpt":{"rendered":"<p>En la intersecci\u00f3n de la calle que lleva su nombre y San Mart\u00edn, de la ciudad de Trenque Lauquen<\/p>\n","protected":false},"author":2,"featured_media":85785,"comment_status":"closed","ping_status":"open","sticky":false,"template":"","format":"standard","meta":{"footnotes":""},"categories":[28],"tags":[5081],"class_list":["post-85782","post","type-post","status-publish","format-standard","has-post-thumbnail","hentry","category-c1nota1","tag-homenaje-en-el-dia-del-maestro"],"featured_image_urls":{"full":["https:\/\/infoecos.com.ar\/wp-content\/uploads\/2021\/09\/diadelmaestro4.jpg",719,809,false],"thumbnail":["https:\/\/infoecos.com.ar\/wp-content\/uploads\/2021\/09\/diadelmaestro4-150x150.jpg",150,150,true],"medium":["https:\/\/infoecos.com.ar\/wp-content\/uploads\/2021\/09\/diadelmaestro4-409x460.jpg",409,460,true],"medium_large":["https:\/\/infoecos.com.ar\/wp-content\/uploads\/2021\/09\/diadelmaestro4.jpg",640,720,false],"large":["https:\/\/infoecos.com.ar\/wp-content\/uploads\/2021\/09\/diadelmaestro4.jpg",640,720,false],"1536x1536":["https:\/\/infoecos.com.ar\/wp-content\/uploads\/2021\/09\/diadelmaestro4.jpg",719,809,false],"2048x2048":["https:\/\/infoecos.com.ar\/wp-content\/uploads\/2021\/09\/diadelmaestro4.jpg",719,809,false],"covernews-slider-full":["https:\/\/infoecos.com.ar\/wp-content\/uploads\/2021\/09\/diadelmaestro4.jpg",635,715,false],"covernews-slider-center":["https:\/\/infoecos.com.ar\/wp-content\/uploads\/2021\/09\/diadelmaestro4.jpg",444,500,false],"covernews-featured":["https:\/\/infoecos.com.ar\/wp-content\/uploads\/2021\/09\/diadelmaestro4.jpg",719,809,false],"covernews-medium":["https:\/\/infoecos.com.ar\/wp-content\/uploads\/2021\/09\/diadelmaestro4-719x380.jpg",540,285,true],"covernews-medium-square":["https:\/\/infoecos.com.ar\/wp-content\/uploads\/2021\/09\/diadelmaestro4-675x450.jpg",375,250,true]},"author_info":{"info":["Jorge Matheus"]},"category_info":"<a href=\"https:\/\/infoecos.com.ar\/index.php\/category\/c1nota1\/\" rel=\"category tag\">C1 N1<\/a>","tag_info":"C1 N1","comment_count":"0","_links":{"self":[{"href":"https:\/\/infoecos.com.ar\/index.php\/wp-json\/wp\/v2\/posts\/85782","targetHints":{"allow":["GET"]}}],"collection":[{"href":"https:\/\/infoecos.com.ar\/index.php\/wp-json\/wp\/v2\/posts"}],"about":[{"href":"https:\/\/infoecos.com.ar\/index.php\/wp-json\/wp\/v2\/types\/post"}],"author":[{"embeddable":true,"href":"https:\/\/infoecos.com.ar\/index.php\/wp-json\/wp\/v2\/users\/2"}],"replies":[{"embeddable":true,"href":"https:\/\/infoecos.com.ar\/index.php\/wp-json\/wp\/v2\/comments?post=85782"}],"version-history":[{"count":1,"href":"https:\/\/infoecos.com.ar\/index.php\/wp-json\/wp\/v2\/posts\/85782\/revisions"}],"predecessor-version":[{"id":85788,"href":"https:\/\/infoecos.com.ar\/index.php\/wp-json\/wp\/v2\/posts\/85782\/revisions\/85788"}],"wp:featuredmedia":[{"embeddable":true,"href":"https:\/\/infoecos.com.ar\/index.php\/wp-json\/wp\/v2\/media\/85785"}],"wp:attachment":[{"href":"https:\/\/infoecos.com.ar\/index.php\/wp-json\/wp\/v2\/media?parent=85782"}],"wp:term":[{"taxonomy":"category","embeddable":true,"href":"https:\/\/infoecos.com.ar\/index.php\/wp-json\/wp\/v2\/categories?post=85782"},{"taxonomy":"post_tag","embeddable":true,"href":"https:\/\/infoecos.com.ar\/index.php\/wp-json\/wp\/v2\/tags?post=85782"}],"curies":[{"name":"wp","href":"https:\/\/api.w.org\/{rel}","templated":true}]}}