{"id":85818,"date":"2021-09-12T05:59:04","date_gmt":"2021-09-12T08:59:04","guid":{"rendered":"http:\/\/infoecos.com.ar\/?p=85818"},"modified":"2021-09-12T05:59:09","modified_gmt":"2021-09-12T08:59:09","slug":"la-chica-del-clima-en-mexico-deslumbra-a-sus-seguidores-de-instagram","status":"publish","type":"post","link":"https:\/\/infoecos.com.ar\/index.php\/la-chica-del-clima-en-mexico-deslumbra-a-sus-seguidores-de-instagram\/","title":{"rendered":"La chica del clima en M\u00e9xico deslumbra a sus seguidores de Instagram"},"content":{"rendered":"\n<p>La chica del clima de la televisi\u00f3n mexicana, Yanet Garc\u00eda, se mostr\u00f3 en Instagram con lencer\u00eda beige de espaldas<\/p>\n\n\n\n<div class=\"wp-block-image is-style-default\"><figure class=\"aligncenter size-medium\"><img loading=\"lazy\" decoding=\"async\" width=\"460\" height=\"258\" src=\"http:\/\/infoecos.com.ar\/wp-content\/uploads\/2021\/09\/3G3AWJI2DFCB7ATTAXH43NFNC4-460x258.jpg\" alt=\"\" class=\"wp-image-85819\" srcset=\"https:\/\/infoecos.com.ar\/wp-content\/uploads\/2021\/09\/3G3AWJI2DFCB7ATTAXH43NFNC4-460x258.jpg 460w, https:\/\/infoecos.com.ar\/wp-content\/uploads\/2021\/09\/3G3AWJI2DFCB7ATTAXH43NFNC4-920x516.jpg 920w, https:\/\/infoecos.com.ar\/wp-content\/uploads\/2021\/09\/3G3AWJI2DFCB7ATTAXH43NFNC4-768x431.jpg 768w, https:\/\/infoecos.com.ar\/wp-content\/uploads\/2021\/09\/3G3AWJI2DFCB7ATTAXH43NFNC4.jpg 982w\" sizes=\"(max-width: 460px) 100vw, 460px\" \/><\/figure><\/div>\n\n\n\n<p>La modelo tiene <strong>14 millones de fans en <\/strong>la red mencionada y logr\u00f3 m\u00e1s de\u00a0<strong>500 mil me gusta\u00a0<\/strong>en pocas horas.<\/p>\n\n\n\n<div class=\"wp-block-image is-style-default\"><figure class=\"aligncenter size-medium\"><img loading=\"lazy\" decoding=\"async\" width=\"368\" height=\"460\" src=\"http:\/\/infoecos.com.ar\/wp-content\/uploads\/2021\/09\/6O6RT4FFNRAHZGAKELBDXQWH3U-368x460.jpg\" alt=\"\" class=\"wp-image-85820\" srcset=\"https:\/\/infoecos.com.ar\/wp-content\/uploads\/2021\/09\/6O6RT4FFNRAHZGAKELBDXQWH3U-368x460.jpg 368w, https:\/\/infoecos.com.ar\/wp-content\/uploads\/2021\/09\/6O6RT4FFNRAHZGAKELBDXQWH3U-736x920.jpg 736w, https:\/\/infoecos.com.ar\/wp-content\/uploads\/2021\/09\/6O6RT4FFNRAHZGAKELBDXQWH3U-768x960.jpg 768w, https:\/\/infoecos.com.ar\/wp-content\/uploads\/2021\/09\/6O6RT4FFNRAHZGAKELBDXQWH3U-1024x1280.jpg 1024w, https:\/\/infoecos.com.ar\/wp-content\/uploads\/2021\/09\/6O6RT4FFNRAHZGAKELBDXQWH3U.jpg 1080w\" sizes=\"(max-width: 368px) 100vw, 368px\" \/><\/figure><\/div>\n\n\n\n<p>En la ubicaci\u00f3n, la mexicana puso \u201c<strong>Link in Bio<\/strong>\u201d haciendo un gui\u00f1o a que se suscriban a su cuenta de OnlyFans, cuyo link est\u00e1 en la descripci\u00f3n de su perfil de Instagram. En esa plataforma, sube fotos y videos exclusivos para quienes abonen\u00a0<strong>20 d\u00f3lares mensuales\u00a0<\/strong>por formar parte de su comunidad.<\/p>\n\n\n\n<figure class=\"wp-block-gallery columns-2 is-cropped wp-block-gallery-1 is-layout-flex wp-block-gallery-is-layout-flex\"><ul class=\"blocks-gallery-grid\"><li class=\"blocks-gallery-item\"><figure><img loading=\"lazy\" decoding=\"async\" width=\"736\" height=\"920\" src=\"http:\/\/infoecos.com.ar\/wp-content\/uploads\/2021\/09\/JKNCNQWEZ5EFLPE7TIE3S7V4JQ-736x920.jpg\" alt=\"\" data-id=\"85821\" data-link=\"http:\/\/infoecos.com.ar\/?attachment_id=85821\" class=\"wp-image-85821\" srcset=\"https:\/\/infoecos.com.ar\/wp-content\/uploads\/2021\/09\/JKNCNQWEZ5EFLPE7TIE3S7V4JQ-736x920.jpg 736w, https:\/\/infoecos.com.ar\/wp-content\/uploads\/2021\/09\/JKNCNQWEZ5EFLPE7TIE3S7V4JQ-368x460.jpg 368w, https:\/\/infoecos.com.ar\/wp-content\/uploads\/2021\/09\/JKNCNQWEZ5EFLPE7TIE3S7V4JQ-768x960.jpg 768w, https:\/\/infoecos.com.ar\/wp-content\/uploads\/2021\/09\/JKNCNQWEZ5EFLPE7TIE3S7V4JQ.jpg 1024w\" sizes=\"(max-width: 736px) 100vw, 736px\" \/><\/figure><\/li><li class=\"blocks-gallery-item\"><figure><img loading=\"lazy\" decoding=\"async\" width=\"518\" height=\"920\" src=\"http:\/\/infoecos.com.ar\/wp-content\/uploads\/2021\/09\/ODTJDUJUOJGD5KBB6HOST5ZIJI-518x920.jpg\" alt=\"\" data-id=\"85822\" data-full-url=\"http:\/\/infoecos.com.ar\/wp-content\/uploads\/2021\/09\/ODTJDUJUOJGD5KBB6HOST5ZIJI.jpg\" data-link=\"http:\/\/infoecos.com.ar\/?attachment_id=85822\" class=\"wp-image-85822\" srcset=\"https:\/\/infoecos.com.ar\/wp-content\/uploads\/2021\/09\/ODTJDUJUOJGD5KBB6HOST5ZIJI-518x920.jpg 518w, https:\/\/infoecos.com.ar\/wp-content\/uploads\/2021\/09\/ODTJDUJUOJGD5KBB6HOST5ZIJI-259x460.jpg 259w, https:\/\/infoecos.com.ar\/wp-content\/uploads\/2021\/09\/ODTJDUJUOJGD5KBB6HOST5ZIJI.jpg 720w\" sizes=\"(max-width: 518px) 100vw, 518px\" \/><\/figure><\/li><\/ul><\/figure>\n","protected":false},"excerpt":{"rendered":"<p>La modelo tiene 14 millones de fans en la red mencionada y logr\u00f3 m\u00e1s de 500 mil me gusta<\/p>\n","protected":false},"author":2,"featured_media":85822,"comment_status":"closed","ping_status":"open","sticky":false,"template":"","format":"standard","meta":{"footnotes":""},"categories":[43],"tags":[5013],"class_list":["post-85818","post","type-post","status-publish","format-standard","has-post-thumbnail","hentry","category-inferior4","tag-iecos-espectaculo"],"yoast_head":"<!-- This site is optimized with the Yoast SEO plugin v23.4 - https:\/\/yoast.com\/wordpress\/plugins\/seo\/ -->\n<title>La chica del clima en M\u00e9xico deslumbra a sus seguidores de Instagram - Infoecos<\/title>\n<meta name=\"robots\" content=\"index, follow, max-snippet:-1, max-image-preview:large, max-video-preview:-1\" \/>\n<link rel=\"canonical\" href=\"https:\/\/infoecos.com.ar\/index.php\/la-chica-del-clima-en-mexico-deslumbra-a-sus-seguidores-de-instagram\/\" \/>\n<meta property=\"og:locale\" content=\"es_ES\" \/>\n<meta property=\"og:type\" content=\"article\" \/>\n<meta property=\"og:title\" content=\"La chica del clima en M\u00e9xico deslumbra a sus seguidores de Instagram - Infoecos\" \/>\n<meta property=\"og:description\" content=\"La modelo tiene 14 millones de fans en la red mencionada y logr\u00f3 m\u00e1s de 500 mil me gusta\" \/>\n<meta property=\"og:url\" content=\"https:\/\/infoecos.com.ar\/index.php\/la-chica-del-clima-en-mexico-deslumbra-a-sus-seguidores-de-instagram\/\" \/>\n<meta property=\"og:site_name\" content=\"Infoecos\" \/>\n<meta property=\"article:publisher\" content=\"https:\/\/www.facebook.com\/profile.php?id=100063200290284\" \/>\n<meta property=\"article:published_time\" content=\"2021-09-12T08:59:04+00:00\" \/>\n<meta property=\"article:modified_time\" content=\"2021-09-12T08:59:09+00:00\" \/>\n<meta property=\"og:image\" content=\"https:\/\/infoecos.com.ar\/wp-content\/uploads\/2021\/09\/ODTJDUJUOJGD5KBB6HOST5ZIJI.jpg\" \/>\n\t<meta property=\"og:image:width\" content=\"720\" \/>\n\t<meta property=\"og:image:height\" content=\"1280\" \/>\n\t<meta property=\"og:image:type\" content=\"image\/jpeg\" \/>\n<meta name=\"author\" content=\"Jorge Matheus\" \/>\n<meta name=\"twitter:card\" content=\"summary_large_image\" \/>\n<meta name=\"twitter:creator\" content=\"@infoecos\" \/>\n<meta name=\"twitter:site\" content=\"@infoecos\" \/>\n<meta name=\"twitter:label1\" content=\"Escrito por\" \/>\n\t<meta name=\"twitter:data1\" content=\"Jorge Matheus\" \/>\n<script type=\"application\/ld+json\" class=\"yoast-schema-graph\">{\"@context\":\"https:\/\/schema.org\",\"@graph\":[{\"@type\":\"Article\",\"@id\":\"https:\/\/infoecos.com.ar\/index.php\/la-chica-del-clima-en-mexico-deslumbra-a-sus-seguidores-de-instagram\/#article\",\"isPartOf\":{\"@id\":\"https:\/\/infoecos.com.ar\/index.php\/la-chica-del-clima-en-mexico-deslumbra-a-sus-seguidores-de-instagram\/\"},\"author\":{\"name\":\"Jorge Matheus\",\"@id\":\"https:\/\/infoecos.com.ar\/#\/schema\/person\/8f5ace5ce73b4b4aac4b7245aee6f191\"},\"headline\":\"La chica del clima en M\u00e9xico deslumbra a sus seguidores de Instagram\",\"datePublished\":\"2021-09-12T08:59:04+00:00\",\"dateModified\":\"2021-09-12T08:59:09+00:00\",\"mainEntityOfPage\":{\"@id\":\"https:\/\/infoecos.com.ar\/index.php\/la-chica-del-clima-en-mexico-deslumbra-a-sus-seguidores-de-instagram\/\"},\"wordCount\":111,\"publisher\":{\"@id\":\"https:\/\/infoecos.com.ar\/#organization\"},\"image\":{\"@id\":\"https:\/\/infoecos.com.ar\/index.php\/la-chica-del-clima-en-mexico-deslumbra-a-sus-seguidores-de-instagram\/#primaryimage\"},\"thumbnailUrl\":\"https:\/\/infoecos.com.ar\/wp-content\/uploads\/2021\/09\/ODTJDUJUOJGD5KBB6HOST5ZIJI.jpg\",\"keywords\":[\"iecos espect\u00e1culo\"],\"articleSection\":[\"Bloque inferior - 4\"],\"inLanguage\":\"es\"},{\"@type\":\"WebPage\",\"@id\":\"https:\/\/infoecos.com.ar\/index.php\/la-chica-del-clima-en-mexico-deslumbra-a-sus-seguidores-de-instagram\/\",\"url\":\"https:\/\/infoecos.com.ar\/index.php\/la-chica-del-clima-en-mexico-deslumbra-a-sus-seguidores-de-instagram\/\",\"name\":\"La chica del clima en M\u00e9xico deslumbra a sus seguidores de Instagram - Infoecos\",\"isPartOf\":{\"@id\":\"https:\/\/infoecos.com.ar\/#website\"},\"primaryImageOfPage\":{\"@id\":\"https:\/\/infoecos.com.ar\/index.php\/la-chica-del-clima-en-mexico-deslumbra-a-sus-seguidores-de-instagram\/#primaryimage\"},\"image\":{\"@id\":\"https:\/\/infoecos.com.ar\/index.php\/la-chica-del-clima-en-mexico-deslumbra-a-sus-seguidores-de-instagram\/#primaryimage\"},\"thumbnailUrl\":\"https:\/\/infoecos.com.ar\/wp-content\/uploads\/2021\/09\/ODTJDUJUOJGD5KBB6HOST5ZIJI.jpg\",\"datePublished\":\"2021-09-12T08:59:04+00:00\",\"dateModified\":\"2021-09-12T08:59:09+00:00\",\"breadcrumb\":{\"@id\":\"https:\/\/infoecos.com.ar\/index.php\/la-chica-del-clima-en-mexico-deslumbra-a-sus-seguidores-de-instagram\/#breadcrumb\"},\"inLanguage\":\"es\",\"potentialAction\":[{\"@type\":\"ReadAction\",\"target\":[\"https:\/\/infoecos.com.ar\/index.php\/la-chica-del-clima-en-mexico-deslumbra-a-sus-seguidores-de-instagram\/\"]}]},{\"@type\":\"ImageObject\",\"inLanguage\":\"es\",\"@id\":\"https:\/\/infoecos.com.ar\/index.php\/la-chica-del-clima-en-mexico-deslumbra-a-sus-seguidores-de-instagram\/#primaryimage\",\"url\":\"https:\/\/infoecos.com.ar\/wp-content\/uploads\/2021\/09\/ODTJDUJUOJGD5KBB6HOST5ZIJI.jpg\",\"contentUrl\":\"https:\/\/infoecos.com.ar\/wp-content\/uploads\/2021\/09\/ODTJDUJUOJGD5KBB6HOST5ZIJI.jpg\",\"width\":720,\"height\":1280},{\"@type\":\"BreadcrumbList\",\"@id\":\"https:\/\/infoecos.com.ar\/index.php\/la-chica-del-clima-en-mexico-deslumbra-a-sus-seguidores-de-instagram\/#breadcrumb\",\"itemListElement\":[{\"@type\":\"ListItem\",\"position\":1,\"name\":\"Portada\",\"item\":\"https:\/\/infoecos.com.ar\/\"},{\"@type\":\"ListItem\",\"position\":2,\"name\":\"La chica del clima en M\u00e9xico deslumbra a sus seguidores de Instagram\"}]},{\"@type\":\"WebSite\",\"@id\":\"https:\/\/infoecos.com.ar\/#website\",\"url\":\"https:\/\/infoecos.com.ar\/\",\"name\":\"Infoecos\",\"description\":\"Noticias de trenque lauquen y la zona\",\"publisher\":{\"@id\":\"https:\/\/infoecos.com.ar\/#organization\"},\"alternateName\":\"Noticias\",\"potentialAction\":[{\"@type\":\"SearchAction\",\"target\":{\"@type\":\"EntryPoint\",\"urlTemplate\":\"https:\/\/infoecos.com.ar\/?s={search_term_string}\"},\"query-input\":{\"@type\":\"PropertyValueSpecification\",\"valueRequired\":true,\"valueName\":\"search_term_string\"}}],\"inLanguage\":\"es\"},{\"@type\":\"Organization\",\"@id\":\"https:\/\/infoecos.com.ar\/#organization\",\"name\":\"Infoecos\",\"alternateName\":\"Noticias\",\"url\":\"https:\/\/infoecos.com.ar\/\",\"logo\":{\"@type\":\"ImageObject\",\"inLanguage\":\"es\",\"@id\":\"https:\/\/infoecos.com.ar\/#\/schema\/logo\/image\/\",\"url\":\"https:\/\/infoecos.com.ar\/wp-content\/uploads\/2024\/03\/cropped-logo.png\",\"contentUrl\":\"https:\/\/infoecos.com.ar\/wp-content\/uploads\/2024\/03\/cropped-logo.png\",\"width\":374,\"height\":90,\"caption\":\"Infoecos\"},\"image\":{\"@id\":\"https:\/\/infoecos.com.ar\/#\/schema\/logo\/image\/\"},\"sameAs\":[\"https:\/\/www.facebook.com\/profile.php?id=100063200290284\",\"https:\/\/x.com\/infoecos\"]},{\"@type\":\"Person\",\"@id\":\"https:\/\/infoecos.com.ar\/#\/schema\/person\/8f5ace5ce73b4b4aac4b7245aee6f191\",\"name\":\"Jorge Matheus\",\"url\":\"https:\/\/infoecos.com.ar\/index.php\/author\/jomatheus\/\"}]}<\/script>\n<!-- \/ Yoast SEO plugin. -->","yoast_head_json":{"title":"La chica del clima en M\u00e9xico deslumbra a sus seguidores de Instagram - Infoecos","robots":{"index":"index","follow":"follow","max-snippet":"max-snippet:-1","max-image-preview":"max-image-preview:large","max-video-preview":"max-video-preview:-1"},"canonical":"https:\/\/infoecos.com.ar\/index.php\/la-chica-del-clima-en-mexico-deslumbra-a-sus-seguidores-de-instagram\/","og_locale":"es_ES","og_type":"article","og_title":"La chica del clima en M\u00e9xico deslumbra a sus seguidores de Instagram - Infoecos","og_description":"La modelo tiene 14 millones de fans en la red mencionada y logr\u00f3 m\u00e1s de 500 mil me gusta","og_url":"https:\/\/infoecos.com.ar\/index.php\/la-chica-del-clima-en-mexico-deslumbra-a-sus-seguidores-de-instagram\/","og_site_name":"Infoecos","article_publisher":"https:\/\/www.facebook.com\/profile.php?id=100063200290284","article_published_time":"2021-09-12T08:59:04+00:00","article_modified_time":"2021-09-12T08:59:09+00:00","og_image":[{"width":720,"height":1280,"url":"https:\/\/infoecos.com.ar\/wp-content\/uploads\/2021\/09\/ODTJDUJUOJGD5KBB6HOST5ZIJI.jpg","type":"image\/jpeg"}],"author":"Jorge Matheus","twitter_card":"summary_large_image","twitter_creator":"@infoecos","twitter_site":"@infoecos","twitter_misc":{"Escrito por":"Jorge Matheus"},"schema":{"@context":"https:\/\/schema.org","@graph":[{"@type":"Article","@id":"https:\/\/infoecos.com.ar\/index.php\/la-chica-del-clima-en-mexico-deslumbra-a-sus-seguidores-de-instagram\/#article","isPartOf":{"@id":"https:\/\/infoecos.com.ar\/index.php\/la-chica-del-clima-en-mexico-deslumbra-a-sus-seguidores-de-instagram\/"},"author":{"name":"Jorge Matheus","@id":"https:\/\/infoecos.com.ar\/#\/schema\/person\/8f5ace5ce73b4b4aac4b7245aee6f191"},"headline":"La chica del clima en M\u00e9xico deslumbra a sus seguidores de Instagram","datePublished":"2021-09-12T08:59:04+00:00","dateModified":"2021-09-12T08:59:09+00:00","mainEntityOfPage":{"@id":"https:\/\/infoecos.com.ar\/index.php\/la-chica-del-clima-en-mexico-deslumbra-a-sus-seguidores-de-instagram\/"},"wordCount":111,"publisher":{"@id":"https:\/\/infoecos.com.ar\/#organization"},"image":{"@id":"https:\/\/infoecos.com.ar\/index.php\/la-chica-del-clima-en-mexico-deslumbra-a-sus-seguidores-de-instagram\/#primaryimage"},"thumbnailUrl":"https:\/\/infoecos.com.ar\/wp-content\/uploads\/2021\/09\/ODTJDUJUOJGD5KBB6HOST5ZIJI.jpg","keywords":["iecos espect\u00e1culo"],"articleSection":["Bloque inferior - 4"],"inLanguage":"es"},{"@type":"WebPage","@id":"https:\/\/infoecos.com.ar\/index.php\/la-chica-del-clima-en-mexico-deslumbra-a-sus-seguidores-de-instagram\/","url":"https:\/\/infoecos.com.ar\/index.php\/la-chica-del-clima-en-mexico-deslumbra-a-sus-seguidores-de-instagram\/","name":"La chica del clima en M\u00e9xico deslumbra a sus seguidores de Instagram - Infoecos","isPartOf":{"@id":"https:\/\/infoecos.com.ar\/#website"},"primaryImageOfPage":{"@id":"https:\/\/infoecos.com.ar\/index.php\/la-chica-del-clima-en-mexico-deslumbra-a-sus-seguidores-de-instagram\/#primaryimage"},"image":{"@id":"https:\/\/infoecos.com.ar\/index.php\/la-chica-del-clima-en-mexico-deslumbra-a-sus-seguidores-de-instagram\/#primaryimage"},"thumbnailUrl":"https:\/\/infoecos.com.ar\/wp-content\/uploads\/2021\/09\/ODTJDUJUOJGD5KBB6HOST5ZIJI.jpg","datePublished":"2021-09-12T08:59:04+00:00","dateModified":"2021-09-12T08:59:09+00:00","breadcrumb":{"@id":"https:\/\/infoecos.com.ar\/index.php\/la-chica-del-clima-en-mexico-deslumbra-a-sus-seguidores-de-instagram\/#breadcrumb"},"inLanguage":"es","potentialAction":[{"@type":"ReadAction","target":["https:\/\/infoecos.com.ar\/index.php\/la-chica-del-clima-en-mexico-deslumbra-a-sus-seguidores-de-instagram\/"]}]},{"@type":"ImageObject","inLanguage":"es","@id":"https:\/\/infoecos.com.ar\/index.php\/la-chica-del-clima-en-mexico-deslumbra-a-sus-seguidores-de-instagram\/#primaryimage","url":"https:\/\/infoecos.com.ar\/wp-content\/uploads\/2021\/09\/ODTJDUJUOJGD5KBB6HOST5ZIJI.jpg","contentUrl":"https:\/\/infoecos.com.ar\/wp-content\/uploads\/2021\/09\/ODTJDUJUOJGD5KBB6HOST5ZIJI.jpg","width":720,"height":1280},{"@type":"BreadcrumbList","@id":"https:\/\/infoecos.com.ar\/index.php\/la-chica-del-clima-en-mexico-deslumbra-a-sus-seguidores-de-instagram\/#breadcrumb","itemListElement":[{"@type":"ListItem","position":1,"name":"Portada","item":"https:\/\/infoecos.com.ar\/"},{"@type":"ListItem","position":2,"name":"La chica del clima en M\u00e9xico deslumbra a sus seguidores de Instagram"}]},{"@type":"WebSite","@id":"https:\/\/infoecos.com.ar\/#website","url":"https:\/\/infoecos.com.ar\/","name":"Infoecos","description":"Noticias de trenque lauquen y la zona","publisher":{"@id":"https:\/\/infoecos.com.ar\/#organization"},"alternateName":"Noticias","potentialAction":[{"@type":"SearchAction","target":{"@type":"EntryPoint","urlTemplate":"https:\/\/infoecos.com.ar\/?s={search_term_string}"},"query-input":{"@type":"PropertyValueSpecification","valueRequired":true,"valueName":"search_term_string"}}],"inLanguage":"es"},{"@type":"Organization","@id":"https:\/\/infoecos.com.ar\/#organization","name":"Infoecos","alternateName":"Noticias","url":"https:\/\/infoecos.com.ar\/","logo":{"@type":"ImageObject","inLanguage":"es","@id":"https:\/\/infoecos.com.ar\/#\/schema\/logo\/image\/","url":"https:\/\/infoecos.com.ar\/wp-content\/uploads\/2024\/03\/cropped-logo.png","contentUrl":"https:\/\/infoecos.com.ar\/wp-content\/uploads\/2024\/03\/cropped-logo.png","width":374,"height":90,"caption":"Infoecos"},"image":{"@id":"https:\/\/infoecos.com.ar\/#\/schema\/logo\/image\/"},"sameAs":["https:\/\/www.facebook.com\/profile.php?id=100063200290284","https:\/\/x.com\/infoecos"]},{"@type":"Person","@id":"https:\/\/infoecos.com.ar\/#\/schema\/person\/8f5ace5ce73b4b4aac4b7245aee6f191","name":"Jorge Matheus","url":"https:\/\/infoecos.com.ar\/index.php\/author\/jomatheus\/"}]}},"featured_image_urls":{"full":["https:\/\/infoecos.com.ar\/wp-content\/uploads\/2021\/09\/ODTJDUJUOJGD5KBB6HOST5ZIJI.jpg",720,1280,false],"thumbnail":["https:\/\/infoecos.com.ar\/wp-content\/uploads\/2021\/09\/ODTJDUJUOJGD5KBB6HOST5ZIJI-150x150.jpg",150,150,true],"medium":["https:\/\/infoecos.com.ar\/wp-content\/uploads\/2021\/09\/ODTJDUJUOJGD5KBB6HOST5ZIJI-259x460.jpg",259,460,true],"medium_large":["https:\/\/infoecos.com.ar\/wp-content\/uploads\/2021\/09\/ODTJDUJUOJGD5KBB6HOST5ZIJI.jpg",640,1138,false],"large":["https:\/\/infoecos.com.ar\/wp-content\/uploads\/2021\/09\/ODTJDUJUOJGD5KBB6HOST5ZIJI-518x920.jpg",518,920,true],"1536x1536":["https:\/\/infoecos.com.ar\/wp-content\/uploads\/2021\/09\/ODTJDUJUOJGD5KBB6HOST5ZIJI.jpg",720,1280,false],"2048x2048":["https:\/\/infoecos.com.ar\/wp-content\/uploads\/2021\/09\/ODTJDUJUOJGD5KBB6HOST5ZIJI.jpg",720,1280,false],"covernews-slider-full":["https:\/\/infoecos.com.ar\/wp-content\/uploads\/2021\/09\/ODTJDUJUOJGD5KBB6HOST5ZIJI-720x1020.jpg",505,715,true],"covernews-slider-center":["https:\/\/infoecos.com.ar\/wp-content\/uploads\/2021\/09\/ODTJDUJUOJGD5KBB6HOST5ZIJI-720x897.jpg",401,500,true],"covernews-featured":["https:\/\/infoecos.com.ar\/wp-content\/uploads\/2021\/09\/ODTJDUJUOJGD5KBB6HOST5ZIJI.jpg",720,1280,false],"covernews-medium":["https:\/\/infoecos.com.ar\/wp-content\/uploads\/2021\/09\/ODTJDUJUOJGD5KBB6HOST5ZIJI-720x380.jpg",540,285,true],"covernews-medium-square":["https:\/\/infoecos.com.ar\/wp-content\/uploads\/2021\/09\/ODTJDUJUOJGD5KBB6HOST5ZIJI-675x450.jpg",375,250,true]},"author_info":{"info":["Jorge Matheus"]},"category_info":"<a href=\"https:\/\/infoecos.com.ar\/index.php\/category\/inferior4\/\" rel=\"category tag\">Bloque inferior - 4<\/a>","tag_info":"Bloque inferior - 4","comment_count":"0","_links":{"self":[{"href":"https:\/\/infoecos.com.ar\/index.php\/wp-json\/wp\/v2\/posts\/85818"}],"collection":[{"href":"https:\/\/infoecos.com.ar\/index.php\/wp-json\/wp\/v2\/posts"}],"about":[{"href":"https:\/\/infoecos.com.ar\/index.php\/wp-json\/wp\/v2\/types\/post"}],"author":[{"embeddable":true,"href":"https:\/\/infoecos.com.ar\/index.php\/wp-json\/wp\/v2\/users\/2"}],"replies":[{"embeddable":true,"href":"https:\/\/infoecos.com.ar\/index.php\/wp-json\/wp\/v2\/comments?post=85818"}],"version-history":[{"count":1,"href":"https:\/\/infoecos.com.ar\/index.php\/wp-json\/wp\/v2\/posts\/85818\/revisions"}],"predecessor-version":[{"id":85823,"href":"https:\/\/infoecos.com.ar\/index.php\/wp-json\/wp\/v2\/posts\/85818\/revisions\/85823"}],"wp:featuredmedia":[{"embeddable":true,"href":"https:\/\/infoecos.com.ar\/index.php\/wp-json\/wp\/v2\/media\/85822"}],"wp:attachment":[{"href":"https:\/\/infoecos.com.ar\/index.php\/wp-json\/wp\/v2\/media?parent=85818"}],"wp:term":[{"taxonomy":"category","embeddable":true,"href":"https:\/\/infoecos.com.ar\/index.php\/wp-json\/wp\/v2\/categories?post=85818"},{"taxonomy":"post_tag","embeddable":true,"href":"https:\/\/infoecos.com.ar\/index.php\/wp-json\/wp\/v2\/tags?post=85818"}],"curies":[{"name":"wp","href":"https:\/\/api.w.org\/{rel}","templated":true}]}}