{"id":85856,"date":"2021-09-13T08:59:16","date_gmt":"2021-09-13T11:59:16","guid":{"rendered":"http:\/\/infoecos.com.ar\/?p=85856"},"modified":"2021-09-15T09:12:57","modified_gmt":"2021-09-15T12:12:57","slug":"perdio-el-frente-de-todos-en-el-distrito-de-guamini","status":"publish","type":"post","link":"https:\/\/infoecos.com.ar\/index.php\/perdio-el-frente-de-todos-en-el-distrito-de-guamini\/","title":{"rendered":"Perdi\u00f3 el Frente de Todos en el distrito de Guamin\u00ed"},"content":{"rendered":"\n<p class=\"wp-block-paragraph\">Por solo 47 votos de diferencia Juntos tambi\u00e9n logr\u00f3 un triunfo que en los d\u00edas previos al comicio no se contabilizaba. A una gesti\u00f3n que no ha tenido cuestionamientos severos se sumaba que el apellido del intendente encabeza la lista. Su hija, Silvina Nobre Ferreira, primera en la boleta sum\u00f3 2160 sufragios, mientras que la oposici\u00f3n representada por Fernando Pompermayer cont\u00f3 con el respaldo de 2207 vecinos del distrito. A este \u00faltimo hay que sumarle 1607 votos que alcanz\u00f3 la lista Amarillo Juntos, encabezada por Jos\u00e9 Mar\u00eda Crespo.<\/p>\n\n\n\n<div class=\"wp-block-image is-style-default\"><figure class=\"aligncenter size-medium\"><img loading=\"lazy\" decoding=\"async\" width=\"343\" height=\"460\" src=\"http:\/\/infoecos.com.ar\/wp-content\/uploads\/2021\/09\/241339469_10225717691344377_8006942562081522483_n-343x460.jpg\" alt=\"\" class=\"wp-image-85857\" srcset=\"https:\/\/infoecos.com.ar\/wp-content\/uploads\/2021\/09\/241339469_10225717691344377_8006942562081522483_n-343x460.jpg 343w, https:\/\/infoecos.com.ar\/wp-content\/uploads\/2021\/09\/241339469_10225717691344377_8006942562081522483_n-687x920.jpg 687w, https:\/\/infoecos.com.ar\/wp-content\/uploads\/2021\/09\/241339469_10225717691344377_8006942562081522483_n-768x1029.jpg 768w, https:\/\/infoecos.com.ar\/wp-content\/uploads\/2021\/09\/241339469_10225717691344377_8006942562081522483_n-1147x1536.jpg 1147w, https:\/\/infoecos.com.ar\/wp-content\/uploads\/2021\/09\/241339469_10225717691344377_8006942562081522483_n-1024x1371.jpg 1024w, https:\/\/infoecos.com.ar\/wp-content\/uploads\/2021\/09\/241339469_10225717691344377_8006942562081522483_n.jpg 1170w\" sizes=\"auto, (max-width: 343px) 100vw, 343px\" \/><\/figure><\/div>\n\n\n\n<p class=\"wp-block-paragraph\">Fernando Pompermayer alineado con Facundo Manes se identifica con la lista 3 Rojo.<\/p>\n\n\n\n<div class=\"wp-block-image is-style-default\"><figure class=\"aligncenter size-medium is-resized\"><img loading=\"lazy\" decoding=\"async\" src=\"http:\/\/infoecos.com.ar\/wp-content\/uploads\/2021\/09\/239406831_1230584304075260_8270653601712557305_n-460x307.jpg\" alt=\"\" class=\"wp-image-85858\" width=\"460\" height=\"307\" srcset=\"https:\/\/infoecos.com.ar\/wp-content\/uploads\/2021\/09\/239406831_1230584304075260_8270653601712557305_n-460x307.jpg 460w, https:\/\/infoecos.com.ar\/wp-content\/uploads\/2021\/09\/239406831_1230584304075260_8270653601712557305_n-768x513.jpg 768w, https:\/\/infoecos.com.ar\/wp-content\/uploads\/2021\/09\/239406831_1230584304075260_8270653601712557305_n-675x450.jpg 675w, https:\/\/infoecos.com.ar\/wp-content\/uploads\/2021\/09\/239406831_1230584304075260_8270653601712557305_n.jpg 809w\" sizes=\"auto, (max-width: 460px) 100vw, 460px\" \/><figcaption>Silvina Nobre Ferreira encabeza una caminata en el distrito<\/figcaption><\/figure><\/div>\n\n\n\n<p class=\"wp-block-paragraph\"><\/p>\n\n\n\n<p class=\"wp-block-paragraph\"><\/p>\n\n\n\n<p class=\"wp-block-paragraph\"> <\/p>\n","protected":false},"excerpt":{"rendered":"<p>Fernando Pompermayer alineado con Facundo Manes se identifica con la lista 3 Rojo<\/p>\n","protected":false},"author":2,"featured_media":85857,"comment_status":"closed","ping_status":"open","sticky":false,"template":"","format":"standard","meta":{"footnotes":""},"categories":[1334],"tags":[4648],"class_list":["post-85856","post","type-post","status-publish","format-standard","has-post-thumbnail","hentry","category-inferior14","tag-elecciones-paso-2021"],"featured_image_urls":{"full":["https:\/\/infoecos.com.ar\/wp-content\/uploads\/2021\/09\/241339469_10225717691344377_8006942562081522483_n.jpg",1170,1567,false],"thumbnail":["https:\/\/infoecos.com.ar\/wp-content\/uploads\/2021\/09\/241339469_10225717691344377_8006942562081522483_n-150x150.jpg",150,150,true],"medium":["https:\/\/infoecos.com.ar\/wp-content\/uploads\/2021\/09\/241339469_10225717691344377_8006942562081522483_n-343x460.jpg",343,460,true],"medium_large":["https:\/\/infoecos.com.ar\/wp-content\/uploads\/2021\/09\/241339469_10225717691344377_8006942562081522483_n-768x1029.jpg",640,858,true],"large":["https:\/\/infoecos.com.ar\/wp-content\/uploads\/2021\/09\/241339469_10225717691344377_8006942562081522483_n-687x920.jpg",640,857,true],"1536x1536":["https:\/\/infoecos.com.ar\/wp-content\/uploads\/2021\/09\/241339469_10225717691344377_8006942562081522483_n-1147x1536.jpg",1147,1536,true],"2048x2048":["https:\/\/infoecos.com.ar\/wp-content\/uploads\/2021\/09\/241339469_10225717691344377_8006942562081522483_n.jpg",1170,1567,false],"covernews-slider-full":["https:\/\/infoecos.com.ar\/wp-content\/uploads\/2021\/09\/241339469_10225717691344377_8006942562081522483_n-1170x1020.jpg",820,715,true],"covernews-slider-center":["https:\/\/infoecos.com.ar\/wp-content\/uploads\/2021\/09\/241339469_10225717691344377_8006942562081522483_n-936x897.jpg",522,500,true],"covernews-featured":["https:\/\/infoecos.com.ar\/wp-content\/uploads\/2021\/09\/241339469_10225717691344377_8006942562081522483_n-1024x1371.jpg",1024,1371,true],"covernews-medium":["https:\/\/infoecos.com.ar\/wp-content\/uploads\/2021\/09\/241339469_10225717691344377_8006942562081522483_n-720x380.jpg",540,285,true],"covernews-medium-square":["https:\/\/infoecos.com.ar\/wp-content\/uploads\/2021\/09\/241339469_10225717691344377_8006942562081522483_n-675x450.jpg",375,250,true]},"author_info":{"info":["Jorge Matheus"]},"category_info":"<a href=\"https:\/\/infoecos.com.ar\/index.php\/category\/inferior14\/\" rel=\"category tag\">Bloque inferior - 14<\/a>","tag_info":"Bloque inferior - 14","comment_count":"0","_links":{"self":[{"href":"https:\/\/infoecos.com.ar\/index.php\/wp-json\/wp\/v2\/posts\/85856","targetHints":{"allow":["GET"]}}],"collection":[{"href":"https:\/\/infoecos.com.ar\/index.php\/wp-json\/wp\/v2\/posts"}],"about":[{"href":"https:\/\/infoecos.com.ar\/index.php\/wp-json\/wp\/v2\/types\/post"}],"author":[{"embeddable":true,"href":"https:\/\/infoecos.com.ar\/index.php\/wp-json\/wp\/v2\/users\/2"}],"replies":[{"embeddable":true,"href":"https:\/\/infoecos.com.ar\/index.php\/wp-json\/wp\/v2\/comments?post=85856"}],"version-history":[{"count":1,"href":"https:\/\/infoecos.com.ar\/index.php\/wp-json\/wp\/v2\/posts\/85856\/revisions"}],"predecessor-version":[{"id":85859,"href":"https:\/\/infoecos.com.ar\/index.php\/wp-json\/wp\/v2\/posts\/85856\/revisions\/85859"}],"wp:featuredmedia":[{"embeddable":true,"href":"https:\/\/infoecos.com.ar\/index.php\/wp-json\/wp\/v2\/media\/85857"}],"wp:attachment":[{"href":"https:\/\/infoecos.com.ar\/index.php\/wp-json\/wp\/v2\/media?parent=85856"}],"wp:term":[{"taxonomy":"category","embeddable":true,"href":"https:\/\/infoecos.com.ar\/index.php\/wp-json\/wp\/v2\/categories?post=85856"},{"taxonomy":"post_tag","embeddable":true,"href":"https:\/\/infoecos.com.ar\/index.php\/wp-json\/wp\/v2\/tags?post=85856"}],"curies":[{"name":"wp","href":"https:\/\/api.w.org\/{rel}","templated":true}]}}