{"id":85880,"date":"2021-09-13T12:32:09","date_gmt":"2021-09-13T15:32:09","guid":{"rendered":"http:\/\/infoecos.com.ar\/?p=85880"},"modified":"2021-09-15T09:11:29","modified_gmt":"2021-09-15T12:11:29","slug":"por-escaso-margen-gano-el-frente-de-todos-en-el-distrito-de-carlos-tejedor","status":"publish","type":"post","link":"https:\/\/infoecos.com.ar\/index.php\/por-escaso-margen-gano-el-frente-de-todos-en-el-distrito-de-carlos-tejedor\/","title":{"rendered":"Por escaso margen gan\u00f3 el Frente de Todos en el distrito de Carlos Tejedor"},"content":{"rendered":"\n<p class=\"wp-block-paragraph\">El Frente de Todos en Carlos Tejedor se impuso por una escasa diferencia a Juntos. Hasta la contabilizaci\u00f3n definitiva se hab\u00eda difundido que la corriente que lidera en el distrito la intendenta Mar\u00eda Giannini de Lafleur lograba una victoria con amplia diferencia. Los datos oficiales rompieron con ese trascendido.<\/p>\n\n\n\n<div class=\"wp-block-image is-style-default\"><figure class=\"aligncenter size-medium\"><img loading=\"lazy\" decoding=\"async\" width=\"460\" height=\"330\" src=\"http:\/\/infoecos.com.ar\/wp-content\/uploads\/2021\/09\/giuliana-460x330.jpg\" alt=\"\" class=\"wp-image-85882\" srcset=\"https:\/\/infoecos.com.ar\/wp-content\/uploads\/2021\/09\/giuliana-460x330.jpg 460w, https:\/\/infoecos.com.ar\/wp-content\/uploads\/2021\/09\/giuliana-920x660.jpg 920w, https:\/\/infoecos.com.ar\/wp-content\/uploads\/2021\/09\/giuliana-768x551.jpg 768w, https:\/\/infoecos.com.ar\/wp-content\/uploads\/2021\/09\/giuliana-1024x735.jpg 1024w, https:\/\/infoecos.com.ar\/wp-content\/uploads\/2021\/09\/giuliana.jpg 1242w\" sizes=\"auto, (max-width: 460px) 100vw, 460px\" \/><\/figure><\/div>\n\n\n\n<p class=\"wp-block-paragraph\">El FdT alcanz\u00f3 3332 sufragios, mientras que Juntos sum\u00f3 3310. Estos resultados representa un 50,17 por ciento para el oficialismo local y un 49,83 por ciento para la oposici\u00f3n.<\/p>\n\n\n\n<p class=\"wp-block-paragraph\"> Juan Gondra encabez\u00f3 la lista de Juntos, mientras que la del FdT es encabezada por Giuliana Mandrini Gatti.<\/p>\n","protected":false},"excerpt":{"rendered":"<p>El FdT alcanz\u00f3 3332 sufragios, mientras que Juntos sum\u00f3 3310<\/p>\n","protected":false},"author":2,"featured_media":85882,"comment_status":"closed","ping_status":"open","sticky":false,"template":"","format":"standard","meta":{"footnotes":""},"categories":[1331],"tags":[4648],"class_list":["post-85880","post","type-post","status-publish","format-standard","has-post-thumbnail","hentry","category-inferior11","tag-elecciones-paso-2021"],"featured_image_urls":{"full":["https:\/\/infoecos.com.ar\/wp-content\/uploads\/2021\/09\/giuliana.jpg",1242,891,false],"thumbnail":["https:\/\/infoecos.com.ar\/wp-content\/uploads\/2021\/09\/giuliana-150x150.jpg",150,150,true],"medium":["https:\/\/infoecos.com.ar\/wp-content\/uploads\/2021\/09\/giuliana-460x330.jpg",460,330,true],"medium_large":["https:\/\/infoecos.com.ar\/wp-content\/uploads\/2021\/09\/giuliana-768x551.jpg",640,459,true],"large":["https:\/\/infoecos.com.ar\/wp-content\/uploads\/2021\/09\/giuliana-920x660.jpg",640,459,true],"1536x1536":["https:\/\/infoecos.com.ar\/wp-content\/uploads\/2021\/09\/giuliana.jpg",1242,891,false],"2048x2048":["https:\/\/infoecos.com.ar\/wp-content\/uploads\/2021\/09\/giuliana.jpg",1242,891,false],"covernews-slider-full":["https:\/\/infoecos.com.ar\/wp-content\/uploads\/2021\/09\/giuliana.jpg",997,715,false],"covernews-slider-center":["https:\/\/infoecos.com.ar\/wp-content\/uploads\/2021\/09\/giuliana-936x891.jpg",525,500,true],"covernews-featured":["https:\/\/infoecos.com.ar\/wp-content\/uploads\/2021\/09\/giuliana-1024x735.jpg",1024,735,true],"covernews-medium":["https:\/\/infoecos.com.ar\/wp-content\/uploads\/2021\/09\/giuliana-720x380.jpg",540,285,true],"covernews-medium-square":["https:\/\/infoecos.com.ar\/wp-content\/uploads\/2021\/09\/giuliana-675x450.jpg",375,250,true]},"author_info":{"info":["Jorge Matheus"]},"category_info":"<a href=\"https:\/\/infoecos.com.ar\/index.php\/category\/inferior11\/\" rel=\"category tag\">Bloque inferior - 11<\/a>","tag_info":"Bloque inferior - 11","comment_count":"0","_links":{"self":[{"href":"https:\/\/infoecos.com.ar\/index.php\/wp-json\/wp\/v2\/posts\/85880","targetHints":{"allow":["GET"]}}],"collection":[{"href":"https:\/\/infoecos.com.ar\/index.php\/wp-json\/wp\/v2\/posts"}],"about":[{"href":"https:\/\/infoecos.com.ar\/index.php\/wp-json\/wp\/v2\/types\/post"}],"author":[{"embeddable":true,"href":"https:\/\/infoecos.com.ar\/index.php\/wp-json\/wp\/v2\/users\/2"}],"replies":[{"embeddable":true,"href":"https:\/\/infoecos.com.ar\/index.php\/wp-json\/wp\/v2\/comments?post=85880"}],"version-history":[{"count":1,"href":"https:\/\/infoecos.com.ar\/index.php\/wp-json\/wp\/v2\/posts\/85880\/revisions"}],"predecessor-version":[{"id":85883,"href":"https:\/\/infoecos.com.ar\/index.php\/wp-json\/wp\/v2\/posts\/85880\/revisions\/85883"}],"wp:featuredmedia":[{"embeddable":true,"href":"https:\/\/infoecos.com.ar\/index.php\/wp-json\/wp\/v2\/media\/85882"}],"wp:attachment":[{"href":"https:\/\/infoecos.com.ar\/index.php\/wp-json\/wp\/v2\/media?parent=85880"}],"wp:term":[{"taxonomy":"category","embeddable":true,"href":"https:\/\/infoecos.com.ar\/index.php\/wp-json\/wp\/v2\/categories?post=85880"},{"taxonomy":"post_tag","embeddable":true,"href":"https:\/\/infoecos.com.ar\/index.php\/wp-json\/wp\/v2\/tags?post=85880"}],"curies":[{"name":"wp","href":"https:\/\/api.w.org\/{rel}","templated":true}]}}