{"id":85888,"date":"2021-09-13T13:10:36","date_gmt":"2021-09-13T16:10:36","guid":{"rendered":"http:\/\/infoecos.com.ar\/?p=85888"},"modified":"2021-09-13T13:10:37","modified_gmt":"2021-09-13T16:10:37","slug":"el-partido-que-lidera-el-intendente-guillermo-britos-se-quedo-con-la-victoria-electoral-en-chivilcoy","status":"publish","type":"post","link":"https:\/\/infoecos.com.ar\/index.php\/el-partido-que-lidera-el-intendente-guillermo-britos-se-quedo-con-la-victoria-electoral-en-chivilcoy\/","title":{"rendered":"El partido que lidera el intendente Guillermo Britos se qued\u00f3 con la victoria electoral en Chivilcoy"},"content":{"rendered":"\n<p class=\"wp-block-paragraph\">Primero Chivilcoy, corriente pol\u00edtica que lidera el intendente de ese distrito de la 4\u00b0 Secci\u00f3n Electoral, gan\u00f3 c\u00f3modo en las PASO de este domingo.<\/p>\n\n\n\n<div class=\"wp-block-image is-style-default\"><figure class=\"aligncenter size-medium\"><img loading=\"lazy\" decoding=\"async\" width=\"460\" height=\"307\" src=\"http:\/\/infoecos.com.ar\/wp-content\/uploads\/2021\/09\/britoschivilcoy1-460x307.jpg\" alt=\"\" class=\"wp-image-85890\" srcset=\"https:\/\/infoecos.com.ar\/wp-content\/uploads\/2021\/09\/britoschivilcoy1-460x307.jpg 460w, https:\/\/infoecos.com.ar\/wp-content\/uploads\/2021\/09\/britoschivilcoy1-675x450.jpg 675w, https:\/\/infoecos.com.ar\/wp-content\/uploads\/2021\/09\/britoschivilcoy1.jpg 720w\" sizes=\"auto, (max-width: 460px) 100vw, 460px\" \/><\/figure><\/div>\n\n\n\n<p class=\"wp-block-paragraph\">No pudieron con la fuerza del mandatario comunal, ni el Frente de Todos, Juntos y Vamos con Vos, con precandidatos de fuste del distrito.<\/p>\n\n\n\n<p class=\"wp-block-paragraph\">Primero Chivilcoy sum\u00f3 9960 sufragios. En segundo lugar se ubic\u00f3 la alianza de radicales y el PRO con 8755 votos. En tercer lugar Vamos con Vos con 8268 votos y el Frente de Todos en el cuarto con 7603.<\/p>\n\n\n\n<p class=\"wp-block-paragraph\">El jefe comunal en un modesto acto concretado al cierre de los comicios dijo que \u201cdado el contexto que estamos atravesando por la pandemia no hay nada que festejar por respeto a los fallecidos\u201d y agradeci\u00f3 a todo el equipo de trabajo por el enorme esfuerzo realizado en esta elecci\u00f3n.<\/p>\n\n\n\n<p class=\"wp-block-paragraph\">Patricia Mangino, que encabeza la lista de Primero Chivilcoy expres\u00f3 que \u201ceste es un triunfo de todos, le quiero agradecer a los vecinos de Chivilcoy que han ido a votar, ya que estamos en democracia y debemos celebrarlo; y a todos los que nos eligieron\u201d.<\/p>\n\n\n\n<div class=\"wp-block-image is-style-default\"><figure class=\"aligncenter size-medium\"><img loading=\"lazy\" decoding=\"async\" width=\"460\" height=\"212\" src=\"http:\/\/infoecos.com.ar\/wp-content\/uploads\/2021\/09\/primerochivilcoy-460x212.jpg\" alt=\"\" class=\"wp-image-85889\" srcset=\"https:\/\/infoecos.com.ar\/wp-content\/uploads\/2021\/09\/primerochivilcoy-460x212.jpg 460w, https:\/\/infoecos.com.ar\/wp-content\/uploads\/2021\/09\/primerochivilcoy.jpg 720w\" sizes=\"auto, (max-width: 460px) 100vw, 460px\" \/><\/figure><\/div>\n\n\n\n<p class=\"wp-block-paragraph\"><\/p>\n","protected":false},"excerpt":{"rendered":"<p>Primero Chivilcoy sum\u00f3 9960 sufragios. En segundo lugar se ubic\u00f3 la alianza de radicales y el PRO con 8755 votos. En tercer lugar Vamos con Vos con 8268 votos y el Frente de Todos en el cuarto con 7603<\/p>\n","protected":false},"author":2,"featured_media":85890,"comment_status":"closed","ping_status":"open","sticky":false,"template":"","format":"standard","meta":{"footnotes":""},"categories":[198],"tags":[4648],"class_list":["post-85888","post","type-post","status-publish","format-standard","has-post-thumbnail","hentry","category-c1nota5","tag-elecciones-paso-2021"],"featured_image_urls":{"full":["https:\/\/infoecos.com.ar\/wp-content\/uploads\/2021\/09\/britoschivilcoy1.jpg",720,480,false],"thumbnail":["https:\/\/infoecos.com.ar\/wp-content\/uploads\/2021\/09\/britoschivilcoy1-150x150.jpg",150,150,true],"medium":["https:\/\/infoecos.com.ar\/wp-content\/uploads\/2021\/09\/britoschivilcoy1-460x307.jpg",460,307,true],"medium_large":["https:\/\/infoecos.com.ar\/wp-content\/uploads\/2021\/09\/britoschivilcoy1.jpg",640,427,false],"large":["https:\/\/infoecos.com.ar\/wp-content\/uploads\/2021\/09\/britoschivilcoy1.jpg",640,427,false],"1536x1536":["https:\/\/infoecos.com.ar\/wp-content\/uploads\/2021\/09\/britoschivilcoy1.jpg",720,480,false],"2048x2048":["https:\/\/infoecos.com.ar\/wp-content\/uploads\/2021\/09\/britoschivilcoy1.jpg",720,480,false],"covernews-slider-full":["https:\/\/infoecos.com.ar\/wp-content\/uploads\/2021\/09\/britoschivilcoy1.jpg",720,480,false],"covernews-slider-center":["https:\/\/infoecos.com.ar\/wp-content\/uploads\/2021\/09\/britoschivilcoy1.jpg",720,480,false],"covernews-featured":["https:\/\/infoecos.com.ar\/wp-content\/uploads\/2021\/09\/britoschivilcoy1.jpg",720,480,false],"covernews-medium":["https:\/\/infoecos.com.ar\/wp-content\/uploads\/2021\/09\/britoschivilcoy1-720x380.jpg",540,285,true],"covernews-medium-square":["https:\/\/infoecos.com.ar\/wp-content\/uploads\/2021\/09\/britoschivilcoy1-675x450.jpg",375,250,true]},"author_info":{"info":["Jorge Matheus"]},"category_info":"<a href=\"https:\/\/infoecos.com.ar\/index.php\/category\/c1nota5\/\" rel=\"category tag\">C1 nota 5<\/a>","tag_info":"C1 nota 5","comment_count":"0","_links":{"self":[{"href":"https:\/\/infoecos.com.ar\/index.php\/wp-json\/wp\/v2\/posts\/85888","targetHints":{"allow":["GET"]}}],"collection":[{"href":"https:\/\/infoecos.com.ar\/index.php\/wp-json\/wp\/v2\/posts"}],"about":[{"href":"https:\/\/infoecos.com.ar\/index.php\/wp-json\/wp\/v2\/types\/post"}],"author":[{"embeddable":true,"href":"https:\/\/infoecos.com.ar\/index.php\/wp-json\/wp\/v2\/users\/2"}],"replies":[{"embeddable":true,"href":"https:\/\/infoecos.com.ar\/index.php\/wp-json\/wp\/v2\/comments?post=85888"}],"version-history":[{"count":1,"href":"https:\/\/infoecos.com.ar\/index.php\/wp-json\/wp\/v2\/posts\/85888\/revisions"}],"predecessor-version":[{"id":85891,"href":"https:\/\/infoecos.com.ar\/index.php\/wp-json\/wp\/v2\/posts\/85888\/revisions\/85891"}],"wp:featuredmedia":[{"embeddable":true,"href":"https:\/\/infoecos.com.ar\/index.php\/wp-json\/wp\/v2\/media\/85890"}],"wp:attachment":[{"href":"https:\/\/infoecos.com.ar\/index.php\/wp-json\/wp\/v2\/media?parent=85888"}],"wp:term":[{"taxonomy":"category","embeddable":true,"href":"https:\/\/infoecos.com.ar\/index.php\/wp-json\/wp\/v2\/categories?post=85888"},{"taxonomy":"post_tag","embeddable":true,"href":"https:\/\/infoecos.com.ar\/index.php\/wp-json\/wp\/v2\/tags?post=85888"}],"curies":[{"name":"wp","href":"https:\/\/api.w.org\/{rel}","templated":true}]}}