{"id":85897,"date":"2021-09-13T13:43:18","date_gmt":"2021-09-13T16:43:18","guid":{"rendered":"http:\/\/infoecos.com.ar\/?p=85897"},"modified":"2021-09-13T13:43:19","modified_gmt":"2021-09-13T16:43:19","slug":"la-lista-de-juntos-encabezada-por-el-locutor-bahiense-lorenzo-natali-se-impuso-en-la-seccional-de-la-sexta","status":"publish","type":"post","link":"https:\/\/infoecos.com.ar\/index.php\/la-lista-de-juntos-encabezada-por-el-locutor-bahiense-lorenzo-natali-se-impuso-en-la-seccional-de-la-sexta\/","title":{"rendered":"La lista de Juntos encabezada por el locutor bahiense, Lorenzo Natali, se impuso en la seccional de la sexta"},"content":{"rendered":"\n<p class=\"wp-block-paragraph\">La lista de Juntos que llev\u00f3 como candidato en primer lugar al locutor bahiense, Lorenzo Natali, fue la gran ganadora en la sexta secci\u00f3n electoral.  Alcanz\u00f3 102.779 sufragios. Sobre 22 distritos solo perdi\u00f3 en Monte Hermoso.<\/p>\n\n\n\n<div class=\"wp-block-image is-style-default\"><figure class=\"aligncenter size-medium\"><img loading=\"lazy\" decoding=\"async\" width=\"460\" height=\"259\" src=\"http:\/\/infoecos.com.ar\/wp-content\/uploads\/2021\/09\/1590792694736-460x259.jpg\" alt=\"\" class=\"wp-image-85899\" srcset=\"https:\/\/infoecos.com.ar\/wp-content\/uploads\/2021\/09\/1590792694736-460x259.jpg 460w, https:\/\/infoecos.com.ar\/wp-content\/uploads\/2021\/09\/1590792694736-920x517.jpg 920w, https:\/\/infoecos.com.ar\/wp-content\/uploads\/2021\/09\/1590792694736-768x432.jpg 768w, https:\/\/infoecos.com.ar\/wp-content\/uploads\/2021\/09\/1590792694736-1024x575.jpg 1024w, https:\/\/infoecos.com.ar\/wp-content\/uploads\/2021\/09\/1590792694736.jpg 1500w\" sizes=\"auto, (max-width: 460px) 100vw, 460px\" \/><\/figure><\/div>\n\n\n\n<p class=\"wp-block-paragraph\">En torno al Frente de Todos cuya lista es encabezada por Alejandro Dichiara, intendente de la ciudad balnearia del sur provincial, sum\u00f3 100.463 votos, lo que lo ubic\u00f3 en segundo lugar. <\/p>\n\n\n\n<div class=\"wp-block-image is-style-default\"><figure class=\"aligncenter size-medium\"><img loading=\"lazy\" decoding=\"async\" width=\"460\" height=\"259\" src=\"http:\/\/infoecos.com.ar\/wp-content\/uploads\/2021\/09\/Lorenzo-Natali-460x259.jpg\" alt=\"\" class=\"wp-image-85898\" srcset=\"https:\/\/infoecos.com.ar\/wp-content\/uploads\/2021\/09\/Lorenzo-Natali-460x259.jpg 460w, https:\/\/infoecos.com.ar\/wp-content\/uploads\/2021\/09\/Lorenzo-Natali-920x518.jpg 920w, https:\/\/infoecos.com.ar\/wp-content\/uploads\/2021\/09\/Lorenzo-Natali-768x432.jpg 768w, https:\/\/infoecos.com.ar\/wp-content\/uploads\/2021\/09\/Lorenzo-Natali-1024x576.jpg 1024w, https:\/\/infoecos.com.ar\/wp-content\/uploads\/2021\/09\/Lorenzo-Natali.jpg 1080w\" sizes=\"auto, (max-width: 460px) 100vw, 460px\" \/><\/figure><\/div>\n","protected":false},"excerpt":{"rendered":"<p>La lista encabezada por Alejandro Dichiara del Frente de Todos se ubic\u00f3 en segundo lugar<\/p>\n","protected":false},"author":2,"featured_media":85899,"comment_status":"closed","ping_status":"open","sticky":false,"template":"","format":"standard","meta":{"footnotes":""},"categories":[1326],"tags":[4648],"class_list":["post-85897","post","type-post","status-publish","format-standard","has-post-thumbnail","hentry","category-c2nota6","tag-elecciones-paso-2021"],"featured_image_urls":{"full":["https:\/\/infoecos.com.ar\/wp-content\/uploads\/2021\/09\/1590792694736.jpg",1500,843,false],"thumbnail":["https:\/\/infoecos.com.ar\/wp-content\/uploads\/2021\/09\/1590792694736-150x150.jpg",150,150,true],"medium":["https:\/\/infoecos.com.ar\/wp-content\/uploads\/2021\/09\/1590792694736-460x259.jpg",460,259,true],"medium_large":["https:\/\/infoecos.com.ar\/wp-content\/uploads\/2021\/09\/1590792694736-768x432.jpg",640,360,true],"large":["https:\/\/infoecos.com.ar\/wp-content\/uploads\/2021\/09\/1590792694736-920x517.jpg",640,360,true],"1536x1536":["https:\/\/infoecos.com.ar\/wp-content\/uploads\/2021\/09\/1590792694736.jpg",1500,843,false],"2048x2048":["https:\/\/infoecos.com.ar\/wp-content\/uploads\/2021\/09\/1590792694736.jpg",1500,843,false],"covernews-slider-full":["https:\/\/infoecos.com.ar\/wp-content\/uploads\/2021\/09\/1590792694736.jpg",1115,627,false],"covernews-slider-center":["https:\/\/infoecos.com.ar\/wp-content\/uploads\/2021\/09\/1590792694736-936x843.jpg",555,500,true],"covernews-featured":["https:\/\/infoecos.com.ar\/wp-content\/uploads\/2021\/09\/1590792694736-1024x575.jpg",1024,575,true],"covernews-medium":["https:\/\/infoecos.com.ar\/wp-content\/uploads\/2021\/09\/1590792694736-720x380.jpg",540,285,true],"covernews-medium-square":["https:\/\/infoecos.com.ar\/wp-content\/uploads\/2021\/09\/1590792694736-675x450.jpg",375,250,true]},"author_info":{"info":["Jorge Matheus"]},"category_info":"<a href=\"https:\/\/infoecos.com.ar\/index.php\/category\/c2nota6\/\" rel=\"category tag\">C2 N6<\/a>","tag_info":"C2 N6","comment_count":"0","_links":{"self":[{"href":"https:\/\/infoecos.com.ar\/index.php\/wp-json\/wp\/v2\/posts\/85897","targetHints":{"allow":["GET"]}}],"collection":[{"href":"https:\/\/infoecos.com.ar\/index.php\/wp-json\/wp\/v2\/posts"}],"about":[{"href":"https:\/\/infoecos.com.ar\/index.php\/wp-json\/wp\/v2\/types\/post"}],"author":[{"embeddable":true,"href":"https:\/\/infoecos.com.ar\/index.php\/wp-json\/wp\/v2\/users\/2"}],"replies":[{"embeddable":true,"href":"https:\/\/infoecos.com.ar\/index.php\/wp-json\/wp\/v2\/comments?post=85897"}],"version-history":[{"count":1,"href":"https:\/\/infoecos.com.ar\/index.php\/wp-json\/wp\/v2\/posts\/85897\/revisions"}],"predecessor-version":[{"id":85900,"href":"https:\/\/infoecos.com.ar\/index.php\/wp-json\/wp\/v2\/posts\/85897\/revisions\/85900"}],"wp:featuredmedia":[{"embeddable":true,"href":"https:\/\/infoecos.com.ar\/index.php\/wp-json\/wp\/v2\/media\/85899"}],"wp:attachment":[{"href":"https:\/\/infoecos.com.ar\/index.php\/wp-json\/wp\/v2\/media?parent=85897"}],"wp:term":[{"taxonomy":"category","embeddable":true,"href":"https:\/\/infoecos.com.ar\/index.php\/wp-json\/wp\/v2\/categories?post=85897"},{"taxonomy":"post_tag","embeddable":true,"href":"https:\/\/infoecos.com.ar\/index.php\/wp-json\/wp\/v2\/tags?post=85897"}],"curies":[{"name":"wp","href":"https:\/\/api.w.org\/{rel}","templated":true}]}}