{"id":85976,"date":"2021-09-15T07:31:53","date_gmt":"2021-09-15T10:31:53","guid":{"rendered":"http:\/\/infoecos.com.ar\/?p=85976"},"modified":"2021-09-15T07:31:53","modified_gmt":"2021-09-15T10:31:53","slug":"estoy-convencida-que-se-puede-revertir-el-resultado-de-las-paso-dijo-teresa-garcia-ministra-de-gobierno-de-buenos-aires","status":"publish","type":"post","link":"https:\/\/infoecos.com.ar\/index.php\/estoy-convencida-que-se-puede-revertir-el-resultado-de-las-paso-dijo-teresa-garcia-ministra-de-gobierno-de-buenos-aires\/","title":{"rendered":"\u201cEstoy convencida que se puede revertir el resultado de las PASO\u00bb, dijo Teresa Garc\u00eda, ministra de Gobierno de Buenos Aires"},"content":{"rendered":"\n<p>La ministra de Gobierno bonaerense, Teresa Garc\u00eda, afirm\u00f3 que \u201cestoy convencida que se puede revertir el resultado de las PASO\u00bb y destac\u00f3 que la sociedad debe \u00abtener memoria de la Provincia que recibimos\u00bb.<\/p>\n\n\n\n<div class=\"wp-block-image is-style-default\"><figure class=\"aligncenter size-medium\"><img loading=\"lazy\" decoding=\"async\" width=\"460\" height=\"306\" src=\"http:\/\/infoecos.com.ar\/wp-content\/uploads\/2021\/01\/Garcia-Teresa2-460x306.jpg\" alt=\"\" class=\"wp-image-73164\" srcset=\"https:\/\/infoecos.com.ar\/wp-content\/uploads\/2021\/01\/Garcia-Teresa2-460x306.jpg 460w, https:\/\/infoecos.com.ar\/wp-content\/uploads\/2021\/01\/Garcia-Teresa2-768x511.jpg 768w, https:\/\/infoecos.com.ar\/wp-content\/uploads\/2021\/01\/Garcia-Teresa2-675x450.jpg 675w, https:\/\/infoecos.com.ar\/wp-content\/uploads\/2021\/01\/Garcia-Teresa2.jpg 880w\" sizes=\"(max-width: 460px) 100vw, 460px\" \/><\/figure><\/div>\n\n\n\n<p>En declaraciones a Radio Provincia expres\u00f3 que \u00abpara el peronismo la lectura del domingo es que siempre se escucha lo que la gente dice en las urnas\u201d y agreg\u00f3 que \u201cvamos a intensificar la tarea de gesti\u00f3n en la Provincia\u201d.<\/p>\n\n\n\n<p>Garc\u00eda destac\u00f3 que \u201ca veces es muy poco visible la tarea y en este caso el trabajo de la pandemia fue todo lo que se vio\u00bb y reconoci\u00f3 que \u00abno alcanz\u00f3 la campa\u00f1a exitosa de vacunaci\u00f3n. Se nota que la gente est\u00e1 conmovida por otras cosas\u00bb.<\/p>\n\n\n\n<p>En ese marco, sostuvo que \u00abel Gobierno tiene la responsabilidad de leer en cada lugar lo que sucedi\u00f3 sobre todo por la baja adherencia de votantes. Algunas personas le restan importancia a las PASO y van a las generales. Hay gente que por la semana de tormenta le cost\u00f3 salir\u00bb.<\/p>\n\n\n\n<p>Teresa Garc\u00eda manifest\u00f3 estar convencida de que se puede revertir el resultado y reiter\u00f3 que \u201ctenemos que tener memoria de la Provincia que recibimos\u00bb.<\/p>\n\n\n\n<p>Agreg\u00f3 que \u00abalinear precios, salarios, servicios es una medida de gobierno y por eso tenemos que intensificar las pol\u00edticas activas. Tuvimos un llamado de atenci\u00f3n\u201d.<\/p>\n\n\n\n<p>Teresa Garc\u00eda sostuvo que \u201cla ciudadan\u00eda que vota con bronca tiene todo el derecho a hacerlo pero no es suicida y ha visto lo que pas\u00f3 con el macrismo. Fue un llamado de atenci\u00f3n y si se corrige la situaci\u00f3n, la gente es sabia\u00bb<\/p>\n","protected":false},"excerpt":{"rendered":"<p>Destac\u00f3 que la sociedad debe \u00abtener memoria de la Provincia que recibimos\u00bb<\/p>\n","protected":false},"author":2,"featured_media":56032,"comment_status":"closed","ping_status":"open","sticky":false,"template":"","format":"standard","meta":{"footnotes":""},"categories":[47],"tags":[5093],"class_list":["post-85976","post","type-post","status-publish","format-standard","has-post-thumbnail","hentry","category-c3nota2","tag-es-candidata-a-senadora-provincial-por-la-3"],"yoast_head":"<!-- This site is optimized with the Yoast SEO plugin v23.4 - https:\/\/yoast.com\/wordpress\/plugins\/seo\/ -->\n<title>\u201cEstoy convencida que se puede revertir el resultado de las PASO&quot;, dijo Teresa Garc\u00eda, ministra de Gobierno de Buenos Aires - Infoecos<\/title>\n<meta name=\"robots\" content=\"index, follow, max-snippet:-1, max-image-preview:large, max-video-preview:-1\" \/>\n<link rel=\"canonical\" href=\"https:\/\/infoecos.com.ar\/index.php\/estoy-convencida-que-se-puede-revertir-el-resultado-de-las-paso-dijo-teresa-garcia-ministra-de-gobierno-de-buenos-aires\/\" \/>\n<meta property=\"og:locale\" content=\"es_ES\" \/>\n<meta property=\"og:type\" content=\"article\" \/>\n<meta property=\"og:title\" content=\"\u201cEstoy convencida que se puede revertir el resultado de las PASO&quot;, dijo Teresa Garc\u00eda, ministra de Gobierno de Buenos Aires - Infoecos\" \/>\n<meta property=\"og:description\" content=\"Destac\u00f3 que la sociedad debe &quot;tener memoria de la Provincia que recibimos&quot;\" \/>\n<meta property=\"og:url\" content=\"https:\/\/infoecos.com.ar\/index.php\/estoy-convencida-que-se-puede-revertir-el-resultado-de-las-paso-dijo-teresa-garcia-ministra-de-gobierno-de-buenos-aires\/\" \/>\n<meta property=\"og:site_name\" content=\"Infoecos\" \/>\n<meta property=\"article:publisher\" content=\"https:\/\/www.facebook.com\/profile.php?id=100063200290284\" \/>\n<meta property=\"article:published_time\" content=\"2021-09-15T10:31:53+00:00\" \/>\n<meta property=\"og:image\" content=\"https:\/\/infoecos.com.ar\/wp-content\/uploads\/20170126121922_teresa_garcia.jpg\" \/>\n\t<meta property=\"og:image:width\" content=\"620\" \/>\n\t<meta property=\"og:image:height\" content=\"370\" \/>\n\t<meta property=\"og:image:type\" content=\"image\/jpeg\" \/>\n<meta name=\"author\" content=\"Jorge Matheus\" \/>\n<meta name=\"twitter:card\" content=\"summary_large_image\" \/>\n<meta name=\"twitter:creator\" content=\"@infoecos\" \/>\n<meta name=\"twitter:site\" content=\"@infoecos\" \/>\n<meta name=\"twitter:label1\" content=\"Escrito por\" \/>\n\t<meta name=\"twitter:data1\" content=\"Jorge Matheus\" \/>\n\t<meta name=\"twitter:label2\" content=\"Tiempo de lectura\" \/>\n\t<meta name=\"twitter:data2\" content=\"1 minuto\" \/>\n<script type=\"application\/ld+json\" class=\"yoast-schema-graph\">{\"@context\":\"https:\/\/schema.org\",\"@graph\":[{\"@type\":\"Article\",\"@id\":\"https:\/\/infoecos.com.ar\/index.php\/estoy-convencida-que-se-puede-revertir-el-resultado-de-las-paso-dijo-teresa-garcia-ministra-de-gobierno-de-buenos-aires\/#article\",\"isPartOf\":{\"@id\":\"https:\/\/infoecos.com.ar\/index.php\/estoy-convencida-que-se-puede-revertir-el-resultado-de-las-paso-dijo-teresa-garcia-ministra-de-gobierno-de-buenos-aires\/\"},\"author\":{\"name\":\"Jorge Matheus\",\"@id\":\"https:\/\/infoecos.com.ar\/#\/schema\/person\/8f5ace5ce73b4b4aac4b7245aee6f191\"},\"headline\":\"\u201cEstoy convencida que se puede revertir el resultado de las PASO\u00bb, dijo Teresa Garc\u00eda, ministra de Gobierno de Buenos Aires\",\"datePublished\":\"2021-09-15T10:31:53+00:00\",\"dateModified\":\"2021-09-15T10:31:53+00:00\",\"mainEntityOfPage\":{\"@id\":\"https:\/\/infoecos.com.ar\/index.php\/estoy-convencida-que-se-puede-revertir-el-resultado-de-las-paso-dijo-teresa-garcia-ministra-de-gobierno-de-buenos-aires\/\"},\"wordCount\":295,\"publisher\":{\"@id\":\"https:\/\/infoecos.com.ar\/#organization\"},\"image\":{\"@id\":\"https:\/\/infoecos.com.ar\/index.php\/estoy-convencida-que-se-puede-revertir-el-resultado-de-las-paso-dijo-teresa-garcia-ministra-de-gobierno-de-buenos-aires\/#primaryimage\"},\"thumbnailUrl\":\"\",\"keywords\":[\"ES CANDIDATA A SENADORA PROVINCIAL POR LA 3\u00b0\"],\"articleSection\":[\"C3 N2\"],\"inLanguage\":\"es\"},{\"@type\":\"WebPage\",\"@id\":\"https:\/\/infoecos.com.ar\/index.php\/estoy-convencida-que-se-puede-revertir-el-resultado-de-las-paso-dijo-teresa-garcia-ministra-de-gobierno-de-buenos-aires\/\",\"url\":\"https:\/\/infoecos.com.ar\/index.php\/estoy-convencida-que-se-puede-revertir-el-resultado-de-las-paso-dijo-teresa-garcia-ministra-de-gobierno-de-buenos-aires\/\",\"name\":\"\u201cEstoy convencida que se puede revertir el resultado de las PASO\\\", dijo Teresa Garc\u00eda, ministra de Gobierno de Buenos Aires - Infoecos\",\"isPartOf\":{\"@id\":\"https:\/\/infoecos.com.ar\/#website\"},\"primaryImageOfPage\":{\"@id\":\"https:\/\/infoecos.com.ar\/index.php\/estoy-convencida-que-se-puede-revertir-el-resultado-de-las-paso-dijo-teresa-garcia-ministra-de-gobierno-de-buenos-aires\/#primaryimage\"},\"image\":{\"@id\":\"https:\/\/infoecos.com.ar\/index.php\/estoy-convencida-que-se-puede-revertir-el-resultado-de-las-paso-dijo-teresa-garcia-ministra-de-gobierno-de-buenos-aires\/#primaryimage\"},\"thumbnailUrl\":\"\",\"datePublished\":\"2021-09-15T10:31:53+00:00\",\"dateModified\":\"2021-09-15T10:31:53+00:00\",\"breadcrumb\":{\"@id\":\"https:\/\/infoecos.com.ar\/index.php\/estoy-convencida-que-se-puede-revertir-el-resultado-de-las-paso-dijo-teresa-garcia-ministra-de-gobierno-de-buenos-aires\/#breadcrumb\"},\"inLanguage\":\"es\",\"potentialAction\":[{\"@type\":\"ReadAction\",\"target\":[\"https:\/\/infoecos.com.ar\/index.php\/estoy-convencida-que-se-puede-revertir-el-resultado-de-las-paso-dijo-teresa-garcia-ministra-de-gobierno-de-buenos-aires\/\"]}]},{\"@type\":\"ImageObject\",\"inLanguage\":\"es\",\"@id\":\"https:\/\/infoecos.com.ar\/index.php\/estoy-convencida-que-se-puede-revertir-el-resultado-de-las-paso-dijo-teresa-garcia-ministra-de-gobierno-de-buenos-aires\/#primaryimage\",\"url\":\"\",\"contentUrl\":\"\"},{\"@type\":\"BreadcrumbList\",\"@id\":\"https:\/\/infoecos.com.ar\/index.php\/estoy-convencida-que-se-puede-revertir-el-resultado-de-las-paso-dijo-teresa-garcia-ministra-de-gobierno-de-buenos-aires\/#breadcrumb\",\"itemListElement\":[{\"@type\":\"ListItem\",\"position\":1,\"name\":\"Portada\",\"item\":\"https:\/\/infoecos.com.ar\/\"},{\"@type\":\"ListItem\",\"position\":2,\"name\":\"\u201cEstoy convencida que se puede revertir el resultado de las PASO\u00bb, dijo Teresa Garc\u00eda, ministra de Gobierno de Buenos Aires\"}]},{\"@type\":\"WebSite\",\"@id\":\"https:\/\/infoecos.com.ar\/#website\",\"url\":\"https:\/\/infoecos.com.ar\/\",\"name\":\"Infoecos\",\"description\":\"Noticias de trenque lauquen y la zona\",\"publisher\":{\"@id\":\"https:\/\/infoecos.com.ar\/#organization\"},\"alternateName\":\"Noticias\",\"potentialAction\":[{\"@type\":\"SearchAction\",\"target\":{\"@type\":\"EntryPoint\",\"urlTemplate\":\"https:\/\/infoecos.com.ar\/?s={search_term_string}\"},\"query-input\":{\"@type\":\"PropertyValueSpecification\",\"valueRequired\":true,\"valueName\":\"search_term_string\"}}],\"inLanguage\":\"es\"},{\"@type\":\"Organization\",\"@id\":\"https:\/\/infoecos.com.ar\/#organization\",\"name\":\"Infoecos\",\"alternateName\":\"Noticias\",\"url\":\"https:\/\/infoecos.com.ar\/\",\"logo\":{\"@type\":\"ImageObject\",\"inLanguage\":\"es\",\"@id\":\"https:\/\/infoecos.com.ar\/#\/schema\/logo\/image\/\",\"url\":\"https:\/\/infoecos.com.ar\/wp-content\/uploads\/2024\/03\/cropped-logo.png\",\"contentUrl\":\"https:\/\/infoecos.com.ar\/wp-content\/uploads\/2024\/03\/cropped-logo.png\",\"width\":374,\"height\":90,\"caption\":\"Infoecos\"},\"image\":{\"@id\":\"https:\/\/infoecos.com.ar\/#\/schema\/logo\/image\/\"},\"sameAs\":[\"https:\/\/www.facebook.com\/profile.php?id=100063200290284\",\"https:\/\/x.com\/infoecos\"]},{\"@type\":\"Person\",\"@id\":\"https:\/\/infoecos.com.ar\/#\/schema\/person\/8f5ace5ce73b4b4aac4b7245aee6f191\",\"name\":\"Jorge Matheus\",\"url\":\"https:\/\/infoecos.com.ar\/index.php\/author\/jomatheus\/\"}]}<\/script>\n<!-- \/ Yoast SEO plugin. -->","yoast_head_json":{"title":"\u201cEstoy convencida que se puede revertir el resultado de las PASO\", dijo Teresa Garc\u00eda, ministra de Gobierno de Buenos Aires - Infoecos","robots":{"index":"index","follow":"follow","max-snippet":"max-snippet:-1","max-image-preview":"max-image-preview:large","max-video-preview":"max-video-preview:-1"},"canonical":"https:\/\/infoecos.com.ar\/index.php\/estoy-convencida-que-se-puede-revertir-el-resultado-de-las-paso-dijo-teresa-garcia-ministra-de-gobierno-de-buenos-aires\/","og_locale":"es_ES","og_type":"article","og_title":"\u201cEstoy convencida que se puede revertir el resultado de las PASO\", dijo Teresa Garc\u00eda, ministra de Gobierno de Buenos Aires - Infoecos","og_description":"Destac\u00f3 que la sociedad debe \"tener memoria de la Provincia que recibimos\"","og_url":"https:\/\/infoecos.com.ar\/index.php\/estoy-convencida-que-se-puede-revertir-el-resultado-de-las-paso-dijo-teresa-garcia-ministra-de-gobierno-de-buenos-aires\/","og_site_name":"Infoecos","article_publisher":"https:\/\/www.facebook.com\/profile.php?id=100063200290284","article_published_time":"2021-09-15T10:31:53+00:00","og_image":[{"width":620,"height":370,"url":"https:\/\/infoecos.com.ar\/wp-content\/uploads\/20170126121922_teresa_garcia.jpg","type":"image\/jpeg"}],"author":"Jorge Matheus","twitter_card":"summary_large_image","twitter_creator":"@infoecos","twitter_site":"@infoecos","twitter_misc":{"Escrito por":"Jorge Matheus","Tiempo de lectura":"1 minuto"},"schema":{"@context":"https:\/\/schema.org","@graph":[{"@type":"Article","@id":"https:\/\/infoecos.com.ar\/index.php\/estoy-convencida-que-se-puede-revertir-el-resultado-de-las-paso-dijo-teresa-garcia-ministra-de-gobierno-de-buenos-aires\/#article","isPartOf":{"@id":"https:\/\/infoecos.com.ar\/index.php\/estoy-convencida-que-se-puede-revertir-el-resultado-de-las-paso-dijo-teresa-garcia-ministra-de-gobierno-de-buenos-aires\/"},"author":{"name":"Jorge Matheus","@id":"https:\/\/infoecos.com.ar\/#\/schema\/person\/8f5ace5ce73b4b4aac4b7245aee6f191"},"headline":"\u201cEstoy convencida que se puede revertir el resultado de las PASO\u00bb, dijo Teresa Garc\u00eda, ministra de Gobierno de Buenos Aires","datePublished":"2021-09-15T10:31:53+00:00","dateModified":"2021-09-15T10:31:53+00:00","mainEntityOfPage":{"@id":"https:\/\/infoecos.com.ar\/index.php\/estoy-convencida-que-se-puede-revertir-el-resultado-de-las-paso-dijo-teresa-garcia-ministra-de-gobierno-de-buenos-aires\/"},"wordCount":295,"publisher":{"@id":"https:\/\/infoecos.com.ar\/#organization"},"image":{"@id":"https:\/\/infoecos.com.ar\/index.php\/estoy-convencida-que-se-puede-revertir-el-resultado-de-las-paso-dijo-teresa-garcia-ministra-de-gobierno-de-buenos-aires\/#primaryimage"},"thumbnailUrl":"","keywords":["ES CANDIDATA A SENADORA PROVINCIAL POR LA 3\u00b0"],"articleSection":["C3 N2"],"inLanguage":"es"},{"@type":"WebPage","@id":"https:\/\/infoecos.com.ar\/index.php\/estoy-convencida-que-se-puede-revertir-el-resultado-de-las-paso-dijo-teresa-garcia-ministra-de-gobierno-de-buenos-aires\/","url":"https:\/\/infoecos.com.ar\/index.php\/estoy-convencida-que-se-puede-revertir-el-resultado-de-las-paso-dijo-teresa-garcia-ministra-de-gobierno-de-buenos-aires\/","name":"\u201cEstoy convencida que se puede revertir el resultado de las PASO\", dijo Teresa Garc\u00eda, ministra de Gobierno de Buenos Aires - Infoecos","isPartOf":{"@id":"https:\/\/infoecos.com.ar\/#website"},"primaryImageOfPage":{"@id":"https:\/\/infoecos.com.ar\/index.php\/estoy-convencida-que-se-puede-revertir-el-resultado-de-las-paso-dijo-teresa-garcia-ministra-de-gobierno-de-buenos-aires\/#primaryimage"},"image":{"@id":"https:\/\/infoecos.com.ar\/index.php\/estoy-convencida-que-se-puede-revertir-el-resultado-de-las-paso-dijo-teresa-garcia-ministra-de-gobierno-de-buenos-aires\/#primaryimage"},"thumbnailUrl":"","datePublished":"2021-09-15T10:31:53+00:00","dateModified":"2021-09-15T10:31:53+00:00","breadcrumb":{"@id":"https:\/\/infoecos.com.ar\/index.php\/estoy-convencida-que-se-puede-revertir-el-resultado-de-las-paso-dijo-teresa-garcia-ministra-de-gobierno-de-buenos-aires\/#breadcrumb"},"inLanguage":"es","potentialAction":[{"@type":"ReadAction","target":["https:\/\/infoecos.com.ar\/index.php\/estoy-convencida-que-se-puede-revertir-el-resultado-de-las-paso-dijo-teresa-garcia-ministra-de-gobierno-de-buenos-aires\/"]}]},{"@type":"ImageObject","inLanguage":"es","@id":"https:\/\/infoecos.com.ar\/index.php\/estoy-convencida-que-se-puede-revertir-el-resultado-de-las-paso-dijo-teresa-garcia-ministra-de-gobierno-de-buenos-aires\/#primaryimage","url":"","contentUrl":""},{"@type":"BreadcrumbList","@id":"https:\/\/infoecos.com.ar\/index.php\/estoy-convencida-que-se-puede-revertir-el-resultado-de-las-paso-dijo-teresa-garcia-ministra-de-gobierno-de-buenos-aires\/#breadcrumb","itemListElement":[{"@type":"ListItem","position":1,"name":"Portada","item":"https:\/\/infoecos.com.ar\/"},{"@type":"ListItem","position":2,"name":"\u201cEstoy convencida que se puede revertir el resultado de las PASO\u00bb, dijo Teresa Garc\u00eda, ministra de Gobierno de Buenos Aires"}]},{"@type":"WebSite","@id":"https:\/\/infoecos.com.ar\/#website","url":"https:\/\/infoecos.com.ar\/","name":"Infoecos","description":"Noticias de trenque lauquen y la zona","publisher":{"@id":"https:\/\/infoecos.com.ar\/#organization"},"alternateName":"Noticias","potentialAction":[{"@type":"SearchAction","target":{"@type":"EntryPoint","urlTemplate":"https:\/\/infoecos.com.ar\/?s={search_term_string}"},"query-input":{"@type":"PropertyValueSpecification","valueRequired":true,"valueName":"search_term_string"}}],"inLanguage":"es"},{"@type":"Organization","@id":"https:\/\/infoecos.com.ar\/#organization","name":"Infoecos","alternateName":"Noticias","url":"https:\/\/infoecos.com.ar\/","logo":{"@type":"ImageObject","inLanguage":"es","@id":"https:\/\/infoecos.com.ar\/#\/schema\/logo\/image\/","url":"https:\/\/infoecos.com.ar\/wp-content\/uploads\/2024\/03\/cropped-logo.png","contentUrl":"https:\/\/infoecos.com.ar\/wp-content\/uploads\/2024\/03\/cropped-logo.png","width":374,"height":90,"caption":"Infoecos"},"image":{"@id":"https:\/\/infoecos.com.ar\/#\/schema\/logo\/image\/"},"sameAs":["https:\/\/www.facebook.com\/profile.php?id=100063200290284","https:\/\/x.com\/infoecos"]},{"@type":"Person","@id":"https:\/\/infoecos.com.ar\/#\/schema\/person\/8f5ace5ce73b4b4aac4b7245aee6f191","name":"Jorge Matheus","url":"https:\/\/infoecos.com.ar\/index.php\/author\/jomatheus\/"}]}},"featured_image_urls":{"full":"","thumbnail":"","medium":"","medium_large":"","large":"","1536x1536":"","2048x2048":"","covernews-slider-full":"","covernews-slider-center":"","covernews-featured":"","covernews-medium":"","covernews-medium-square":""},"author_info":{"info":["Jorge Matheus"]},"category_info":"<a href=\"https:\/\/infoecos.com.ar\/index.php\/category\/c3nota2\/\" rel=\"category tag\">C3 N2<\/a>","tag_info":"C3 N2","comment_count":"0","_links":{"self":[{"href":"https:\/\/infoecos.com.ar\/index.php\/wp-json\/wp\/v2\/posts\/85976"}],"collection":[{"href":"https:\/\/infoecos.com.ar\/index.php\/wp-json\/wp\/v2\/posts"}],"about":[{"href":"https:\/\/infoecos.com.ar\/index.php\/wp-json\/wp\/v2\/types\/post"}],"author":[{"embeddable":true,"href":"https:\/\/infoecos.com.ar\/index.php\/wp-json\/wp\/v2\/users\/2"}],"replies":[{"embeddable":true,"href":"https:\/\/infoecos.com.ar\/index.php\/wp-json\/wp\/v2\/comments?post=85976"}],"version-history":[{"count":1,"href":"https:\/\/infoecos.com.ar\/index.php\/wp-json\/wp\/v2\/posts\/85976\/revisions"}],"predecessor-version":[{"id":85977,"href":"https:\/\/infoecos.com.ar\/index.php\/wp-json\/wp\/v2\/posts\/85976\/revisions\/85977"}],"wp:featuredmedia":[{"embeddable":true,"href":"https:\/\/infoecos.com.ar\/index.php\/wp-json\/"}],"wp:attachment":[{"href":"https:\/\/infoecos.com.ar\/index.php\/wp-json\/wp\/v2\/media?parent=85976"}],"wp:term":[{"taxonomy":"category","embeddable":true,"href":"https:\/\/infoecos.com.ar\/index.php\/wp-json\/wp\/v2\/categories?post=85976"},{"taxonomy":"post_tag","embeddable":true,"href":"https:\/\/infoecos.com.ar\/index.php\/wp-json\/wp\/v2\/tags?post=85976"}],"curies":[{"name":"wp","href":"https:\/\/api.w.org\/{rel}","templated":true}]}}