{"id":85980,"date":"2021-09-15T07:56:21","date_gmt":"2021-09-15T10:56:21","guid":{"rendered":"http:\/\/infoecos.com.ar\/?p=85980"},"modified":"2021-09-16T06:56:08","modified_gmt":"2021-09-16T09:56:08","slug":"la-localidad-de-francisco-madero-celebro-su-cumpleanos-127","status":"publish","type":"post","link":"https:\/\/infoecos.com.ar\/index.php\/la-localidad-de-francisco-madero-celebro-su-cumpleanos-127\/","title":{"rendered":"La localidad de Francisco Madero celebr\u00f3 su cumplea\u00f1os 127"},"content":{"rendered":"\n<p>Francisco Madero celebr\u00f3 127 a\u00f1os de historia. Se llev\u00f3 a cabo en la plaza de la localidad y cont\u00f3 con la presencia del Intendente municipal de Pehuaj\u00f3, Pablo  Zurro, el Delegado municipal, Franco Pirani, funcionarios del ejecutivo municipal, Departamento policial y Bomberos Voluntarios.<\/p>\n\n\n\n<div class=\"wp-block-image is-style-default\"><figure class=\"aligncenter size-medium\"><img loading=\"lazy\" decoding=\"async\" width=\"460\" height=\"307\" src=\"http:\/\/infoecos.com.ar\/wp-content\/uploads\/2021\/09\/franciscomadero-460x307.jpg\" alt=\"\" class=\"wp-image-85981\" srcset=\"https:\/\/infoecos.com.ar\/wp-content\/uploads\/2021\/09\/franciscomadero-460x307.jpg 460w, https:\/\/infoecos.com.ar\/wp-content\/uploads\/2021\/09\/franciscomadero.jpg 639w\" sizes=\"(max-width: 460px) 100vw, 460px\" \/><\/figure><\/div>\n\n\n\n<p>Tambi\u00e9n, estuvieron presentes las siguientes instituciones: Jard\u00edn de Infantes N\u00ba903, escuela primaria N\u00ba24, escuela primaria N\u00ba4, Escuela primaria N\u00ba3 y CEC N\u00ba802.<\/p>\n\n\n\n<p>El acto consisti\u00f3 en el izamiento de la bandera argentina y la entonaci\u00f3n del Himno Nacional, para luego pasar a las palabras alusivas a cargo de la docente de nivel inicial del jard\u00edn N\u00ba903, Gabriela Blascetta.<\/p>\n\n\n\n<div class=\"wp-block-image is-style-default\"><figure class=\"aligncenter size-medium\"><img loading=\"lazy\" decoding=\"async\" width=\"460\" height=\"307\" src=\"http:\/\/infoecos.com.ar\/wp-content\/uploads\/2021\/09\/franciscomadero1-460x307.jpg\" alt=\"\" class=\"wp-image-85983\" srcset=\"https:\/\/infoecos.com.ar\/wp-content\/uploads\/2021\/09\/franciscomadero1-460x307.jpg 460w, https:\/\/infoecos.com.ar\/wp-content\/uploads\/2021\/09\/franciscomadero1.jpg 639w\" sizes=\"(max-width: 460px) 100vw, 460px\" \/><\/figure><\/div>\n\n\n\n<p>Acto seguido, los presentes procedieron a la colocaci\u00f3n de la ofrenda floral al monumento del fundador, Raimundo Salazar.<\/p>\n","protected":false},"excerpt":{"rendered":"<p>El acto consisti\u00f3 en el izamiento de la bandera argentina y la entonaci\u00f3n del Himno Nacional, para luego pasar a las palabras alusivas a cargo de la docente de nivel inicial del jard\u00edn N\u00ba903, Gabriela Blascetta<\/p>\n","protected":false},"author":2,"featured_media":85982,"comment_status":"closed","ping_status":"open","sticky":false,"template":"","format":"standard","meta":{"footnotes":""},"categories":[1325],"tags":[5094],"class_list":["post-85980","post","type-post","status-publish","format-standard","has-post-thumbnail","hentry","category-c1nota6","tag-con-todos-los-protocolos-de-la-pandemia"],"yoast_head":"<!-- This site is optimized with the Yoast SEO plugin v23.4 - https:\/\/yoast.com\/wordpress\/plugins\/seo\/ -->\n<title>La localidad de Francisco Madero celebr\u00f3 su cumplea\u00f1os 127 - Infoecos<\/title>\n<meta name=\"robots\" content=\"index, follow, max-snippet:-1, max-image-preview:large, max-video-preview:-1\" \/>\n<link rel=\"canonical\" href=\"https:\/\/infoecos.com.ar\/index.php\/la-localidad-de-francisco-madero-celebro-su-cumpleanos-127\/\" \/>\n<meta property=\"og:locale\" content=\"es_ES\" \/>\n<meta property=\"og:type\" content=\"article\" \/>\n<meta property=\"og:title\" content=\"La localidad de Francisco Madero celebr\u00f3 su cumplea\u00f1os 127 - Infoecos\" \/>\n<meta property=\"og:description\" content=\"El acto consisti\u00f3 en el izamiento de la bandera argentina y la entonaci\u00f3n del Himno Nacional, para luego pasar a las palabras alusivas a cargo de la docente de nivel inicial del jard\u00edn N\u00ba903, Gabriela Blascetta\" \/>\n<meta property=\"og:url\" content=\"https:\/\/infoecos.com.ar\/index.php\/la-localidad-de-francisco-madero-celebro-su-cumpleanos-127\/\" \/>\n<meta property=\"og:site_name\" content=\"Infoecos\" \/>\n<meta property=\"article:publisher\" content=\"https:\/\/www.facebook.com\/profile.php?id=100063200290284\" \/>\n<meta property=\"article:published_time\" content=\"2021-09-15T10:56:21+00:00\" \/>\n<meta property=\"article:modified_time\" content=\"2021-09-16T09:56:08+00:00\" \/>\n<meta property=\"og:image\" content=\"https:\/\/infoecos.com.ar\/wp-content\/uploads\/2021\/09\/franciscomadero2.jpg\" \/>\n\t<meta property=\"og:image:width\" content=\"639\" \/>\n\t<meta property=\"og:image:height\" content=\"426\" \/>\n\t<meta property=\"og:image:type\" content=\"image\/jpeg\" \/>\n<meta name=\"author\" content=\"Jorge Matheus\" \/>\n<meta name=\"twitter:card\" content=\"summary_large_image\" \/>\n<meta name=\"twitter:creator\" content=\"@infoecos\" \/>\n<meta name=\"twitter:site\" content=\"@infoecos\" \/>\n<meta name=\"twitter:label1\" content=\"Escrito por\" \/>\n\t<meta name=\"twitter:data1\" content=\"Jorge Matheus\" \/>\n\t<meta name=\"twitter:label2\" content=\"Tiempo de lectura\" \/>\n\t<meta name=\"twitter:data2\" content=\"1 minuto\" \/>\n<script type=\"application\/ld+json\" class=\"yoast-schema-graph\">{\"@context\":\"https:\/\/schema.org\",\"@graph\":[{\"@type\":\"Article\",\"@id\":\"https:\/\/infoecos.com.ar\/index.php\/la-localidad-de-francisco-madero-celebro-su-cumpleanos-127\/#article\",\"isPartOf\":{\"@id\":\"https:\/\/infoecos.com.ar\/index.php\/la-localidad-de-francisco-madero-celebro-su-cumpleanos-127\/\"},\"author\":{\"name\":\"Jorge Matheus\",\"@id\":\"https:\/\/infoecos.com.ar\/#\/schema\/person\/8f5ace5ce73b4b4aac4b7245aee6f191\"},\"headline\":\"La localidad de Francisco Madero celebr\u00f3 su cumplea\u00f1os 127\",\"datePublished\":\"2021-09-15T10:56:21+00:00\",\"dateModified\":\"2021-09-16T09:56:08+00:00\",\"mainEntityOfPage\":{\"@id\":\"https:\/\/infoecos.com.ar\/index.php\/la-localidad-de-francisco-madero-celebro-su-cumpleanos-127\/\"},\"wordCount\":133,\"publisher\":{\"@id\":\"https:\/\/infoecos.com.ar\/#organization\"},\"image\":{\"@id\":\"https:\/\/infoecos.com.ar\/index.php\/la-localidad-de-francisco-madero-celebro-su-cumpleanos-127\/#primaryimage\"},\"thumbnailUrl\":\"https:\/\/infoecos.com.ar\/wp-content\/uploads\/2021\/09\/franciscomadero2.jpg\",\"keywords\":[\"con todos los protocolos de la pandemia\"],\"articleSection\":[\"C1 nota 6\"],\"inLanguage\":\"es\"},{\"@type\":\"WebPage\",\"@id\":\"https:\/\/infoecos.com.ar\/index.php\/la-localidad-de-francisco-madero-celebro-su-cumpleanos-127\/\",\"url\":\"https:\/\/infoecos.com.ar\/index.php\/la-localidad-de-francisco-madero-celebro-su-cumpleanos-127\/\",\"name\":\"La localidad de Francisco Madero celebr\u00f3 su cumplea\u00f1os 127 - Infoecos\",\"isPartOf\":{\"@id\":\"https:\/\/infoecos.com.ar\/#website\"},\"primaryImageOfPage\":{\"@id\":\"https:\/\/infoecos.com.ar\/index.php\/la-localidad-de-francisco-madero-celebro-su-cumpleanos-127\/#primaryimage\"},\"image\":{\"@id\":\"https:\/\/infoecos.com.ar\/index.php\/la-localidad-de-francisco-madero-celebro-su-cumpleanos-127\/#primaryimage\"},\"thumbnailUrl\":\"https:\/\/infoecos.com.ar\/wp-content\/uploads\/2021\/09\/franciscomadero2.jpg\",\"datePublished\":\"2021-09-15T10:56:21+00:00\",\"dateModified\":\"2021-09-16T09:56:08+00:00\",\"breadcrumb\":{\"@id\":\"https:\/\/infoecos.com.ar\/index.php\/la-localidad-de-francisco-madero-celebro-su-cumpleanos-127\/#breadcrumb\"},\"inLanguage\":\"es\",\"potentialAction\":[{\"@type\":\"ReadAction\",\"target\":[\"https:\/\/infoecos.com.ar\/index.php\/la-localidad-de-francisco-madero-celebro-su-cumpleanos-127\/\"]}]},{\"@type\":\"ImageObject\",\"inLanguage\":\"es\",\"@id\":\"https:\/\/infoecos.com.ar\/index.php\/la-localidad-de-francisco-madero-celebro-su-cumpleanos-127\/#primaryimage\",\"url\":\"https:\/\/infoecos.com.ar\/wp-content\/uploads\/2021\/09\/franciscomadero2.jpg\",\"contentUrl\":\"https:\/\/infoecos.com.ar\/wp-content\/uploads\/2021\/09\/franciscomadero2.jpg\",\"width\":639,\"height\":426},{\"@type\":\"BreadcrumbList\",\"@id\":\"https:\/\/infoecos.com.ar\/index.php\/la-localidad-de-francisco-madero-celebro-su-cumpleanos-127\/#breadcrumb\",\"itemListElement\":[{\"@type\":\"ListItem\",\"position\":1,\"name\":\"Portada\",\"item\":\"https:\/\/infoecos.com.ar\/\"},{\"@type\":\"ListItem\",\"position\":2,\"name\":\"La localidad de Francisco Madero celebr\u00f3 su cumplea\u00f1os 127\"}]},{\"@type\":\"WebSite\",\"@id\":\"https:\/\/infoecos.com.ar\/#website\",\"url\":\"https:\/\/infoecos.com.ar\/\",\"name\":\"Infoecos\",\"description\":\"Noticias de trenque lauquen y la zona\",\"publisher\":{\"@id\":\"https:\/\/infoecos.com.ar\/#organization\"},\"alternateName\":\"Noticias\",\"potentialAction\":[{\"@type\":\"SearchAction\",\"target\":{\"@type\":\"EntryPoint\",\"urlTemplate\":\"https:\/\/infoecos.com.ar\/?s={search_term_string}\"},\"query-input\":{\"@type\":\"PropertyValueSpecification\",\"valueRequired\":true,\"valueName\":\"search_term_string\"}}],\"inLanguage\":\"es\"},{\"@type\":\"Organization\",\"@id\":\"https:\/\/infoecos.com.ar\/#organization\",\"name\":\"Infoecos\",\"alternateName\":\"Noticias\",\"url\":\"https:\/\/infoecos.com.ar\/\",\"logo\":{\"@type\":\"ImageObject\",\"inLanguage\":\"es\",\"@id\":\"https:\/\/infoecos.com.ar\/#\/schema\/logo\/image\/\",\"url\":\"https:\/\/infoecos.com.ar\/wp-content\/uploads\/2024\/03\/cropped-logo.png\",\"contentUrl\":\"https:\/\/infoecos.com.ar\/wp-content\/uploads\/2024\/03\/cropped-logo.png\",\"width\":374,\"height\":90,\"caption\":\"Infoecos\"},\"image\":{\"@id\":\"https:\/\/infoecos.com.ar\/#\/schema\/logo\/image\/\"},\"sameAs\":[\"https:\/\/www.facebook.com\/profile.php?id=100063200290284\",\"https:\/\/x.com\/infoecos\"]},{\"@type\":\"Person\",\"@id\":\"https:\/\/infoecos.com.ar\/#\/schema\/person\/8f5ace5ce73b4b4aac4b7245aee6f191\",\"name\":\"Jorge Matheus\",\"url\":\"https:\/\/infoecos.com.ar\/index.php\/author\/jomatheus\/\"}]}<\/script>\n<!-- \/ Yoast SEO plugin. -->","yoast_head_json":{"title":"La localidad de Francisco Madero celebr\u00f3 su cumplea\u00f1os 127 - Infoecos","robots":{"index":"index","follow":"follow","max-snippet":"max-snippet:-1","max-image-preview":"max-image-preview:large","max-video-preview":"max-video-preview:-1"},"canonical":"https:\/\/infoecos.com.ar\/index.php\/la-localidad-de-francisco-madero-celebro-su-cumpleanos-127\/","og_locale":"es_ES","og_type":"article","og_title":"La localidad de Francisco Madero celebr\u00f3 su cumplea\u00f1os 127 - Infoecos","og_description":"El acto consisti\u00f3 en el izamiento de la bandera argentina y la entonaci\u00f3n del Himno Nacional, para luego pasar a las palabras alusivas a cargo de la docente de nivel inicial del jard\u00edn N\u00ba903, Gabriela Blascetta","og_url":"https:\/\/infoecos.com.ar\/index.php\/la-localidad-de-francisco-madero-celebro-su-cumpleanos-127\/","og_site_name":"Infoecos","article_publisher":"https:\/\/www.facebook.com\/profile.php?id=100063200290284","article_published_time":"2021-09-15T10:56:21+00:00","article_modified_time":"2021-09-16T09:56:08+00:00","og_image":[{"width":639,"height":426,"url":"https:\/\/infoecos.com.ar\/wp-content\/uploads\/2021\/09\/franciscomadero2.jpg","type":"image\/jpeg"}],"author":"Jorge Matheus","twitter_card":"summary_large_image","twitter_creator":"@infoecos","twitter_site":"@infoecos","twitter_misc":{"Escrito por":"Jorge Matheus","Tiempo de lectura":"1 minuto"},"schema":{"@context":"https:\/\/schema.org","@graph":[{"@type":"Article","@id":"https:\/\/infoecos.com.ar\/index.php\/la-localidad-de-francisco-madero-celebro-su-cumpleanos-127\/#article","isPartOf":{"@id":"https:\/\/infoecos.com.ar\/index.php\/la-localidad-de-francisco-madero-celebro-su-cumpleanos-127\/"},"author":{"name":"Jorge Matheus","@id":"https:\/\/infoecos.com.ar\/#\/schema\/person\/8f5ace5ce73b4b4aac4b7245aee6f191"},"headline":"La localidad de Francisco Madero celebr\u00f3 su cumplea\u00f1os 127","datePublished":"2021-09-15T10:56:21+00:00","dateModified":"2021-09-16T09:56:08+00:00","mainEntityOfPage":{"@id":"https:\/\/infoecos.com.ar\/index.php\/la-localidad-de-francisco-madero-celebro-su-cumpleanos-127\/"},"wordCount":133,"publisher":{"@id":"https:\/\/infoecos.com.ar\/#organization"},"image":{"@id":"https:\/\/infoecos.com.ar\/index.php\/la-localidad-de-francisco-madero-celebro-su-cumpleanos-127\/#primaryimage"},"thumbnailUrl":"https:\/\/infoecos.com.ar\/wp-content\/uploads\/2021\/09\/franciscomadero2.jpg","keywords":["con todos los protocolos de la pandemia"],"articleSection":["C1 nota 6"],"inLanguage":"es"},{"@type":"WebPage","@id":"https:\/\/infoecos.com.ar\/index.php\/la-localidad-de-francisco-madero-celebro-su-cumpleanos-127\/","url":"https:\/\/infoecos.com.ar\/index.php\/la-localidad-de-francisco-madero-celebro-su-cumpleanos-127\/","name":"La localidad de Francisco Madero celebr\u00f3 su cumplea\u00f1os 127 - Infoecos","isPartOf":{"@id":"https:\/\/infoecos.com.ar\/#website"},"primaryImageOfPage":{"@id":"https:\/\/infoecos.com.ar\/index.php\/la-localidad-de-francisco-madero-celebro-su-cumpleanos-127\/#primaryimage"},"image":{"@id":"https:\/\/infoecos.com.ar\/index.php\/la-localidad-de-francisco-madero-celebro-su-cumpleanos-127\/#primaryimage"},"thumbnailUrl":"https:\/\/infoecos.com.ar\/wp-content\/uploads\/2021\/09\/franciscomadero2.jpg","datePublished":"2021-09-15T10:56:21+00:00","dateModified":"2021-09-16T09:56:08+00:00","breadcrumb":{"@id":"https:\/\/infoecos.com.ar\/index.php\/la-localidad-de-francisco-madero-celebro-su-cumpleanos-127\/#breadcrumb"},"inLanguage":"es","potentialAction":[{"@type":"ReadAction","target":["https:\/\/infoecos.com.ar\/index.php\/la-localidad-de-francisco-madero-celebro-su-cumpleanos-127\/"]}]},{"@type":"ImageObject","inLanguage":"es","@id":"https:\/\/infoecos.com.ar\/index.php\/la-localidad-de-francisco-madero-celebro-su-cumpleanos-127\/#primaryimage","url":"https:\/\/infoecos.com.ar\/wp-content\/uploads\/2021\/09\/franciscomadero2.jpg","contentUrl":"https:\/\/infoecos.com.ar\/wp-content\/uploads\/2021\/09\/franciscomadero2.jpg","width":639,"height":426},{"@type":"BreadcrumbList","@id":"https:\/\/infoecos.com.ar\/index.php\/la-localidad-de-francisco-madero-celebro-su-cumpleanos-127\/#breadcrumb","itemListElement":[{"@type":"ListItem","position":1,"name":"Portada","item":"https:\/\/infoecos.com.ar\/"},{"@type":"ListItem","position":2,"name":"La localidad de Francisco Madero celebr\u00f3 su cumplea\u00f1os 127"}]},{"@type":"WebSite","@id":"https:\/\/infoecos.com.ar\/#website","url":"https:\/\/infoecos.com.ar\/","name":"Infoecos","description":"Noticias de trenque lauquen y la zona","publisher":{"@id":"https:\/\/infoecos.com.ar\/#organization"},"alternateName":"Noticias","potentialAction":[{"@type":"SearchAction","target":{"@type":"EntryPoint","urlTemplate":"https:\/\/infoecos.com.ar\/?s={search_term_string}"},"query-input":{"@type":"PropertyValueSpecification","valueRequired":true,"valueName":"search_term_string"}}],"inLanguage":"es"},{"@type":"Organization","@id":"https:\/\/infoecos.com.ar\/#organization","name":"Infoecos","alternateName":"Noticias","url":"https:\/\/infoecos.com.ar\/","logo":{"@type":"ImageObject","inLanguage":"es","@id":"https:\/\/infoecos.com.ar\/#\/schema\/logo\/image\/","url":"https:\/\/infoecos.com.ar\/wp-content\/uploads\/2024\/03\/cropped-logo.png","contentUrl":"https:\/\/infoecos.com.ar\/wp-content\/uploads\/2024\/03\/cropped-logo.png","width":374,"height":90,"caption":"Infoecos"},"image":{"@id":"https:\/\/infoecos.com.ar\/#\/schema\/logo\/image\/"},"sameAs":["https:\/\/www.facebook.com\/profile.php?id=100063200290284","https:\/\/x.com\/infoecos"]},{"@type":"Person","@id":"https:\/\/infoecos.com.ar\/#\/schema\/person\/8f5ace5ce73b4b4aac4b7245aee6f191","name":"Jorge Matheus","url":"https:\/\/infoecos.com.ar\/index.php\/author\/jomatheus\/"}]}},"featured_image_urls":{"full":["https:\/\/infoecos.com.ar\/wp-content\/uploads\/2021\/09\/franciscomadero2.jpg",639,426,false],"thumbnail":["https:\/\/infoecos.com.ar\/wp-content\/uploads\/2021\/09\/franciscomadero2-150x150.jpg",150,150,true],"medium":["https:\/\/infoecos.com.ar\/wp-content\/uploads\/2021\/09\/franciscomadero2-460x307.jpg",460,307,true],"medium_large":["https:\/\/infoecos.com.ar\/wp-content\/uploads\/2021\/09\/franciscomadero2.jpg",639,426,false],"large":["https:\/\/infoecos.com.ar\/wp-content\/uploads\/2021\/09\/franciscomadero2.jpg",639,426,false],"1536x1536":["https:\/\/infoecos.com.ar\/wp-content\/uploads\/2021\/09\/franciscomadero2.jpg",639,426,false],"2048x2048":["https:\/\/infoecos.com.ar\/wp-content\/uploads\/2021\/09\/franciscomadero2.jpg",639,426,false],"covernews-slider-full":["https:\/\/infoecos.com.ar\/wp-content\/uploads\/2021\/09\/franciscomadero2.jpg",639,426,false],"covernews-slider-center":["https:\/\/infoecos.com.ar\/wp-content\/uploads\/2021\/09\/franciscomadero2.jpg",639,426,false],"covernews-featured":["https:\/\/infoecos.com.ar\/wp-content\/uploads\/2021\/09\/franciscomadero2.jpg",639,426,false],"covernews-medium":["https:\/\/infoecos.com.ar\/wp-content\/uploads\/2021\/09\/franciscomadero2-639x380.jpg",540,321,true],"covernews-medium-square":["https:\/\/infoecos.com.ar\/wp-content\/uploads\/2021\/09\/franciscomadero2.jpg",375,250,false]},"author_info":{"info":["Jorge Matheus"]},"category_info":"<a href=\"https:\/\/infoecos.com.ar\/index.php\/category\/c1nota6\/\" rel=\"category tag\">C1 nota 6<\/a>","tag_info":"C1 nota 6","comment_count":"0","_links":{"self":[{"href":"https:\/\/infoecos.com.ar\/index.php\/wp-json\/wp\/v2\/posts\/85980"}],"collection":[{"href":"https:\/\/infoecos.com.ar\/index.php\/wp-json\/wp\/v2\/posts"}],"about":[{"href":"https:\/\/infoecos.com.ar\/index.php\/wp-json\/wp\/v2\/types\/post"}],"author":[{"embeddable":true,"href":"https:\/\/infoecos.com.ar\/index.php\/wp-json\/wp\/v2\/users\/2"}],"replies":[{"embeddable":true,"href":"https:\/\/infoecos.com.ar\/index.php\/wp-json\/wp\/v2\/comments?post=85980"}],"version-history":[{"count":1,"href":"https:\/\/infoecos.com.ar\/index.php\/wp-json\/wp\/v2\/posts\/85980\/revisions"}],"predecessor-version":[{"id":85984,"href":"https:\/\/infoecos.com.ar\/index.php\/wp-json\/wp\/v2\/posts\/85980\/revisions\/85984"}],"wp:featuredmedia":[{"embeddable":true,"href":"https:\/\/infoecos.com.ar\/index.php\/wp-json\/wp\/v2\/media\/85982"}],"wp:attachment":[{"href":"https:\/\/infoecos.com.ar\/index.php\/wp-json\/wp\/v2\/media?parent=85980"}],"wp:term":[{"taxonomy":"category","embeddable":true,"href":"https:\/\/infoecos.com.ar\/index.php\/wp-json\/wp\/v2\/categories?post=85980"},{"taxonomy":"post_tag","embeddable":true,"href":"https:\/\/infoecos.com.ar\/index.php\/wp-json\/wp\/v2\/tags?post=85980"}],"curies":[{"name":"wp","href":"https:\/\/api.w.org\/{rel}","templated":true}]}}