{"id":85985,"date":"2021-09-15T08:05:14","date_gmt":"2021-09-15T11:05:14","guid":{"rendered":"http:\/\/infoecos.com.ar\/?p=85985"},"modified":"2021-09-17T11:17:30","modified_gmt":"2021-09-17T14:17:30","slug":"queda-libre-el-ingreso-a-las-instalaciones-del-hipodromo-de-trote-en-pehuajo","status":"publish","type":"post","link":"https:\/\/infoecos.com.ar\/index.php\/queda-libre-el-ingreso-a-las-instalaciones-del-hipodromo-de-trote-en-pehuajo\/","title":{"rendered":"Queda libre el ingreso a las instalaciones del Hip\u00f3dromo de Trote en Pehuaj\u00f3"},"content":{"rendered":"\n<p class=\"wp-block-paragraph\">A partir del domingo 19 queda libre el ingreso a las instalaciones del Hip\u00f3dromo de Trote, profesor Julio Rodr\u00edguez de Pehuaj\u00f3. <\/p>\n\n\n\n<div class=\"wp-block-image is-style-default\"><figure class=\"aligncenter size-medium\"><img loading=\"lazy\" decoding=\"async\" width=\"460\" height=\"307\" src=\"http:\/\/infoecos.com.ar\/wp-content\/uploads\/2021\/09\/carreradetrote-460x307.jpg\" alt=\"\" class=\"wp-image-85986\" srcset=\"https:\/\/infoecos.com.ar\/wp-content\/uploads\/2021\/09\/carreradetrote-460x307.jpg 460w, https:\/\/infoecos.com.ar\/wp-content\/uploads\/2021\/09\/carreradetrote-920x614.jpg 920w, https:\/\/infoecos.com.ar\/wp-content\/uploads\/2021\/09\/carreradetrote-768x512.jpg 768w, https:\/\/infoecos.com.ar\/wp-content\/uploads\/2021\/09\/carreradetrote-1024x683.jpg 1024w, https:\/\/infoecos.com.ar\/wp-content\/uploads\/2021\/09\/carreradetrote-675x450.jpg 675w, https:\/\/infoecos.com.ar\/wp-content\/uploads\/2021\/09\/carreradetrote.jpg 1300w\" sizes=\"auto, (max-width: 460px) 100vw, 460px\" \/><\/figure><\/div>\n\n\n\n<p class=\"wp-block-paragraph\">As\u00ed lo inform\u00f3 a trav\u00e9s de un comunicado la Asociaci\u00f3n de Trote Pehuajense. <\/p>\n\n\n\n<p class=\"wp-block-paragraph\">Tambi\u00e9n se indic\u00f3 que el uso de parrillas al igual la cantina se encuentra habilitadas \u201crespetando siempre la distancia y el uso de barbijo\u201d.<\/p>\n\n\n\n<p class=\"wp-block-paragraph\">Adem\u00e1s, se apunt\u00f3 que el ingreso de menores de 12 a\u00f1os es gratis, mientras que los mayores de 12 a\u00f1os deber\u00e1n pagar la entrada de $100. Tambi\u00e9n se indic\u00f3 que \u201cpara el ingreso deber\u00e1n presentar el carnet de vacunaci\u00f3n\u201d.<\/p>\n","protected":false},"excerpt":{"rendered":"<p>Tambi\u00e9n se indic\u00f3 que el uso de parrillas al igual la cantina se encuentra habilitadas \u201crespetando siempre la distancia y el uso de barbijo\u201d<\/p>\n","protected":false},"author":2,"featured_media":85986,"comment_status":"closed","ping_status":"open","sticky":false,"template":"","format":"standard","meta":{"footnotes":""},"categories":[1614],"tags":[5095],"class_list":["post-85985","post","type-post","status-publish","format-standard","has-post-thumbnail","hentry","category-c2nota7","tag-el-domingo-hay-actividad"],"featured_image_urls":{"full":["https:\/\/infoecos.com.ar\/wp-content\/uploads\/2021\/09\/carreradetrote.jpg",1300,867,false],"thumbnail":["https:\/\/infoecos.com.ar\/wp-content\/uploads\/2021\/09\/carreradetrote-150x150.jpg",150,150,true],"medium":["https:\/\/infoecos.com.ar\/wp-content\/uploads\/2021\/09\/carreradetrote-460x307.jpg",460,307,true],"medium_large":["https:\/\/infoecos.com.ar\/wp-content\/uploads\/2021\/09\/carreradetrote-768x512.jpg",640,427,true],"large":["https:\/\/infoecos.com.ar\/wp-content\/uploads\/2021\/09\/carreradetrote-920x614.jpg",640,427,true],"1536x1536":["https:\/\/infoecos.com.ar\/wp-content\/uploads\/2021\/09\/carreradetrote.jpg",1300,867,false],"2048x2048":["https:\/\/infoecos.com.ar\/wp-content\/uploads\/2021\/09\/carreradetrote.jpg",1300,867,false],"covernews-slider-full":["https:\/\/infoecos.com.ar\/wp-content\/uploads\/2021\/09\/carreradetrote.jpg",1072,715,false],"covernews-slider-center":["https:\/\/infoecos.com.ar\/wp-content\/uploads\/2021\/09\/carreradetrote-936x867.jpg",540,500,true],"covernews-featured":["https:\/\/infoecos.com.ar\/wp-content\/uploads\/2021\/09\/carreradetrote-1024x683.jpg",1024,683,true],"covernews-medium":["https:\/\/infoecos.com.ar\/wp-content\/uploads\/2021\/09\/carreradetrote-720x380.jpg",540,285,true],"covernews-medium-square":["https:\/\/infoecos.com.ar\/wp-content\/uploads\/2021\/09\/carreradetrote-675x450.jpg",375,250,true]},"author_info":{"info":["Jorge Matheus"]},"category_info":"<a href=\"https:\/\/infoecos.com.ar\/index.php\/category\/c2nota7\/\" rel=\"category tag\">C2 N7<\/a>","tag_info":"C2 N7","comment_count":"0","_links":{"self":[{"href":"https:\/\/infoecos.com.ar\/index.php\/wp-json\/wp\/v2\/posts\/85985","targetHints":{"allow":["GET"]}}],"collection":[{"href":"https:\/\/infoecos.com.ar\/index.php\/wp-json\/wp\/v2\/posts"}],"about":[{"href":"https:\/\/infoecos.com.ar\/index.php\/wp-json\/wp\/v2\/types\/post"}],"author":[{"embeddable":true,"href":"https:\/\/infoecos.com.ar\/index.php\/wp-json\/wp\/v2\/users\/2"}],"replies":[{"embeddable":true,"href":"https:\/\/infoecos.com.ar\/index.php\/wp-json\/wp\/v2\/comments?post=85985"}],"version-history":[{"count":1,"href":"https:\/\/infoecos.com.ar\/index.php\/wp-json\/wp\/v2\/posts\/85985\/revisions"}],"predecessor-version":[{"id":85987,"href":"https:\/\/infoecos.com.ar\/index.php\/wp-json\/wp\/v2\/posts\/85985\/revisions\/85987"}],"wp:featuredmedia":[{"embeddable":true,"href":"https:\/\/infoecos.com.ar\/index.php\/wp-json\/wp\/v2\/media\/85986"}],"wp:attachment":[{"href":"https:\/\/infoecos.com.ar\/index.php\/wp-json\/wp\/v2\/media?parent=85985"}],"wp:term":[{"taxonomy":"category","embeddable":true,"href":"https:\/\/infoecos.com.ar\/index.php\/wp-json\/wp\/v2\/categories?post=85985"},{"taxonomy":"post_tag","embeddable":true,"href":"https:\/\/infoecos.com.ar\/index.php\/wp-json\/wp\/v2\/tags?post=85985"}],"curies":[{"name":"wp","href":"https:\/\/api.w.org\/{rel}","templated":true}]}}