{"id":85988,"date":"2021-09-15T08:09:19","date_gmt":"2021-09-15T11:09:19","guid":{"rendered":"http:\/\/infoecos.com.ar\/?p=85988"},"modified":"2021-09-15T08:18:46","modified_gmt":"2021-09-15T11:18:46","slug":"diputados-nacionales-analizaron-las-prioridades-del-presupuesto-2022","status":"publish","type":"post","link":"https:\/\/infoecos.com.ar\/index.php\/diputados-nacionales-analizaron-las-prioridades-del-presupuesto-2022\/","title":{"rendered":"Diputados Nacionales analizaron las prioridades del presupuesto 2022"},"content":{"rendered":"\n<p class=\"wp-block-paragraph\">Antes de la presentaci\u00f3n del pr\u00f3ximo presupuesto, legisladores de distintos bloques expresaron su postura respecto a los puntos que deber\u00eda contemplar la Ley que condensa los lineamientos econ\u00f3micos para el pr\u00f3ximo a\u00f1o.<\/p>\n\n\n\n<p class=\"wp-block-paragraph\">Por un lado, Ver\u00f3nica Caliva, del Frente de Todos, indic\u00f3: \u201cPrimero tenemos que conocerlo, porque a\u00fan no ingres\u00f3. Esperamos que contemple las urgencias populares y que priorice la salud, porque seguimos transitando la pandemia\u00bb.<\/p>\n\n\n\n<div class=\"wp-block-image is-style-default\"><figure class=\"aligncenter size-medium\"><img decoding=\"async\" src=\"http:\/\/infoecos.com.ar\/wp-content\/uploads\/DYN718-SDARC-202927-460x259.jpg\" alt=\"\" class=\"wp-image-56788\"\/><figcaption>C\u00e1mara de Diputados de la Naci\u00f3n<\/figcaption><\/figure><\/div>\n\n\n\n<p class=\"wp-block-paragraph\">Por su parte, el diputado Gustavo Menna, de la UCR, consider\u00f3 que \u00abEl Presupuesto es la ley de leyes y define un programa de gobierno\u201d y expres\u00f3: \u201cHay expectativa sobre todo en lo que es inversi\u00f3n en obras de infraestructura, necesarias para el desarrollo regional y el financiamiento de los programas\u00bb.<\/p>\n\n\n\n<figure class=\"wp-block-video\"><video height=\"480\" style=\"aspect-ratio: 848 \/ 480;\" width=\"848\" controls src=\"http:\/\/infoecos.com.ar\/wp-content\/uploads\/2021\/09\/WhatsApp-Video-2021-09-14-at-17.13.58.mp4\"><\/video><\/figure>\n\n\n\n<p class=\"wp-block-paragraph\">La Ley de Administraci\u00f3n Financiera establece que el Poder Ejecutivo Nacional presentar\u00e1 el proyecto de Ley de Presupuesto General a la C\u00e1mara de Diputados de la Naci\u00f3n en septiembre del a\u00f1o anterior para el que regir\u00e1.<\/p>\n","protected":false},"excerpt":{"rendered":"<p>Ver\u00f3nica Caliva, del Frente de Todos, indic\u00f3: \u00abEsperamos que contemple las urgencias populares y que priorice la salud, porque seguimos transitando la pandemia\u00bb<\/p>\n","protected":false},"author":2,"featured_media":56788,"comment_status":"closed","ping_status":"open","sticky":false,"template":"","format":"standard","meta":{"footnotes":""},"categories":[1327,48,1328],"tags":[5096],"class_list":["post-85988","post","type-post","status-publish","format-standard","has-post-thumbnail","hentry","category-audio","category-c2nota3","category-video","tag-politica-legislativa-nacional"],"featured_image_urls":{"full":"","thumbnail":"","medium":"","medium_large":"","large":"","1536x1536":"","2048x2048":"","covernews-slider-full":"","covernews-slider-center":"","covernews-featured":"","covernews-medium":"","covernews-medium-square":""},"author_info":{"info":["Jorge Matheus"]},"category_info":"<a href=\"https:\/\/infoecos.com.ar\/index.php\/category\/audio\/\" rel=\"category tag\">Audio<\/a> <a href=\"https:\/\/infoecos.com.ar\/index.php\/category\/c2nota3\/\" rel=\"category tag\">C2 N3<\/a> <a href=\"https:\/\/infoecos.com.ar\/index.php\/category\/video\/\" rel=\"category tag\">Video<\/a>","tag_info":"Video","comment_count":"0","_links":{"self":[{"href":"https:\/\/infoecos.com.ar\/index.php\/wp-json\/wp\/v2\/posts\/85988","targetHints":{"allow":["GET"]}}],"collection":[{"href":"https:\/\/infoecos.com.ar\/index.php\/wp-json\/wp\/v2\/posts"}],"about":[{"href":"https:\/\/infoecos.com.ar\/index.php\/wp-json\/wp\/v2\/types\/post"}],"author":[{"embeddable":true,"href":"https:\/\/infoecos.com.ar\/index.php\/wp-json\/wp\/v2\/users\/2"}],"replies":[{"embeddable":true,"href":"https:\/\/infoecos.com.ar\/index.php\/wp-json\/wp\/v2\/comments?post=85988"}],"version-history":[{"count":3,"href":"https:\/\/infoecos.com.ar\/index.php\/wp-json\/wp\/v2\/posts\/85988\/revisions"}],"predecessor-version":[{"id":85994,"href":"https:\/\/infoecos.com.ar\/index.php\/wp-json\/wp\/v2\/posts\/85988\/revisions\/85994"}],"wp:attachment":[{"href":"https:\/\/infoecos.com.ar\/index.php\/wp-json\/wp\/v2\/media?parent=85988"}],"wp:term":[{"taxonomy":"category","embeddable":true,"href":"https:\/\/infoecos.com.ar\/index.php\/wp-json\/wp\/v2\/categories?post=85988"},{"taxonomy":"post_tag","embeddable":true,"href":"https:\/\/infoecos.com.ar\/index.php\/wp-json\/wp\/v2\/tags?post=85988"}],"curies":[{"name":"wp","href":"https:\/\/api.w.org\/{rel}","templated":true}]}}