{"id":86108,"date":"2021-09-16T06:53:45","date_gmt":"2021-09-16T09:53:45","guid":{"rendered":"http:\/\/infoecos.com.ar\/?p=86108"},"modified":"2021-09-16T06:53:46","modified_gmt":"2021-09-16T09:53:46","slug":"se-subastara-una-grabacion-de-john-lennon-tocando-un-tema-inedito-entre-27-y-40-mil-euros","status":"publish","type":"post","link":"https:\/\/infoecos.com.ar\/index.php\/se-subastara-una-grabacion-de-john-lennon-tocando-un-tema-inedito-entre-27-y-40-mil-euros\/","title":{"rendered":"Se subastar\u00e1 una grabaci\u00f3n de John Lennon tocando un tema in\u00e9dito: entre 27 y 40 mil euros"},"content":{"rendered":"\n<p class=\"wp-block-paragraph\">Un casete de audio con una grabaci\u00f3n de\u00a0<strong>John Lennon<\/strong>\u00a0donde se escucha al cantante de los Beatles tocando un tema in\u00e9dito, producido en 1970 durante un viaje a Dinamarca, ser\u00e1 subastado en Copenhague el 28 de septiembre.<\/p>\n\n\n\n<p class=\"wp-block-paragraph\">Estimada entre 27 mil y 40 mil euros (31,800 y 47,100 d\u00f3lares), esta grabaci\u00f3n de 33 minutos ser\u00e1 puesta a la venta por cuatro hombres, entonces adolescentes, que conocieron al cantante de los Beatles, quien pas\u00f3 parte del invierno de 1969-1970 en un rinc\u00f3n remoto de la costa oeste de Dinamarca.<\/p>\n\n\n\n<div class=\"wp-block-image is-style-default\"><figure class=\"aligncenter size-medium\"><img loading=\"lazy\" decoding=\"async\" width=\"381\" height=\"460\" src=\"http:\/\/infoecos.com.ar\/wp-content\/uploads\/2021\/09\/lemmpm-1-381x460.jpg\" alt=\"\" class=\"wp-image-86110\" srcset=\"https:\/\/infoecos.com.ar\/wp-content\/uploads\/2021\/09\/lemmpm-1-381x460.jpg 381w, https:\/\/infoecos.com.ar\/wp-content\/uploads\/2021\/09\/lemmpm-1-763x920.jpg 763w, https:\/\/infoecos.com.ar\/wp-content\/uploads\/2021\/09\/lemmpm-1-768x927.jpg 768w, https:\/\/infoecos.com.ar\/wp-content\/uploads\/2021\/09\/lemmpm-1.jpg 799w\" sizes=\"auto, (max-width: 381px) 100vw, 381px\" \/><\/figure><\/div>\n\n\n\n<p class=\"wp-block-paragraph\">&#8216;La grabaci\u00f3n es totalmente \u00fanica porque es una conversaci\u00f3n. Se llev\u00f3 a cabo despu\u00e9s de (una) rueda de prensa con los cuatro estudiantes de secundaria y algunos periodistas y John Lennon toc\u00e1ndoles algunas canciones. Una de ellas, &#8216;Radio Paz&#8217;, nunca fue publicada&#8217;, dijo a la AFP una responsable de la casa de subastas Bruun Rasmussen, Alexa Bruun Rasmussen. &#8216;Es una peque\u00f1a parte de la historia danesa y cuando la escuchas, se puede decir que John Lennon se sinti\u00f3 bien en Dinamarca. Se le dejaba tranquilo y simplemente pod\u00eda vivir su vida&#8217;, se\u00f1al\u00f3.\u00a0<\/p>\n","protected":false},"excerpt":{"rendered":"<p>&#8216;La grabaci\u00f3n es totalmente \u00fanica porque es una conversaci\u00f3n. Se llev\u00f3 a cabo despu\u00e9s de (una) rueda de prensa con los cuatro estudiantes de secundaria y algunos periodistas y John Lennon toc\u00e1ndoles algunas canciones. Una de ellas, &#8216;Radio Paz&#8217;, nunca fue publicada&#8217;, dijo a la AFP<\/p>\n","protected":false},"author":2,"featured_media":86109,"comment_status":"closed","ping_status":"open","sticky":false,"template":"","format":"standard","meta":{"footnotes":""},"categories":[40],"tags":[5014],"class_list":["post-86108","post","type-post","status-publish","format-standard","has-post-thumbnail","hentry","category-inferior1","tag-iecos-espectaculos"],"featured_image_urls":{"full":["https:\/\/infoecos.com.ar\/wp-content\/uploads\/2021\/09\/lemmpm.jpg",799,964,false],"thumbnail":["https:\/\/infoecos.com.ar\/wp-content\/uploads\/2021\/09\/lemmpm-150x150.jpg",150,150,true],"medium":["https:\/\/infoecos.com.ar\/wp-content\/uploads\/2021\/09\/lemmpm-381x460.jpg",381,460,true],"medium_large":["https:\/\/infoecos.com.ar\/wp-content\/uploads\/2021\/09\/lemmpm-768x927.jpg",640,773,true],"large":["https:\/\/infoecos.com.ar\/wp-content\/uploads\/2021\/09\/lemmpm-763x920.jpg",640,772,true],"1536x1536":["https:\/\/infoecos.com.ar\/wp-content\/uploads\/2021\/09\/lemmpm.jpg",799,964,false],"2048x2048":["https:\/\/infoecos.com.ar\/wp-content\/uploads\/2021\/09\/lemmpm.jpg",799,964,false],"covernews-slider-full":["https:\/\/infoecos.com.ar\/wp-content\/uploads\/2021\/09\/lemmpm.jpg",593,715,false],"covernews-slider-center":["https:\/\/infoecos.com.ar\/wp-content\/uploads\/2021\/09\/lemmpm-799x897.jpg",445,500,true],"covernews-featured":["https:\/\/infoecos.com.ar\/wp-content\/uploads\/2021\/09\/lemmpm.jpg",799,964,false],"covernews-medium":["https:\/\/infoecos.com.ar\/wp-content\/uploads\/2021\/09\/lemmpm-720x380.jpg",540,285,true],"covernews-medium-square":["https:\/\/infoecos.com.ar\/wp-content\/uploads\/2021\/09\/lemmpm-675x450.jpg",375,250,true]},"author_info":{"info":["Jorge Matheus"]},"category_info":"<a href=\"https:\/\/infoecos.com.ar\/index.php\/category\/inferior1\/\" rel=\"category tag\">Bloque inferior - 1<\/a>","tag_info":"Bloque inferior - 1","comment_count":"0","_links":{"self":[{"href":"https:\/\/infoecos.com.ar\/index.php\/wp-json\/wp\/v2\/posts\/86108","targetHints":{"allow":["GET"]}}],"collection":[{"href":"https:\/\/infoecos.com.ar\/index.php\/wp-json\/wp\/v2\/posts"}],"about":[{"href":"https:\/\/infoecos.com.ar\/index.php\/wp-json\/wp\/v2\/types\/post"}],"author":[{"embeddable":true,"href":"https:\/\/infoecos.com.ar\/index.php\/wp-json\/wp\/v2\/users\/2"}],"replies":[{"embeddable":true,"href":"https:\/\/infoecos.com.ar\/index.php\/wp-json\/wp\/v2\/comments?post=86108"}],"version-history":[{"count":1,"href":"https:\/\/infoecos.com.ar\/index.php\/wp-json\/wp\/v2\/posts\/86108\/revisions"}],"predecessor-version":[{"id":86111,"href":"https:\/\/infoecos.com.ar\/index.php\/wp-json\/wp\/v2\/posts\/86108\/revisions\/86111"}],"wp:featuredmedia":[{"embeddable":true,"href":"https:\/\/infoecos.com.ar\/index.php\/wp-json\/wp\/v2\/media\/86109"}],"wp:attachment":[{"href":"https:\/\/infoecos.com.ar\/index.php\/wp-json\/wp\/v2\/media?parent=86108"}],"wp:term":[{"taxonomy":"category","embeddable":true,"href":"https:\/\/infoecos.com.ar\/index.php\/wp-json\/wp\/v2\/categories?post=86108"},{"taxonomy":"post_tag","embeddable":true,"href":"https:\/\/infoecos.com.ar\/index.php\/wp-json\/wp\/v2\/tags?post=86108"}],"curies":[{"name":"wp","href":"https:\/\/api.w.org\/{rel}","templated":true}]}}