{"id":86170,"date":"2021-09-17T09:29:12","date_gmt":"2021-09-17T12:29:12","guid":{"rendered":"http:\/\/infoecos.com.ar\/?p=86170"},"modified":"2021-09-17T17:44:44","modified_gmt":"2021-09-17T20:44:44","slug":"las-actividades-en-trenque-lauquen-programadas-para-el-proximo-martes-dia-del-estudiante-y-de-la-primavera","status":"publish","type":"post","link":"https:\/\/infoecos.com.ar\/index.php\/las-actividades-en-trenque-lauquen-programadas-para-el-proximo-martes-dia-del-estudiante-y-de-la-primavera\/","title":{"rendered":"Las actividades en Trenque Lauquen programadas para el pr\u00f3ximo martes, D\u00eda del Estudiante y de la Primavera"},"content":{"rendered":"\n<p>La oficina de la Juventud municipal de Trenque Lauquen anunci\u00f3 actividades para los j\u00f3venes el pr\u00f3ximo martes, 21 de septiembre, d\u00eda del Estudiante y de la Primavera, en los festejos que tradicionalmente realizan en el Parque Villegas: Habr\u00e1 m\u00fasica, sorteos, patio de comidas y un puesto de sanitizaci\u00f3n entre las 15 y las 18.30.<\/p>\n\n\n\n<p>Se sortear\u00e1n entre quienes concurran \u00f3rdenes de compra para diferentes rubros por un valor total de 300 mil pesos. Los n\u00fameros se repartir\u00e1n en el momento y los sorteos se har\u00e1n tambi\u00e9n all\u00ed, por tandas.<\/p>\n\n\n\n<div class=\"wp-block-image is-style-default\"><figure class=\"aligncenter size-medium\"><img loading=\"lazy\" decoding=\"async\" width=\"460\" height=\"230\" src=\"http:\/\/infoecos.com.ar\/wp-content\/uploads\/2021\/09\/Parque-Trenque-Lauquen-2-950x474-1-460x230.jpg\" alt=\"\" class=\"wp-image-86171\" srcset=\"https:\/\/infoecos.com.ar\/wp-content\/uploads\/2021\/09\/Parque-Trenque-Lauquen-2-950x474-1-460x230.jpg 460w, https:\/\/infoecos.com.ar\/wp-content\/uploads\/2021\/09\/Parque-Trenque-Lauquen-2-950x474-1-920x459.jpg 920w, https:\/\/infoecos.com.ar\/wp-content\/uploads\/2021\/09\/Parque-Trenque-Lauquen-2-950x474-1-768x383.jpg 768w, https:\/\/infoecos.com.ar\/wp-content\/uploads\/2021\/09\/Parque-Trenque-Lauquen-2-950x474-1.jpg 950w\" sizes=\"(max-width: 460px) 100vw, 460px\" \/><\/figure><\/div>\n\n\n\n<p>Adem\u00e1s se instalar\u00e1n un patio de comidas y un puesto de sanitizaci\u00f3n con alcohol y barbijos, para seguir promoviendo los cuidados b\u00e1sicos en el marco de la pandemia.<\/p>\n\n\n\n<p>D\u00edas atr\u00e1s, ante la proximidad del d\u00eda de la Primavera y d\u00eda del Estudiante, precisamente el Consejo de Juventudes, integrado por j\u00f3venes de distintos partidos pol\u00edticos, centros de estudiantes, organizaciones y entidades intermedias, lanz\u00f3 un llamamiento a sus pares para que el 21 de septiembre pr\u00f3ximo festejen con responsabilidad y conciencia, recomendando No compartir mate, vaso y bebidas; usar barbijo y mantener la distancia aun en los espacios al aire libre.<\/p>\n\n\n\n<p>\u201cActualmente en nuestro distrito, nuestra franja etaria (de los 18 a 29 a\u00f1os) es la que posee el mayor porcentaje de vacunaci\u00f3n. Una muestra de que el compromiso de los j\u00f3venes en el cuidado esta. Sigamos por ah\u00ed. \u00a1Entendemos el cansancio, pero vamos bien, falta poco! Sigamos cuid\u00e1ndonos. Les pedimos que celebremos responsablemente, que lo hagamos cuid\u00e1ndonos y cuidando al otro\u201d, dijeron desde el Consejo de Juventudes en un comunicado.<\/p>\n\n\n\n<p>El Consejo de Juventudes funciona bajo la \u00f3rbita de la oficina de la Juventud del Municipio y est\u00e1 conformado por chicas y chicos de 13 a 24 a\u00f1os de la Juventud Radical, Juventudes Peronistas, Corriente Nacional de la Militancia, Cooperativa La Comunitaria, Rotaract, Grupo Scout Conrado E. Villegas, C\u00e1mara de Comercio (Comisi\u00f3n Gimnasios y afines), Centro de Estudiantes Secundaria 10, Partido Nuevo Encuentro, PRO y Unidad B\u00e1sica 30 de Agosto.<\/p>\n","protected":false},"excerpt":{"rendered":"<p>Habr\u00e1 m\u00fasica, sorteos, patio de comidas y un puesto de sanitizaci\u00f3n entre las 15 y las 18.30<\/p>\n","protected":false},"author":2,"featured_media":86171,"comment_status":"closed","ping_status":"open","sticky":false,"template":"","format":"standard","meta":{"footnotes":""},"categories":[49],"tags":[2163],"class_list":["post-86170","post","type-post","status-publish","format-standard","has-post-thumbnail","hentry","category-c3nota3","tag-en-el-parque-municipal"],"yoast_head":"<!-- This site is optimized with the Yoast SEO plugin v23.4 - https:\/\/yoast.com\/wordpress\/plugins\/seo\/ -->\n<title>Las actividades en Trenque Lauquen programadas para el pr\u00f3ximo martes, D\u00eda del Estudiante y de la Primavera - Infoecos<\/title>\n<meta name=\"robots\" content=\"index, follow, max-snippet:-1, max-image-preview:large, max-video-preview:-1\" \/>\n<link rel=\"canonical\" href=\"https:\/\/infoecos.com.ar\/index.php\/las-actividades-en-trenque-lauquen-programadas-para-el-proximo-martes-dia-del-estudiante-y-de-la-primavera\/\" \/>\n<meta property=\"og:locale\" content=\"es_ES\" \/>\n<meta property=\"og:type\" content=\"article\" \/>\n<meta property=\"og:title\" content=\"Las actividades en Trenque Lauquen programadas para el pr\u00f3ximo martes, D\u00eda del Estudiante y de la Primavera - Infoecos\" \/>\n<meta property=\"og:description\" content=\"Habr\u00e1 m\u00fasica, sorteos, patio de comidas y un puesto de sanitizaci\u00f3n entre las 15 y las 18.30\" \/>\n<meta property=\"og:url\" content=\"https:\/\/infoecos.com.ar\/index.php\/las-actividades-en-trenque-lauquen-programadas-para-el-proximo-martes-dia-del-estudiante-y-de-la-primavera\/\" \/>\n<meta property=\"og:site_name\" content=\"Infoecos\" \/>\n<meta property=\"article:publisher\" content=\"https:\/\/www.facebook.com\/profile.php?id=100063200290284\" \/>\n<meta property=\"article:published_time\" content=\"2021-09-17T12:29:12+00:00\" \/>\n<meta property=\"article:modified_time\" content=\"2021-09-17T20:44:44+00:00\" \/>\n<meta property=\"og:image\" content=\"https:\/\/infoecos.com.ar\/wp-content\/uploads\/2021\/09\/Parque-Trenque-Lauquen-2-950x474-1.jpg\" \/>\n\t<meta property=\"og:image:width\" content=\"950\" \/>\n\t<meta property=\"og:image:height\" content=\"474\" \/>\n\t<meta property=\"og:image:type\" content=\"image\/jpeg\" \/>\n<meta name=\"author\" content=\"Jorge Matheus\" \/>\n<meta name=\"twitter:card\" content=\"summary_large_image\" \/>\n<meta name=\"twitter:creator\" content=\"@infoecos\" \/>\n<meta name=\"twitter:site\" content=\"@infoecos\" \/>\n<meta name=\"twitter:label1\" content=\"Escrito por\" \/>\n\t<meta name=\"twitter:data1\" content=\"Jorge Matheus\" \/>\n\t<meta name=\"twitter:label2\" content=\"Tiempo de lectura\" \/>\n\t<meta name=\"twitter:data2\" content=\"2 minutos\" \/>\n<script type=\"application\/ld+json\" class=\"yoast-schema-graph\">{\"@context\":\"https:\/\/schema.org\",\"@graph\":[{\"@type\":\"Article\",\"@id\":\"https:\/\/infoecos.com.ar\/index.php\/las-actividades-en-trenque-lauquen-programadas-para-el-proximo-martes-dia-del-estudiante-y-de-la-primavera\/#article\",\"isPartOf\":{\"@id\":\"https:\/\/infoecos.com.ar\/index.php\/las-actividades-en-trenque-lauquen-programadas-para-el-proximo-martes-dia-del-estudiante-y-de-la-primavera\/\"},\"author\":{\"name\":\"Jorge Matheus\",\"@id\":\"https:\/\/infoecos.com.ar\/#\/schema\/person\/8f5ace5ce73b4b4aac4b7245aee6f191\"},\"headline\":\"Las actividades en Trenque Lauquen programadas para el pr\u00f3ximo martes, D\u00eda del Estudiante y de la Primavera\",\"datePublished\":\"2021-09-17T12:29:12+00:00\",\"dateModified\":\"2021-09-17T20:44:44+00:00\",\"mainEntityOfPage\":{\"@id\":\"https:\/\/infoecos.com.ar\/index.php\/las-actividades-en-trenque-lauquen-programadas-para-el-proximo-martes-dia-del-estudiante-y-de-la-primavera\/\"},\"wordCount\":366,\"publisher\":{\"@id\":\"https:\/\/infoecos.com.ar\/#organization\"},\"image\":{\"@id\":\"https:\/\/infoecos.com.ar\/index.php\/las-actividades-en-trenque-lauquen-programadas-para-el-proximo-martes-dia-del-estudiante-y-de-la-primavera\/#primaryimage\"},\"thumbnailUrl\":\"https:\/\/infoecos.com.ar\/wp-content\/uploads\/2021\/09\/Parque-Trenque-Lauquen-2-950x474-1.jpg\",\"keywords\":[\"EN EL PARQUE MUNICIPAL\"],\"articleSection\":[\"C3 N3\"],\"inLanguage\":\"es\"},{\"@type\":\"WebPage\",\"@id\":\"https:\/\/infoecos.com.ar\/index.php\/las-actividades-en-trenque-lauquen-programadas-para-el-proximo-martes-dia-del-estudiante-y-de-la-primavera\/\",\"url\":\"https:\/\/infoecos.com.ar\/index.php\/las-actividades-en-trenque-lauquen-programadas-para-el-proximo-martes-dia-del-estudiante-y-de-la-primavera\/\",\"name\":\"Las actividades en Trenque Lauquen programadas para el pr\u00f3ximo martes, D\u00eda del Estudiante y de la Primavera - Infoecos\",\"isPartOf\":{\"@id\":\"https:\/\/infoecos.com.ar\/#website\"},\"primaryImageOfPage\":{\"@id\":\"https:\/\/infoecos.com.ar\/index.php\/las-actividades-en-trenque-lauquen-programadas-para-el-proximo-martes-dia-del-estudiante-y-de-la-primavera\/#primaryimage\"},\"image\":{\"@id\":\"https:\/\/infoecos.com.ar\/index.php\/las-actividades-en-trenque-lauquen-programadas-para-el-proximo-martes-dia-del-estudiante-y-de-la-primavera\/#primaryimage\"},\"thumbnailUrl\":\"https:\/\/infoecos.com.ar\/wp-content\/uploads\/2021\/09\/Parque-Trenque-Lauquen-2-950x474-1.jpg\",\"datePublished\":\"2021-09-17T12:29:12+00:00\",\"dateModified\":\"2021-09-17T20:44:44+00:00\",\"breadcrumb\":{\"@id\":\"https:\/\/infoecos.com.ar\/index.php\/las-actividades-en-trenque-lauquen-programadas-para-el-proximo-martes-dia-del-estudiante-y-de-la-primavera\/#breadcrumb\"},\"inLanguage\":\"es\",\"potentialAction\":[{\"@type\":\"ReadAction\",\"target\":[\"https:\/\/infoecos.com.ar\/index.php\/las-actividades-en-trenque-lauquen-programadas-para-el-proximo-martes-dia-del-estudiante-y-de-la-primavera\/\"]}]},{\"@type\":\"ImageObject\",\"inLanguage\":\"es\",\"@id\":\"https:\/\/infoecos.com.ar\/index.php\/las-actividades-en-trenque-lauquen-programadas-para-el-proximo-martes-dia-del-estudiante-y-de-la-primavera\/#primaryimage\",\"url\":\"https:\/\/infoecos.com.ar\/wp-content\/uploads\/2021\/09\/Parque-Trenque-Lauquen-2-950x474-1.jpg\",\"contentUrl\":\"https:\/\/infoecos.com.ar\/wp-content\/uploads\/2021\/09\/Parque-Trenque-Lauquen-2-950x474-1.jpg\",\"width\":950,\"height\":474},{\"@type\":\"BreadcrumbList\",\"@id\":\"https:\/\/infoecos.com.ar\/index.php\/las-actividades-en-trenque-lauquen-programadas-para-el-proximo-martes-dia-del-estudiante-y-de-la-primavera\/#breadcrumb\",\"itemListElement\":[{\"@type\":\"ListItem\",\"position\":1,\"name\":\"Portada\",\"item\":\"https:\/\/infoecos.com.ar\/\"},{\"@type\":\"ListItem\",\"position\":2,\"name\":\"Las actividades en Trenque Lauquen programadas para el pr\u00f3ximo martes, D\u00eda del Estudiante y de la Primavera\"}]},{\"@type\":\"WebSite\",\"@id\":\"https:\/\/infoecos.com.ar\/#website\",\"url\":\"https:\/\/infoecos.com.ar\/\",\"name\":\"Infoecos\",\"description\":\"Noticias de trenque lauquen y la zona\",\"publisher\":{\"@id\":\"https:\/\/infoecos.com.ar\/#organization\"},\"alternateName\":\"Noticias\",\"potentialAction\":[{\"@type\":\"SearchAction\",\"target\":{\"@type\":\"EntryPoint\",\"urlTemplate\":\"https:\/\/infoecos.com.ar\/?s={search_term_string}\"},\"query-input\":{\"@type\":\"PropertyValueSpecification\",\"valueRequired\":true,\"valueName\":\"search_term_string\"}}],\"inLanguage\":\"es\"},{\"@type\":\"Organization\",\"@id\":\"https:\/\/infoecos.com.ar\/#organization\",\"name\":\"Infoecos\",\"alternateName\":\"Noticias\",\"url\":\"https:\/\/infoecos.com.ar\/\",\"logo\":{\"@type\":\"ImageObject\",\"inLanguage\":\"es\",\"@id\":\"https:\/\/infoecos.com.ar\/#\/schema\/logo\/image\/\",\"url\":\"https:\/\/infoecos.com.ar\/wp-content\/uploads\/2024\/03\/cropped-logo.png\",\"contentUrl\":\"https:\/\/infoecos.com.ar\/wp-content\/uploads\/2024\/03\/cropped-logo.png\",\"width\":374,\"height\":90,\"caption\":\"Infoecos\"},\"image\":{\"@id\":\"https:\/\/infoecos.com.ar\/#\/schema\/logo\/image\/\"},\"sameAs\":[\"https:\/\/www.facebook.com\/profile.php?id=100063200290284\",\"https:\/\/x.com\/infoecos\"]},{\"@type\":\"Person\",\"@id\":\"https:\/\/infoecos.com.ar\/#\/schema\/person\/8f5ace5ce73b4b4aac4b7245aee6f191\",\"name\":\"Jorge Matheus\",\"url\":\"https:\/\/infoecos.com.ar\/index.php\/author\/jomatheus\/\"}]}<\/script>\n<!-- \/ Yoast SEO plugin. -->","yoast_head_json":{"title":"Las actividades en Trenque Lauquen programadas para el pr\u00f3ximo martes, D\u00eda del Estudiante y de la Primavera - Infoecos","robots":{"index":"index","follow":"follow","max-snippet":"max-snippet:-1","max-image-preview":"max-image-preview:large","max-video-preview":"max-video-preview:-1"},"canonical":"https:\/\/infoecos.com.ar\/index.php\/las-actividades-en-trenque-lauquen-programadas-para-el-proximo-martes-dia-del-estudiante-y-de-la-primavera\/","og_locale":"es_ES","og_type":"article","og_title":"Las actividades en Trenque Lauquen programadas para el pr\u00f3ximo martes, D\u00eda del Estudiante y de la Primavera - Infoecos","og_description":"Habr\u00e1 m\u00fasica, sorteos, patio de comidas y un puesto de sanitizaci\u00f3n entre las 15 y las 18.30","og_url":"https:\/\/infoecos.com.ar\/index.php\/las-actividades-en-trenque-lauquen-programadas-para-el-proximo-martes-dia-del-estudiante-y-de-la-primavera\/","og_site_name":"Infoecos","article_publisher":"https:\/\/www.facebook.com\/profile.php?id=100063200290284","article_published_time":"2021-09-17T12:29:12+00:00","article_modified_time":"2021-09-17T20:44:44+00:00","og_image":[{"width":950,"height":474,"url":"https:\/\/infoecos.com.ar\/wp-content\/uploads\/2021\/09\/Parque-Trenque-Lauquen-2-950x474-1.jpg","type":"image\/jpeg"}],"author":"Jorge Matheus","twitter_card":"summary_large_image","twitter_creator":"@infoecos","twitter_site":"@infoecos","twitter_misc":{"Escrito por":"Jorge Matheus","Tiempo de lectura":"2 minutos"},"schema":{"@context":"https:\/\/schema.org","@graph":[{"@type":"Article","@id":"https:\/\/infoecos.com.ar\/index.php\/las-actividades-en-trenque-lauquen-programadas-para-el-proximo-martes-dia-del-estudiante-y-de-la-primavera\/#article","isPartOf":{"@id":"https:\/\/infoecos.com.ar\/index.php\/las-actividades-en-trenque-lauquen-programadas-para-el-proximo-martes-dia-del-estudiante-y-de-la-primavera\/"},"author":{"name":"Jorge Matheus","@id":"https:\/\/infoecos.com.ar\/#\/schema\/person\/8f5ace5ce73b4b4aac4b7245aee6f191"},"headline":"Las actividades en Trenque Lauquen programadas para el pr\u00f3ximo martes, D\u00eda del Estudiante y de la Primavera","datePublished":"2021-09-17T12:29:12+00:00","dateModified":"2021-09-17T20:44:44+00:00","mainEntityOfPage":{"@id":"https:\/\/infoecos.com.ar\/index.php\/las-actividades-en-trenque-lauquen-programadas-para-el-proximo-martes-dia-del-estudiante-y-de-la-primavera\/"},"wordCount":366,"publisher":{"@id":"https:\/\/infoecos.com.ar\/#organization"},"image":{"@id":"https:\/\/infoecos.com.ar\/index.php\/las-actividades-en-trenque-lauquen-programadas-para-el-proximo-martes-dia-del-estudiante-y-de-la-primavera\/#primaryimage"},"thumbnailUrl":"https:\/\/infoecos.com.ar\/wp-content\/uploads\/2021\/09\/Parque-Trenque-Lauquen-2-950x474-1.jpg","keywords":["EN EL PARQUE MUNICIPAL"],"articleSection":["C3 N3"],"inLanguage":"es"},{"@type":"WebPage","@id":"https:\/\/infoecos.com.ar\/index.php\/las-actividades-en-trenque-lauquen-programadas-para-el-proximo-martes-dia-del-estudiante-y-de-la-primavera\/","url":"https:\/\/infoecos.com.ar\/index.php\/las-actividades-en-trenque-lauquen-programadas-para-el-proximo-martes-dia-del-estudiante-y-de-la-primavera\/","name":"Las actividades en Trenque Lauquen programadas para el pr\u00f3ximo martes, D\u00eda del Estudiante y de la Primavera - Infoecos","isPartOf":{"@id":"https:\/\/infoecos.com.ar\/#website"},"primaryImageOfPage":{"@id":"https:\/\/infoecos.com.ar\/index.php\/las-actividades-en-trenque-lauquen-programadas-para-el-proximo-martes-dia-del-estudiante-y-de-la-primavera\/#primaryimage"},"image":{"@id":"https:\/\/infoecos.com.ar\/index.php\/las-actividades-en-trenque-lauquen-programadas-para-el-proximo-martes-dia-del-estudiante-y-de-la-primavera\/#primaryimage"},"thumbnailUrl":"https:\/\/infoecos.com.ar\/wp-content\/uploads\/2021\/09\/Parque-Trenque-Lauquen-2-950x474-1.jpg","datePublished":"2021-09-17T12:29:12+00:00","dateModified":"2021-09-17T20:44:44+00:00","breadcrumb":{"@id":"https:\/\/infoecos.com.ar\/index.php\/las-actividades-en-trenque-lauquen-programadas-para-el-proximo-martes-dia-del-estudiante-y-de-la-primavera\/#breadcrumb"},"inLanguage":"es","potentialAction":[{"@type":"ReadAction","target":["https:\/\/infoecos.com.ar\/index.php\/las-actividades-en-trenque-lauquen-programadas-para-el-proximo-martes-dia-del-estudiante-y-de-la-primavera\/"]}]},{"@type":"ImageObject","inLanguage":"es","@id":"https:\/\/infoecos.com.ar\/index.php\/las-actividades-en-trenque-lauquen-programadas-para-el-proximo-martes-dia-del-estudiante-y-de-la-primavera\/#primaryimage","url":"https:\/\/infoecos.com.ar\/wp-content\/uploads\/2021\/09\/Parque-Trenque-Lauquen-2-950x474-1.jpg","contentUrl":"https:\/\/infoecos.com.ar\/wp-content\/uploads\/2021\/09\/Parque-Trenque-Lauquen-2-950x474-1.jpg","width":950,"height":474},{"@type":"BreadcrumbList","@id":"https:\/\/infoecos.com.ar\/index.php\/las-actividades-en-trenque-lauquen-programadas-para-el-proximo-martes-dia-del-estudiante-y-de-la-primavera\/#breadcrumb","itemListElement":[{"@type":"ListItem","position":1,"name":"Portada","item":"https:\/\/infoecos.com.ar\/"},{"@type":"ListItem","position":2,"name":"Las actividades en Trenque Lauquen programadas para el pr\u00f3ximo martes, D\u00eda del Estudiante y de la Primavera"}]},{"@type":"WebSite","@id":"https:\/\/infoecos.com.ar\/#website","url":"https:\/\/infoecos.com.ar\/","name":"Infoecos","description":"Noticias de trenque lauquen y la zona","publisher":{"@id":"https:\/\/infoecos.com.ar\/#organization"},"alternateName":"Noticias","potentialAction":[{"@type":"SearchAction","target":{"@type":"EntryPoint","urlTemplate":"https:\/\/infoecos.com.ar\/?s={search_term_string}"},"query-input":{"@type":"PropertyValueSpecification","valueRequired":true,"valueName":"search_term_string"}}],"inLanguage":"es"},{"@type":"Organization","@id":"https:\/\/infoecos.com.ar\/#organization","name":"Infoecos","alternateName":"Noticias","url":"https:\/\/infoecos.com.ar\/","logo":{"@type":"ImageObject","inLanguage":"es","@id":"https:\/\/infoecos.com.ar\/#\/schema\/logo\/image\/","url":"https:\/\/infoecos.com.ar\/wp-content\/uploads\/2024\/03\/cropped-logo.png","contentUrl":"https:\/\/infoecos.com.ar\/wp-content\/uploads\/2024\/03\/cropped-logo.png","width":374,"height":90,"caption":"Infoecos"},"image":{"@id":"https:\/\/infoecos.com.ar\/#\/schema\/logo\/image\/"},"sameAs":["https:\/\/www.facebook.com\/profile.php?id=100063200290284","https:\/\/x.com\/infoecos"]},{"@type":"Person","@id":"https:\/\/infoecos.com.ar\/#\/schema\/person\/8f5ace5ce73b4b4aac4b7245aee6f191","name":"Jorge Matheus","url":"https:\/\/infoecos.com.ar\/index.php\/author\/jomatheus\/"}]}},"featured_image_urls":{"full":["https:\/\/infoecos.com.ar\/wp-content\/uploads\/2021\/09\/Parque-Trenque-Lauquen-2-950x474-1.jpg",950,474,false],"thumbnail":["https:\/\/infoecos.com.ar\/wp-content\/uploads\/2021\/09\/Parque-Trenque-Lauquen-2-950x474-1-150x150.jpg",150,150,true],"medium":["https:\/\/infoecos.com.ar\/wp-content\/uploads\/2021\/09\/Parque-Trenque-Lauquen-2-950x474-1-460x230.jpg",460,230,true],"medium_large":["https:\/\/infoecos.com.ar\/wp-content\/uploads\/2021\/09\/Parque-Trenque-Lauquen-2-950x474-1-768x383.jpg",640,319,true],"large":["https:\/\/infoecos.com.ar\/wp-content\/uploads\/2021\/09\/Parque-Trenque-Lauquen-2-950x474-1-920x459.jpg",640,319,true],"1536x1536":["https:\/\/infoecos.com.ar\/wp-content\/uploads\/2021\/09\/Parque-Trenque-Lauquen-2-950x474-1.jpg",950,474,false],"2048x2048":["https:\/\/infoecos.com.ar\/wp-content\/uploads\/2021\/09\/Parque-Trenque-Lauquen-2-950x474-1.jpg",950,474,false],"covernews-slider-full":["https:\/\/infoecos.com.ar\/wp-content\/uploads\/2021\/09\/Parque-Trenque-Lauquen-2-950x474-1.jpg",950,474,false],"covernews-slider-center":["https:\/\/infoecos.com.ar\/wp-content\/uploads\/2021\/09\/Parque-Trenque-Lauquen-2-950x474-1-936x474.jpg",800,405,true],"covernews-featured":["https:\/\/infoecos.com.ar\/wp-content\/uploads\/2021\/09\/Parque-Trenque-Lauquen-2-950x474-1.jpg",950,474,false],"covernews-medium":["https:\/\/infoecos.com.ar\/wp-content\/uploads\/2021\/09\/Parque-Trenque-Lauquen-2-950x474-1-720x380.jpg",540,285,true],"covernews-medium-square":["https:\/\/infoecos.com.ar\/wp-content\/uploads\/2021\/09\/Parque-Trenque-Lauquen-2-950x474-1-675x450.jpg",375,250,true]},"author_info":{"info":["Jorge Matheus"]},"category_info":"<a href=\"https:\/\/infoecos.com.ar\/index.php\/category\/c3nota3\/\" rel=\"category tag\">C3 N3<\/a>","tag_info":"C3 N3","comment_count":"0","_links":{"self":[{"href":"https:\/\/infoecos.com.ar\/index.php\/wp-json\/wp\/v2\/posts\/86170"}],"collection":[{"href":"https:\/\/infoecos.com.ar\/index.php\/wp-json\/wp\/v2\/posts"}],"about":[{"href":"https:\/\/infoecos.com.ar\/index.php\/wp-json\/wp\/v2\/types\/post"}],"author":[{"embeddable":true,"href":"https:\/\/infoecos.com.ar\/index.php\/wp-json\/wp\/v2\/users\/2"}],"replies":[{"embeddable":true,"href":"https:\/\/infoecos.com.ar\/index.php\/wp-json\/wp\/v2\/comments?post=86170"}],"version-history":[{"count":1,"href":"https:\/\/infoecos.com.ar\/index.php\/wp-json\/wp\/v2\/posts\/86170\/revisions"}],"predecessor-version":[{"id":86172,"href":"https:\/\/infoecos.com.ar\/index.php\/wp-json\/wp\/v2\/posts\/86170\/revisions\/86172"}],"wp:featuredmedia":[{"embeddable":true,"href":"https:\/\/infoecos.com.ar\/index.php\/wp-json\/wp\/v2\/media\/86171"}],"wp:attachment":[{"href":"https:\/\/infoecos.com.ar\/index.php\/wp-json\/wp\/v2\/media?parent=86170"}],"wp:term":[{"taxonomy":"category","embeddable":true,"href":"https:\/\/infoecos.com.ar\/index.php\/wp-json\/wp\/v2\/categories?post=86170"},{"taxonomy":"post_tag","embeddable":true,"href":"https:\/\/infoecos.com.ar\/index.php\/wp-json\/wp\/v2\/tags?post=86170"}],"curies":[{"name":"wp","href":"https:\/\/api.w.org\/{rel}","templated":true}]}}