{"id":86215,"date":"2021-09-18T07:03:22","date_gmt":"2021-09-18T10:03:22","guid":{"rendered":"http:\/\/infoecos.com.ar\/?p=86215"},"modified":"2021-09-18T12:01:46","modified_gmt":"2021-09-18T15:01:46","slug":"cambios-en-siete-ministerios-del-gobierno-nacional-julian-dominguez-vuelve-a-agricultura","status":"publish","type":"post","link":"https:\/\/infoecos.com.ar\/index.php\/cambios-en-siete-ministerios-del-gobierno-nacional-julian-dominguez-vuelve-a-agricultura\/","title":{"rendered":"Juli\u00e1n Dom\u00ednguez vuelve a Agricultura"},"content":{"rendered":"\n<p class=\"wp-block-paragraph\">El presidente de la Naci\u00f3n, Alberto Fern\u00e1ndez, incorporar\u00e1 nuevos ministros a su equipo de gobierno. La oficializaci\u00f3n de los nombres se conoci\u00f3 anoche, una vez que se retir\u00f3 de la Casa de Gobierno.<\/p>\n\n\n\n<div class=\"wp-block-image is-style-default\"><figure class=\"aligncenter size-medium\"><img loading=\"lazy\" decoding=\"async\" width=\"460\" height=\"259\" src=\"http:\/\/infoecos.com.ar\/wp-content\/uploads\/2021\/09\/nuevosministros-460x259.jpg\" alt=\"\" class=\"wp-image-86216\" srcset=\"https:\/\/infoecos.com.ar\/wp-content\/uploads\/2021\/09\/nuevosministros-460x259.jpg 460w, https:\/\/infoecos.com.ar\/wp-content\/uploads\/2021\/09\/nuevosministros-768x432.jpg 768w, https:\/\/infoecos.com.ar\/wp-content\/uploads\/2021\/09\/nuevosministros.jpg 900w\" sizes=\"auto, (max-width: 460px) 100vw, 460px\" \/><\/figure><\/div>\n\n\n\n<p class=\"wp-block-paragraph\">Renunci\u00f3 en el d\u00eda de ayer Juan Pablo Biondi que fuera cuestionado por la vicepresidenta de la Naci\u00f3n, Cristina Fern\u00e1ndez de Kirchner.<\/p>\n\n\n\n<p class=\"wp-block-paragraph\">Los nuevos ministros:<\/p>\n\n\n\n<p class=\"wp-block-paragraph\"><strong>Jefe de Gabinete: Juan Manzur, actual gobernador de Tucum\u00e1n. (reemplaza a Santiago Cafiero)<\/strong><\/p>\n\n\n\n<p class=\"wp-block-paragraph\"><strong>Ministro de Seguridad: An\u00edbal Fern\u00e1ndez. (reemplaza a Sabina Frederic)<\/strong><\/p>\n\n\n\n<p class=\"wp-block-paragraph\"><strong>Ministro de Ganader\u00eda, Agricultura y Pesca: Juli\u00e1n Dom\u00ednguez (reemplaza a Luis Basterra)<\/strong><\/p>\n\n\n\n<p class=\"wp-block-paragraph\"><strong>Ministro de Educaci\u00f3n: Jaime Perczyck. (reemplaza a Nicol\u00e1s Trotta)<\/strong><\/p>\n\n\n\n<p class=\"wp-block-paragraph\"><strong>Ministro de Ciencia y Tecnolog\u00eda: Daniel Filmus. (reemplaza a Roberto Salvarezza)<\/strong><\/p>\n\n\n\n<p class=\"wp-block-paragraph\"><strong>Ministro de Relaciones Exteriores y Culto: Santiago Cafiero (reemplaza a Felipe Sol\u00e1)<\/strong><\/p>\n\n\n\n<p class=\"wp-block-paragraph\"><strong>Secretario de Comunicaci\u00f3n y Prensa: Juan Ross.  (reemplaza a Juan Pablo Biondi)<\/strong><\/p>\n\n\n\n<p class=\"wp-block-paragraph\"><strong>Se queda Wado de Pedro, como ministro del Interior<\/strong>.<\/p>\n\n\n\n<p class=\"wp-block-paragraph\">Todos ellos jurar\u00e1n en sus cargos el pr\u00f3ximo lunes a las 16.<\/p>\n\n\n\n<p class=\"wp-block-paragraph\"><\/p>\n","protected":false},"excerpt":{"rendered":"<p>Manzur, An\u00edbal Fern\u00e1ndez, Juli\u00e1n Dom\u00ednguez, Jaime Percyck, Daniel Filmus, Santiago Cafiero, Juan Ross<\/p>\n","protected":false},"author":2,"featured_media":86216,"comment_status":"closed","ping_status":"open","sticky":false,"template":"","format":"standard","meta":{"footnotes":""},"categories":[46],"tags":[5134],"class_list":["post-86215","post","type-post","status-publish","format-standard","has-post-thumbnail","hentry","category-c2nota2","tag-siete-nuevos-ministros-que-asumen-el-lunes"],"featured_image_urls":{"full":["https:\/\/infoecos.com.ar\/wp-content\/uploads\/2021\/09\/nuevosministros.jpg",900,506,false],"thumbnail":["https:\/\/infoecos.com.ar\/wp-content\/uploads\/2021\/09\/nuevosministros-150x150.jpg",150,150,true],"medium":["https:\/\/infoecos.com.ar\/wp-content\/uploads\/2021\/09\/nuevosministros-460x259.jpg",460,259,true],"medium_large":["https:\/\/infoecos.com.ar\/wp-content\/uploads\/2021\/09\/nuevosministros-768x432.jpg",640,360,true],"large":["https:\/\/infoecos.com.ar\/wp-content\/uploads\/2021\/09\/nuevosministros.jpg",640,360,false],"1536x1536":["https:\/\/infoecos.com.ar\/wp-content\/uploads\/2021\/09\/nuevosministros.jpg",900,506,false],"2048x2048":["https:\/\/infoecos.com.ar\/wp-content\/uploads\/2021\/09\/nuevosministros.jpg",900,506,false],"covernews-slider-full":["https:\/\/infoecos.com.ar\/wp-content\/uploads\/2021\/09\/nuevosministros.jpg",900,506,false],"covernews-slider-center":["https:\/\/infoecos.com.ar\/wp-content\/uploads\/2021\/09\/nuevosministros.jpg",800,450,false],"covernews-featured":["https:\/\/infoecos.com.ar\/wp-content\/uploads\/2021\/09\/nuevosministros.jpg",900,506,false],"covernews-medium":["https:\/\/infoecos.com.ar\/wp-content\/uploads\/2021\/09\/nuevosministros-720x380.jpg",540,285,true],"covernews-medium-square":["https:\/\/infoecos.com.ar\/wp-content\/uploads\/2021\/09\/nuevosministros-675x450.jpg",375,250,true]},"author_info":{"info":["Jorge Matheus"]},"category_info":"<a href=\"https:\/\/infoecos.com.ar\/index.php\/category\/c2nota2\/\" rel=\"category tag\">C2 N2<\/a>","tag_info":"C2 N2","comment_count":"0","_links":{"self":[{"href":"https:\/\/infoecos.com.ar\/index.php\/wp-json\/wp\/v2\/posts\/86215","targetHints":{"allow":["GET"]}}],"collection":[{"href":"https:\/\/infoecos.com.ar\/index.php\/wp-json\/wp\/v2\/posts"}],"about":[{"href":"https:\/\/infoecos.com.ar\/index.php\/wp-json\/wp\/v2\/types\/post"}],"author":[{"embeddable":true,"href":"https:\/\/infoecos.com.ar\/index.php\/wp-json\/wp\/v2\/users\/2"}],"replies":[{"embeddable":true,"href":"https:\/\/infoecos.com.ar\/index.php\/wp-json\/wp\/v2\/comments?post=86215"}],"version-history":[{"count":2,"href":"https:\/\/infoecos.com.ar\/index.php\/wp-json\/wp\/v2\/posts\/86215\/revisions"}],"predecessor-version":[{"id":86235,"href":"https:\/\/infoecos.com.ar\/index.php\/wp-json\/wp\/v2\/posts\/86215\/revisions\/86235"}],"wp:featuredmedia":[{"embeddable":true,"href":"https:\/\/infoecos.com.ar\/index.php\/wp-json\/wp\/v2\/media\/86216"}],"wp:attachment":[{"href":"https:\/\/infoecos.com.ar\/index.php\/wp-json\/wp\/v2\/media?parent=86215"}],"wp:term":[{"taxonomy":"category","embeddable":true,"href":"https:\/\/infoecos.com.ar\/index.php\/wp-json\/wp\/v2\/categories?post=86215"},{"taxonomy":"post_tag","embeddable":true,"href":"https:\/\/infoecos.com.ar\/index.php\/wp-json\/wp\/v2\/tags?post=86215"}],"curies":[{"name":"wp","href":"https:\/\/api.w.org\/{rel}","templated":true}]}}