{"id":86479,"date":"2021-09-21T03:25:40","date_gmt":"2021-09-21T06:25:40","guid":{"rendered":"http:\/\/infoecos.com.ar\/?p=86479"},"modified":"2021-09-21T03:25:40","modified_gmt":"2021-09-21T06:25:40","slug":"postergaron-la-capacitacion-sobre-conduccion-de-motos-y-entrega-de-cascos","status":"publish","type":"post","link":"https:\/\/infoecos.com.ar\/index.php\/postergaron-la-capacitacion-sobre-conduccion-de-motos-y-entrega-de-cascos\/","title":{"rendered":"Postergaron la capacitaci\u00f3n sobre conducci\u00f3n de motos y entrega de cascos"},"content":{"rendered":"\n<p class=\"wp-block-paragraph\">La capacitaci\u00f3n en la conducci\u00f3n segura de motos y la posterior entrega de cascos y chalecos a motociclistas de Trenque Lauquen que iba a realizarse el pr\u00f3ximo jueves 23 en Trenque Lauquen, en el marco del Programa Federal de Entrega de Cascos y Equipamiento Reflectivo, fue postergada hasta nuevo aviso por cuestiones de agenda de los funcionarios de la Agencia Nacional de Seguridad Vial (ANSV) que impulsan la iniciativa.<\/p>\n\n\n\n<div class=\"wp-block-image is-style-default\"><figure class=\"aligncenter size-medium\"><img loading=\"lazy\" decoding=\"async\" width=\"460\" height=\"276\" src=\"http:\/\/infoecos.com.ar\/wp-content\/uploads\/2021\/09\/Cascos-y-chalecos-460x276.jpg\" alt=\"\" class=\"wp-image-86480\" srcset=\"https:\/\/infoecos.com.ar\/wp-content\/uploads\/2021\/09\/Cascos-y-chalecos-460x276.jpg 460w, https:\/\/infoecos.com.ar\/wp-content\/uploads\/2021\/09\/Cascos-y-chalecos.jpg 750w\" sizes=\"auto, (max-width: 460px) 100vw, 460px\" \/><\/figure><\/div>\n\n\n\n<p class=\"wp-block-paragraph\">Oportunamente se dar\u00e1 a conocer la nueva fecha de realizaci\u00f3n de la jornada para que los interesados puedan comunicarse y reservar un lugar al tel\u00e9fono de la direcci\u00f3n de Tr\u00e1nsito municipal: (2392) 61-1006.<\/p>\n","protected":false},"excerpt":{"rendered":"<p>Por cuestiones de agenda de los funcionarios de la Agencia Nacional de Seguridad Vial (ANSV) que impulsan la iniciativa<\/p>\n","protected":false},"author":2,"featured_media":86480,"comment_status":"closed","ping_status":"open","sticky":false,"template":"","format":"standard","meta":{"footnotes":""},"categories":[1341],"tags":[5195],"class_list":["post-86479","post","type-post","status-publish","format-standard","has-post-thumbnail","hentry","category-c1nota7","tag-estaba-prevista-en-t-lauquen-para-el-23-del-corriente"],"featured_image_urls":{"full":["https:\/\/infoecos.com.ar\/wp-content\/uploads\/2021\/09\/Cascos-y-chalecos.jpg",750,450,false],"thumbnail":["https:\/\/infoecos.com.ar\/wp-content\/uploads\/2021\/09\/Cascos-y-chalecos-150x150.jpg",150,150,true],"medium":["https:\/\/infoecos.com.ar\/wp-content\/uploads\/2021\/09\/Cascos-y-chalecos-460x276.jpg",460,276,true],"medium_large":["https:\/\/infoecos.com.ar\/wp-content\/uploads\/2021\/09\/Cascos-y-chalecos.jpg",640,384,false],"large":["https:\/\/infoecos.com.ar\/wp-content\/uploads\/2021\/09\/Cascos-y-chalecos.jpg",640,384,false],"1536x1536":["https:\/\/infoecos.com.ar\/wp-content\/uploads\/2021\/09\/Cascos-y-chalecos.jpg",750,450,false],"2048x2048":["https:\/\/infoecos.com.ar\/wp-content\/uploads\/2021\/09\/Cascos-y-chalecos.jpg",750,450,false],"covernews-slider-full":["https:\/\/infoecos.com.ar\/wp-content\/uploads\/2021\/09\/Cascos-y-chalecos.jpg",750,450,false],"covernews-slider-center":["https:\/\/infoecos.com.ar\/wp-content\/uploads\/2021\/09\/Cascos-y-chalecos.jpg",750,450,false],"covernews-featured":["https:\/\/infoecos.com.ar\/wp-content\/uploads\/2021\/09\/Cascos-y-chalecos.jpg",750,450,false],"covernews-medium":["https:\/\/infoecos.com.ar\/wp-content\/uploads\/2021\/09\/Cascos-y-chalecos-720x380.jpg",540,285,true],"covernews-medium-square":["https:\/\/infoecos.com.ar\/wp-content\/uploads\/2021\/09\/Cascos-y-chalecos-675x450.jpg",375,250,true]},"author_info":{"info":["Jorge Matheus"]},"category_info":"<a href=\"https:\/\/infoecos.com.ar\/index.php\/category\/c1nota7\/\" rel=\"category tag\">C1 nota 7<\/a>","tag_info":"C1 nota 7","comment_count":"0","_links":{"self":[{"href":"https:\/\/infoecos.com.ar\/index.php\/wp-json\/wp\/v2\/posts\/86479","targetHints":{"allow":["GET"]}}],"collection":[{"href":"https:\/\/infoecos.com.ar\/index.php\/wp-json\/wp\/v2\/posts"}],"about":[{"href":"https:\/\/infoecos.com.ar\/index.php\/wp-json\/wp\/v2\/types\/post"}],"author":[{"embeddable":true,"href":"https:\/\/infoecos.com.ar\/index.php\/wp-json\/wp\/v2\/users\/2"}],"replies":[{"embeddable":true,"href":"https:\/\/infoecos.com.ar\/index.php\/wp-json\/wp\/v2\/comments?post=86479"}],"version-history":[{"count":1,"href":"https:\/\/infoecos.com.ar\/index.php\/wp-json\/wp\/v2\/posts\/86479\/revisions"}],"predecessor-version":[{"id":86481,"href":"https:\/\/infoecos.com.ar\/index.php\/wp-json\/wp\/v2\/posts\/86479\/revisions\/86481"}],"wp:featuredmedia":[{"embeddable":true,"href":"https:\/\/infoecos.com.ar\/index.php\/wp-json\/wp\/v2\/media\/86480"}],"wp:attachment":[{"href":"https:\/\/infoecos.com.ar\/index.php\/wp-json\/wp\/v2\/media?parent=86479"}],"wp:term":[{"taxonomy":"category","embeddable":true,"href":"https:\/\/infoecos.com.ar\/index.php\/wp-json\/wp\/v2\/categories?post=86479"},{"taxonomy":"post_tag","embeddable":true,"href":"https:\/\/infoecos.com.ar\/index.php\/wp-json\/wp\/v2\/tags?post=86479"}],"curies":[{"name":"wp","href":"https:\/\/api.w.org\/{rel}","templated":true}]}}