{"id":86525,"date":"2021-09-21T15:26:11","date_gmt":"2021-09-21T18:26:11","guid":{"rendered":"http:\/\/infoecos.com.ar\/?p=86525"},"modified":"2021-09-23T06:05:36","modified_gmt":"2021-09-23T09:05:36","slug":"para-torchio-candidato-a-senador-provincial-por-el-fdt-el-panorama-electoral-va-a-mejorar-en-noviembre","status":"publish","type":"post","link":"https:\/\/infoecos.com.ar\/index.php\/para-torchio-candidato-a-senador-provincial-por-el-fdt-el-panorama-electoral-va-a-mejorar-en-noviembre\/","title":{"rendered":"Para Torchio, candidato a senador provincial por el FdT, el panorama electoral va a mejorar en noviembre"},"content":{"rendered":"\n<p>El intendente municipal de Carlos Casares y candidato a senador por la cuarta secci\u00f3n,<strong>&nbsp;Walter Torchio,<\/strong>&nbsp;afirm\u00f3 que&nbsp;\u201clos intendentes tienen una mirada sobre la din\u00e1mica con respecto a la ejecuci\u00f3n de determinadas cuestiones que enriquecen a quienes no la han ejercido, es una cuesti\u00f3n complementaria a los funcionarios m\u00e1s de carrera\u201d.<\/p>\n\n\n\n<div class=\"wp-block-image is-style-default\"><figure class=\"aligncenter size-medium\"><img loading=\"lazy\" decoding=\"async\" width=\"460\" height=\"307\" src=\"http:\/\/infoecos.com.ar\/wp-content\/uploads\/2021\/09\/torchiovotando-460x307.jpg\" alt=\"\" class=\"wp-image-85947\" srcset=\"https:\/\/infoecos.com.ar\/wp-content\/uploads\/2021\/09\/torchiovotando-460x307.jpg 460w, https:\/\/infoecos.com.ar\/wp-content\/uploads\/2021\/09\/torchiovotando-675x450.jpg 675w, https:\/\/infoecos.com.ar\/wp-content\/uploads\/2021\/09\/torchiovotando.jpg 730w\" sizes=\"(max-width: 460px) 100vw, 460px\" \/><\/figure><\/div>\n\n\n\n<p>Para Torchio, en torno a los cambios producidos en los gabinetes Nacional y Provincial, \u201cvan a enriquecer a una gesti\u00f3n provincial que para mi gusto ha sido buena, independientemente del resultado electoral que tiene que ver con otras cuestiones, la pandemia y la recuperaci\u00f3n econ\u00f3mica que se est\u00e1 dando pero todav\u00eda no lleg\u00f3 a los bolsillos de la gente\u201d.<\/p>\n\n\n\n<p>En una entrevista con el sitio<strong>&nbsp;<\/strong>Infocielo al respecto del resultado de la PASO, pensando en noviembre, manifest\u00f3<strong>:&nbsp;<\/strong>\u201cse puede mejorar. Dependemos de un mont\u00f3n de factores como que la vacunaci\u00f3n siga avanzando y el nivel de contagios se mantenga bajo. Y en lo econ\u00f3mico no s\u00e9 cuanta din\u00e1mica se le puede dar porque es una cuesti\u00f3n m\u00e1s global, pero todos vamos a hacer el esfuerzo para mejorar el resultado\u201d.<\/p>\n","protected":false},"excerpt":{"rendered":"<p>El intendente municipal de Carlos Casares y candidato a senador por la cuarta secci\u00f3n,&nbsp;Walter Torchio,&nbsp;afirm\u00f3&#8230;<\/p>\n","protected":false},"author":2,"featured_media":85947,"comment_status":"closed","ping_status":"open","sticky":false,"template":"","format":"standard","meta":{"footnotes":""},"categories":[1331],"tags":[2983],"class_list":["post-86525","post","type-post","status-publish","format-standard","has-post-thumbnail","hentry","category-inferior11","tag-declaraciones-a-infocielo"],"yoast_head":"<!-- This site is optimized with the Yoast SEO plugin v23.4 - https:\/\/yoast.com\/wordpress\/plugins\/seo\/ -->\n<title>Para Torchio, candidato a senador provincial por el FdT, el panorama electoral va a mejorar en noviembre - Infoecos<\/title>\n<meta name=\"robots\" content=\"index, follow, max-snippet:-1, max-image-preview:large, max-video-preview:-1\" \/>\n<link rel=\"canonical\" href=\"https:\/\/infoecos.com.ar\/index.php\/para-torchio-candidato-a-senador-provincial-por-el-fdt-el-panorama-electoral-va-a-mejorar-en-noviembre\/\" \/>\n<meta property=\"og:locale\" content=\"es_ES\" \/>\n<meta property=\"og:type\" content=\"article\" \/>\n<meta property=\"og:title\" content=\"Para Torchio, candidato a senador provincial por el FdT, el panorama electoral va a mejorar en noviembre - Infoecos\" \/>\n<meta property=\"og:description\" content=\"El intendente municipal de Carlos Casares y candidato a senador por la cuarta secci\u00f3n,&nbsp;Walter Torchio,&nbsp;afirm\u00f3...\" \/>\n<meta property=\"og:url\" content=\"https:\/\/infoecos.com.ar\/index.php\/para-torchio-candidato-a-senador-provincial-por-el-fdt-el-panorama-electoral-va-a-mejorar-en-noviembre\/\" \/>\n<meta property=\"og:site_name\" content=\"Infoecos\" \/>\n<meta property=\"article:publisher\" content=\"https:\/\/www.facebook.com\/profile.php?id=100063200290284\" \/>\n<meta property=\"article:published_time\" content=\"2021-09-21T18:26:11+00:00\" \/>\n<meta property=\"article:modified_time\" content=\"2021-09-23T09:05:36+00:00\" \/>\n<meta property=\"og:image\" content=\"https:\/\/infoecos.com.ar\/wp-content\/uploads\/2021\/09\/torchiovotando.jpg\" \/>\n\t<meta property=\"og:image:width\" content=\"730\" \/>\n\t<meta property=\"og:image:height\" content=\"487\" \/>\n\t<meta property=\"og:image:type\" content=\"image\/jpeg\" \/>\n<meta name=\"author\" content=\"Jorge Matheus\" \/>\n<meta name=\"twitter:card\" content=\"summary_large_image\" \/>\n<meta name=\"twitter:creator\" content=\"@infoecos\" \/>\n<meta name=\"twitter:site\" content=\"@infoecos\" \/>\n<meta name=\"twitter:label1\" content=\"Escrito por\" \/>\n\t<meta name=\"twitter:data1\" content=\"Jorge Matheus\" \/>\n\t<meta name=\"twitter:label2\" content=\"Tiempo de lectura\" \/>\n\t<meta name=\"twitter:data2\" content=\"1 minuto\" \/>\n<script type=\"application\/ld+json\" class=\"yoast-schema-graph\">{\"@context\":\"https:\/\/schema.org\",\"@graph\":[{\"@type\":\"Article\",\"@id\":\"https:\/\/infoecos.com.ar\/index.php\/para-torchio-candidato-a-senador-provincial-por-el-fdt-el-panorama-electoral-va-a-mejorar-en-noviembre\/#article\",\"isPartOf\":{\"@id\":\"https:\/\/infoecos.com.ar\/index.php\/para-torchio-candidato-a-senador-provincial-por-el-fdt-el-panorama-electoral-va-a-mejorar-en-noviembre\/\"},\"author\":{\"name\":\"Jorge Matheus\",\"@id\":\"https:\/\/infoecos.com.ar\/#\/schema\/person\/8f5ace5ce73b4b4aac4b7245aee6f191\"},\"headline\":\"Para Torchio, candidato a senador provincial por el FdT, el panorama electoral va a mejorar en noviembre\",\"datePublished\":\"2021-09-21T18:26:11+00:00\",\"dateModified\":\"2021-09-23T09:05:36+00:00\",\"mainEntityOfPage\":{\"@id\":\"https:\/\/infoecos.com.ar\/index.php\/para-torchio-candidato-a-senador-provincial-por-el-fdt-el-panorama-electoral-va-a-mejorar-en-noviembre\/\"},\"wordCount\":218,\"publisher\":{\"@id\":\"https:\/\/infoecos.com.ar\/#organization\"},\"image\":{\"@id\":\"https:\/\/infoecos.com.ar\/index.php\/para-torchio-candidato-a-senador-provincial-por-el-fdt-el-panorama-electoral-va-a-mejorar-en-noviembre\/#primaryimage\"},\"thumbnailUrl\":\"https:\/\/infoecos.com.ar\/wp-content\/uploads\/2021\/09\/torchiovotando.jpg\",\"keywords\":[\"DECLARACIONES A INFOCIELO\"],\"articleSection\":[\"Bloque inferior - 11\"],\"inLanguage\":\"es\"},{\"@type\":\"WebPage\",\"@id\":\"https:\/\/infoecos.com.ar\/index.php\/para-torchio-candidato-a-senador-provincial-por-el-fdt-el-panorama-electoral-va-a-mejorar-en-noviembre\/\",\"url\":\"https:\/\/infoecos.com.ar\/index.php\/para-torchio-candidato-a-senador-provincial-por-el-fdt-el-panorama-electoral-va-a-mejorar-en-noviembre\/\",\"name\":\"Para Torchio, candidato a senador provincial por el FdT, el panorama electoral va a mejorar en noviembre - Infoecos\",\"isPartOf\":{\"@id\":\"https:\/\/infoecos.com.ar\/#website\"},\"primaryImageOfPage\":{\"@id\":\"https:\/\/infoecos.com.ar\/index.php\/para-torchio-candidato-a-senador-provincial-por-el-fdt-el-panorama-electoral-va-a-mejorar-en-noviembre\/#primaryimage\"},\"image\":{\"@id\":\"https:\/\/infoecos.com.ar\/index.php\/para-torchio-candidato-a-senador-provincial-por-el-fdt-el-panorama-electoral-va-a-mejorar-en-noviembre\/#primaryimage\"},\"thumbnailUrl\":\"https:\/\/infoecos.com.ar\/wp-content\/uploads\/2021\/09\/torchiovotando.jpg\",\"datePublished\":\"2021-09-21T18:26:11+00:00\",\"dateModified\":\"2021-09-23T09:05:36+00:00\",\"breadcrumb\":{\"@id\":\"https:\/\/infoecos.com.ar\/index.php\/para-torchio-candidato-a-senador-provincial-por-el-fdt-el-panorama-electoral-va-a-mejorar-en-noviembre\/#breadcrumb\"},\"inLanguage\":\"es\",\"potentialAction\":[{\"@type\":\"ReadAction\",\"target\":[\"https:\/\/infoecos.com.ar\/index.php\/para-torchio-candidato-a-senador-provincial-por-el-fdt-el-panorama-electoral-va-a-mejorar-en-noviembre\/\"]}]},{\"@type\":\"ImageObject\",\"inLanguage\":\"es\",\"@id\":\"https:\/\/infoecos.com.ar\/index.php\/para-torchio-candidato-a-senador-provincial-por-el-fdt-el-panorama-electoral-va-a-mejorar-en-noviembre\/#primaryimage\",\"url\":\"https:\/\/infoecos.com.ar\/wp-content\/uploads\/2021\/09\/torchiovotando.jpg\",\"contentUrl\":\"https:\/\/infoecos.com.ar\/wp-content\/uploads\/2021\/09\/torchiovotando.jpg\",\"width\":730,\"height\":487},{\"@type\":\"BreadcrumbList\",\"@id\":\"https:\/\/infoecos.com.ar\/index.php\/para-torchio-candidato-a-senador-provincial-por-el-fdt-el-panorama-electoral-va-a-mejorar-en-noviembre\/#breadcrumb\",\"itemListElement\":[{\"@type\":\"ListItem\",\"position\":1,\"name\":\"Portada\",\"item\":\"https:\/\/infoecos.com.ar\/\"},{\"@type\":\"ListItem\",\"position\":2,\"name\":\"Para Torchio, candidato a senador provincial por el FdT, el panorama electoral va a mejorar en noviembre\"}]},{\"@type\":\"WebSite\",\"@id\":\"https:\/\/infoecos.com.ar\/#website\",\"url\":\"https:\/\/infoecos.com.ar\/\",\"name\":\"Infoecos\",\"description\":\"Noticias de trenque lauquen y la zona\",\"publisher\":{\"@id\":\"https:\/\/infoecos.com.ar\/#organization\"},\"alternateName\":\"Noticias\",\"potentialAction\":[{\"@type\":\"SearchAction\",\"target\":{\"@type\":\"EntryPoint\",\"urlTemplate\":\"https:\/\/infoecos.com.ar\/?s={search_term_string}\"},\"query-input\":{\"@type\":\"PropertyValueSpecification\",\"valueRequired\":true,\"valueName\":\"search_term_string\"}}],\"inLanguage\":\"es\"},{\"@type\":\"Organization\",\"@id\":\"https:\/\/infoecos.com.ar\/#organization\",\"name\":\"Infoecos\",\"alternateName\":\"Noticias\",\"url\":\"https:\/\/infoecos.com.ar\/\",\"logo\":{\"@type\":\"ImageObject\",\"inLanguage\":\"es\",\"@id\":\"https:\/\/infoecos.com.ar\/#\/schema\/logo\/image\/\",\"url\":\"https:\/\/infoecos.com.ar\/wp-content\/uploads\/2024\/03\/cropped-logo.png\",\"contentUrl\":\"https:\/\/infoecos.com.ar\/wp-content\/uploads\/2024\/03\/cropped-logo.png\",\"width\":374,\"height\":90,\"caption\":\"Infoecos\"},\"image\":{\"@id\":\"https:\/\/infoecos.com.ar\/#\/schema\/logo\/image\/\"},\"sameAs\":[\"https:\/\/www.facebook.com\/profile.php?id=100063200290284\",\"https:\/\/x.com\/infoecos\"]},{\"@type\":\"Person\",\"@id\":\"https:\/\/infoecos.com.ar\/#\/schema\/person\/8f5ace5ce73b4b4aac4b7245aee6f191\",\"name\":\"Jorge Matheus\",\"url\":\"https:\/\/infoecos.com.ar\/index.php\/author\/jomatheus\/\"}]}<\/script>\n<!-- \/ Yoast SEO plugin. -->","yoast_head_json":{"title":"Para Torchio, candidato a senador provincial por el FdT, el panorama electoral va a mejorar en noviembre - Infoecos","robots":{"index":"index","follow":"follow","max-snippet":"max-snippet:-1","max-image-preview":"max-image-preview:large","max-video-preview":"max-video-preview:-1"},"canonical":"https:\/\/infoecos.com.ar\/index.php\/para-torchio-candidato-a-senador-provincial-por-el-fdt-el-panorama-electoral-va-a-mejorar-en-noviembre\/","og_locale":"es_ES","og_type":"article","og_title":"Para Torchio, candidato a senador provincial por el FdT, el panorama electoral va a mejorar en noviembre - Infoecos","og_description":"El intendente municipal de Carlos Casares y candidato a senador por la cuarta secci\u00f3n,&nbsp;Walter Torchio,&nbsp;afirm\u00f3...","og_url":"https:\/\/infoecos.com.ar\/index.php\/para-torchio-candidato-a-senador-provincial-por-el-fdt-el-panorama-electoral-va-a-mejorar-en-noviembre\/","og_site_name":"Infoecos","article_publisher":"https:\/\/www.facebook.com\/profile.php?id=100063200290284","article_published_time":"2021-09-21T18:26:11+00:00","article_modified_time":"2021-09-23T09:05:36+00:00","og_image":[{"width":730,"height":487,"url":"https:\/\/infoecos.com.ar\/wp-content\/uploads\/2021\/09\/torchiovotando.jpg","type":"image\/jpeg"}],"author":"Jorge Matheus","twitter_card":"summary_large_image","twitter_creator":"@infoecos","twitter_site":"@infoecos","twitter_misc":{"Escrito por":"Jorge Matheus","Tiempo de lectura":"1 minuto"},"schema":{"@context":"https:\/\/schema.org","@graph":[{"@type":"Article","@id":"https:\/\/infoecos.com.ar\/index.php\/para-torchio-candidato-a-senador-provincial-por-el-fdt-el-panorama-electoral-va-a-mejorar-en-noviembre\/#article","isPartOf":{"@id":"https:\/\/infoecos.com.ar\/index.php\/para-torchio-candidato-a-senador-provincial-por-el-fdt-el-panorama-electoral-va-a-mejorar-en-noviembre\/"},"author":{"name":"Jorge Matheus","@id":"https:\/\/infoecos.com.ar\/#\/schema\/person\/8f5ace5ce73b4b4aac4b7245aee6f191"},"headline":"Para Torchio, candidato a senador provincial por el FdT, el panorama electoral va a mejorar en noviembre","datePublished":"2021-09-21T18:26:11+00:00","dateModified":"2021-09-23T09:05:36+00:00","mainEntityOfPage":{"@id":"https:\/\/infoecos.com.ar\/index.php\/para-torchio-candidato-a-senador-provincial-por-el-fdt-el-panorama-electoral-va-a-mejorar-en-noviembre\/"},"wordCount":218,"publisher":{"@id":"https:\/\/infoecos.com.ar\/#organization"},"image":{"@id":"https:\/\/infoecos.com.ar\/index.php\/para-torchio-candidato-a-senador-provincial-por-el-fdt-el-panorama-electoral-va-a-mejorar-en-noviembre\/#primaryimage"},"thumbnailUrl":"https:\/\/infoecos.com.ar\/wp-content\/uploads\/2021\/09\/torchiovotando.jpg","keywords":["DECLARACIONES A INFOCIELO"],"articleSection":["Bloque inferior - 11"],"inLanguage":"es"},{"@type":"WebPage","@id":"https:\/\/infoecos.com.ar\/index.php\/para-torchio-candidato-a-senador-provincial-por-el-fdt-el-panorama-electoral-va-a-mejorar-en-noviembre\/","url":"https:\/\/infoecos.com.ar\/index.php\/para-torchio-candidato-a-senador-provincial-por-el-fdt-el-panorama-electoral-va-a-mejorar-en-noviembre\/","name":"Para Torchio, candidato a senador provincial por el FdT, el panorama electoral va a mejorar en noviembre - Infoecos","isPartOf":{"@id":"https:\/\/infoecos.com.ar\/#website"},"primaryImageOfPage":{"@id":"https:\/\/infoecos.com.ar\/index.php\/para-torchio-candidato-a-senador-provincial-por-el-fdt-el-panorama-electoral-va-a-mejorar-en-noviembre\/#primaryimage"},"image":{"@id":"https:\/\/infoecos.com.ar\/index.php\/para-torchio-candidato-a-senador-provincial-por-el-fdt-el-panorama-electoral-va-a-mejorar-en-noviembre\/#primaryimage"},"thumbnailUrl":"https:\/\/infoecos.com.ar\/wp-content\/uploads\/2021\/09\/torchiovotando.jpg","datePublished":"2021-09-21T18:26:11+00:00","dateModified":"2021-09-23T09:05:36+00:00","breadcrumb":{"@id":"https:\/\/infoecos.com.ar\/index.php\/para-torchio-candidato-a-senador-provincial-por-el-fdt-el-panorama-electoral-va-a-mejorar-en-noviembre\/#breadcrumb"},"inLanguage":"es","potentialAction":[{"@type":"ReadAction","target":["https:\/\/infoecos.com.ar\/index.php\/para-torchio-candidato-a-senador-provincial-por-el-fdt-el-panorama-electoral-va-a-mejorar-en-noviembre\/"]}]},{"@type":"ImageObject","inLanguage":"es","@id":"https:\/\/infoecos.com.ar\/index.php\/para-torchio-candidato-a-senador-provincial-por-el-fdt-el-panorama-electoral-va-a-mejorar-en-noviembre\/#primaryimage","url":"https:\/\/infoecos.com.ar\/wp-content\/uploads\/2021\/09\/torchiovotando.jpg","contentUrl":"https:\/\/infoecos.com.ar\/wp-content\/uploads\/2021\/09\/torchiovotando.jpg","width":730,"height":487},{"@type":"BreadcrumbList","@id":"https:\/\/infoecos.com.ar\/index.php\/para-torchio-candidato-a-senador-provincial-por-el-fdt-el-panorama-electoral-va-a-mejorar-en-noviembre\/#breadcrumb","itemListElement":[{"@type":"ListItem","position":1,"name":"Portada","item":"https:\/\/infoecos.com.ar\/"},{"@type":"ListItem","position":2,"name":"Para Torchio, candidato a senador provincial por el FdT, el panorama electoral va a mejorar en noviembre"}]},{"@type":"WebSite","@id":"https:\/\/infoecos.com.ar\/#website","url":"https:\/\/infoecos.com.ar\/","name":"Infoecos","description":"Noticias de trenque lauquen y la zona","publisher":{"@id":"https:\/\/infoecos.com.ar\/#organization"},"alternateName":"Noticias","potentialAction":[{"@type":"SearchAction","target":{"@type":"EntryPoint","urlTemplate":"https:\/\/infoecos.com.ar\/?s={search_term_string}"},"query-input":{"@type":"PropertyValueSpecification","valueRequired":true,"valueName":"search_term_string"}}],"inLanguage":"es"},{"@type":"Organization","@id":"https:\/\/infoecos.com.ar\/#organization","name":"Infoecos","alternateName":"Noticias","url":"https:\/\/infoecos.com.ar\/","logo":{"@type":"ImageObject","inLanguage":"es","@id":"https:\/\/infoecos.com.ar\/#\/schema\/logo\/image\/","url":"https:\/\/infoecos.com.ar\/wp-content\/uploads\/2024\/03\/cropped-logo.png","contentUrl":"https:\/\/infoecos.com.ar\/wp-content\/uploads\/2024\/03\/cropped-logo.png","width":374,"height":90,"caption":"Infoecos"},"image":{"@id":"https:\/\/infoecos.com.ar\/#\/schema\/logo\/image\/"},"sameAs":["https:\/\/www.facebook.com\/profile.php?id=100063200290284","https:\/\/x.com\/infoecos"]},{"@type":"Person","@id":"https:\/\/infoecos.com.ar\/#\/schema\/person\/8f5ace5ce73b4b4aac4b7245aee6f191","name":"Jorge Matheus","url":"https:\/\/infoecos.com.ar\/index.php\/author\/jomatheus\/"}]}},"featured_image_urls":{"full":["https:\/\/infoecos.com.ar\/wp-content\/uploads\/2021\/09\/torchiovotando.jpg",730,487,false],"thumbnail":["https:\/\/infoecos.com.ar\/wp-content\/uploads\/2021\/09\/torchiovotando-150x150.jpg",150,150,true],"medium":["https:\/\/infoecos.com.ar\/wp-content\/uploads\/2021\/09\/torchiovotando-460x307.jpg",460,307,true],"medium_large":["https:\/\/infoecos.com.ar\/wp-content\/uploads\/2021\/09\/torchiovotando.jpg",640,427,false],"large":["https:\/\/infoecos.com.ar\/wp-content\/uploads\/2021\/09\/torchiovotando.jpg",640,427,false],"1536x1536":["https:\/\/infoecos.com.ar\/wp-content\/uploads\/2021\/09\/torchiovotando.jpg",730,487,false],"2048x2048":["https:\/\/infoecos.com.ar\/wp-content\/uploads\/2021\/09\/torchiovotando.jpg",730,487,false],"covernews-slider-full":["https:\/\/infoecos.com.ar\/wp-content\/uploads\/2021\/09\/torchiovotando.jpg",730,487,false],"covernews-slider-center":["https:\/\/infoecos.com.ar\/wp-content\/uploads\/2021\/09\/torchiovotando.jpg",730,487,false],"covernews-featured":["https:\/\/infoecos.com.ar\/wp-content\/uploads\/2021\/09\/torchiovotando.jpg",730,487,false],"covernews-medium":["https:\/\/infoecos.com.ar\/wp-content\/uploads\/2021\/09\/torchiovotando-720x380.jpg",540,285,true],"covernews-medium-square":["https:\/\/infoecos.com.ar\/wp-content\/uploads\/2021\/09\/torchiovotando-675x450.jpg",375,250,true]},"author_info":{"info":["Jorge Matheus"]},"category_info":"<a href=\"https:\/\/infoecos.com.ar\/index.php\/category\/inferior11\/\" rel=\"category tag\">Bloque inferior - 11<\/a>","tag_info":"Bloque inferior - 11","comment_count":"0","_links":{"self":[{"href":"https:\/\/infoecos.com.ar\/index.php\/wp-json\/wp\/v2\/posts\/86525"}],"collection":[{"href":"https:\/\/infoecos.com.ar\/index.php\/wp-json\/wp\/v2\/posts"}],"about":[{"href":"https:\/\/infoecos.com.ar\/index.php\/wp-json\/wp\/v2\/types\/post"}],"author":[{"embeddable":true,"href":"https:\/\/infoecos.com.ar\/index.php\/wp-json\/wp\/v2\/users\/2"}],"replies":[{"embeddable":true,"href":"https:\/\/infoecos.com.ar\/index.php\/wp-json\/wp\/v2\/comments?post=86525"}],"version-history":[{"count":2,"href":"https:\/\/infoecos.com.ar\/index.php\/wp-json\/wp\/v2\/posts\/86525\/revisions"}],"predecessor-version":[{"id":86644,"href":"https:\/\/infoecos.com.ar\/index.php\/wp-json\/wp\/v2\/posts\/86525\/revisions\/86644"}],"wp:featuredmedia":[{"embeddable":true,"href":"https:\/\/infoecos.com.ar\/index.php\/wp-json\/wp\/v2\/media\/85947"}],"wp:attachment":[{"href":"https:\/\/infoecos.com.ar\/index.php\/wp-json\/wp\/v2\/media?parent=86525"}],"wp:term":[{"taxonomy":"category","embeddable":true,"href":"https:\/\/infoecos.com.ar\/index.php\/wp-json\/wp\/v2\/categories?post=86525"},{"taxonomy":"post_tag","embeddable":true,"href":"https:\/\/infoecos.com.ar\/index.php\/wp-json\/wp\/v2\/tags?post=86525"}],"curies":[{"name":"wp","href":"https:\/\/api.w.org\/{rel}","templated":true}]}}