{"id":86532,"date":"2021-09-21T16:51:23","date_gmt":"2021-09-21T19:51:23","guid":{"rendered":"http:\/\/infoecos.com.ar\/?p=86532"},"modified":"2021-09-22T18:57:44","modified_gmt":"2021-09-22T21:57:44","slug":"en-dias-de-indignacion-por-el-crimen-de-un-joven-de-17-anos-la-mama-de-adrian-maya-asesinado-en-el-2016-revitaliza-el-dolor","status":"publish","type":"post","link":"https:\/\/infoecos.com.ar\/index.php\/en-dias-de-indignacion-por-el-crimen-de-un-joven-de-17-anos-la-mama-de-adrian-maya-asesinado-en-el-2016-revitaliza-el-dolor\/","title":{"rendered":"En d\u00edas de indignaci\u00f3n por el crimen de un joven de 17 a\u00f1os, la mam\u00e1 de Adri\u00e1n Maya, asesinado en el 2016, ahonda el dolor"},"content":{"rendered":"\n<p>Despu\u00e9s del asesinato de un joven de 17 a\u00f1os en Trenque Lauquen y que conmovi\u00f3 a la ciudadan\u00eda, la Madre de Adri\u00e1n Esteban Maya, insisti\u00f3 en su permanente reclamo de Justicia en el caso de su hijo. Maya fue asesinado el 25 de Octubre de 2016. <\/p>\n\n\n\n<p>Se realizaron infinidad de investigaciones pero no se esclareci\u00f3. Era un joven apreciado en el medio, destac\u00e1ndose por su permanente vocaci\u00f3n de entrega a los dem\u00e1s y muy trabajador. Fue encontrado muerto en una vivienda que arrendaba en la zona sur de la ciudad cabecera del distrito. <\/p>\n\n\n\n<div class=\"wp-block-image is-style-default\"><figure class=\"aligncenter size-large\"><img decoding=\"async\" src=\"http:\/\/infoecos.com.ar\/wp-content\/uploads\/14720434_10211160733240568_4766388411861323034_n.jpg\" alt=\"\" class=\"wp-image-29347\"\/><figcaption>Maya, Andr\u00e9s (Foto: extra\u00edda de Facebook)<\/figcaption><\/figure><\/div>\n\n\n\n<p>Su madre, Ethel Adriana Iglesias, nunca afloj\u00f3 en la b\u00fasqueda de los responsables de un delito que tambi\u00e9n peg\u00f3 fuerte en el esp\u00edritu de los trenquelauquenses de buena voluntad. En estas horas y conocido qui\u00e9n fue el autor del asesinato de Tom\u00e1s Mirabelli, como as\u00ed tambi\u00e9n la rapidez con que se actu\u00f3 desde la Polic\u00eda y la Justicia con el objeto de esclarecer el suceso, public\u00f3 una nota en el sitio de Facebook \u00abQuejas Trenque Lauquen\u00bb. <\/p>\n\n\n\n<p>Se\u00f1ala textualmente Ethel Iglesias:<\/p>\n\n\n\n<p><strong><em>\u00abInsomnio&#8230;bronca&#8230;ganas de decir verdades ante tantas mentiras&#8230;que la Justicia, entre comillas, no sabe qui\u00e9n mat\u00f3 a mi hijo ?. Mentira&#8230;Los est\u00e1n encubriendo&#8230;Saben todo&#8230;hay pruebas y no quieren hacer nada&#8230;Hay mucha oscuridad porque no conviene que se sepa&#8230;De vez en cuando solucionan alg\u00fan robo, para decir que hacen algo&#8230;Entran y salen con beneficios, hasta con trabajo&#8230;tienen celulares en la c\u00e1rcel&#8230;est\u00e1n bien cubiertos&#8230;Mientras la gente honrada vive bajo llave, con rejas, perros y alarmas&#8230;los se\u00f1ores se pasean libres por las calles&#8230;les cerraron la boca a los medios&#8230;No hablen m\u00e1s de Adri\u00e1n Maya&#8230;No llames m\u00e1s a esa Madre porque habla mucho&#8230;mat\u00e1s un perro&#8230;mat\u00e1s una persona&#8230;viv\u00ed tranquilo&#8230;atropellan&#8230;matan&#8230;escapan&#8230;total no pasa nada&#8230;total impunidad&#8230;y podr\u00eda decir mucho m\u00e1s, pero es gritar en el desierto&#8230;A qui\u00e9n le importa&#8230;Fiscales, Jueces, Ayudantes, todos son culpables&#8230;total la vida sigue&#8230;para que complicarse con un crimen de un pobre ??&#8230;Concluye la nota indicando que \u00abpero sepan esto bien claro&#8230;De Dios no van a escapar&#8230;ninguno&#8230;culpables y c\u00f3mplices&#8230;Todos un d\u00eda van a enfrentar al Juez Supremo&#8230;Que no se deja sobornar por nadie&#8230;Yo morir\u00e9 de tristeza y olvidada, pero Dios no se olvida de ninguno&#8230;Duerman tranquilos \u00a1\u00a1\u00a1&#8230;y  mil gracias a todos los que me apoyan\u00bb<\/em><\/strong>. <\/p>\n\n\n\n<p>En horas de la ma\u00f1ana de este martes habl\u00f3 por Las Radios de Trenque Lauquen (AM 1280, FM 88.5, FM 93.1) el fiscal que entiende en la causa del asesinato de Mirabelli. Se refiri\u00f3 a como se desarroll\u00f3 el hecho ocurrido el fin de semana, los caminos jur\u00eddicos que se deben transitar y la segura disposici\u00f3n de prisi\u00f3n preventiva para el autor del asesinato, el que adem\u00e1s tiene un prontuario que asusta. El doctor Walter Vicente, titular de la UFI n\u00famero 4 del Departamento Judicial de Trenque Lauquen se explay\u00f3 durante varios minutos sobre el hecho que conmovi\u00f3 y a\u00fan mantiene atenta a toda la comunidad. Ratific\u00f3 que Mat\u00edas Merardo Ru\u00edz, de 34 a\u00f1os, es el autor del asesinato y que se encuentra en una comisar\u00eda de la zona. Lo mismo se decidi\u00f3 para su hermano, Pablo, que particip\u00f3 del hecho.<\/p>\n\n\n\n<div class=\"wp-block-image is-style-default\"><figure class=\"aligncenter size-medium\"><img decoding=\"async\" src=\"http:\/\/infoecos.com.ar\/wp-content\/uploads\/unnamed-11-10-460x345.jpg\" alt=\"\" class=\"wp-image-29355\"\/><figcaption>Trenque Lauquen domicilio que ocupaba Maya<\/figcaption><\/figure><\/div>\n\n\n\n<p>Volviendo a la postura que ha sostenido durante todos estos a\u00f1os Ethel Iglesias, seguramente su manifestaci\u00f3n a trav\u00e9s de las redes sociales, movilizar\u00e1 a la Justicia y a la Polic\u00eda, las que deber\u00e1n dar datos sobre la marcha de la investigaci\u00f3n. <\/p>\n","protected":false},"excerpt":{"rendered":"<p> Era un joven apreciado en el medio, destac\u00e1ndose por su permanente vocaci\u00f3n de entrega a los dem\u00e1s y muy trabajador. Fue encontrado muerto en una vivienda que arrendaba en la zona sur de la ciudad cabecera del distrito<\/p>\n","protected":false},"author":2,"featured_media":29355,"comment_status":"closed","ping_status":"open","sticky":false,"template":"","format":"standard","meta":{"footnotes":""},"categories":[1333],"tags":[5209],"class_list":["post-86532","post","type-post","status-publish","format-standard","has-post-thumbnail","hentry","category-inferior13","tag-causa-sin-esclarecer-en-t-lauquen"],"yoast_head":"<!-- This site is optimized with the Yoast SEO plugin v23.4 - https:\/\/yoast.com\/wordpress\/plugins\/seo\/ -->\n<title>En d\u00edas de indignaci\u00f3n por el crimen de un joven de 17 a\u00f1os, la mam\u00e1 de Adri\u00e1n Maya, asesinado en el 2016, ahonda el dolor - Infoecos<\/title>\n<meta name=\"robots\" content=\"index, follow, max-snippet:-1, max-image-preview:large, max-video-preview:-1\" \/>\n<link rel=\"canonical\" href=\"https:\/\/infoecos.com.ar\/index.php\/en-dias-de-indignacion-por-el-crimen-de-un-joven-de-17-anos-la-mama-de-adrian-maya-asesinado-en-el-2016-revitaliza-el-dolor\/\" \/>\n<meta property=\"og:locale\" content=\"es_ES\" \/>\n<meta property=\"og:type\" content=\"article\" \/>\n<meta property=\"og:title\" content=\"En d\u00edas de indignaci\u00f3n por el crimen de un joven de 17 a\u00f1os, la mam\u00e1 de Adri\u00e1n Maya, asesinado en el 2016, ahonda el dolor - Infoecos\" \/>\n<meta property=\"og:description\" content=\"Era un joven apreciado en el medio, destac\u00e1ndose por su permanente vocaci\u00f3n de entrega a los dem\u00e1s y muy trabajador. Fue encontrado muerto en una vivienda que arrendaba en la zona sur de la ciudad cabecera del distrito\" \/>\n<meta property=\"og:url\" content=\"https:\/\/infoecos.com.ar\/index.php\/en-dias-de-indignacion-por-el-crimen-de-un-joven-de-17-anos-la-mama-de-adrian-maya-asesinado-en-el-2016-revitaliza-el-dolor\/\" \/>\n<meta property=\"og:site_name\" content=\"Infoecos\" \/>\n<meta property=\"article:publisher\" content=\"https:\/\/www.facebook.com\/profile.php?id=100063200290284\" \/>\n<meta property=\"article:published_time\" content=\"2021-09-21T19:51:23+00:00\" \/>\n<meta property=\"article:modified_time\" content=\"2021-09-22T21:57:44+00:00\" \/>\n<meta property=\"og:image\" content=\"https:\/\/infoecos.com.ar\/wp-content\/uploads\/unnamed-11-10.jpg\" \/>\n\t<meta property=\"og:image:width\" content=\"1233\" \/>\n\t<meta property=\"og:image:height\" content=\"925\" \/>\n\t<meta property=\"og:image:type\" content=\"image\/jpeg\" \/>\n<meta name=\"author\" content=\"Jorge Matheus\" \/>\n<meta name=\"twitter:card\" content=\"summary_large_image\" \/>\n<meta name=\"twitter:creator\" content=\"@infoecos\" \/>\n<meta name=\"twitter:site\" content=\"@infoecos\" \/>\n<meta name=\"twitter:label1\" content=\"Escrito por\" \/>\n\t<meta name=\"twitter:data1\" content=\"Jorge Matheus\" \/>\n\t<meta name=\"twitter:label2\" content=\"Tiempo de lectura\" \/>\n\t<meta name=\"twitter:data2\" content=\"3 minutos\" \/>\n<script type=\"application\/ld+json\" class=\"yoast-schema-graph\">{\"@context\":\"https:\/\/schema.org\",\"@graph\":[{\"@type\":\"Article\",\"@id\":\"https:\/\/infoecos.com.ar\/index.php\/en-dias-de-indignacion-por-el-crimen-de-un-joven-de-17-anos-la-mama-de-adrian-maya-asesinado-en-el-2016-revitaliza-el-dolor\/#article\",\"isPartOf\":{\"@id\":\"https:\/\/infoecos.com.ar\/index.php\/en-dias-de-indignacion-por-el-crimen-de-un-joven-de-17-anos-la-mama-de-adrian-maya-asesinado-en-el-2016-revitaliza-el-dolor\/\"},\"author\":{\"name\":\"Jorge Matheus\",\"@id\":\"https:\/\/infoecos.com.ar\/#\/schema\/person\/8f5ace5ce73b4b4aac4b7245aee6f191\"},\"headline\":\"En d\u00edas de indignaci\u00f3n por el crimen de un joven de 17 a\u00f1os, la mam\u00e1 de Adri\u00e1n Maya, asesinado en el 2016, ahonda el dolor\",\"datePublished\":\"2021-09-21T19:51:23+00:00\",\"dateModified\":\"2021-09-22T21:57:44+00:00\",\"mainEntityOfPage\":{\"@id\":\"https:\/\/infoecos.com.ar\/index.php\/en-dias-de-indignacion-por-el-crimen-de-un-joven-de-17-anos-la-mama-de-adrian-maya-asesinado-en-el-2016-revitaliza-el-dolor\/\"},\"wordCount\":660,\"publisher\":{\"@id\":\"https:\/\/infoecos.com.ar\/#organization\"},\"image\":{\"@id\":\"https:\/\/infoecos.com.ar\/index.php\/en-dias-de-indignacion-por-el-crimen-de-un-joven-de-17-anos-la-mama-de-adrian-maya-asesinado-en-el-2016-revitaliza-el-dolor\/#primaryimage\"},\"thumbnailUrl\":\"\",\"keywords\":[\"CAUSA SIN ESCLARECER EN T.LAUQUEN\"],\"articleSection\":[\"Bloque inferior - 13\"],\"inLanguage\":\"es\"},{\"@type\":\"WebPage\",\"@id\":\"https:\/\/infoecos.com.ar\/index.php\/en-dias-de-indignacion-por-el-crimen-de-un-joven-de-17-anos-la-mama-de-adrian-maya-asesinado-en-el-2016-revitaliza-el-dolor\/\",\"url\":\"https:\/\/infoecos.com.ar\/index.php\/en-dias-de-indignacion-por-el-crimen-de-un-joven-de-17-anos-la-mama-de-adrian-maya-asesinado-en-el-2016-revitaliza-el-dolor\/\",\"name\":\"En d\u00edas de indignaci\u00f3n por el crimen de un joven de 17 a\u00f1os, la mam\u00e1 de Adri\u00e1n Maya, asesinado en el 2016, ahonda el dolor - Infoecos\",\"isPartOf\":{\"@id\":\"https:\/\/infoecos.com.ar\/#website\"},\"primaryImageOfPage\":{\"@id\":\"https:\/\/infoecos.com.ar\/index.php\/en-dias-de-indignacion-por-el-crimen-de-un-joven-de-17-anos-la-mama-de-adrian-maya-asesinado-en-el-2016-revitaliza-el-dolor\/#primaryimage\"},\"image\":{\"@id\":\"https:\/\/infoecos.com.ar\/index.php\/en-dias-de-indignacion-por-el-crimen-de-un-joven-de-17-anos-la-mama-de-adrian-maya-asesinado-en-el-2016-revitaliza-el-dolor\/#primaryimage\"},\"thumbnailUrl\":\"\",\"datePublished\":\"2021-09-21T19:51:23+00:00\",\"dateModified\":\"2021-09-22T21:57:44+00:00\",\"breadcrumb\":{\"@id\":\"https:\/\/infoecos.com.ar\/index.php\/en-dias-de-indignacion-por-el-crimen-de-un-joven-de-17-anos-la-mama-de-adrian-maya-asesinado-en-el-2016-revitaliza-el-dolor\/#breadcrumb\"},\"inLanguage\":\"es\",\"potentialAction\":[{\"@type\":\"ReadAction\",\"target\":[\"https:\/\/infoecos.com.ar\/index.php\/en-dias-de-indignacion-por-el-crimen-de-un-joven-de-17-anos-la-mama-de-adrian-maya-asesinado-en-el-2016-revitaliza-el-dolor\/\"]}]},{\"@type\":\"ImageObject\",\"inLanguage\":\"es\",\"@id\":\"https:\/\/infoecos.com.ar\/index.php\/en-dias-de-indignacion-por-el-crimen-de-un-joven-de-17-anos-la-mama-de-adrian-maya-asesinado-en-el-2016-revitaliza-el-dolor\/#primaryimage\",\"url\":\"\",\"contentUrl\":\"\"},{\"@type\":\"BreadcrumbList\",\"@id\":\"https:\/\/infoecos.com.ar\/index.php\/en-dias-de-indignacion-por-el-crimen-de-un-joven-de-17-anos-la-mama-de-adrian-maya-asesinado-en-el-2016-revitaliza-el-dolor\/#breadcrumb\",\"itemListElement\":[{\"@type\":\"ListItem\",\"position\":1,\"name\":\"Portada\",\"item\":\"https:\/\/infoecos.com.ar\/\"},{\"@type\":\"ListItem\",\"position\":2,\"name\":\"En d\u00edas de indignaci\u00f3n por el crimen de un joven de 17 a\u00f1os, la mam\u00e1 de Adri\u00e1n Maya, asesinado en el 2016, ahonda el dolor\"}]},{\"@type\":\"WebSite\",\"@id\":\"https:\/\/infoecos.com.ar\/#website\",\"url\":\"https:\/\/infoecos.com.ar\/\",\"name\":\"Infoecos\",\"description\":\"Noticias de trenque lauquen y la zona\",\"publisher\":{\"@id\":\"https:\/\/infoecos.com.ar\/#organization\"},\"alternateName\":\"Noticias\",\"potentialAction\":[{\"@type\":\"SearchAction\",\"target\":{\"@type\":\"EntryPoint\",\"urlTemplate\":\"https:\/\/infoecos.com.ar\/?s={search_term_string}\"},\"query-input\":{\"@type\":\"PropertyValueSpecification\",\"valueRequired\":true,\"valueName\":\"search_term_string\"}}],\"inLanguage\":\"es\"},{\"@type\":\"Organization\",\"@id\":\"https:\/\/infoecos.com.ar\/#organization\",\"name\":\"Infoecos\",\"alternateName\":\"Noticias\",\"url\":\"https:\/\/infoecos.com.ar\/\",\"logo\":{\"@type\":\"ImageObject\",\"inLanguage\":\"es\",\"@id\":\"https:\/\/infoecos.com.ar\/#\/schema\/logo\/image\/\",\"url\":\"https:\/\/infoecos.com.ar\/wp-content\/uploads\/2024\/03\/cropped-logo.png\",\"contentUrl\":\"https:\/\/infoecos.com.ar\/wp-content\/uploads\/2024\/03\/cropped-logo.png\",\"width\":374,\"height\":90,\"caption\":\"Infoecos\"},\"image\":{\"@id\":\"https:\/\/infoecos.com.ar\/#\/schema\/logo\/image\/\"},\"sameAs\":[\"https:\/\/www.facebook.com\/profile.php?id=100063200290284\",\"https:\/\/x.com\/infoecos\"]},{\"@type\":\"Person\",\"@id\":\"https:\/\/infoecos.com.ar\/#\/schema\/person\/8f5ace5ce73b4b4aac4b7245aee6f191\",\"name\":\"Jorge Matheus\",\"url\":\"https:\/\/infoecos.com.ar\/index.php\/author\/jomatheus\/\"}]}<\/script>\n<!-- \/ Yoast SEO plugin. -->","yoast_head_json":{"title":"En d\u00edas de indignaci\u00f3n por el crimen de un joven de 17 a\u00f1os, la mam\u00e1 de Adri\u00e1n Maya, asesinado en el 2016, ahonda el dolor - Infoecos","robots":{"index":"index","follow":"follow","max-snippet":"max-snippet:-1","max-image-preview":"max-image-preview:large","max-video-preview":"max-video-preview:-1"},"canonical":"https:\/\/infoecos.com.ar\/index.php\/en-dias-de-indignacion-por-el-crimen-de-un-joven-de-17-anos-la-mama-de-adrian-maya-asesinado-en-el-2016-revitaliza-el-dolor\/","og_locale":"es_ES","og_type":"article","og_title":"En d\u00edas de indignaci\u00f3n por el crimen de un joven de 17 a\u00f1os, la mam\u00e1 de Adri\u00e1n Maya, asesinado en el 2016, ahonda el dolor - Infoecos","og_description":"Era un joven apreciado en el medio, destac\u00e1ndose por su permanente vocaci\u00f3n de entrega a los dem\u00e1s y muy trabajador. Fue encontrado muerto en una vivienda que arrendaba en la zona sur de la ciudad cabecera del distrito","og_url":"https:\/\/infoecos.com.ar\/index.php\/en-dias-de-indignacion-por-el-crimen-de-un-joven-de-17-anos-la-mama-de-adrian-maya-asesinado-en-el-2016-revitaliza-el-dolor\/","og_site_name":"Infoecos","article_publisher":"https:\/\/www.facebook.com\/profile.php?id=100063200290284","article_published_time":"2021-09-21T19:51:23+00:00","article_modified_time":"2021-09-22T21:57:44+00:00","og_image":[{"width":1233,"height":925,"url":"https:\/\/infoecos.com.ar\/wp-content\/uploads\/unnamed-11-10.jpg","type":"image\/jpeg"}],"author":"Jorge Matheus","twitter_card":"summary_large_image","twitter_creator":"@infoecos","twitter_site":"@infoecos","twitter_misc":{"Escrito por":"Jorge Matheus","Tiempo de lectura":"3 minutos"},"schema":{"@context":"https:\/\/schema.org","@graph":[{"@type":"Article","@id":"https:\/\/infoecos.com.ar\/index.php\/en-dias-de-indignacion-por-el-crimen-de-un-joven-de-17-anos-la-mama-de-adrian-maya-asesinado-en-el-2016-revitaliza-el-dolor\/#article","isPartOf":{"@id":"https:\/\/infoecos.com.ar\/index.php\/en-dias-de-indignacion-por-el-crimen-de-un-joven-de-17-anos-la-mama-de-adrian-maya-asesinado-en-el-2016-revitaliza-el-dolor\/"},"author":{"name":"Jorge Matheus","@id":"https:\/\/infoecos.com.ar\/#\/schema\/person\/8f5ace5ce73b4b4aac4b7245aee6f191"},"headline":"En d\u00edas de indignaci\u00f3n por el crimen de un joven de 17 a\u00f1os, la mam\u00e1 de Adri\u00e1n Maya, asesinado en el 2016, ahonda el dolor","datePublished":"2021-09-21T19:51:23+00:00","dateModified":"2021-09-22T21:57:44+00:00","mainEntityOfPage":{"@id":"https:\/\/infoecos.com.ar\/index.php\/en-dias-de-indignacion-por-el-crimen-de-un-joven-de-17-anos-la-mama-de-adrian-maya-asesinado-en-el-2016-revitaliza-el-dolor\/"},"wordCount":660,"publisher":{"@id":"https:\/\/infoecos.com.ar\/#organization"},"image":{"@id":"https:\/\/infoecos.com.ar\/index.php\/en-dias-de-indignacion-por-el-crimen-de-un-joven-de-17-anos-la-mama-de-adrian-maya-asesinado-en-el-2016-revitaliza-el-dolor\/#primaryimage"},"thumbnailUrl":"","keywords":["CAUSA SIN ESCLARECER EN T.LAUQUEN"],"articleSection":["Bloque inferior - 13"],"inLanguage":"es"},{"@type":"WebPage","@id":"https:\/\/infoecos.com.ar\/index.php\/en-dias-de-indignacion-por-el-crimen-de-un-joven-de-17-anos-la-mama-de-adrian-maya-asesinado-en-el-2016-revitaliza-el-dolor\/","url":"https:\/\/infoecos.com.ar\/index.php\/en-dias-de-indignacion-por-el-crimen-de-un-joven-de-17-anos-la-mama-de-adrian-maya-asesinado-en-el-2016-revitaliza-el-dolor\/","name":"En d\u00edas de indignaci\u00f3n por el crimen de un joven de 17 a\u00f1os, la mam\u00e1 de Adri\u00e1n Maya, asesinado en el 2016, ahonda el dolor - Infoecos","isPartOf":{"@id":"https:\/\/infoecos.com.ar\/#website"},"primaryImageOfPage":{"@id":"https:\/\/infoecos.com.ar\/index.php\/en-dias-de-indignacion-por-el-crimen-de-un-joven-de-17-anos-la-mama-de-adrian-maya-asesinado-en-el-2016-revitaliza-el-dolor\/#primaryimage"},"image":{"@id":"https:\/\/infoecos.com.ar\/index.php\/en-dias-de-indignacion-por-el-crimen-de-un-joven-de-17-anos-la-mama-de-adrian-maya-asesinado-en-el-2016-revitaliza-el-dolor\/#primaryimage"},"thumbnailUrl":"","datePublished":"2021-09-21T19:51:23+00:00","dateModified":"2021-09-22T21:57:44+00:00","breadcrumb":{"@id":"https:\/\/infoecos.com.ar\/index.php\/en-dias-de-indignacion-por-el-crimen-de-un-joven-de-17-anos-la-mama-de-adrian-maya-asesinado-en-el-2016-revitaliza-el-dolor\/#breadcrumb"},"inLanguage":"es","potentialAction":[{"@type":"ReadAction","target":["https:\/\/infoecos.com.ar\/index.php\/en-dias-de-indignacion-por-el-crimen-de-un-joven-de-17-anos-la-mama-de-adrian-maya-asesinado-en-el-2016-revitaliza-el-dolor\/"]}]},{"@type":"ImageObject","inLanguage":"es","@id":"https:\/\/infoecos.com.ar\/index.php\/en-dias-de-indignacion-por-el-crimen-de-un-joven-de-17-anos-la-mama-de-adrian-maya-asesinado-en-el-2016-revitaliza-el-dolor\/#primaryimage","url":"","contentUrl":""},{"@type":"BreadcrumbList","@id":"https:\/\/infoecos.com.ar\/index.php\/en-dias-de-indignacion-por-el-crimen-de-un-joven-de-17-anos-la-mama-de-adrian-maya-asesinado-en-el-2016-revitaliza-el-dolor\/#breadcrumb","itemListElement":[{"@type":"ListItem","position":1,"name":"Portada","item":"https:\/\/infoecos.com.ar\/"},{"@type":"ListItem","position":2,"name":"En d\u00edas de indignaci\u00f3n por el crimen de un joven de 17 a\u00f1os, la mam\u00e1 de Adri\u00e1n Maya, asesinado en el 2016, ahonda el dolor"}]},{"@type":"WebSite","@id":"https:\/\/infoecos.com.ar\/#website","url":"https:\/\/infoecos.com.ar\/","name":"Infoecos","description":"Noticias de trenque lauquen y la zona","publisher":{"@id":"https:\/\/infoecos.com.ar\/#organization"},"alternateName":"Noticias","potentialAction":[{"@type":"SearchAction","target":{"@type":"EntryPoint","urlTemplate":"https:\/\/infoecos.com.ar\/?s={search_term_string}"},"query-input":{"@type":"PropertyValueSpecification","valueRequired":true,"valueName":"search_term_string"}}],"inLanguage":"es"},{"@type":"Organization","@id":"https:\/\/infoecos.com.ar\/#organization","name":"Infoecos","alternateName":"Noticias","url":"https:\/\/infoecos.com.ar\/","logo":{"@type":"ImageObject","inLanguage":"es","@id":"https:\/\/infoecos.com.ar\/#\/schema\/logo\/image\/","url":"https:\/\/infoecos.com.ar\/wp-content\/uploads\/2024\/03\/cropped-logo.png","contentUrl":"https:\/\/infoecos.com.ar\/wp-content\/uploads\/2024\/03\/cropped-logo.png","width":374,"height":90,"caption":"Infoecos"},"image":{"@id":"https:\/\/infoecos.com.ar\/#\/schema\/logo\/image\/"},"sameAs":["https:\/\/www.facebook.com\/profile.php?id=100063200290284","https:\/\/x.com\/infoecos"]},{"@type":"Person","@id":"https:\/\/infoecos.com.ar\/#\/schema\/person\/8f5ace5ce73b4b4aac4b7245aee6f191","name":"Jorge Matheus","url":"https:\/\/infoecos.com.ar\/index.php\/author\/jomatheus\/"}]}},"featured_image_urls":{"full":"","thumbnail":"","medium":"","medium_large":"","large":"","1536x1536":"","2048x2048":"","covernews-slider-full":"","covernews-slider-center":"","covernews-featured":"","covernews-medium":"","covernews-medium-square":""},"author_info":{"info":["Jorge Matheus"]},"category_info":"<a href=\"https:\/\/infoecos.com.ar\/index.php\/category\/inferior13\/\" rel=\"category tag\">Bloque inferior - 13<\/a>","tag_info":"Bloque inferior - 13","comment_count":"0","_links":{"self":[{"href":"https:\/\/infoecos.com.ar\/index.php\/wp-json\/wp\/v2\/posts\/86532"}],"collection":[{"href":"https:\/\/infoecos.com.ar\/index.php\/wp-json\/wp\/v2\/posts"}],"about":[{"href":"https:\/\/infoecos.com.ar\/index.php\/wp-json\/wp\/v2\/types\/post"}],"author":[{"embeddable":true,"href":"https:\/\/infoecos.com.ar\/index.php\/wp-json\/wp\/v2\/users\/2"}],"replies":[{"embeddable":true,"href":"https:\/\/infoecos.com.ar\/index.php\/wp-json\/wp\/v2\/comments?post=86532"}],"version-history":[{"count":2,"href":"https:\/\/infoecos.com.ar\/index.php\/wp-json\/wp\/v2\/posts\/86532\/revisions"}],"predecessor-version":[{"id":86536,"href":"https:\/\/infoecos.com.ar\/index.php\/wp-json\/wp\/v2\/posts\/86532\/revisions\/86536"}],"wp:featuredmedia":[{"embeddable":true,"href":"https:\/\/infoecos.com.ar\/index.php\/wp-json\/"}],"wp:attachment":[{"href":"https:\/\/infoecos.com.ar\/index.php\/wp-json\/wp\/v2\/media?parent=86532"}],"wp:term":[{"taxonomy":"category","embeddable":true,"href":"https:\/\/infoecos.com.ar\/index.php\/wp-json\/wp\/v2\/categories?post=86532"},{"taxonomy":"post_tag","embeddable":true,"href":"https:\/\/infoecos.com.ar\/index.php\/wp-json\/wp\/v2\/tags?post=86532"}],"curies":[{"name":"wp","href":"https:\/\/api.w.org\/{rel}","templated":true}]}}