{"id":86615,"date":"2021-09-23T04:52:38","date_gmt":"2021-09-23T07:52:38","guid":{"rendered":"http:\/\/infoecos.com.ar\/?p=86615"},"modified":"2021-09-24T04:39:02","modified_gmt":"2021-09-24T07:39:02","slug":"la-fiesta-de-la-primavera-en-salliquelo-sera-el-proximo-sabado-en-el-paseo-del-lago","status":"publish","type":"post","link":"https:\/\/infoecos.com.ar\/index.php\/la-fiesta-de-la-primavera-en-salliquelo-sera-el-proximo-sabado-en-el-paseo-del-lago\/","title":{"rendered":"La Fiesta de la Primavera en Salliquel\u00f3 ser\u00e1 el pr\u00f3ximo s\u00e1bado en el Paseo del Lago"},"content":{"rendered":"\n<p class=\"wp-block-paragraph\">Este s\u00e1bado 25 se llevar\u00e1 a cabo una Jornada, en el Paseo del Lago de Salliquel\u00f3, para celebrar el inicio de la primavera.<\/p>\n\n\n\n<p class=\"wp-block-paragraph\">El evento, comenzar\u00e1 a las 14:00 hs, contar\u00e1 con diferentes actividades deportivas, la exposici\u00f3n de productos de los artesanos locales y, como cierre musical, a las 17:00 hs, se presentar\u00e1 la banda \u00abLos eternos\u00bb, quien compartir\u00e1 su m\u00fasica con los concurrentes.<\/p>\n\n\n\n<div class=\"wp-block-image is-style-default\"><figure class=\"aligncenter size-medium\"><img loading=\"lazy\" decoding=\"async\" width=\"460\" height=\"382\" src=\"http:\/\/infoecos.com.ar\/wp-content\/uploads\/2021\/09\/dis2-460x382.jpeg\" alt=\"\" class=\"wp-image-86616\" srcset=\"https:\/\/infoecos.com.ar\/wp-content\/uploads\/2021\/09\/dis2-460x382.jpeg 460w, https:\/\/infoecos.com.ar\/wp-content\/uploads\/2021\/09\/dis2.jpeg 715w\" sizes=\"auto, (max-width: 460px) 100vw, 460px\" \/><\/figure><\/div>\n\n\n\n<p class=\"wp-block-paragraph\">El sostenimiento de las medidas sanitarias debe respetarse, por lo que el gobierno municipal solicita a los vecinos que asistan usando tapaboca y manteniendo el distanciamiento social.<\/p>\n\n\n\n<p class=\"wp-block-paragraph\">La fiesta de la Primavera en Salliquel\u00f3 es organizada en conjunto entre la Direcci\u00f3n de Cultura, la Subdirecci\u00f3n de Deportes y la Subdirecci\u00f3n de Medio Ambiente.<\/p>\n","protected":false},"excerpt":{"rendered":"<p>Contar\u00e1 con diferentes actividades deportivas, la exposici\u00f3n de productos de los artesanos locales y, como cierre musical, a las 17:00 hs, se presentar\u00e1 la banda<\/p>\n","protected":false},"author":2,"featured_media":86616,"comment_status":"closed","ping_status":"open","sticky":false,"template":"","format":"standard","meta":{"footnotes":""},"categories":[1341],"tags":[5220],"class_list":["post-86615","post","type-post","status-publish","format-standard","has-post-thumbnail","hentry","category-c1nota7","tag-actuara-la-banda-los-eternos"],"featured_image_urls":{"full":["https:\/\/infoecos.com.ar\/wp-content\/uploads\/2021\/09\/dis2.jpeg",715,594,false],"thumbnail":["https:\/\/infoecos.com.ar\/wp-content\/uploads\/2021\/09\/dis2-150x150.jpeg",150,150,true],"medium":["https:\/\/infoecos.com.ar\/wp-content\/uploads\/2021\/09\/dis2-460x382.jpeg",460,382,true],"medium_large":["https:\/\/infoecos.com.ar\/wp-content\/uploads\/2021\/09\/dis2.jpeg",640,532,false],"large":["https:\/\/infoecos.com.ar\/wp-content\/uploads\/2021\/09\/dis2.jpeg",640,532,false],"1536x1536":["https:\/\/infoecos.com.ar\/wp-content\/uploads\/2021\/09\/dis2.jpeg",715,594,false],"2048x2048":["https:\/\/infoecos.com.ar\/wp-content\/uploads\/2021\/09\/dis2.jpeg",715,594,false],"covernews-slider-full":["https:\/\/infoecos.com.ar\/wp-content\/uploads\/2021\/09\/dis2.jpeg",715,594,false],"covernews-slider-center":["https:\/\/infoecos.com.ar\/wp-content\/uploads\/2021\/09\/dis2.jpeg",602,500,false],"covernews-featured":["https:\/\/infoecos.com.ar\/wp-content\/uploads\/2021\/09\/dis2.jpeg",715,594,false],"covernews-medium":["https:\/\/infoecos.com.ar\/wp-content\/uploads\/2021\/09\/dis2-715x380.jpeg",540,287,true],"covernews-medium-square":["https:\/\/infoecos.com.ar\/wp-content\/uploads\/2021\/09\/dis2-675x450.jpeg",375,250,true]},"author_info":{"info":["Jorge Matheus"]},"category_info":"<a href=\"https:\/\/infoecos.com.ar\/index.php\/category\/c1nota7\/\" rel=\"category tag\">C1 nota 7<\/a>","tag_info":"C1 nota 7","comment_count":"0","_links":{"self":[{"href":"https:\/\/infoecos.com.ar\/index.php\/wp-json\/wp\/v2\/posts\/86615","targetHints":{"allow":["GET"]}}],"collection":[{"href":"https:\/\/infoecos.com.ar\/index.php\/wp-json\/wp\/v2\/posts"}],"about":[{"href":"https:\/\/infoecos.com.ar\/index.php\/wp-json\/wp\/v2\/types\/post"}],"author":[{"embeddable":true,"href":"https:\/\/infoecos.com.ar\/index.php\/wp-json\/wp\/v2\/users\/2"}],"replies":[{"embeddable":true,"href":"https:\/\/infoecos.com.ar\/index.php\/wp-json\/wp\/v2\/comments?post=86615"}],"version-history":[{"count":1,"href":"https:\/\/infoecos.com.ar\/index.php\/wp-json\/wp\/v2\/posts\/86615\/revisions"}],"predecessor-version":[{"id":86617,"href":"https:\/\/infoecos.com.ar\/index.php\/wp-json\/wp\/v2\/posts\/86615\/revisions\/86617"}],"wp:featuredmedia":[{"embeddable":true,"href":"https:\/\/infoecos.com.ar\/index.php\/wp-json\/wp\/v2\/media\/86616"}],"wp:attachment":[{"href":"https:\/\/infoecos.com.ar\/index.php\/wp-json\/wp\/v2\/media?parent=86615"}],"wp:term":[{"taxonomy":"category","embeddable":true,"href":"https:\/\/infoecos.com.ar\/index.php\/wp-json\/wp\/v2\/categories?post=86615"},{"taxonomy":"post_tag","embeddable":true,"href":"https:\/\/infoecos.com.ar\/index.php\/wp-json\/wp\/v2\/tags?post=86615"}],"curies":[{"name":"wp","href":"https:\/\/api.w.org\/{rel}","templated":true}]}}