{"id":86620,"date":"2021-09-23T05:11:19","date_gmt":"2021-09-23T08:11:19","guid":{"rendered":"http:\/\/infoecos.com.ar\/?p=86620"},"modified":"2021-09-23T05:11:21","modified_gmt":"2021-09-23T08:11:21","slug":"buscare-darlo-todo-para-solucionar-los-problemas-de-los-vecinos-senalo-alvarez-rodriguez","status":"publish","type":"post","link":"https:\/\/infoecos.com.ar\/index.php\/buscare-darlo-todo-para-solucionar-los-problemas-de-los-vecinos-senalo-alvarez-rodriguez\/","title":{"rendered":"\u00abBuscar\u00e9 darlo todo para solucionar los problemas de los vecinos\u00bb, se\u00f1al\u00f3 \u00c1lvarez Rodr\u00edguez"},"content":{"rendered":"\n<p>La ministra de Gobierno bonaerense, Cristina \u00c1lvarez Rodr\u00edguez, asegur\u00f3 que la econom\u00eda est\u00e1 \u00abreverdeciendo\u00bb y que hay que profundizar \u00abel compromiso\u00bb con los habitantes de la provincia de Buenos Aires.<\/p>\n\n\n\n<p>En declaraciones a Radio Provincia dijo que asume \u201cel compromiso de trabajar duramente para estar a la par de nuestro Gobernador que camina la Provincia y construye pol\u00edticas todo el tiempo para mejorar la calidad de vida de los vecinos de cada territorio\u201d.<\/p>\n\n\n\n<div class=\"wp-block-image is-style-default\"><figure class=\"aligncenter size-medium\"><img decoding=\"async\" src=\"http:\/\/infoecos.com.ar\/wp-content\/uploads\/caro-460x333.jpg\" alt=\"\" class=\"wp-image-19796\"\/><figcaption>\u00c1lvarez Rodr\u00edguez, Cristina &#8211; Ministro de Gobierno Buenos Aires<\/figcaption><\/figure><\/div>\n\n\n\n<p>\u00c1lvarez Rodr\u00edguez sostuvo que el ministerio de Gobierno \u201ces el ministerio pol\u00edtico\u201d y desde ese espacio buscar\u00e1 \u201cdarlo todo para resolver el problema de los vecinos\u00bb.<\/p>\n\n\n\n<p>Al ser consultada sobre el momento en que le toca asumir en este cargo, \u00c1lvarez Rodr\u00edguez asegur\u00f3 que \u00abes un momento dif\u00edcil porque Argentina sufri\u00f3 dos pandemias: la del macrismo-vidalismo y la del COVID. Por eso es una etapa de reconstrucci\u00f3n\u00bb.<\/p>\n\n\n\n<p>Agreg\u00f3 que en este nuevo marco \u201cbuscamos llegar a conseguir la reactivaci\u00f3n de la producci\u00f3n de la Provincia\u00bb y se\u00f1al\u00f3 que esta nueva etapa es para alcanzar \u201cm\u00e1s r\u00e1pidamente el gobierno al territorio y el territorio al gobierno para mejorar la calidad de vida de los bonaerenses\u00bb.\u00a0<\/p>\n\n\n\n<p>Asegur\u00f3 que \u201chay que escuchar a cada intendente e intendenta con sus problemas y demandas y nosotros tenemos que acercar respuestas. Por eso mi tarea es acercar y recorrer los 135 municipios al gobierno provincial\u00bb.<\/p>\n","protected":false},"excerpt":{"rendered":"<p>Se\u00f1al\u00f3 que en este nuevo marco \u201cbuscamos llegar a conseguir la reactivaci\u00f3n de la producci\u00f3n de la Provincia\u00bb<\/p>\n","protected":false},"author":2,"featured_media":19796,"comment_status":"closed","ping_status":"open","sticky":false,"template":"","format":"standard","meta":{"footnotes":""},"categories":[24],"tags":[5222],"class_list":["post-86620","post","type-post","status-publish","format-standard","has-post-thumbnail","hentry","category-c1nota3","tag-declaraciones-de-la-ministra-de-gobierno"],"yoast_head":"<!-- This site is optimized with the Yoast SEO plugin v23.4 - https:\/\/yoast.com\/wordpress\/plugins\/seo\/ -->\n<title>&quot;Buscar\u00e9 darlo todo para solucionar los problemas de los vecinos&quot;, se\u00f1al\u00f3 \u00c1lvarez Rodr\u00edguez - Infoecos<\/title>\n<meta name=\"robots\" content=\"index, follow, max-snippet:-1, max-image-preview:large, max-video-preview:-1\" \/>\n<link rel=\"canonical\" href=\"https:\/\/infoecos.com.ar\/index.php\/buscare-darlo-todo-para-solucionar-los-problemas-de-los-vecinos-senalo-alvarez-rodriguez\/\" \/>\n<meta property=\"og:locale\" content=\"es_ES\" \/>\n<meta property=\"og:type\" content=\"article\" \/>\n<meta property=\"og:title\" content=\"&quot;Buscar\u00e9 darlo todo para solucionar los problemas de los vecinos&quot;, se\u00f1al\u00f3 \u00c1lvarez Rodr\u00edguez - Infoecos\" \/>\n<meta property=\"og:description\" content=\"Se\u00f1al\u00f3 que en este nuevo marco \u201cbuscamos llegar a conseguir la reactivaci\u00f3n de la producci\u00f3n de la Provincia&quot;\" \/>\n<meta property=\"og:url\" content=\"https:\/\/infoecos.com.ar\/index.php\/buscare-darlo-todo-para-solucionar-los-problemas-de-los-vecinos-senalo-alvarez-rodriguez\/\" \/>\n<meta property=\"og:site_name\" content=\"Infoecos\" \/>\n<meta property=\"article:publisher\" content=\"https:\/\/www.facebook.com\/profile.php?id=100063200290284\" \/>\n<meta property=\"article:published_time\" content=\"2021-09-23T08:11:19+00:00\" \/>\n<meta property=\"article:modified_time\" content=\"2021-09-23T08:11:21+00:00\" \/>\n<meta property=\"og:image\" content=\"https:\/\/infoecos.com.ar\/wp-content\/uploads\/caro.jpg\" \/>\n\t<meta property=\"og:image:width\" content=\"1000\" \/>\n\t<meta property=\"og:image:height\" content=\"723\" \/>\n\t<meta property=\"og:image:type\" content=\"image\/jpeg\" \/>\n<meta name=\"author\" content=\"Jorge Matheus\" \/>\n<meta name=\"twitter:card\" content=\"summary_large_image\" \/>\n<meta name=\"twitter:creator\" content=\"@infoecos\" \/>\n<meta name=\"twitter:site\" content=\"@infoecos\" \/>\n<meta name=\"twitter:label1\" content=\"Escrito por\" \/>\n\t<meta name=\"twitter:data1\" content=\"Jorge Matheus\" \/>\n\t<meta name=\"twitter:label2\" content=\"Tiempo de lectura\" \/>\n\t<meta name=\"twitter:data2\" content=\"1 minuto\" \/>\n<script type=\"application\/ld+json\" class=\"yoast-schema-graph\">{\"@context\":\"https:\/\/schema.org\",\"@graph\":[{\"@type\":\"Article\",\"@id\":\"https:\/\/infoecos.com.ar\/index.php\/buscare-darlo-todo-para-solucionar-los-problemas-de-los-vecinos-senalo-alvarez-rodriguez\/#article\",\"isPartOf\":{\"@id\":\"https:\/\/infoecos.com.ar\/index.php\/buscare-darlo-todo-para-solucionar-los-problemas-de-los-vecinos-senalo-alvarez-rodriguez\/\"},\"author\":{\"name\":\"Jorge Matheus\",\"@id\":\"https:\/\/infoecos.com.ar\/#\/schema\/person\/8f5ace5ce73b4b4aac4b7245aee6f191\"},\"headline\":\"\u00abBuscar\u00e9 darlo todo para solucionar los problemas de los vecinos\u00bb, se\u00f1al\u00f3 \u00c1lvarez Rodr\u00edguez\",\"datePublished\":\"2021-09-23T08:11:19+00:00\",\"dateModified\":\"2021-09-23T08:11:21+00:00\",\"mainEntityOfPage\":{\"@id\":\"https:\/\/infoecos.com.ar\/index.php\/buscare-darlo-todo-para-solucionar-los-problemas-de-los-vecinos-senalo-alvarez-rodriguez\/\"},\"wordCount\":259,\"publisher\":{\"@id\":\"https:\/\/infoecos.com.ar\/#organization\"},\"image\":{\"@id\":\"https:\/\/infoecos.com.ar\/index.php\/buscare-darlo-todo-para-solucionar-los-problemas-de-los-vecinos-senalo-alvarez-rodriguez\/#primaryimage\"},\"thumbnailUrl\":\"\",\"keywords\":[\"DECLARACIONES DE LA MINISTRA DE GOBIERNO\"],\"articleSection\":[\"C1 N3\"],\"inLanguage\":\"es\"},{\"@type\":\"WebPage\",\"@id\":\"https:\/\/infoecos.com.ar\/index.php\/buscare-darlo-todo-para-solucionar-los-problemas-de-los-vecinos-senalo-alvarez-rodriguez\/\",\"url\":\"https:\/\/infoecos.com.ar\/index.php\/buscare-darlo-todo-para-solucionar-los-problemas-de-los-vecinos-senalo-alvarez-rodriguez\/\",\"name\":\"\\\"Buscar\u00e9 darlo todo para solucionar los problemas de los vecinos\\\", se\u00f1al\u00f3 \u00c1lvarez Rodr\u00edguez - Infoecos\",\"isPartOf\":{\"@id\":\"https:\/\/infoecos.com.ar\/#website\"},\"primaryImageOfPage\":{\"@id\":\"https:\/\/infoecos.com.ar\/index.php\/buscare-darlo-todo-para-solucionar-los-problemas-de-los-vecinos-senalo-alvarez-rodriguez\/#primaryimage\"},\"image\":{\"@id\":\"https:\/\/infoecos.com.ar\/index.php\/buscare-darlo-todo-para-solucionar-los-problemas-de-los-vecinos-senalo-alvarez-rodriguez\/#primaryimage\"},\"thumbnailUrl\":\"\",\"datePublished\":\"2021-09-23T08:11:19+00:00\",\"dateModified\":\"2021-09-23T08:11:21+00:00\",\"breadcrumb\":{\"@id\":\"https:\/\/infoecos.com.ar\/index.php\/buscare-darlo-todo-para-solucionar-los-problemas-de-los-vecinos-senalo-alvarez-rodriguez\/#breadcrumb\"},\"inLanguage\":\"es\",\"potentialAction\":[{\"@type\":\"ReadAction\",\"target\":[\"https:\/\/infoecos.com.ar\/index.php\/buscare-darlo-todo-para-solucionar-los-problemas-de-los-vecinos-senalo-alvarez-rodriguez\/\"]}]},{\"@type\":\"ImageObject\",\"inLanguage\":\"es\",\"@id\":\"https:\/\/infoecos.com.ar\/index.php\/buscare-darlo-todo-para-solucionar-los-problemas-de-los-vecinos-senalo-alvarez-rodriguez\/#primaryimage\",\"url\":\"\",\"contentUrl\":\"\"},{\"@type\":\"BreadcrumbList\",\"@id\":\"https:\/\/infoecos.com.ar\/index.php\/buscare-darlo-todo-para-solucionar-los-problemas-de-los-vecinos-senalo-alvarez-rodriguez\/#breadcrumb\",\"itemListElement\":[{\"@type\":\"ListItem\",\"position\":1,\"name\":\"Portada\",\"item\":\"https:\/\/infoecos.com.ar\/\"},{\"@type\":\"ListItem\",\"position\":2,\"name\":\"\u00abBuscar\u00e9 darlo todo para solucionar los problemas de los vecinos\u00bb, se\u00f1al\u00f3 \u00c1lvarez Rodr\u00edguez\"}]},{\"@type\":\"WebSite\",\"@id\":\"https:\/\/infoecos.com.ar\/#website\",\"url\":\"https:\/\/infoecos.com.ar\/\",\"name\":\"Infoecos\",\"description\":\"Noticias de trenque lauquen y la zona\",\"publisher\":{\"@id\":\"https:\/\/infoecos.com.ar\/#organization\"},\"alternateName\":\"Noticias\",\"potentialAction\":[{\"@type\":\"SearchAction\",\"target\":{\"@type\":\"EntryPoint\",\"urlTemplate\":\"https:\/\/infoecos.com.ar\/?s={search_term_string}\"},\"query-input\":{\"@type\":\"PropertyValueSpecification\",\"valueRequired\":true,\"valueName\":\"search_term_string\"}}],\"inLanguage\":\"es\"},{\"@type\":\"Organization\",\"@id\":\"https:\/\/infoecos.com.ar\/#organization\",\"name\":\"Infoecos\",\"alternateName\":\"Noticias\",\"url\":\"https:\/\/infoecos.com.ar\/\",\"logo\":{\"@type\":\"ImageObject\",\"inLanguage\":\"es\",\"@id\":\"https:\/\/infoecos.com.ar\/#\/schema\/logo\/image\/\",\"url\":\"https:\/\/infoecos.com.ar\/wp-content\/uploads\/2024\/03\/cropped-logo.png\",\"contentUrl\":\"https:\/\/infoecos.com.ar\/wp-content\/uploads\/2024\/03\/cropped-logo.png\",\"width\":374,\"height\":90,\"caption\":\"Infoecos\"},\"image\":{\"@id\":\"https:\/\/infoecos.com.ar\/#\/schema\/logo\/image\/\"},\"sameAs\":[\"https:\/\/www.facebook.com\/profile.php?id=100063200290284\",\"https:\/\/x.com\/infoecos\"]},{\"@type\":\"Person\",\"@id\":\"https:\/\/infoecos.com.ar\/#\/schema\/person\/8f5ace5ce73b4b4aac4b7245aee6f191\",\"name\":\"Jorge Matheus\",\"url\":\"https:\/\/infoecos.com.ar\/index.php\/author\/jomatheus\/\"}]}<\/script>\n<!-- \/ Yoast SEO plugin. -->","yoast_head_json":{"title":"\"Buscar\u00e9 darlo todo para solucionar los problemas de los vecinos\", se\u00f1al\u00f3 \u00c1lvarez Rodr\u00edguez - Infoecos","robots":{"index":"index","follow":"follow","max-snippet":"max-snippet:-1","max-image-preview":"max-image-preview:large","max-video-preview":"max-video-preview:-1"},"canonical":"https:\/\/infoecos.com.ar\/index.php\/buscare-darlo-todo-para-solucionar-los-problemas-de-los-vecinos-senalo-alvarez-rodriguez\/","og_locale":"es_ES","og_type":"article","og_title":"\"Buscar\u00e9 darlo todo para solucionar los problemas de los vecinos\", se\u00f1al\u00f3 \u00c1lvarez Rodr\u00edguez - Infoecos","og_description":"Se\u00f1al\u00f3 que en este nuevo marco \u201cbuscamos llegar a conseguir la reactivaci\u00f3n de la producci\u00f3n de la Provincia\"","og_url":"https:\/\/infoecos.com.ar\/index.php\/buscare-darlo-todo-para-solucionar-los-problemas-de-los-vecinos-senalo-alvarez-rodriguez\/","og_site_name":"Infoecos","article_publisher":"https:\/\/www.facebook.com\/profile.php?id=100063200290284","article_published_time":"2021-09-23T08:11:19+00:00","article_modified_time":"2021-09-23T08:11:21+00:00","og_image":[{"width":1000,"height":723,"url":"https:\/\/infoecos.com.ar\/wp-content\/uploads\/caro.jpg","type":"image\/jpeg"}],"author":"Jorge Matheus","twitter_card":"summary_large_image","twitter_creator":"@infoecos","twitter_site":"@infoecos","twitter_misc":{"Escrito por":"Jorge Matheus","Tiempo de lectura":"1 minuto"},"schema":{"@context":"https:\/\/schema.org","@graph":[{"@type":"Article","@id":"https:\/\/infoecos.com.ar\/index.php\/buscare-darlo-todo-para-solucionar-los-problemas-de-los-vecinos-senalo-alvarez-rodriguez\/#article","isPartOf":{"@id":"https:\/\/infoecos.com.ar\/index.php\/buscare-darlo-todo-para-solucionar-los-problemas-de-los-vecinos-senalo-alvarez-rodriguez\/"},"author":{"name":"Jorge Matheus","@id":"https:\/\/infoecos.com.ar\/#\/schema\/person\/8f5ace5ce73b4b4aac4b7245aee6f191"},"headline":"\u00abBuscar\u00e9 darlo todo para solucionar los problemas de los vecinos\u00bb, se\u00f1al\u00f3 \u00c1lvarez Rodr\u00edguez","datePublished":"2021-09-23T08:11:19+00:00","dateModified":"2021-09-23T08:11:21+00:00","mainEntityOfPage":{"@id":"https:\/\/infoecos.com.ar\/index.php\/buscare-darlo-todo-para-solucionar-los-problemas-de-los-vecinos-senalo-alvarez-rodriguez\/"},"wordCount":259,"publisher":{"@id":"https:\/\/infoecos.com.ar\/#organization"},"image":{"@id":"https:\/\/infoecos.com.ar\/index.php\/buscare-darlo-todo-para-solucionar-los-problemas-de-los-vecinos-senalo-alvarez-rodriguez\/#primaryimage"},"thumbnailUrl":"","keywords":["DECLARACIONES DE LA MINISTRA DE GOBIERNO"],"articleSection":["C1 N3"],"inLanguage":"es"},{"@type":"WebPage","@id":"https:\/\/infoecos.com.ar\/index.php\/buscare-darlo-todo-para-solucionar-los-problemas-de-los-vecinos-senalo-alvarez-rodriguez\/","url":"https:\/\/infoecos.com.ar\/index.php\/buscare-darlo-todo-para-solucionar-los-problemas-de-los-vecinos-senalo-alvarez-rodriguez\/","name":"\"Buscar\u00e9 darlo todo para solucionar los problemas de los vecinos\", se\u00f1al\u00f3 \u00c1lvarez Rodr\u00edguez - Infoecos","isPartOf":{"@id":"https:\/\/infoecos.com.ar\/#website"},"primaryImageOfPage":{"@id":"https:\/\/infoecos.com.ar\/index.php\/buscare-darlo-todo-para-solucionar-los-problemas-de-los-vecinos-senalo-alvarez-rodriguez\/#primaryimage"},"image":{"@id":"https:\/\/infoecos.com.ar\/index.php\/buscare-darlo-todo-para-solucionar-los-problemas-de-los-vecinos-senalo-alvarez-rodriguez\/#primaryimage"},"thumbnailUrl":"","datePublished":"2021-09-23T08:11:19+00:00","dateModified":"2021-09-23T08:11:21+00:00","breadcrumb":{"@id":"https:\/\/infoecos.com.ar\/index.php\/buscare-darlo-todo-para-solucionar-los-problemas-de-los-vecinos-senalo-alvarez-rodriguez\/#breadcrumb"},"inLanguage":"es","potentialAction":[{"@type":"ReadAction","target":["https:\/\/infoecos.com.ar\/index.php\/buscare-darlo-todo-para-solucionar-los-problemas-de-los-vecinos-senalo-alvarez-rodriguez\/"]}]},{"@type":"ImageObject","inLanguage":"es","@id":"https:\/\/infoecos.com.ar\/index.php\/buscare-darlo-todo-para-solucionar-los-problemas-de-los-vecinos-senalo-alvarez-rodriguez\/#primaryimage","url":"","contentUrl":""},{"@type":"BreadcrumbList","@id":"https:\/\/infoecos.com.ar\/index.php\/buscare-darlo-todo-para-solucionar-los-problemas-de-los-vecinos-senalo-alvarez-rodriguez\/#breadcrumb","itemListElement":[{"@type":"ListItem","position":1,"name":"Portada","item":"https:\/\/infoecos.com.ar\/"},{"@type":"ListItem","position":2,"name":"\u00abBuscar\u00e9 darlo todo para solucionar los problemas de los vecinos\u00bb, se\u00f1al\u00f3 \u00c1lvarez Rodr\u00edguez"}]},{"@type":"WebSite","@id":"https:\/\/infoecos.com.ar\/#website","url":"https:\/\/infoecos.com.ar\/","name":"Infoecos","description":"Noticias de trenque lauquen y la zona","publisher":{"@id":"https:\/\/infoecos.com.ar\/#organization"},"alternateName":"Noticias","potentialAction":[{"@type":"SearchAction","target":{"@type":"EntryPoint","urlTemplate":"https:\/\/infoecos.com.ar\/?s={search_term_string}"},"query-input":{"@type":"PropertyValueSpecification","valueRequired":true,"valueName":"search_term_string"}}],"inLanguage":"es"},{"@type":"Organization","@id":"https:\/\/infoecos.com.ar\/#organization","name":"Infoecos","alternateName":"Noticias","url":"https:\/\/infoecos.com.ar\/","logo":{"@type":"ImageObject","inLanguage":"es","@id":"https:\/\/infoecos.com.ar\/#\/schema\/logo\/image\/","url":"https:\/\/infoecos.com.ar\/wp-content\/uploads\/2024\/03\/cropped-logo.png","contentUrl":"https:\/\/infoecos.com.ar\/wp-content\/uploads\/2024\/03\/cropped-logo.png","width":374,"height":90,"caption":"Infoecos"},"image":{"@id":"https:\/\/infoecos.com.ar\/#\/schema\/logo\/image\/"},"sameAs":["https:\/\/www.facebook.com\/profile.php?id=100063200290284","https:\/\/x.com\/infoecos"]},{"@type":"Person","@id":"https:\/\/infoecos.com.ar\/#\/schema\/person\/8f5ace5ce73b4b4aac4b7245aee6f191","name":"Jorge Matheus","url":"https:\/\/infoecos.com.ar\/index.php\/author\/jomatheus\/"}]}},"featured_image_urls":{"full":"","thumbnail":"","medium":"","medium_large":"","large":"","1536x1536":"","2048x2048":"","covernews-slider-full":"","covernews-slider-center":"","covernews-featured":"","covernews-medium":"","covernews-medium-square":""},"author_info":{"info":["Jorge Matheus"]},"category_info":"<a href=\"https:\/\/infoecos.com.ar\/index.php\/category\/c1nota3\/\" rel=\"category tag\">C1 N3<\/a>","tag_info":"C1 N3","comment_count":"0","_links":{"self":[{"href":"https:\/\/infoecos.com.ar\/index.php\/wp-json\/wp\/v2\/posts\/86620"}],"collection":[{"href":"https:\/\/infoecos.com.ar\/index.php\/wp-json\/wp\/v2\/posts"}],"about":[{"href":"https:\/\/infoecos.com.ar\/index.php\/wp-json\/wp\/v2\/types\/post"}],"author":[{"embeddable":true,"href":"https:\/\/infoecos.com.ar\/index.php\/wp-json\/wp\/v2\/users\/2"}],"replies":[{"embeddable":true,"href":"https:\/\/infoecos.com.ar\/index.php\/wp-json\/wp\/v2\/comments?post=86620"}],"version-history":[{"count":1,"href":"https:\/\/infoecos.com.ar\/index.php\/wp-json\/wp\/v2\/posts\/86620\/revisions"}],"predecessor-version":[{"id":86621,"href":"https:\/\/infoecos.com.ar\/index.php\/wp-json\/wp\/v2\/posts\/86620\/revisions\/86621"}],"wp:featuredmedia":[{"embeddable":true,"href":"https:\/\/infoecos.com.ar\/index.php\/wp-json\/"}],"wp:attachment":[{"href":"https:\/\/infoecos.com.ar\/index.php\/wp-json\/wp\/v2\/media?parent=86620"}],"wp:term":[{"taxonomy":"category","embeddable":true,"href":"https:\/\/infoecos.com.ar\/index.php\/wp-json\/wp\/v2\/categories?post=86620"},{"taxonomy":"post_tag","embeddable":true,"href":"https:\/\/infoecos.com.ar\/index.php\/wp-json\/wp\/v2\/tags?post=86620"}],"curies":[{"name":"wp","href":"https:\/\/api.w.org\/{rel}","templated":true}]}}