{"id":86723,"date":"2021-09-23T16:46:00","date_gmt":"2021-09-23T19:46:00","guid":{"rendered":"http:\/\/infoecos.com.ar\/?p=86723"},"modified":"2021-09-23T16:46:22","modified_gmt":"2021-09-23T19:46:22","slug":"era-necesario-con-este-nuevo-equipamiento-senalo-valeria-sirotiuk","status":"publish","type":"post","link":"https:\/\/infoecos.com.ar\/index.php\/era-necesario-con-este-nuevo-equipamiento-senalo-valeria-sirotiuk\/","title":{"rendered":"\u00abEra necesario contar con este nuevo equipamiento\u00bb, se\u00f1al\u00f3 Valeria Sirotiuk"},"content":{"rendered":"\n<p>La directora de Ambiente y Desarrollo Sustentable de Trenque Lauquen, Valeria Sirotiuk, coment\u00f3 que \u201cla planta de procesamiento de residuos s\u00f3lidos urbanos tiene tres galpones techados y una superficie de 700 metros cuadrados, adem\u00e1s hay un sal\u00f3n de usos m\u00faltiples, sanitarios, vestuarios y oficinas que fueron construidas recientemente\u201d.<\/p>\n\n\n\n<div class=\"wp-block-image\"><figure class=\"aligncenter size-medium\"><img loading=\"lazy\" decoding=\"async\" width=\"460\" height=\"307\" src=\"http:\/\/infoecos.com.ar\/wp-content\/uploads\/2021\/09\/directorapoliticaam-1-460x307.jpg\" alt=\"\" class=\"wp-image-86699\" srcset=\"https:\/\/infoecos.com.ar\/wp-content\/uploads\/2021\/09\/directorapoliticaam-1-460x307.jpg 460w, https:\/\/infoecos.com.ar\/wp-content\/uploads\/2021\/09\/directorapoliticaam-1-768x512.jpg 768w, https:\/\/infoecos.com.ar\/wp-content\/uploads\/2021\/09\/directorapoliticaam-1-675x450.jpg 675w, https:\/\/infoecos.com.ar\/wp-content\/uploads\/2021\/09\/directorapoliticaam-1.jpg 810w\" sizes=\"(max-width: 460px) 100vw, 460px\" \/><\/figure><\/div>\n\n\n\n<p>En relaci\u00f3n a la nueva cinta de clasificaci\u00f3n y tratamiento de residuos, la funcionaria se\u00f1al\u00f3 que \u201cera necesario contar con este nuevo equipamiento porque la antigua cinta y el tromel sufrieron el deterioro por el paso del tiempo y la poblaci\u00f3n ya no es la misma que la ten\u00edamos hace 27 a\u00f1os\u201d.<\/p>\n\n\n\n<p>\u201cNecesit\u00e1bamos que el proceso de clasificaci\u00f3n de los residuos sea mucho m\u00e1s eficiente\u201d, dijo Sirotiuk, para describir el funcionamiento de la planta donde se reciben los residuos s\u00f3lidos de la recolecci\u00f3n domiciliaria, de los Puntos Limpios, de las estaciones de reciclables que se van a poner en funcionamiento, Ecocanje y la recolecci\u00f3n diferenciada de los grandes generadores\u201d.<\/p>\n","protected":false},"excerpt":{"rendered":"<p>\u201cNecesit\u00e1bamos que el proceso de clasificaci\u00f3n de los residuos sea mucho m\u00e1s eficiente\u201d, dijo la funcionaria municipal<\/p>\n","protected":false},"author":2,"featured_media":86699,"comment_status":"closed","ping_status":"open","sticky":false,"template":"","format":"standard","meta":{"footnotes":""},"categories":[24],"tags":[5237],"class_list":["post-86723","post","type-post","status-publish","format-standard","has-post-thumbnail","hentry","category-c1nota3","tag-directora-de-ambiente-de-trenque-lauquen"],"yoast_head":"<!-- This site is optimized with the Yoast SEO plugin v23.4 - https:\/\/yoast.com\/wordpress\/plugins\/seo\/ -->\n<title>&quot;Era necesario contar con este nuevo equipamiento&quot;, se\u00f1al\u00f3 Valeria Sirotiuk - Infoecos<\/title>\n<meta name=\"robots\" content=\"index, follow, max-snippet:-1, max-image-preview:large, max-video-preview:-1\" \/>\n<link rel=\"canonical\" href=\"https:\/\/infoecos.com.ar\/index.php\/era-necesario-con-este-nuevo-equipamiento-senalo-valeria-sirotiuk\/\" \/>\n<meta property=\"og:locale\" content=\"es_ES\" \/>\n<meta property=\"og:type\" content=\"article\" \/>\n<meta property=\"og:title\" content=\"&quot;Era necesario contar con este nuevo equipamiento&quot;, se\u00f1al\u00f3 Valeria Sirotiuk - Infoecos\" \/>\n<meta property=\"og:description\" content=\"\u201cNecesit\u00e1bamos que el proceso de clasificaci\u00f3n de los residuos sea mucho m\u00e1s eficiente\u201d, dijo la funcionaria municipal\" \/>\n<meta property=\"og:url\" content=\"https:\/\/infoecos.com.ar\/index.php\/era-necesario-con-este-nuevo-equipamiento-senalo-valeria-sirotiuk\/\" \/>\n<meta property=\"og:site_name\" content=\"Infoecos\" \/>\n<meta property=\"article:publisher\" content=\"https:\/\/www.facebook.com\/profile.php?id=100063200290284\" \/>\n<meta property=\"article:published_time\" content=\"2021-09-23T19:46:00+00:00\" \/>\n<meta property=\"article:modified_time\" content=\"2021-09-23T19:46:22+00:00\" \/>\n<meta property=\"og:image\" content=\"https:\/\/infoecos.com.ar\/wp-content\/uploads\/2021\/09\/directorapoliticaam-1.jpg\" \/>\n\t<meta property=\"og:image:width\" content=\"810\" \/>\n\t<meta property=\"og:image:height\" content=\"540\" \/>\n\t<meta property=\"og:image:type\" content=\"image\/jpeg\" \/>\n<meta name=\"author\" content=\"Jorge Matheus\" \/>\n<meta name=\"twitter:card\" content=\"summary_large_image\" \/>\n<meta name=\"twitter:creator\" content=\"@infoecos\" \/>\n<meta name=\"twitter:site\" content=\"@infoecos\" \/>\n<meta name=\"twitter:label1\" content=\"Escrito por\" \/>\n\t<meta name=\"twitter:data1\" content=\"Jorge Matheus\" \/>\n\t<meta name=\"twitter:label2\" content=\"Tiempo de lectura\" \/>\n\t<meta name=\"twitter:data2\" content=\"1 minuto\" \/>\n<script type=\"application\/ld+json\" class=\"yoast-schema-graph\">{\"@context\":\"https:\/\/schema.org\",\"@graph\":[{\"@type\":\"Article\",\"@id\":\"https:\/\/infoecos.com.ar\/index.php\/era-necesario-con-este-nuevo-equipamiento-senalo-valeria-sirotiuk\/#article\",\"isPartOf\":{\"@id\":\"https:\/\/infoecos.com.ar\/index.php\/era-necesario-con-este-nuevo-equipamiento-senalo-valeria-sirotiuk\/\"},\"author\":{\"name\":\"Jorge Matheus\",\"@id\":\"https:\/\/infoecos.com.ar\/#\/schema\/person\/8f5ace5ce73b4b4aac4b7245aee6f191\"},\"headline\":\"\u00abEra necesario contar con este nuevo equipamiento\u00bb, se\u00f1al\u00f3 Valeria Sirotiuk\",\"datePublished\":\"2021-09-23T19:46:00+00:00\",\"dateModified\":\"2021-09-23T19:46:22+00:00\",\"mainEntityOfPage\":{\"@id\":\"https:\/\/infoecos.com.ar\/index.php\/era-necesario-con-este-nuevo-equipamiento-senalo-valeria-sirotiuk\/\"},\"wordCount\":182,\"publisher\":{\"@id\":\"https:\/\/infoecos.com.ar\/#organization\"},\"image\":{\"@id\":\"https:\/\/infoecos.com.ar\/index.php\/era-necesario-con-este-nuevo-equipamiento-senalo-valeria-sirotiuk\/#primaryimage\"},\"thumbnailUrl\":\"https:\/\/infoecos.com.ar\/wp-content\/uploads\/2021\/09\/directorapoliticaam-1.jpg\",\"keywords\":[\"DIRECTORA DE AMBIENTE DE TRENQUE LAUQUEN\"],\"articleSection\":[\"C1 N3\"],\"inLanguage\":\"es\"},{\"@type\":\"WebPage\",\"@id\":\"https:\/\/infoecos.com.ar\/index.php\/era-necesario-con-este-nuevo-equipamiento-senalo-valeria-sirotiuk\/\",\"url\":\"https:\/\/infoecos.com.ar\/index.php\/era-necesario-con-este-nuevo-equipamiento-senalo-valeria-sirotiuk\/\",\"name\":\"\\\"Era necesario contar con este nuevo equipamiento\\\", se\u00f1al\u00f3 Valeria Sirotiuk - Infoecos\",\"isPartOf\":{\"@id\":\"https:\/\/infoecos.com.ar\/#website\"},\"primaryImageOfPage\":{\"@id\":\"https:\/\/infoecos.com.ar\/index.php\/era-necesario-con-este-nuevo-equipamiento-senalo-valeria-sirotiuk\/#primaryimage\"},\"image\":{\"@id\":\"https:\/\/infoecos.com.ar\/index.php\/era-necesario-con-este-nuevo-equipamiento-senalo-valeria-sirotiuk\/#primaryimage\"},\"thumbnailUrl\":\"https:\/\/infoecos.com.ar\/wp-content\/uploads\/2021\/09\/directorapoliticaam-1.jpg\",\"datePublished\":\"2021-09-23T19:46:00+00:00\",\"dateModified\":\"2021-09-23T19:46:22+00:00\",\"breadcrumb\":{\"@id\":\"https:\/\/infoecos.com.ar\/index.php\/era-necesario-con-este-nuevo-equipamiento-senalo-valeria-sirotiuk\/#breadcrumb\"},\"inLanguage\":\"es\",\"potentialAction\":[{\"@type\":\"ReadAction\",\"target\":[\"https:\/\/infoecos.com.ar\/index.php\/era-necesario-con-este-nuevo-equipamiento-senalo-valeria-sirotiuk\/\"]}]},{\"@type\":\"ImageObject\",\"inLanguage\":\"es\",\"@id\":\"https:\/\/infoecos.com.ar\/index.php\/era-necesario-con-este-nuevo-equipamiento-senalo-valeria-sirotiuk\/#primaryimage\",\"url\":\"https:\/\/infoecos.com.ar\/wp-content\/uploads\/2021\/09\/directorapoliticaam-1.jpg\",\"contentUrl\":\"https:\/\/infoecos.com.ar\/wp-content\/uploads\/2021\/09\/directorapoliticaam-1.jpg\",\"width\":810,\"height\":540},{\"@type\":\"BreadcrumbList\",\"@id\":\"https:\/\/infoecos.com.ar\/index.php\/era-necesario-con-este-nuevo-equipamiento-senalo-valeria-sirotiuk\/#breadcrumb\",\"itemListElement\":[{\"@type\":\"ListItem\",\"position\":1,\"name\":\"Portada\",\"item\":\"https:\/\/infoecos.com.ar\/\"},{\"@type\":\"ListItem\",\"position\":2,\"name\":\"\u00abEra necesario contar con este nuevo equipamiento\u00bb, se\u00f1al\u00f3 Valeria Sirotiuk\"}]},{\"@type\":\"WebSite\",\"@id\":\"https:\/\/infoecos.com.ar\/#website\",\"url\":\"https:\/\/infoecos.com.ar\/\",\"name\":\"Infoecos\",\"description\":\"Noticias de trenque lauquen y la zona\",\"publisher\":{\"@id\":\"https:\/\/infoecos.com.ar\/#organization\"},\"alternateName\":\"Noticias\",\"potentialAction\":[{\"@type\":\"SearchAction\",\"target\":{\"@type\":\"EntryPoint\",\"urlTemplate\":\"https:\/\/infoecos.com.ar\/?s={search_term_string}\"},\"query-input\":{\"@type\":\"PropertyValueSpecification\",\"valueRequired\":true,\"valueName\":\"search_term_string\"}}],\"inLanguage\":\"es\"},{\"@type\":\"Organization\",\"@id\":\"https:\/\/infoecos.com.ar\/#organization\",\"name\":\"Infoecos\",\"alternateName\":\"Noticias\",\"url\":\"https:\/\/infoecos.com.ar\/\",\"logo\":{\"@type\":\"ImageObject\",\"inLanguage\":\"es\",\"@id\":\"https:\/\/infoecos.com.ar\/#\/schema\/logo\/image\/\",\"url\":\"https:\/\/infoecos.com.ar\/wp-content\/uploads\/2024\/03\/cropped-logo.png\",\"contentUrl\":\"https:\/\/infoecos.com.ar\/wp-content\/uploads\/2024\/03\/cropped-logo.png\",\"width\":374,\"height\":90,\"caption\":\"Infoecos\"},\"image\":{\"@id\":\"https:\/\/infoecos.com.ar\/#\/schema\/logo\/image\/\"},\"sameAs\":[\"https:\/\/www.facebook.com\/profile.php?id=100063200290284\",\"https:\/\/x.com\/infoecos\"]},{\"@type\":\"Person\",\"@id\":\"https:\/\/infoecos.com.ar\/#\/schema\/person\/8f5ace5ce73b4b4aac4b7245aee6f191\",\"name\":\"Jorge Matheus\",\"url\":\"https:\/\/infoecos.com.ar\/index.php\/author\/jomatheus\/\"}]}<\/script>\n<!-- \/ Yoast SEO plugin. -->","yoast_head_json":{"title":"\"Era necesario contar con este nuevo equipamiento\", se\u00f1al\u00f3 Valeria Sirotiuk - Infoecos","robots":{"index":"index","follow":"follow","max-snippet":"max-snippet:-1","max-image-preview":"max-image-preview:large","max-video-preview":"max-video-preview:-1"},"canonical":"https:\/\/infoecos.com.ar\/index.php\/era-necesario-con-este-nuevo-equipamiento-senalo-valeria-sirotiuk\/","og_locale":"es_ES","og_type":"article","og_title":"\"Era necesario contar con este nuevo equipamiento\", se\u00f1al\u00f3 Valeria Sirotiuk - Infoecos","og_description":"\u201cNecesit\u00e1bamos que el proceso de clasificaci\u00f3n de los residuos sea mucho m\u00e1s eficiente\u201d, dijo la funcionaria municipal","og_url":"https:\/\/infoecos.com.ar\/index.php\/era-necesario-con-este-nuevo-equipamiento-senalo-valeria-sirotiuk\/","og_site_name":"Infoecos","article_publisher":"https:\/\/www.facebook.com\/profile.php?id=100063200290284","article_published_time":"2021-09-23T19:46:00+00:00","article_modified_time":"2021-09-23T19:46:22+00:00","og_image":[{"width":810,"height":540,"url":"https:\/\/infoecos.com.ar\/wp-content\/uploads\/2021\/09\/directorapoliticaam-1.jpg","type":"image\/jpeg"}],"author":"Jorge Matheus","twitter_card":"summary_large_image","twitter_creator":"@infoecos","twitter_site":"@infoecos","twitter_misc":{"Escrito por":"Jorge Matheus","Tiempo de lectura":"1 minuto"},"schema":{"@context":"https:\/\/schema.org","@graph":[{"@type":"Article","@id":"https:\/\/infoecos.com.ar\/index.php\/era-necesario-con-este-nuevo-equipamiento-senalo-valeria-sirotiuk\/#article","isPartOf":{"@id":"https:\/\/infoecos.com.ar\/index.php\/era-necesario-con-este-nuevo-equipamiento-senalo-valeria-sirotiuk\/"},"author":{"name":"Jorge Matheus","@id":"https:\/\/infoecos.com.ar\/#\/schema\/person\/8f5ace5ce73b4b4aac4b7245aee6f191"},"headline":"\u00abEra necesario contar con este nuevo equipamiento\u00bb, se\u00f1al\u00f3 Valeria Sirotiuk","datePublished":"2021-09-23T19:46:00+00:00","dateModified":"2021-09-23T19:46:22+00:00","mainEntityOfPage":{"@id":"https:\/\/infoecos.com.ar\/index.php\/era-necesario-con-este-nuevo-equipamiento-senalo-valeria-sirotiuk\/"},"wordCount":182,"publisher":{"@id":"https:\/\/infoecos.com.ar\/#organization"},"image":{"@id":"https:\/\/infoecos.com.ar\/index.php\/era-necesario-con-este-nuevo-equipamiento-senalo-valeria-sirotiuk\/#primaryimage"},"thumbnailUrl":"https:\/\/infoecos.com.ar\/wp-content\/uploads\/2021\/09\/directorapoliticaam-1.jpg","keywords":["DIRECTORA DE AMBIENTE DE TRENQUE LAUQUEN"],"articleSection":["C1 N3"],"inLanguage":"es"},{"@type":"WebPage","@id":"https:\/\/infoecos.com.ar\/index.php\/era-necesario-con-este-nuevo-equipamiento-senalo-valeria-sirotiuk\/","url":"https:\/\/infoecos.com.ar\/index.php\/era-necesario-con-este-nuevo-equipamiento-senalo-valeria-sirotiuk\/","name":"\"Era necesario contar con este nuevo equipamiento\", se\u00f1al\u00f3 Valeria Sirotiuk - Infoecos","isPartOf":{"@id":"https:\/\/infoecos.com.ar\/#website"},"primaryImageOfPage":{"@id":"https:\/\/infoecos.com.ar\/index.php\/era-necesario-con-este-nuevo-equipamiento-senalo-valeria-sirotiuk\/#primaryimage"},"image":{"@id":"https:\/\/infoecos.com.ar\/index.php\/era-necesario-con-este-nuevo-equipamiento-senalo-valeria-sirotiuk\/#primaryimage"},"thumbnailUrl":"https:\/\/infoecos.com.ar\/wp-content\/uploads\/2021\/09\/directorapoliticaam-1.jpg","datePublished":"2021-09-23T19:46:00+00:00","dateModified":"2021-09-23T19:46:22+00:00","breadcrumb":{"@id":"https:\/\/infoecos.com.ar\/index.php\/era-necesario-con-este-nuevo-equipamiento-senalo-valeria-sirotiuk\/#breadcrumb"},"inLanguage":"es","potentialAction":[{"@type":"ReadAction","target":["https:\/\/infoecos.com.ar\/index.php\/era-necesario-con-este-nuevo-equipamiento-senalo-valeria-sirotiuk\/"]}]},{"@type":"ImageObject","inLanguage":"es","@id":"https:\/\/infoecos.com.ar\/index.php\/era-necesario-con-este-nuevo-equipamiento-senalo-valeria-sirotiuk\/#primaryimage","url":"https:\/\/infoecos.com.ar\/wp-content\/uploads\/2021\/09\/directorapoliticaam-1.jpg","contentUrl":"https:\/\/infoecos.com.ar\/wp-content\/uploads\/2021\/09\/directorapoliticaam-1.jpg","width":810,"height":540},{"@type":"BreadcrumbList","@id":"https:\/\/infoecos.com.ar\/index.php\/era-necesario-con-este-nuevo-equipamiento-senalo-valeria-sirotiuk\/#breadcrumb","itemListElement":[{"@type":"ListItem","position":1,"name":"Portada","item":"https:\/\/infoecos.com.ar\/"},{"@type":"ListItem","position":2,"name":"\u00abEra necesario contar con este nuevo equipamiento\u00bb, se\u00f1al\u00f3 Valeria Sirotiuk"}]},{"@type":"WebSite","@id":"https:\/\/infoecos.com.ar\/#website","url":"https:\/\/infoecos.com.ar\/","name":"Infoecos","description":"Noticias de trenque lauquen y la zona","publisher":{"@id":"https:\/\/infoecos.com.ar\/#organization"},"alternateName":"Noticias","potentialAction":[{"@type":"SearchAction","target":{"@type":"EntryPoint","urlTemplate":"https:\/\/infoecos.com.ar\/?s={search_term_string}"},"query-input":{"@type":"PropertyValueSpecification","valueRequired":true,"valueName":"search_term_string"}}],"inLanguage":"es"},{"@type":"Organization","@id":"https:\/\/infoecos.com.ar\/#organization","name":"Infoecos","alternateName":"Noticias","url":"https:\/\/infoecos.com.ar\/","logo":{"@type":"ImageObject","inLanguage":"es","@id":"https:\/\/infoecos.com.ar\/#\/schema\/logo\/image\/","url":"https:\/\/infoecos.com.ar\/wp-content\/uploads\/2024\/03\/cropped-logo.png","contentUrl":"https:\/\/infoecos.com.ar\/wp-content\/uploads\/2024\/03\/cropped-logo.png","width":374,"height":90,"caption":"Infoecos"},"image":{"@id":"https:\/\/infoecos.com.ar\/#\/schema\/logo\/image\/"},"sameAs":["https:\/\/www.facebook.com\/profile.php?id=100063200290284","https:\/\/x.com\/infoecos"]},{"@type":"Person","@id":"https:\/\/infoecos.com.ar\/#\/schema\/person\/8f5ace5ce73b4b4aac4b7245aee6f191","name":"Jorge Matheus","url":"https:\/\/infoecos.com.ar\/index.php\/author\/jomatheus\/"}]}},"featured_image_urls":{"full":["https:\/\/infoecos.com.ar\/wp-content\/uploads\/2021\/09\/directorapoliticaam-1.jpg",810,540,false],"thumbnail":["https:\/\/infoecos.com.ar\/wp-content\/uploads\/2021\/09\/directorapoliticaam-1-150x150.jpg",150,150,true],"medium":["https:\/\/infoecos.com.ar\/wp-content\/uploads\/2021\/09\/directorapoliticaam-1-460x307.jpg",460,307,true],"medium_large":["https:\/\/infoecos.com.ar\/wp-content\/uploads\/2021\/09\/directorapoliticaam-1-768x512.jpg",640,427,true],"large":["https:\/\/infoecos.com.ar\/wp-content\/uploads\/2021\/09\/directorapoliticaam-1.jpg",640,427,false],"1536x1536":["https:\/\/infoecos.com.ar\/wp-content\/uploads\/2021\/09\/directorapoliticaam-1.jpg",810,540,false],"2048x2048":["https:\/\/infoecos.com.ar\/wp-content\/uploads\/2021\/09\/directorapoliticaam-1.jpg",810,540,false],"covernews-slider-full":["https:\/\/infoecos.com.ar\/wp-content\/uploads\/2021\/09\/directorapoliticaam-1.jpg",810,540,false],"covernews-slider-center":["https:\/\/infoecos.com.ar\/wp-content\/uploads\/2021\/09\/directorapoliticaam-1.jpg",750,500,false],"covernews-featured":["https:\/\/infoecos.com.ar\/wp-content\/uploads\/2021\/09\/directorapoliticaam-1.jpg",810,540,false],"covernews-medium":["https:\/\/infoecos.com.ar\/wp-content\/uploads\/2021\/09\/directorapoliticaam-1-720x380.jpg",540,285,true],"covernews-medium-square":["https:\/\/infoecos.com.ar\/wp-content\/uploads\/2021\/09\/directorapoliticaam-1-675x450.jpg",375,250,true]},"author_info":{"info":["Jorge Matheus"]},"category_info":"<a href=\"https:\/\/infoecos.com.ar\/index.php\/category\/c1nota3\/\" rel=\"category tag\">C1 N3<\/a>","tag_info":"C1 N3","comment_count":"0","_links":{"self":[{"href":"https:\/\/infoecos.com.ar\/index.php\/wp-json\/wp\/v2\/posts\/86723"}],"collection":[{"href":"https:\/\/infoecos.com.ar\/index.php\/wp-json\/wp\/v2\/posts"}],"about":[{"href":"https:\/\/infoecos.com.ar\/index.php\/wp-json\/wp\/v2\/types\/post"}],"author":[{"embeddable":true,"href":"https:\/\/infoecos.com.ar\/index.php\/wp-json\/wp\/v2\/users\/2"}],"replies":[{"embeddable":true,"href":"https:\/\/infoecos.com.ar\/index.php\/wp-json\/wp\/v2\/comments?post=86723"}],"version-history":[{"count":2,"href":"https:\/\/infoecos.com.ar\/index.php\/wp-json\/wp\/v2\/posts\/86723\/revisions"}],"predecessor-version":[{"id":86725,"href":"https:\/\/infoecos.com.ar\/index.php\/wp-json\/wp\/v2\/posts\/86723\/revisions\/86725"}],"wp:featuredmedia":[{"embeddable":true,"href":"https:\/\/infoecos.com.ar\/index.php\/wp-json\/wp\/v2\/media\/86699"}],"wp:attachment":[{"href":"https:\/\/infoecos.com.ar\/index.php\/wp-json\/wp\/v2\/media?parent=86723"}],"wp:term":[{"taxonomy":"category","embeddable":true,"href":"https:\/\/infoecos.com.ar\/index.php\/wp-json\/wp\/v2\/categories?post=86723"},{"taxonomy":"post_tag","embeddable":true,"href":"https:\/\/infoecos.com.ar\/index.php\/wp-json\/wp\/v2\/tags?post=86723"}],"curies":[{"name":"wp","href":"https:\/\/api.w.org\/{rel}","templated":true}]}}