{"id":86766,"date":"2021-09-24T14:04:27","date_gmt":"2021-09-24T17:04:27","guid":{"rendered":"http:\/\/infoecos.com.ar\/?p=86766"},"modified":"2021-09-24T14:04:28","modified_gmt":"2021-09-24T17:04:28","slug":"fernandez-estuvo-en-beruti-acompanado-por-varios-de-sus-funcionarios","status":"publish","type":"post","link":"https:\/\/infoecos.com.ar\/index.php\/fernandez-estuvo-en-beruti-acompanado-por-varios-de-sus-funcionarios\/","title":{"rendered":"Fern\u00e1ndez estuvo en Beruti, acompa\u00f1ado por varios de sus funcionarios"},"content":{"rendered":"\n<p class=\"wp-block-paragraph\">El intendente de Trenque Lauquen, doctor Miguel Fern\u00e1ndez, acompa\u00f1ado por algunos integrantes de su equipo estuvo en la localidad de Beruti, se inform\u00f3 este viernes.<\/p>\n\n\n\n<div class=\"wp-block-image\"><figure class=\"aligncenter size-medium\"><img loading=\"lazy\" decoding=\"async\" width=\"460\" height=\"345\" src=\"http:\/\/infoecos.com.ar\/wp-content\/uploads\/2021\/09\/Gabinete-en-Beruti-2-460x345.jpg\" alt=\"\" class=\"wp-image-86767\" srcset=\"https:\/\/infoecos.com.ar\/wp-content\/uploads\/2021\/09\/Gabinete-en-Beruti-2-460x345.jpg 460w, https:\/\/infoecos.com.ar\/wp-content\/uploads\/2021\/09\/Gabinete-en-Beruti-2-920x690.jpg 920w, https:\/\/infoecos.com.ar\/wp-content\/uploads\/2021\/09\/Gabinete-en-Beruti-2-768x576.jpg 768w, https:\/\/infoecos.com.ar\/wp-content\/uploads\/2021\/09\/Gabinete-en-Beruti-2-1024x768.jpg 1024w, https:\/\/infoecos.com.ar\/wp-content\/uploads\/2021\/09\/Gabinete-en-Beruti-2.jpg 1280w\" sizes=\"auto, (max-width: 460px) 100vw, 460px\" \/><\/figure><\/div>\n\n\n\n<p class=\"wp-block-paragraph\">Mantuvo una reuni\u00f3n con el delegado de la localidad, Fabio Villarreal, donde se abordaron temas relacionados con la gesti\u00f3n, especialmente tareas que se ejecutan y ejecutar\u00e1n, y obras a realizar. <\/p>\n\n\n\n<p class=\"wp-block-paragraph\">La restauraci\u00f3n de la fachada del club la Luisa -incluye recambio de umbrales de aberturas y pintura, entre otras tareas-; arreglos en el Polideportivo Municipal por filtraciones agua \u2013sellado y ajuste de aberturas y en la zinguer\u00eda del techo-; diagn\u00f3stico y presupuesto para intervenir el Anexo de la Sala Santa Clotilde \u2013contempla el recambio de techo- y la elaboraci\u00f3n de un proyecto completo de recuperaci\u00f3n, restructuraci\u00f3n y renovaci\u00f3n de la mencionada Sala fueron algunos de los ejes sobre los que se intercambiaron ideas en la reuni\u00f3n.&nbsp;<\/p>\n\n\n\n<div class=\"wp-block-image\"><figure class=\"aligncenter size-medium\"><img loading=\"lazy\" decoding=\"async\" width=\"460\" height=\"345\" src=\"http:\/\/infoecos.com.ar\/wp-content\/uploads\/2021\/09\/Gabinete-en-Beruti-3-460x345.jpg\" alt=\"\" class=\"wp-image-86768\" srcset=\"https:\/\/infoecos.com.ar\/wp-content\/uploads\/2021\/09\/Gabinete-en-Beruti-3-460x345.jpg 460w, https:\/\/infoecos.com.ar\/wp-content\/uploads\/2021\/09\/Gabinete-en-Beruti-3-920x690.jpg 920w, https:\/\/infoecos.com.ar\/wp-content\/uploads\/2021\/09\/Gabinete-en-Beruti-3-768x576.jpg 768w, https:\/\/infoecos.com.ar\/wp-content\/uploads\/2021\/09\/Gabinete-en-Beruti-3-1024x768.jpg 1024w, https:\/\/infoecos.com.ar\/wp-content\/uploads\/2021\/09\/Gabinete-en-Beruti-3.jpg 1280w\" sizes=\"auto, (max-width: 460px) 100vw, 460px\" \/><\/figure><\/div>\n\n\n\n<p class=\"wp-block-paragraph\">Tambi\u00e9n se barajaron alternativas para mejorar la iluminaci\u00f3n de distintos espacios p\u00fablicos: Plaza principal, cuadro de estaci\u00f3n y estaciones saludables que hay en su recorrido y otras plazas. El pr\u00f3ximo paso ser\u00e1 presupuestar esos trabajos y establecer prioridades.<\/p>\n\n\n\n<div class=\"wp-block-image\"><figure class=\"aligncenter size-medium\"><img loading=\"lazy\" decoding=\"async\" width=\"460\" height=\"345\" src=\"http:\/\/infoecos.com.ar\/wp-content\/uploads\/2021\/09\/Gabinete-en-Beruti-1-460x345.jpg\" alt=\"\" class=\"wp-image-86769\" srcset=\"https:\/\/infoecos.com.ar\/wp-content\/uploads\/2021\/09\/Gabinete-en-Beruti-1-460x345.jpg 460w, https:\/\/infoecos.com.ar\/wp-content\/uploads\/2021\/09\/Gabinete-en-Beruti-1-920x690.jpg 920w, https:\/\/infoecos.com.ar\/wp-content\/uploads\/2021\/09\/Gabinete-en-Beruti-1-768x576.jpg 768w, https:\/\/infoecos.com.ar\/wp-content\/uploads\/2021\/09\/Gabinete-en-Beruti-1-1024x768.jpg 1024w, https:\/\/infoecos.com.ar\/wp-content\/uploads\/2021\/09\/Gabinete-en-Beruti-1.jpg 1280w\" sizes=\"auto, (max-width: 460px) 100vw, 460px\" \/><\/figure><\/div>\n\n\n\n<p class=\"wp-block-paragraph\">Del encuentro, que se llev\u00f3 a cabo <strong>el mi\u00e9rcoles<\/strong> en instalaciones de La Luisa, tomaron parte los secretarios de Gesti\u00f3n y Administraci\u00f3n Tributaria, Alfredo Zambiasio; de Gobierno, Gustavo Marchabalo; y de Gesti\u00f3n y Planificaci\u00f3n, Mart\u00edn Borraz\u00e1s; los subsecretarios de Desarrollo Econ\u00f3mico y Productivo, Clarisa Fabris, y de Gesti\u00f3n de Obras P\u00fablicas y Planeamiento, Cristian Rabasa; y los directores de Servicios P\u00fablicos, Domingo Lanciano, y de Infraestructura, Marcos Soriano.<\/p>\n","protected":false},"excerpt":{"rendered":"<p>Se abordaron temas relacionados con la gesti\u00f3n, especialmente tareas que se ejecutan y ejecutar\u00e1n, y obras a realizar<\/p>\n","protected":false},"author":2,"featured_media":86767,"comment_status":"closed","ping_status":"open","sticky":false,"template":"","format":"standard","meta":{"footnotes":""},"categories":[28],"tags":[5244],"class_list":["post-86766","post","type-post","status-publish","format-standard","has-post-thumbnail","hentry","category-c1nota1","tag-la-marcha-de-la-gestion-y-obras"],"featured_image_urls":{"full":["https:\/\/infoecos.com.ar\/wp-content\/uploads\/2021\/09\/Gabinete-en-Beruti-2.jpg",1280,960,false],"thumbnail":["https:\/\/infoecos.com.ar\/wp-content\/uploads\/2021\/09\/Gabinete-en-Beruti-2-150x150.jpg",150,150,true],"medium":["https:\/\/infoecos.com.ar\/wp-content\/uploads\/2021\/09\/Gabinete-en-Beruti-2-460x345.jpg",460,345,true],"medium_large":["https:\/\/infoecos.com.ar\/wp-content\/uploads\/2021\/09\/Gabinete-en-Beruti-2-768x576.jpg",640,480,true],"large":["https:\/\/infoecos.com.ar\/wp-content\/uploads\/2021\/09\/Gabinete-en-Beruti-2-920x690.jpg",640,480,true],"1536x1536":["https:\/\/infoecos.com.ar\/wp-content\/uploads\/2021\/09\/Gabinete-en-Beruti-2.jpg",1280,960,false],"2048x2048":["https:\/\/infoecos.com.ar\/wp-content\/uploads\/2021\/09\/Gabinete-en-Beruti-2.jpg",1280,960,false],"covernews-slider-full":["https:\/\/infoecos.com.ar\/wp-content\/uploads\/2021\/09\/Gabinete-en-Beruti-2.jpg",953,715,false],"covernews-slider-center":["https:\/\/infoecos.com.ar\/wp-content\/uploads\/2021\/09\/Gabinete-en-Beruti-2-936x897.jpg",522,500,true],"covernews-featured":["https:\/\/infoecos.com.ar\/wp-content\/uploads\/2021\/09\/Gabinete-en-Beruti-2-1024x768.jpg",1024,768,true],"covernews-medium":["https:\/\/infoecos.com.ar\/wp-content\/uploads\/2021\/09\/Gabinete-en-Beruti-2-720x380.jpg",540,285,true],"covernews-medium-square":["https:\/\/infoecos.com.ar\/wp-content\/uploads\/2021\/09\/Gabinete-en-Beruti-2-675x450.jpg",375,250,true]},"author_info":{"info":["Jorge Matheus"]},"category_info":"<a href=\"https:\/\/infoecos.com.ar\/index.php\/category\/c1nota1\/\" rel=\"category tag\">C1 N1<\/a>","tag_info":"C1 N1","comment_count":"0","_links":{"self":[{"href":"https:\/\/infoecos.com.ar\/index.php\/wp-json\/wp\/v2\/posts\/86766","targetHints":{"allow":["GET"]}}],"collection":[{"href":"https:\/\/infoecos.com.ar\/index.php\/wp-json\/wp\/v2\/posts"}],"about":[{"href":"https:\/\/infoecos.com.ar\/index.php\/wp-json\/wp\/v2\/types\/post"}],"author":[{"embeddable":true,"href":"https:\/\/infoecos.com.ar\/index.php\/wp-json\/wp\/v2\/users\/2"}],"replies":[{"embeddable":true,"href":"https:\/\/infoecos.com.ar\/index.php\/wp-json\/wp\/v2\/comments?post=86766"}],"version-history":[{"count":1,"href":"https:\/\/infoecos.com.ar\/index.php\/wp-json\/wp\/v2\/posts\/86766\/revisions"}],"predecessor-version":[{"id":86770,"href":"https:\/\/infoecos.com.ar\/index.php\/wp-json\/wp\/v2\/posts\/86766\/revisions\/86770"}],"wp:featuredmedia":[{"embeddable":true,"href":"https:\/\/infoecos.com.ar\/index.php\/wp-json\/wp\/v2\/media\/86767"}],"wp:attachment":[{"href":"https:\/\/infoecos.com.ar\/index.php\/wp-json\/wp\/v2\/media?parent=86766"}],"wp:term":[{"taxonomy":"category","embeddable":true,"href":"https:\/\/infoecos.com.ar\/index.php\/wp-json\/wp\/v2\/categories?post=86766"},{"taxonomy":"post_tag","embeddable":true,"href":"https:\/\/infoecos.com.ar\/index.php\/wp-json\/wp\/v2\/tags?post=86766"}],"curies":[{"name":"wp","href":"https:\/\/api.w.org\/{rel}","templated":true}]}}