{"id":86865,"date":"2021-09-25T15:31:47","date_gmt":"2021-09-25T18:31:47","guid":{"rendered":"http:\/\/infoecos.com.ar\/?p=86865"},"modified":"2021-09-25T15:50:23","modified_gmt":"2021-09-25T18:50:23","slug":"esta-en-trenque-lauquen-y-genera-buena-respuesta-de-la-ciudad-el-tren-museo-de-ferrocarriles-argentinos","status":"publish","type":"post","link":"https:\/\/infoecos.com.ar\/index.php\/esta-en-trenque-lauquen-y-genera-buena-respuesta-de-la-ciudad-el-tren-museo-de-ferrocarriles-argentinos\/","title":{"rendered":"Est\u00e1 en Trenque Lauquen y genera buena respuesta de la comunidad el Tren Museo de Ferrocarriles Argentinos"},"content":{"rendered":"\n<p>Durante el acto realizado este viernes en Trenque Lauquen tambi\u00e9n se escucharon palabras del gerente de Desarrollo del Patrimonio Cultural Ferroviario de Trenes Argentinos Capital Humano, Mart\u00edn Costa, quien felicit\u00f3 al Intendente Miguel Fern\u00e1ndez y a todo su equipo por la obra realizada en el Museo Ferroviario y agradeci\u00f3 \u201ca todo el pueblo de Trenque Lauquen por el recibimiento, la hospitalidad y el afecto\u201d.<\/p>\n\n\n\n<div class=\"wp-block-image\"><figure class=\"aligncenter size-medium\"><img loading=\"lazy\" decoding=\"async\" width=\"460\" height=\"259\" src=\"http:\/\/infoecos.com.ar\/wp-content\/uploads\/2021\/09\/20210924_201630-460x259.jpg\" alt=\"\" class=\"wp-image-86866\" srcset=\"https:\/\/infoecos.com.ar\/wp-content\/uploads\/2021\/09\/20210924_201630-460x259.jpg 460w, https:\/\/infoecos.com.ar\/wp-content\/uploads\/2021\/09\/20210924_201630-920x518.jpg 920w, https:\/\/infoecos.com.ar\/wp-content\/uploads\/2021\/09\/20210924_201630-768x432.jpg 768w, https:\/\/infoecos.com.ar\/wp-content\/uploads\/2021\/09\/20210924_201630-1536x864.jpg 1536w, https:\/\/infoecos.com.ar\/wp-content\/uploads\/2021\/09\/20210924_201630-1024x576.jpg 1024w, https:\/\/infoecos.com.ar\/wp-content\/uploads\/2021\/09\/20210924_201630.jpg 1600w\" sizes=\"(max-width: 460px) 100vw, 460px\" \/><\/figure><\/div>\n\n\n\n<p>\u201cPara nosotros que venimos recorriendo diferentes localidades de nuestro pa\u00eds y de la provincia de Buenos Aires y a continuaci\u00f3n iremos a General Pico y Realic\u00f3 en la provincia de La Pampa, es un orgullo sobre todo porque soy ferroviario hace mucho, soy licenciado ferroviario y es una alegr\u00eda enorme para todo el equipo y nuestro presidente de Trenes Argentinos, Dami\u00e1n Contreras\u201d, manifest\u00f3.<\/p>\n\n\n\n<p>\u201cAquel sue\u00f1o que empezamos hace uno a\u00f1o y medio con el equipo, con Dami\u00e1n a la cabeza, hoy tenerlo ac\u00e1 y que la gente tenga esta respuesta para nosotros es incre\u00edble\u201d, se\u00f1al\u00f3 Costa para destacar la posibilidad de participar en la apertura del Museo. Y dijo que \u201cdentro de nuestro equipo tenemos el Museo Nacional Ferroviario, en Retiro, donde tenemos muchos objetos que nos gustar\u00eda que en alg\u00fan momento cuando pasen por la Capital Federal puedan visitarlo, adem\u00e1s que tenemos mucho m\u00e1s material rodante para que puedan apreciar\u201d.<\/p>\n\n\n\n<p>El Tren Museo Itinerante, dependiente del Museo Nacional Ferroviario, cuenta con nueve vagones constituidos en una muestra representativa, tanto de los diferentes coches como de las costumbres de pasajeros y empleados del Ferrocarril.<\/p>\n\n\n\n<div class=\"wp-block-image\"><figure class=\"aligncenter size-medium\"><img loading=\"lazy\" decoding=\"async\" width=\"460\" height=\"307\" src=\"http:\/\/infoecos.com.ar\/wp-content\/uploads\/2021\/09\/trenmuseo3-460x307.jpg\" alt=\"\" class=\"wp-image-86484\" srcset=\"https:\/\/infoecos.com.ar\/wp-content\/uploads\/2021\/09\/trenmuseo3-460x307.jpg 460w, https:\/\/infoecos.com.ar\/wp-content\/uploads\/2021\/09\/trenmuseo3-920x613.jpg 920w, https:\/\/infoecos.com.ar\/wp-content\/uploads\/2021\/09\/trenmuseo3-768x512.jpg 768w, https:\/\/infoecos.com.ar\/wp-content\/uploads\/2021\/09\/trenmuseo3-1536x1024.jpg 1536w, https:\/\/infoecos.com.ar\/wp-content\/uploads\/2021\/09\/trenmuseo3-2048x1365.jpg 2048w, https:\/\/infoecos.com.ar\/wp-content\/uploads\/2021\/09\/trenmuseo3-1024x683.jpg 1024w, https:\/\/infoecos.com.ar\/wp-content\/uploads\/2021\/09\/trenmuseo3-675x450.jpg 675w\" sizes=\"(max-width: 460px) 100vw, 460px\" \/><\/figure><\/div>\n\n\n\n<p>La muestra est\u00e1 a cargo del Ministerio de Turismo y Deportes de la Naci\u00f3n, la Casa de la Moneda y el Ministerio de Producci\u00f3n, Ciencia e Innovaci\u00f3n Tecnol\u00f3gica de la Provincia y propone acercar el patrimonio hist\u00f3rico cultural ferroviario a los vecinos.<\/p>\n\n\n\n<p>El Tren Museo Itinerante permanecer\u00e1 abierto este s\u00e1bado y domingo de 10 a 13 y de 14 a 19hs. y la visita a Trenque fue declarada de Inter\u00e9s P\u00fablico y Municipal por Decreto n\u00ba 1873\/21 del Departamento Ejecutivo, en tanto que el Museo Ferroviario tambi\u00e9n podr\u00e1 ser visitado ambos d\u00edas de 9 a 19.<\/p>\n","protected":false},"excerpt":{"rendered":"<p>Ayer habl\u00f3 el gerente de Desarrollo del Patrimonio Cultural Ferroviario de Trenes Argentinos Capital Humano, Mart\u00edn Costa<\/p>\n","protected":false},"author":2,"featured_media":86866,"comment_status":"closed","ping_status":"open","sticky":false,"template":"","format":"standard","meta":{"footnotes":""},"categories":[46],"tags":[5262],"class_list":["post-86865","post","type-post","status-publish","format-standard","has-post-thumbnail","hentry","category-c2nota2","tag-se-puede-visitar-hasta-el-domingo"],"yoast_head":"<!-- This site is optimized with the Yoast SEO plugin v23.4 - https:\/\/yoast.com\/wordpress\/plugins\/seo\/ -->\n<title>Est\u00e1 en Trenque Lauquen y genera buena respuesta de la comunidad el Tren Museo de Ferrocarriles Argentinos - Infoecos<\/title>\n<meta name=\"robots\" content=\"index, follow, max-snippet:-1, max-image-preview:large, max-video-preview:-1\" \/>\n<link rel=\"canonical\" href=\"https:\/\/infoecos.com.ar\/index.php\/esta-en-trenque-lauquen-y-genera-buena-respuesta-de-la-ciudad-el-tren-museo-de-ferrocarriles-argentinos\/\" \/>\n<meta property=\"og:locale\" content=\"es_ES\" \/>\n<meta property=\"og:type\" content=\"article\" \/>\n<meta property=\"og:title\" content=\"Est\u00e1 en Trenque Lauquen y genera buena respuesta de la comunidad el Tren Museo de Ferrocarriles Argentinos - Infoecos\" \/>\n<meta property=\"og:description\" content=\"Ayer habl\u00f3 el gerente de Desarrollo del Patrimonio Cultural Ferroviario de Trenes Argentinos Capital Humano, Mart\u00edn Costa\" \/>\n<meta property=\"og:url\" content=\"https:\/\/infoecos.com.ar\/index.php\/esta-en-trenque-lauquen-y-genera-buena-respuesta-de-la-ciudad-el-tren-museo-de-ferrocarriles-argentinos\/\" \/>\n<meta property=\"og:site_name\" content=\"Infoecos\" \/>\n<meta property=\"article:publisher\" content=\"https:\/\/www.facebook.com\/profile.php?id=100063200290284\" \/>\n<meta property=\"article:published_time\" content=\"2021-09-25T18:31:47+00:00\" \/>\n<meta property=\"article:modified_time\" content=\"2021-09-25T18:50:23+00:00\" \/>\n<meta property=\"og:image\" content=\"https:\/\/infoecos.com.ar\/wp-content\/uploads\/2021\/09\/20210924_201630.jpg\" \/>\n\t<meta property=\"og:image:width\" content=\"1600\" \/>\n\t<meta property=\"og:image:height\" content=\"900\" \/>\n\t<meta property=\"og:image:type\" content=\"image\/jpeg\" \/>\n<meta name=\"author\" content=\"Jorge Matheus\" \/>\n<meta name=\"twitter:card\" content=\"summary_large_image\" \/>\n<meta name=\"twitter:creator\" content=\"@infoecos\" \/>\n<meta name=\"twitter:site\" content=\"@infoecos\" \/>\n<meta name=\"twitter:label1\" content=\"Escrito por\" \/>\n\t<meta name=\"twitter:data1\" content=\"Jorge Matheus\" \/>\n\t<meta name=\"twitter:label2\" content=\"Tiempo de lectura\" \/>\n\t<meta name=\"twitter:data2\" content=\"2 minutos\" \/>\n<script type=\"application\/ld+json\" class=\"yoast-schema-graph\">{\"@context\":\"https:\/\/schema.org\",\"@graph\":[{\"@type\":\"Article\",\"@id\":\"https:\/\/infoecos.com.ar\/index.php\/esta-en-trenque-lauquen-y-genera-buena-respuesta-de-la-ciudad-el-tren-museo-de-ferrocarriles-argentinos\/#article\",\"isPartOf\":{\"@id\":\"https:\/\/infoecos.com.ar\/index.php\/esta-en-trenque-lauquen-y-genera-buena-respuesta-de-la-ciudad-el-tren-museo-de-ferrocarriles-argentinos\/\"},\"author\":{\"name\":\"Jorge Matheus\",\"@id\":\"https:\/\/infoecos.com.ar\/#\/schema\/person\/8f5ace5ce73b4b4aac4b7245aee6f191\"},\"headline\":\"Est\u00e1 en Trenque Lauquen y genera buena respuesta de la comunidad el Tren Museo de Ferrocarriles Argentinos\",\"datePublished\":\"2021-09-25T18:31:47+00:00\",\"dateModified\":\"2021-09-25T18:50:23+00:00\",\"mainEntityOfPage\":{\"@id\":\"https:\/\/infoecos.com.ar\/index.php\/esta-en-trenque-lauquen-y-genera-buena-respuesta-de-la-ciudad-el-tren-museo-de-ferrocarriles-argentinos\/\"},\"wordCount\":381,\"publisher\":{\"@id\":\"https:\/\/infoecos.com.ar\/#organization\"},\"image\":{\"@id\":\"https:\/\/infoecos.com.ar\/index.php\/esta-en-trenque-lauquen-y-genera-buena-respuesta-de-la-ciudad-el-tren-museo-de-ferrocarriles-argentinos\/#primaryimage\"},\"thumbnailUrl\":\"https:\/\/infoecos.com.ar\/wp-content\/uploads\/2021\/09\/20210924_201630.jpg\",\"keywords\":[\"SE PUEDE VISITAR HASTA EL DOMINGO\"],\"articleSection\":[\"C2 N2\"],\"inLanguage\":\"es\"},{\"@type\":\"WebPage\",\"@id\":\"https:\/\/infoecos.com.ar\/index.php\/esta-en-trenque-lauquen-y-genera-buena-respuesta-de-la-ciudad-el-tren-museo-de-ferrocarriles-argentinos\/\",\"url\":\"https:\/\/infoecos.com.ar\/index.php\/esta-en-trenque-lauquen-y-genera-buena-respuesta-de-la-ciudad-el-tren-museo-de-ferrocarriles-argentinos\/\",\"name\":\"Est\u00e1 en Trenque Lauquen y genera buena respuesta de la comunidad el Tren Museo de Ferrocarriles Argentinos - Infoecos\",\"isPartOf\":{\"@id\":\"https:\/\/infoecos.com.ar\/#website\"},\"primaryImageOfPage\":{\"@id\":\"https:\/\/infoecos.com.ar\/index.php\/esta-en-trenque-lauquen-y-genera-buena-respuesta-de-la-ciudad-el-tren-museo-de-ferrocarriles-argentinos\/#primaryimage\"},\"image\":{\"@id\":\"https:\/\/infoecos.com.ar\/index.php\/esta-en-trenque-lauquen-y-genera-buena-respuesta-de-la-ciudad-el-tren-museo-de-ferrocarriles-argentinos\/#primaryimage\"},\"thumbnailUrl\":\"https:\/\/infoecos.com.ar\/wp-content\/uploads\/2021\/09\/20210924_201630.jpg\",\"datePublished\":\"2021-09-25T18:31:47+00:00\",\"dateModified\":\"2021-09-25T18:50:23+00:00\",\"breadcrumb\":{\"@id\":\"https:\/\/infoecos.com.ar\/index.php\/esta-en-trenque-lauquen-y-genera-buena-respuesta-de-la-ciudad-el-tren-museo-de-ferrocarriles-argentinos\/#breadcrumb\"},\"inLanguage\":\"es\",\"potentialAction\":[{\"@type\":\"ReadAction\",\"target\":[\"https:\/\/infoecos.com.ar\/index.php\/esta-en-trenque-lauquen-y-genera-buena-respuesta-de-la-ciudad-el-tren-museo-de-ferrocarriles-argentinos\/\"]}]},{\"@type\":\"ImageObject\",\"inLanguage\":\"es\",\"@id\":\"https:\/\/infoecos.com.ar\/index.php\/esta-en-trenque-lauquen-y-genera-buena-respuesta-de-la-ciudad-el-tren-museo-de-ferrocarriles-argentinos\/#primaryimage\",\"url\":\"https:\/\/infoecos.com.ar\/wp-content\/uploads\/2021\/09\/20210924_201630.jpg\",\"contentUrl\":\"https:\/\/infoecos.com.ar\/wp-content\/uploads\/2021\/09\/20210924_201630.jpg\",\"width\":1600,\"height\":900},{\"@type\":\"BreadcrumbList\",\"@id\":\"https:\/\/infoecos.com.ar\/index.php\/esta-en-trenque-lauquen-y-genera-buena-respuesta-de-la-ciudad-el-tren-museo-de-ferrocarriles-argentinos\/#breadcrumb\",\"itemListElement\":[{\"@type\":\"ListItem\",\"position\":1,\"name\":\"Portada\",\"item\":\"https:\/\/infoecos.com.ar\/\"},{\"@type\":\"ListItem\",\"position\":2,\"name\":\"Est\u00e1 en Trenque Lauquen y genera buena respuesta de la comunidad el Tren Museo de Ferrocarriles Argentinos\"}]},{\"@type\":\"WebSite\",\"@id\":\"https:\/\/infoecos.com.ar\/#website\",\"url\":\"https:\/\/infoecos.com.ar\/\",\"name\":\"Infoecos\",\"description\":\"Noticias de trenque lauquen y la zona\",\"publisher\":{\"@id\":\"https:\/\/infoecos.com.ar\/#organization\"},\"alternateName\":\"Noticias\",\"potentialAction\":[{\"@type\":\"SearchAction\",\"target\":{\"@type\":\"EntryPoint\",\"urlTemplate\":\"https:\/\/infoecos.com.ar\/?s={search_term_string}\"},\"query-input\":{\"@type\":\"PropertyValueSpecification\",\"valueRequired\":true,\"valueName\":\"search_term_string\"}}],\"inLanguage\":\"es\"},{\"@type\":\"Organization\",\"@id\":\"https:\/\/infoecos.com.ar\/#organization\",\"name\":\"Infoecos\",\"alternateName\":\"Noticias\",\"url\":\"https:\/\/infoecos.com.ar\/\",\"logo\":{\"@type\":\"ImageObject\",\"inLanguage\":\"es\",\"@id\":\"https:\/\/infoecos.com.ar\/#\/schema\/logo\/image\/\",\"url\":\"https:\/\/infoecos.com.ar\/wp-content\/uploads\/2024\/03\/cropped-logo.png\",\"contentUrl\":\"https:\/\/infoecos.com.ar\/wp-content\/uploads\/2024\/03\/cropped-logo.png\",\"width\":374,\"height\":90,\"caption\":\"Infoecos\"},\"image\":{\"@id\":\"https:\/\/infoecos.com.ar\/#\/schema\/logo\/image\/\"},\"sameAs\":[\"https:\/\/www.facebook.com\/profile.php?id=100063200290284\",\"https:\/\/x.com\/infoecos\"]},{\"@type\":\"Person\",\"@id\":\"https:\/\/infoecos.com.ar\/#\/schema\/person\/8f5ace5ce73b4b4aac4b7245aee6f191\",\"name\":\"Jorge Matheus\",\"url\":\"https:\/\/infoecos.com.ar\/index.php\/author\/jomatheus\/\"}]}<\/script>\n<!-- \/ Yoast SEO plugin. -->","yoast_head_json":{"title":"Est\u00e1 en Trenque Lauquen y genera buena respuesta de la comunidad el Tren Museo de Ferrocarriles Argentinos - Infoecos","robots":{"index":"index","follow":"follow","max-snippet":"max-snippet:-1","max-image-preview":"max-image-preview:large","max-video-preview":"max-video-preview:-1"},"canonical":"https:\/\/infoecos.com.ar\/index.php\/esta-en-trenque-lauquen-y-genera-buena-respuesta-de-la-ciudad-el-tren-museo-de-ferrocarriles-argentinos\/","og_locale":"es_ES","og_type":"article","og_title":"Est\u00e1 en Trenque Lauquen y genera buena respuesta de la comunidad el Tren Museo de Ferrocarriles Argentinos - Infoecos","og_description":"Ayer habl\u00f3 el gerente de Desarrollo del Patrimonio Cultural Ferroviario de Trenes Argentinos Capital Humano, Mart\u00edn Costa","og_url":"https:\/\/infoecos.com.ar\/index.php\/esta-en-trenque-lauquen-y-genera-buena-respuesta-de-la-ciudad-el-tren-museo-de-ferrocarriles-argentinos\/","og_site_name":"Infoecos","article_publisher":"https:\/\/www.facebook.com\/profile.php?id=100063200290284","article_published_time":"2021-09-25T18:31:47+00:00","article_modified_time":"2021-09-25T18:50:23+00:00","og_image":[{"width":1600,"height":900,"url":"https:\/\/infoecos.com.ar\/wp-content\/uploads\/2021\/09\/20210924_201630.jpg","type":"image\/jpeg"}],"author":"Jorge Matheus","twitter_card":"summary_large_image","twitter_creator":"@infoecos","twitter_site":"@infoecos","twitter_misc":{"Escrito por":"Jorge Matheus","Tiempo de lectura":"2 minutos"},"schema":{"@context":"https:\/\/schema.org","@graph":[{"@type":"Article","@id":"https:\/\/infoecos.com.ar\/index.php\/esta-en-trenque-lauquen-y-genera-buena-respuesta-de-la-ciudad-el-tren-museo-de-ferrocarriles-argentinos\/#article","isPartOf":{"@id":"https:\/\/infoecos.com.ar\/index.php\/esta-en-trenque-lauquen-y-genera-buena-respuesta-de-la-ciudad-el-tren-museo-de-ferrocarriles-argentinos\/"},"author":{"name":"Jorge Matheus","@id":"https:\/\/infoecos.com.ar\/#\/schema\/person\/8f5ace5ce73b4b4aac4b7245aee6f191"},"headline":"Est\u00e1 en Trenque Lauquen y genera buena respuesta de la comunidad el Tren Museo de Ferrocarriles Argentinos","datePublished":"2021-09-25T18:31:47+00:00","dateModified":"2021-09-25T18:50:23+00:00","mainEntityOfPage":{"@id":"https:\/\/infoecos.com.ar\/index.php\/esta-en-trenque-lauquen-y-genera-buena-respuesta-de-la-ciudad-el-tren-museo-de-ferrocarriles-argentinos\/"},"wordCount":381,"publisher":{"@id":"https:\/\/infoecos.com.ar\/#organization"},"image":{"@id":"https:\/\/infoecos.com.ar\/index.php\/esta-en-trenque-lauquen-y-genera-buena-respuesta-de-la-ciudad-el-tren-museo-de-ferrocarriles-argentinos\/#primaryimage"},"thumbnailUrl":"https:\/\/infoecos.com.ar\/wp-content\/uploads\/2021\/09\/20210924_201630.jpg","keywords":["SE PUEDE VISITAR HASTA EL DOMINGO"],"articleSection":["C2 N2"],"inLanguage":"es"},{"@type":"WebPage","@id":"https:\/\/infoecos.com.ar\/index.php\/esta-en-trenque-lauquen-y-genera-buena-respuesta-de-la-ciudad-el-tren-museo-de-ferrocarriles-argentinos\/","url":"https:\/\/infoecos.com.ar\/index.php\/esta-en-trenque-lauquen-y-genera-buena-respuesta-de-la-ciudad-el-tren-museo-de-ferrocarriles-argentinos\/","name":"Est\u00e1 en Trenque Lauquen y genera buena respuesta de la comunidad el Tren Museo de Ferrocarriles Argentinos - Infoecos","isPartOf":{"@id":"https:\/\/infoecos.com.ar\/#website"},"primaryImageOfPage":{"@id":"https:\/\/infoecos.com.ar\/index.php\/esta-en-trenque-lauquen-y-genera-buena-respuesta-de-la-ciudad-el-tren-museo-de-ferrocarriles-argentinos\/#primaryimage"},"image":{"@id":"https:\/\/infoecos.com.ar\/index.php\/esta-en-trenque-lauquen-y-genera-buena-respuesta-de-la-ciudad-el-tren-museo-de-ferrocarriles-argentinos\/#primaryimage"},"thumbnailUrl":"https:\/\/infoecos.com.ar\/wp-content\/uploads\/2021\/09\/20210924_201630.jpg","datePublished":"2021-09-25T18:31:47+00:00","dateModified":"2021-09-25T18:50:23+00:00","breadcrumb":{"@id":"https:\/\/infoecos.com.ar\/index.php\/esta-en-trenque-lauquen-y-genera-buena-respuesta-de-la-ciudad-el-tren-museo-de-ferrocarriles-argentinos\/#breadcrumb"},"inLanguage":"es","potentialAction":[{"@type":"ReadAction","target":["https:\/\/infoecos.com.ar\/index.php\/esta-en-trenque-lauquen-y-genera-buena-respuesta-de-la-ciudad-el-tren-museo-de-ferrocarriles-argentinos\/"]}]},{"@type":"ImageObject","inLanguage":"es","@id":"https:\/\/infoecos.com.ar\/index.php\/esta-en-trenque-lauquen-y-genera-buena-respuesta-de-la-ciudad-el-tren-museo-de-ferrocarriles-argentinos\/#primaryimage","url":"https:\/\/infoecos.com.ar\/wp-content\/uploads\/2021\/09\/20210924_201630.jpg","contentUrl":"https:\/\/infoecos.com.ar\/wp-content\/uploads\/2021\/09\/20210924_201630.jpg","width":1600,"height":900},{"@type":"BreadcrumbList","@id":"https:\/\/infoecos.com.ar\/index.php\/esta-en-trenque-lauquen-y-genera-buena-respuesta-de-la-ciudad-el-tren-museo-de-ferrocarriles-argentinos\/#breadcrumb","itemListElement":[{"@type":"ListItem","position":1,"name":"Portada","item":"https:\/\/infoecos.com.ar\/"},{"@type":"ListItem","position":2,"name":"Est\u00e1 en Trenque Lauquen y genera buena respuesta de la comunidad el Tren Museo de Ferrocarriles Argentinos"}]},{"@type":"WebSite","@id":"https:\/\/infoecos.com.ar\/#website","url":"https:\/\/infoecos.com.ar\/","name":"Infoecos","description":"Noticias de trenque lauquen y la zona","publisher":{"@id":"https:\/\/infoecos.com.ar\/#organization"},"alternateName":"Noticias","potentialAction":[{"@type":"SearchAction","target":{"@type":"EntryPoint","urlTemplate":"https:\/\/infoecos.com.ar\/?s={search_term_string}"},"query-input":{"@type":"PropertyValueSpecification","valueRequired":true,"valueName":"search_term_string"}}],"inLanguage":"es"},{"@type":"Organization","@id":"https:\/\/infoecos.com.ar\/#organization","name":"Infoecos","alternateName":"Noticias","url":"https:\/\/infoecos.com.ar\/","logo":{"@type":"ImageObject","inLanguage":"es","@id":"https:\/\/infoecos.com.ar\/#\/schema\/logo\/image\/","url":"https:\/\/infoecos.com.ar\/wp-content\/uploads\/2024\/03\/cropped-logo.png","contentUrl":"https:\/\/infoecos.com.ar\/wp-content\/uploads\/2024\/03\/cropped-logo.png","width":374,"height":90,"caption":"Infoecos"},"image":{"@id":"https:\/\/infoecos.com.ar\/#\/schema\/logo\/image\/"},"sameAs":["https:\/\/www.facebook.com\/profile.php?id=100063200290284","https:\/\/x.com\/infoecos"]},{"@type":"Person","@id":"https:\/\/infoecos.com.ar\/#\/schema\/person\/8f5ace5ce73b4b4aac4b7245aee6f191","name":"Jorge Matheus","url":"https:\/\/infoecos.com.ar\/index.php\/author\/jomatheus\/"}]}},"featured_image_urls":{"full":["https:\/\/infoecos.com.ar\/wp-content\/uploads\/2021\/09\/20210924_201630.jpg",1600,900,false],"thumbnail":["https:\/\/infoecos.com.ar\/wp-content\/uploads\/2021\/09\/20210924_201630-150x150.jpg",150,150,true],"medium":["https:\/\/infoecos.com.ar\/wp-content\/uploads\/2021\/09\/20210924_201630-460x259.jpg",460,259,true],"medium_large":["https:\/\/infoecos.com.ar\/wp-content\/uploads\/2021\/09\/20210924_201630-768x432.jpg",640,360,true],"large":["https:\/\/infoecos.com.ar\/wp-content\/uploads\/2021\/09\/20210924_201630-920x518.jpg",640,360,true],"1536x1536":["https:\/\/infoecos.com.ar\/wp-content\/uploads\/2021\/09\/20210924_201630-1536x864.jpg",1536,864,true],"2048x2048":["https:\/\/infoecos.com.ar\/wp-content\/uploads\/2021\/09\/20210924_201630.jpg",1600,900,false],"covernews-slider-full":["https:\/\/infoecos.com.ar\/wp-content\/uploads\/2021\/09\/20210924_201630-1536x900.jpg",1115,653,true],"covernews-slider-center":["https:\/\/infoecos.com.ar\/wp-content\/uploads\/2021\/09\/20210924_201630-936x897.jpg",522,500,true],"covernews-featured":["https:\/\/infoecos.com.ar\/wp-content\/uploads\/2021\/09\/20210924_201630-1024x576.jpg",1024,576,true],"covernews-medium":["https:\/\/infoecos.com.ar\/wp-content\/uploads\/2021\/09\/20210924_201630-720x380.jpg",540,285,true],"covernews-medium-square":["https:\/\/infoecos.com.ar\/wp-content\/uploads\/2021\/09\/20210924_201630-675x450.jpg",375,250,true]},"author_info":{"info":["Jorge Matheus"]},"category_info":"<a href=\"https:\/\/infoecos.com.ar\/index.php\/category\/c2nota2\/\" rel=\"category tag\">C2 N2<\/a>","tag_info":"C2 N2","comment_count":"0","_links":{"self":[{"href":"https:\/\/infoecos.com.ar\/index.php\/wp-json\/wp\/v2\/posts\/86865"}],"collection":[{"href":"https:\/\/infoecos.com.ar\/index.php\/wp-json\/wp\/v2\/posts"}],"about":[{"href":"https:\/\/infoecos.com.ar\/index.php\/wp-json\/wp\/v2\/types\/post"}],"author":[{"embeddable":true,"href":"https:\/\/infoecos.com.ar\/index.php\/wp-json\/wp\/v2\/users\/2"}],"replies":[{"embeddable":true,"href":"https:\/\/infoecos.com.ar\/index.php\/wp-json\/wp\/v2\/comments?post=86865"}],"version-history":[{"count":2,"href":"https:\/\/infoecos.com.ar\/index.php\/wp-json\/wp\/v2\/posts\/86865\/revisions"}],"predecessor-version":[{"id":86874,"href":"https:\/\/infoecos.com.ar\/index.php\/wp-json\/wp\/v2\/posts\/86865\/revisions\/86874"}],"wp:featuredmedia":[{"embeddable":true,"href":"https:\/\/infoecos.com.ar\/index.php\/wp-json\/wp\/v2\/media\/86866"}],"wp:attachment":[{"href":"https:\/\/infoecos.com.ar\/index.php\/wp-json\/wp\/v2\/media?parent=86865"}],"wp:term":[{"taxonomy":"category","embeddable":true,"href":"https:\/\/infoecos.com.ar\/index.php\/wp-json\/wp\/v2\/categories?post=86865"},{"taxonomy":"post_tag","embeddable":true,"href":"https:\/\/infoecos.com.ar\/index.php\/wp-json\/wp\/v2\/tags?post=86865"}],"curies":[{"name":"wp","href":"https:\/\/api.w.org\/{rel}","templated":true}]}}