{"id":86914,"date":"2021-09-26T17:14:26","date_gmt":"2021-09-26T20:14:26","guid":{"rendered":"http:\/\/infoecos.com.ar\/?p=86914"},"modified":"2021-09-27T03:39:27","modified_gmt":"2021-09-27T06:39:27","slug":"se-mantiene-en-40-el-numero-de-casos-activos-en-el-distrito-de-trenque-lauquen","status":"publish","type":"post","link":"https:\/\/infoecos.com.ar\/index.php\/se-mantiene-en-40-el-numero-de-casos-activos-en-el-distrito-de-trenque-lauquen\/","title":{"rendered":"Se mantiene en 40 el n\u00famero de casos activos en el distrito de Trenque Lauquen"},"content":{"rendered":"\n<p class=\"wp-block-paragraph\">El n\u00famero de casos activos de Covid-19 en el distrito de Trenque Lauquen se mantiene en 40, tras haberse reportado la misma cantidad de nuevos casos positivos y de personas recuperadas, cinco (5), y 43 casos descartados, inform\u00f3 la subsecretar\u00eda de Salud municipal. Adem\u00e1s, hay 135 personas en aislamiento y quedan 11 casos sospechosos.<\/p>\n\n\n\n<div class=\"wp-block-image\"><figure class=\"aligncenter size-medium\"><img loading=\"lazy\" decoding=\"async\" width=\"460\" height=\"423\" src=\"http:\/\/infoecos.com.ar\/wp-content\/uploads\/2021\/09\/reportedomingo-2-460x423.jpg\" alt=\"\" class=\"wp-image-86915\" srcset=\"https:\/\/infoecos.com.ar\/wp-content\/uploads\/2021\/09\/reportedomingo-2-460x423.jpg 460w, https:\/\/infoecos.com.ar\/wp-content\/uploads\/2021\/09\/reportedomingo-2-768x706.jpg 768w, https:\/\/infoecos.com.ar\/wp-content\/uploads\/2021\/09\/reportedomingo-2.jpg 800w\" sizes=\"auto, (max-width: 460px) 100vw, 460px\" \/><\/figure><\/div>\n\n\n\n<p class=\"wp-block-paragraph\">Los cinco (5) nuevos casos confirmados pertenecen a Trenque Lauquen y de ellos cuatro (4) fueron diagnosticados por nexo o criterio epidemiol\u00f3gico seg\u00fan protocolo actualizado vigente y uno (1) por hisopado.<\/p>\n\n\n\n<p class=\"wp-block-paragraph\">De los 40 casos activos, 38 corresponden a Trenque Lauquen y dos (2) a Treinta de Agosto, permaneciendo dos (2) internados en el Hospital municipal y 38 en sus domicilios particulares.<\/p>\n\n\n\n<p class=\"wp-block-paragraph\">Tres (3) de las cinco (5) personas recuperadas en las \u00faltimas 24 horas son de Trenque Lauquen y dos (2) de Treinta de Agosto, ascendiendo a 10.214 las que recibieron el alta desde marzo del a\u00f1o pasado, cuando comenz\u00f3 la pandemia.<\/p>\n\n\n\n<p class=\"wp-block-paragraph\">En ese per\u00edodo tambi\u00e9n fueron descartados 21.343 casos, incluidos los 43 de hoy: 34 de Trenque Lauquen y nueve (9) de Treinta de Agosto.<\/p>\n\n\n\n<p class=\"wp-block-paragraph\">Entre las 135 personas que est\u00e1n en aislamiento, 134 residen en la ciudad cabecera y una (1) en Treinta de Agosto, mientras que de los 11 casos sospechosos, ocho (8) son de Trenque Lauquen y tres (3) de Treinta de Agosto.<\/p>\n","protected":false},"excerpt":{"rendered":"<p>De los 40 casos activos, 38 corresponden a Trenque Lauquen y dos (2) a Treinta de Agosto<\/p>\n","protected":false},"author":2,"featured_media":59464,"comment_status":"closed","ping_status":"open","sticky":false,"template":"","format":"standard","meta":{"footnotes":""},"categories":[45],"tags":[5264],"class_list":["post-86914","post","type-post","status-publish","format-standard","has-post-thumbnail","hentry","category-c1nota2","tag-2-internados-en-el-hospital-municipal"],"featured_image_urls":{"full":["https:\/\/infoecos.com.ar\/wp-content\/uploads\/IMG_20200323_191545.jpg",1600,1200,false],"thumbnail":["https:\/\/infoecos.com.ar\/wp-content\/uploads\/IMG_20200323_191545-150x150.jpg",150,150,true],"medium":["https:\/\/infoecos.com.ar\/wp-content\/uploads\/IMG_20200323_191545-460x345.jpg",460,345,true],"medium_large":["https:\/\/infoecos.com.ar\/wp-content\/uploads\/IMG_20200323_191545-768x576.jpg",640,480,true],"large":["https:\/\/infoecos.com.ar\/wp-content\/uploads\/IMG_20200323_191545-920x690.jpg",640,480,true],"1536x1536":["https:\/\/infoecos.com.ar\/wp-content\/uploads\/IMG_20200323_191545-1536x1152.jpg",1536,1152,true],"2048x2048":["https:\/\/infoecos.com.ar\/wp-content\/uploads\/IMG_20200323_191545.jpg",1600,1200,false],"covernews-slider-full":["https:\/\/infoecos.com.ar\/wp-content\/uploads\/IMG_20200323_191545-1536x1020.jpg",1077,715,true],"covernews-slider-center":["https:\/\/infoecos.com.ar\/wp-content\/uploads\/IMG_20200323_191545-936x897.jpg",522,500,true],"covernews-featured":["https:\/\/infoecos.com.ar\/wp-content\/uploads\/IMG_20200323_191545-1024x768.jpg",1024,768,true],"covernews-medium":["https:\/\/infoecos.com.ar\/wp-content\/uploads\/IMG_20200323_191545-720x380.jpg",540,285,true],"covernews-medium-square":["https:\/\/infoecos.com.ar\/wp-content\/uploads\/IMG_20200323_191545-675x450.jpg",375,250,true]},"author_info":{"info":["Jorge Matheus"]},"category_info":"<a href=\"https:\/\/infoecos.com.ar\/index.php\/category\/c1nota2\/\" rel=\"category tag\">C1 N2<\/a>","tag_info":"C1 N2","comment_count":"0","_links":{"self":[{"href":"https:\/\/infoecos.com.ar\/index.php\/wp-json\/wp\/v2\/posts\/86914","targetHints":{"allow":["GET"]}}],"collection":[{"href":"https:\/\/infoecos.com.ar\/index.php\/wp-json\/wp\/v2\/posts"}],"about":[{"href":"https:\/\/infoecos.com.ar\/index.php\/wp-json\/wp\/v2\/types\/post"}],"author":[{"embeddable":true,"href":"https:\/\/infoecos.com.ar\/index.php\/wp-json\/wp\/v2\/users\/2"}],"replies":[{"embeddable":true,"href":"https:\/\/infoecos.com.ar\/index.php\/wp-json\/wp\/v2\/comments?post=86914"}],"version-history":[{"count":1,"href":"https:\/\/infoecos.com.ar\/index.php\/wp-json\/wp\/v2\/posts\/86914\/revisions"}],"predecessor-version":[{"id":86916,"href":"https:\/\/infoecos.com.ar\/index.php\/wp-json\/wp\/v2\/posts\/86914\/revisions\/86916"}],"wp:featuredmedia":[{"embeddable":true,"href":"https:\/\/infoecos.com.ar\/index.php\/wp-json\/wp\/v2\/media\/59464"}],"wp:attachment":[{"href":"https:\/\/infoecos.com.ar\/index.php\/wp-json\/wp\/v2\/media?parent=86914"}],"wp:term":[{"taxonomy":"category","embeddable":true,"href":"https:\/\/infoecos.com.ar\/index.php\/wp-json\/wp\/v2\/categories?post=86914"},{"taxonomy":"post_tag","embeddable":true,"href":"https:\/\/infoecos.com.ar\/index.php\/wp-json\/wp\/v2\/tags?post=86914"}],"curies":[{"name":"wp","href":"https:\/\/api.w.org\/{rel}","templated":true}]}}