{"id":86927,"date":"2021-09-26T17:48:20","date_gmt":"2021-09-26T20:48:20","guid":{"rendered":"http:\/\/infoecos.com.ar\/?p=86927"},"modified":"2021-09-26T17:48:21","modified_gmt":"2021-09-26T20:48:21","slug":"el-ajuste-de-tarifas-sera-inferior-a-los-aumentos-salariales","status":"publish","type":"post","link":"https:\/\/infoecos.com.ar\/index.php\/el-ajuste-de-tarifas-sera-inferior-a-los-aumentos-salariales\/","title":{"rendered":"El ajuste de tarifas ser\u00e1 inferior a los aumentos salariales"},"content":{"rendered":"\n<p>El Gobierno nacional asegur\u00f3 que el&nbsp;ajuste de tarifas de electricidad y gas ser\u00e1 inferior al aumento de los salarios, aunque todav\u00eda no est\u00e1n definidos los porcentajes.<\/p>\n\n\n\n<div class=\"wp-block-image\"><figure class=\"aligncenter size-medium\"><img loading=\"lazy\" decoding=\"async\" width=\"460\" height=\"248\" src=\"http:\/\/infoecos.com.ar\/wp-content\/uploads\/2021\/05\/MARTINEZDARIO-460x248.jpg\" alt=\"\" class=\"wp-image-78124\" srcset=\"https:\/\/infoecos.com.ar\/wp-content\/uploads\/2021\/05\/MARTINEZDARIO-460x248.jpg 460w, https:\/\/infoecos.com.ar\/wp-content\/uploads\/2021\/05\/MARTINEZDARIO-920x497.jpg 920w, https:\/\/infoecos.com.ar\/wp-content\/uploads\/2021\/05\/MARTINEZDARIO-768x415.jpg 768w, https:\/\/infoecos.com.ar\/wp-content\/uploads\/2021\/05\/MARTINEZDARIO.jpg 1000w\" sizes=\"(max-width: 460px) 100vw, 460px\" \/><\/figure><\/div>\n\n\n\n<p>Lo confirm\u00f3 el\u00a0secretario de Energ\u00eda, Dar\u00edo Mart\u00ednez,\u00a0a la vez que rechaz\u00f3 un aumento del 30% estimando que la suba se concentrar\u00e1 entre el 10% y 15%.<\/p>\n\n\n\n<p>De todas formas, a esos porcentajes habr\u00e1 que sumarle otro aumento en el Valor Agregado de Distribuci\u00f3n (VAD), el margen de las distribuidoras por prestar sus servicios, que lo definen las provincias y que tambi\u00e9n impactar\u00e1 en la tarifas.<\/p>\n\n\n\n<p>En Buenos Aires, el VAD representa cerca del 20% mientras en el interior puede llegar a ser m\u00e1s alto, de alrededor del 40%.<\/p>\n\n\n\n<p>Mart\u00ednez explic\u00f3 que \u00abel nivel de evoluci\u00f3n debe ser por debajo de los salarios\u00bb\u00a0y el presupuesto pone topes sobre la utilizaci\u00f3n de subsidios; eso s\u00ed es una discusi\u00f3n de much\u00edsimos a\u00f1os de la Argentina para usarlos m\u00e1s eficientemente\u201d.<\/p>\n\n\n\n<p>Adem\u00e1s sostuvo que \u201ca medida que evolucione el bolsillo, podr\u00e1 evolucionar la tarifa, pero siempre por debajo de la inflaci\u00f3n\u201d. \u201cEste a\u00f1o se tom\u00f3 la decisi\u00f3n de que aumente un d\u00edgito y creo que el a\u00f1o que viene andar\u00e1 s\u00f3lo un poco por arriba de eso\u201d indic\u00f3.<\/p>\n","protected":false},"excerpt":{"rendered":"<p>Rechaz\u00f3 un aumento del 30% estimando que la suba se concentrar\u00e1 entre el 10% y 15%.<\/p>\n","protected":false},"author":2,"featured_media":76527,"comment_status":"closed","ping_status":"open","sticky":false,"template":"","format":"standard","meta":{"footnotes":""},"categories":[24],"tags":[5272],"class_list":["post-86927","post","type-post","status-publish","format-standard","has-post-thumbnail","hentry","category-c1nota3","tag-confirmacion-del-secretario-de-energia"],"yoast_head":"<!-- This site is optimized with the Yoast SEO plugin v23.4 - https:\/\/yoast.com\/wordpress\/plugins\/seo\/ -->\n<title>El ajuste de tarifas ser\u00e1 inferior a los aumentos salariales - Infoecos<\/title>\n<meta name=\"robots\" content=\"index, follow, max-snippet:-1, max-image-preview:large, max-video-preview:-1\" \/>\n<link rel=\"canonical\" href=\"https:\/\/infoecos.com.ar\/index.php\/el-ajuste-de-tarifas-sera-inferior-a-los-aumentos-salariales\/\" \/>\n<meta property=\"og:locale\" content=\"es_ES\" \/>\n<meta property=\"og:type\" content=\"article\" \/>\n<meta property=\"og:title\" content=\"El ajuste de tarifas ser\u00e1 inferior a los aumentos salariales - Infoecos\" \/>\n<meta property=\"og:description\" content=\"Rechaz\u00f3 un aumento del 30% estimando que la suba se concentrar\u00e1 entre el 10% y 15%.\" \/>\n<meta property=\"og:url\" content=\"https:\/\/infoecos.com.ar\/index.php\/el-ajuste-de-tarifas-sera-inferior-a-los-aumentos-salariales\/\" \/>\n<meta property=\"og:site_name\" content=\"Infoecos\" \/>\n<meta property=\"article:publisher\" content=\"https:\/\/www.facebook.com\/profile.php?id=100063200290284\" \/>\n<meta property=\"article:published_time\" content=\"2021-09-26T20:48:20+00:00\" \/>\n<meta property=\"article:modified_time\" content=\"2021-09-26T20:48:21+00:00\" \/>\n<meta property=\"og:image\" content=\"https:\/\/infoecos.com.ar\/wp-content\/uploads\/2021\/03\/martinezdario.jpg\" \/>\n\t<meta property=\"og:image:width\" content=\"920\" \/>\n\t<meta property=\"og:image:height\" content=\"517\" \/>\n\t<meta property=\"og:image:type\" content=\"image\/jpeg\" \/>\n<meta name=\"author\" content=\"Jorge Matheus\" \/>\n<meta name=\"twitter:card\" content=\"summary_large_image\" \/>\n<meta name=\"twitter:creator\" content=\"@infoecos\" \/>\n<meta name=\"twitter:site\" content=\"@infoecos\" \/>\n<meta name=\"twitter:label1\" content=\"Escrito por\" \/>\n\t<meta name=\"twitter:data1\" content=\"Jorge Matheus\" \/>\n\t<meta name=\"twitter:label2\" content=\"Tiempo de lectura\" \/>\n\t<meta name=\"twitter:data2\" content=\"1 minuto\" \/>\n<script type=\"application\/ld+json\" class=\"yoast-schema-graph\">{\"@context\":\"https:\/\/schema.org\",\"@graph\":[{\"@type\":\"Article\",\"@id\":\"https:\/\/infoecos.com.ar\/index.php\/el-ajuste-de-tarifas-sera-inferior-a-los-aumentos-salariales\/#article\",\"isPartOf\":{\"@id\":\"https:\/\/infoecos.com.ar\/index.php\/el-ajuste-de-tarifas-sera-inferior-a-los-aumentos-salariales\/\"},\"author\":{\"name\":\"Jorge Matheus\",\"@id\":\"https:\/\/infoecos.com.ar\/#\/schema\/person\/8f5ace5ce73b4b4aac4b7245aee6f191\"},\"headline\":\"El ajuste de tarifas ser\u00e1 inferior a los aumentos salariales\",\"datePublished\":\"2021-09-26T20:48:20+00:00\",\"dateModified\":\"2021-09-26T20:48:21+00:00\",\"mainEntityOfPage\":{\"@id\":\"https:\/\/infoecos.com.ar\/index.php\/el-ajuste-de-tarifas-sera-inferior-a-los-aumentos-salariales\/\"},\"wordCount\":231,\"publisher\":{\"@id\":\"https:\/\/infoecos.com.ar\/#organization\"},\"image\":{\"@id\":\"https:\/\/infoecos.com.ar\/index.php\/el-ajuste-de-tarifas-sera-inferior-a-los-aumentos-salariales\/#primaryimage\"},\"thumbnailUrl\":\"https:\/\/infoecos.com.ar\/wp-content\/uploads\/2021\/03\/martinezdario.jpg\",\"keywords\":[\"CONFIRMACI\u00d3N DEL SECRETARIO DE ENERG\u00cdA\"],\"articleSection\":[\"C1 N3\"],\"inLanguage\":\"es\"},{\"@type\":\"WebPage\",\"@id\":\"https:\/\/infoecos.com.ar\/index.php\/el-ajuste-de-tarifas-sera-inferior-a-los-aumentos-salariales\/\",\"url\":\"https:\/\/infoecos.com.ar\/index.php\/el-ajuste-de-tarifas-sera-inferior-a-los-aumentos-salariales\/\",\"name\":\"El ajuste de tarifas ser\u00e1 inferior a los aumentos salariales - Infoecos\",\"isPartOf\":{\"@id\":\"https:\/\/infoecos.com.ar\/#website\"},\"primaryImageOfPage\":{\"@id\":\"https:\/\/infoecos.com.ar\/index.php\/el-ajuste-de-tarifas-sera-inferior-a-los-aumentos-salariales\/#primaryimage\"},\"image\":{\"@id\":\"https:\/\/infoecos.com.ar\/index.php\/el-ajuste-de-tarifas-sera-inferior-a-los-aumentos-salariales\/#primaryimage\"},\"thumbnailUrl\":\"https:\/\/infoecos.com.ar\/wp-content\/uploads\/2021\/03\/martinezdario.jpg\",\"datePublished\":\"2021-09-26T20:48:20+00:00\",\"dateModified\":\"2021-09-26T20:48:21+00:00\",\"breadcrumb\":{\"@id\":\"https:\/\/infoecos.com.ar\/index.php\/el-ajuste-de-tarifas-sera-inferior-a-los-aumentos-salariales\/#breadcrumb\"},\"inLanguage\":\"es\",\"potentialAction\":[{\"@type\":\"ReadAction\",\"target\":[\"https:\/\/infoecos.com.ar\/index.php\/el-ajuste-de-tarifas-sera-inferior-a-los-aumentos-salariales\/\"]}]},{\"@type\":\"ImageObject\",\"inLanguage\":\"es\",\"@id\":\"https:\/\/infoecos.com.ar\/index.php\/el-ajuste-de-tarifas-sera-inferior-a-los-aumentos-salariales\/#primaryimage\",\"url\":\"https:\/\/infoecos.com.ar\/wp-content\/uploads\/2021\/03\/martinezdario.jpg\",\"contentUrl\":\"https:\/\/infoecos.com.ar\/wp-content\/uploads\/2021\/03\/martinezdario.jpg\",\"width\":920,\"height\":517},{\"@type\":\"BreadcrumbList\",\"@id\":\"https:\/\/infoecos.com.ar\/index.php\/el-ajuste-de-tarifas-sera-inferior-a-los-aumentos-salariales\/#breadcrumb\",\"itemListElement\":[{\"@type\":\"ListItem\",\"position\":1,\"name\":\"Portada\",\"item\":\"https:\/\/infoecos.com.ar\/\"},{\"@type\":\"ListItem\",\"position\":2,\"name\":\"El ajuste de tarifas ser\u00e1 inferior a los aumentos salariales\"}]},{\"@type\":\"WebSite\",\"@id\":\"https:\/\/infoecos.com.ar\/#website\",\"url\":\"https:\/\/infoecos.com.ar\/\",\"name\":\"Infoecos\",\"description\":\"Noticias de trenque lauquen y la zona\",\"publisher\":{\"@id\":\"https:\/\/infoecos.com.ar\/#organization\"},\"alternateName\":\"Noticias\",\"potentialAction\":[{\"@type\":\"SearchAction\",\"target\":{\"@type\":\"EntryPoint\",\"urlTemplate\":\"https:\/\/infoecos.com.ar\/?s={search_term_string}\"},\"query-input\":{\"@type\":\"PropertyValueSpecification\",\"valueRequired\":true,\"valueName\":\"search_term_string\"}}],\"inLanguage\":\"es\"},{\"@type\":\"Organization\",\"@id\":\"https:\/\/infoecos.com.ar\/#organization\",\"name\":\"Infoecos\",\"alternateName\":\"Noticias\",\"url\":\"https:\/\/infoecos.com.ar\/\",\"logo\":{\"@type\":\"ImageObject\",\"inLanguage\":\"es\",\"@id\":\"https:\/\/infoecos.com.ar\/#\/schema\/logo\/image\/\",\"url\":\"https:\/\/infoecos.com.ar\/wp-content\/uploads\/2024\/03\/cropped-logo.png\",\"contentUrl\":\"https:\/\/infoecos.com.ar\/wp-content\/uploads\/2024\/03\/cropped-logo.png\",\"width\":374,\"height\":90,\"caption\":\"Infoecos\"},\"image\":{\"@id\":\"https:\/\/infoecos.com.ar\/#\/schema\/logo\/image\/\"},\"sameAs\":[\"https:\/\/www.facebook.com\/profile.php?id=100063200290284\",\"https:\/\/x.com\/infoecos\"]},{\"@type\":\"Person\",\"@id\":\"https:\/\/infoecos.com.ar\/#\/schema\/person\/8f5ace5ce73b4b4aac4b7245aee6f191\",\"name\":\"Jorge Matheus\",\"url\":\"https:\/\/infoecos.com.ar\/index.php\/author\/jomatheus\/\"}]}<\/script>\n<!-- \/ Yoast SEO plugin. -->","yoast_head_json":{"title":"El ajuste de tarifas ser\u00e1 inferior a los aumentos salariales - Infoecos","robots":{"index":"index","follow":"follow","max-snippet":"max-snippet:-1","max-image-preview":"max-image-preview:large","max-video-preview":"max-video-preview:-1"},"canonical":"https:\/\/infoecos.com.ar\/index.php\/el-ajuste-de-tarifas-sera-inferior-a-los-aumentos-salariales\/","og_locale":"es_ES","og_type":"article","og_title":"El ajuste de tarifas ser\u00e1 inferior a los aumentos salariales - Infoecos","og_description":"Rechaz\u00f3 un aumento del 30% estimando que la suba se concentrar\u00e1 entre el 10% y 15%.","og_url":"https:\/\/infoecos.com.ar\/index.php\/el-ajuste-de-tarifas-sera-inferior-a-los-aumentos-salariales\/","og_site_name":"Infoecos","article_publisher":"https:\/\/www.facebook.com\/profile.php?id=100063200290284","article_published_time":"2021-09-26T20:48:20+00:00","article_modified_time":"2021-09-26T20:48:21+00:00","og_image":[{"width":920,"height":517,"url":"https:\/\/infoecos.com.ar\/wp-content\/uploads\/2021\/03\/martinezdario.jpg","type":"image\/jpeg"}],"author":"Jorge Matheus","twitter_card":"summary_large_image","twitter_creator":"@infoecos","twitter_site":"@infoecos","twitter_misc":{"Escrito por":"Jorge Matheus","Tiempo de lectura":"1 minuto"},"schema":{"@context":"https:\/\/schema.org","@graph":[{"@type":"Article","@id":"https:\/\/infoecos.com.ar\/index.php\/el-ajuste-de-tarifas-sera-inferior-a-los-aumentos-salariales\/#article","isPartOf":{"@id":"https:\/\/infoecos.com.ar\/index.php\/el-ajuste-de-tarifas-sera-inferior-a-los-aumentos-salariales\/"},"author":{"name":"Jorge Matheus","@id":"https:\/\/infoecos.com.ar\/#\/schema\/person\/8f5ace5ce73b4b4aac4b7245aee6f191"},"headline":"El ajuste de tarifas ser\u00e1 inferior a los aumentos salariales","datePublished":"2021-09-26T20:48:20+00:00","dateModified":"2021-09-26T20:48:21+00:00","mainEntityOfPage":{"@id":"https:\/\/infoecos.com.ar\/index.php\/el-ajuste-de-tarifas-sera-inferior-a-los-aumentos-salariales\/"},"wordCount":231,"publisher":{"@id":"https:\/\/infoecos.com.ar\/#organization"},"image":{"@id":"https:\/\/infoecos.com.ar\/index.php\/el-ajuste-de-tarifas-sera-inferior-a-los-aumentos-salariales\/#primaryimage"},"thumbnailUrl":"https:\/\/infoecos.com.ar\/wp-content\/uploads\/2021\/03\/martinezdario.jpg","keywords":["CONFIRMACI\u00d3N DEL SECRETARIO DE ENERG\u00cdA"],"articleSection":["C1 N3"],"inLanguage":"es"},{"@type":"WebPage","@id":"https:\/\/infoecos.com.ar\/index.php\/el-ajuste-de-tarifas-sera-inferior-a-los-aumentos-salariales\/","url":"https:\/\/infoecos.com.ar\/index.php\/el-ajuste-de-tarifas-sera-inferior-a-los-aumentos-salariales\/","name":"El ajuste de tarifas ser\u00e1 inferior a los aumentos salariales - Infoecos","isPartOf":{"@id":"https:\/\/infoecos.com.ar\/#website"},"primaryImageOfPage":{"@id":"https:\/\/infoecos.com.ar\/index.php\/el-ajuste-de-tarifas-sera-inferior-a-los-aumentos-salariales\/#primaryimage"},"image":{"@id":"https:\/\/infoecos.com.ar\/index.php\/el-ajuste-de-tarifas-sera-inferior-a-los-aumentos-salariales\/#primaryimage"},"thumbnailUrl":"https:\/\/infoecos.com.ar\/wp-content\/uploads\/2021\/03\/martinezdario.jpg","datePublished":"2021-09-26T20:48:20+00:00","dateModified":"2021-09-26T20:48:21+00:00","breadcrumb":{"@id":"https:\/\/infoecos.com.ar\/index.php\/el-ajuste-de-tarifas-sera-inferior-a-los-aumentos-salariales\/#breadcrumb"},"inLanguage":"es","potentialAction":[{"@type":"ReadAction","target":["https:\/\/infoecos.com.ar\/index.php\/el-ajuste-de-tarifas-sera-inferior-a-los-aumentos-salariales\/"]}]},{"@type":"ImageObject","inLanguage":"es","@id":"https:\/\/infoecos.com.ar\/index.php\/el-ajuste-de-tarifas-sera-inferior-a-los-aumentos-salariales\/#primaryimage","url":"https:\/\/infoecos.com.ar\/wp-content\/uploads\/2021\/03\/martinezdario.jpg","contentUrl":"https:\/\/infoecos.com.ar\/wp-content\/uploads\/2021\/03\/martinezdario.jpg","width":920,"height":517},{"@type":"BreadcrumbList","@id":"https:\/\/infoecos.com.ar\/index.php\/el-ajuste-de-tarifas-sera-inferior-a-los-aumentos-salariales\/#breadcrumb","itemListElement":[{"@type":"ListItem","position":1,"name":"Portada","item":"https:\/\/infoecos.com.ar\/"},{"@type":"ListItem","position":2,"name":"El ajuste de tarifas ser\u00e1 inferior a los aumentos salariales"}]},{"@type":"WebSite","@id":"https:\/\/infoecos.com.ar\/#website","url":"https:\/\/infoecos.com.ar\/","name":"Infoecos","description":"Noticias de trenque lauquen y la zona","publisher":{"@id":"https:\/\/infoecos.com.ar\/#organization"},"alternateName":"Noticias","potentialAction":[{"@type":"SearchAction","target":{"@type":"EntryPoint","urlTemplate":"https:\/\/infoecos.com.ar\/?s={search_term_string}"},"query-input":{"@type":"PropertyValueSpecification","valueRequired":true,"valueName":"search_term_string"}}],"inLanguage":"es"},{"@type":"Organization","@id":"https:\/\/infoecos.com.ar\/#organization","name":"Infoecos","alternateName":"Noticias","url":"https:\/\/infoecos.com.ar\/","logo":{"@type":"ImageObject","inLanguage":"es","@id":"https:\/\/infoecos.com.ar\/#\/schema\/logo\/image\/","url":"https:\/\/infoecos.com.ar\/wp-content\/uploads\/2024\/03\/cropped-logo.png","contentUrl":"https:\/\/infoecos.com.ar\/wp-content\/uploads\/2024\/03\/cropped-logo.png","width":374,"height":90,"caption":"Infoecos"},"image":{"@id":"https:\/\/infoecos.com.ar\/#\/schema\/logo\/image\/"},"sameAs":["https:\/\/www.facebook.com\/profile.php?id=100063200290284","https:\/\/x.com\/infoecos"]},{"@type":"Person","@id":"https:\/\/infoecos.com.ar\/#\/schema\/person\/8f5ace5ce73b4b4aac4b7245aee6f191","name":"Jorge Matheus","url":"https:\/\/infoecos.com.ar\/index.php\/author\/jomatheus\/"}]}},"featured_image_urls":{"full":["https:\/\/infoecos.com.ar\/wp-content\/uploads\/2021\/03\/martinezdario.jpg",920,517,false],"thumbnail":["https:\/\/infoecos.com.ar\/wp-content\/uploads\/2021\/03\/martinezdario-150x150.jpg",150,150,true],"medium":["https:\/\/infoecos.com.ar\/wp-content\/uploads\/2021\/03\/martinezdario-460x259.jpg",460,259,true],"medium_large":["https:\/\/infoecos.com.ar\/wp-content\/uploads\/2021\/03\/martinezdario-768x432.jpg",640,360,true],"large":["https:\/\/infoecos.com.ar\/wp-content\/uploads\/2021\/03\/martinezdario.jpg",640,360,false],"1536x1536":["https:\/\/infoecos.com.ar\/wp-content\/uploads\/2021\/03\/martinezdario.jpg",920,517,false],"2048x2048":["https:\/\/infoecos.com.ar\/wp-content\/uploads\/2021\/03\/martinezdario.jpg",920,517,false],"covernews-slider-full":["https:\/\/infoecos.com.ar\/wp-content\/uploads\/2021\/03\/martinezdario.jpg",920,517,false],"covernews-slider-center":["https:\/\/infoecos.com.ar\/wp-content\/uploads\/2021\/03\/martinezdario.jpg",800,450,false],"covernews-featured":["https:\/\/infoecos.com.ar\/wp-content\/uploads\/2021\/03\/martinezdario.jpg",920,517,false],"covernews-medium":["https:\/\/infoecos.com.ar\/wp-content\/uploads\/2021\/03\/martinezdario-720x380.jpg",540,285,true],"covernews-medium-square":["https:\/\/infoecos.com.ar\/wp-content\/uploads\/2021\/03\/martinezdario-675x450.jpg",375,250,true]},"author_info":{"info":["Jorge Matheus"]},"category_info":"<a href=\"https:\/\/infoecos.com.ar\/index.php\/category\/c1nota3\/\" rel=\"category tag\">C1 N3<\/a>","tag_info":"C1 N3","comment_count":"0","_links":{"self":[{"href":"https:\/\/infoecos.com.ar\/index.php\/wp-json\/wp\/v2\/posts\/86927"}],"collection":[{"href":"https:\/\/infoecos.com.ar\/index.php\/wp-json\/wp\/v2\/posts"}],"about":[{"href":"https:\/\/infoecos.com.ar\/index.php\/wp-json\/wp\/v2\/types\/post"}],"author":[{"embeddable":true,"href":"https:\/\/infoecos.com.ar\/index.php\/wp-json\/wp\/v2\/users\/2"}],"replies":[{"embeddable":true,"href":"https:\/\/infoecos.com.ar\/index.php\/wp-json\/wp\/v2\/comments?post=86927"}],"version-history":[{"count":1,"href":"https:\/\/infoecos.com.ar\/index.php\/wp-json\/wp\/v2\/posts\/86927\/revisions"}],"predecessor-version":[{"id":86928,"href":"https:\/\/infoecos.com.ar\/index.php\/wp-json\/wp\/v2\/posts\/86927\/revisions\/86928"}],"wp:featuredmedia":[{"embeddable":true,"href":"https:\/\/infoecos.com.ar\/index.php\/wp-json\/wp\/v2\/media\/76527"}],"wp:attachment":[{"href":"https:\/\/infoecos.com.ar\/index.php\/wp-json\/wp\/v2\/media?parent=86927"}],"wp:term":[{"taxonomy":"category","embeddable":true,"href":"https:\/\/infoecos.com.ar\/index.php\/wp-json\/wp\/v2\/categories?post=86927"},{"taxonomy":"post_tag","embeddable":true,"href":"https:\/\/infoecos.com.ar\/index.php\/wp-json\/wp\/v2\/tags?post=86927"}],"curies":[{"name":"wp","href":"https:\/\/api.w.org\/{rel}","templated":true}]}}