{"id":86964,"date":"2021-09-27T04:50:13","date_gmt":"2021-09-27T07:50:13","guid":{"rendered":"http:\/\/infoecos.com.ar\/?p=86964"},"modified":"2021-09-27T04:50:20","modified_gmt":"2021-09-27T07:50:20","slug":"la-misa-de-los-domingos-en-la-diocesis-de-9-de-julio-sin-aforos-y-monsenor-mosconi-hizo-distribuir-un-breve-comunicado","status":"publish","type":"post","link":"https:\/\/infoecos.com.ar\/index.php\/la-misa-de-los-domingos-en-la-diocesis-de-9-de-julio-sin-aforos-y-monsenor-mosconi-hizo-distribuir-un-breve-comunicado\/","title":{"rendered":"La misa de los domingos en la Dioc\u00e9sis de 9 de Julio sin aforos y monse\u00f1or Mosconi hizo distribuir un breve comunicado"},"content":{"rendered":"\n<p>El obispo de la di\u00f3cesis de 9 de Julio, Monse\u00f1or Torrado Mosconi, anunci\u00f3 que se vuelve a la presencialidad en la celebraci\u00f3n de las misas y que no se exigir\u00e1 anotaci\u00f3n previa para ingresar a las celebraciones lit\u00fargicas.<\/p>\n\n\n\n<p>El texto distribuido a la prensa, es el siguiente:<\/p>\n\n\n\n<div class=\"wp-block-image\"><figure class=\"aligncenter size-large\"><img decoding=\"async\" src=\"http:\/\/infoecos.com.ar\/wp-content\/uploads\/torradomosconi.jpg\" alt=\"\" class=\"wp-image-18405\"\/><figcaption>Di\u00f3cesis de 9 de Julio &#8211; Torrado Mosconi<\/figcaption><\/figure><\/div>\n\n\n\n<p><strong>Habiendo recibido las disposiciones de la Conferencia Episcopal Argentina del 22 de Setiembre de 2021, en la que considera que \u201ccada Obispo de acuerdo a su prudente juicio y criterio pastoral, resuelva teniendo en cuenta la situaci\u00f3n epidemiol\u00f3gica y sanitaria de su respectiva jurisdicci\u00f3n respecto de la recepci\u00f3n de la Eucarist\u00eda por parte de los fieles\u201d, dispongo:<\/strong><\/p>\n\n\n\n<p><strong>El regreso a la presencialidad en la participaci\u00f3n de la Santa Misa en el precepto dominical, aunque mantendremos por caridad las emisiones por medios virtuales para las personas impedidas de poder hacerlo por razones de su salud integral.\u00a0<\/strong><\/p>\n\n\n\n<p><strong>Asimismo al aprobarse el aforo del 100% ya no se exigir\u00e1 anotaci\u00f3n previa para ingresar al templo para las celebraciones lit\u00fargicas.<\/strong><\/p>\n\n\n\n<p><strong>Que cada fiel, observando el cuidado necesario, ante una situaci\u00f3n a\u00fan no superada totalmente, puede recibir la Eucarist\u00eda, tanto en la mano como en la boca.<\/strong><\/p>\n\n\n\n<p><strong>Para las celebraciones lit\u00fargicas deber\u00e1 mantenerse el barbijo, el distanciamiento, la provisi\u00f3n \u00a0de alcohol sanitizante y dem\u00e1s precauciones hasta ahora establecidas.<\/strong><\/p>\n\n\n\n<p>Que Nuestra Se\u00f1ora de F\u00e1tima, patrona de nuestra di\u00f3cesis, nos proteja de esta pandemia y nos ayude a cuidarnos como hermanos.&nbsp;<\/p>\n","protected":false},"excerpt":{"rendered":"<p>Al aprobarse el aforo del 100% ya no se exigir\u00e1 anotaci\u00f3n previa para ingresar al templo para las celebraciones lit\u00fargicas<\/p>\n","protected":false},"author":2,"featured_media":81056,"comment_status":"closed","ping_status":"open","sticky":false,"template":"","format":"standard","meta":{"footnotes":""},"categories":[25],"tags":[5279],"class_list":["post-86964","post","type-post","status-publish","format-standard","has-post-thumbnail","hentry","category-c3nota1","tag-se-mantendran-las-emisiones-por-redes"],"yoast_head":"<!-- This site is optimized with the Yoast SEO plugin v23.4 - https:\/\/yoast.com\/wordpress\/plugins\/seo\/ -->\n<title>La misa de los domingos en la Dioc\u00e9sis de 9 de Julio sin aforos y monse\u00f1or Mosconi hizo distribuir un breve comunicado - Infoecos<\/title>\n<meta name=\"robots\" content=\"index, follow, max-snippet:-1, max-image-preview:large, max-video-preview:-1\" \/>\n<link rel=\"canonical\" href=\"https:\/\/infoecos.com.ar\/index.php\/la-misa-de-los-domingos-en-la-diocesis-de-9-de-julio-sin-aforos-y-monsenor-mosconi-hizo-distribuir-un-breve-comunicado\/\" \/>\n<meta property=\"og:locale\" content=\"es_ES\" \/>\n<meta property=\"og:type\" content=\"article\" \/>\n<meta property=\"og:title\" content=\"La misa de los domingos en la Dioc\u00e9sis de 9 de Julio sin aforos y monse\u00f1or Mosconi hizo distribuir un breve comunicado - Infoecos\" \/>\n<meta property=\"og:description\" content=\"Al aprobarse el aforo del 100% ya no se exigir\u00e1 anotaci\u00f3n previa para ingresar al templo para las celebraciones lit\u00fargicas\" \/>\n<meta property=\"og:url\" content=\"https:\/\/infoecos.com.ar\/index.php\/la-misa-de-los-domingos-en-la-diocesis-de-9-de-julio-sin-aforos-y-monsenor-mosconi-hizo-distribuir-un-breve-comunicado\/\" \/>\n<meta property=\"og:site_name\" content=\"Infoecos\" \/>\n<meta property=\"article:publisher\" content=\"https:\/\/www.facebook.com\/profile.php?id=100063200290284\" \/>\n<meta property=\"article:published_time\" content=\"2021-09-27T07:50:13+00:00\" \/>\n<meta property=\"article:modified_time\" content=\"2021-09-27T07:50:20+00:00\" \/>\n<meta property=\"og:image\" content=\"https:\/\/infoecos.com.ar\/wp-content\/uploads\/2021\/07\/WhatsApp-Image-2021-07-09-at-11.22.54-AM.jpeg\" \/>\n\t<meta property=\"og:image:width\" content=\"1280\" \/>\n\t<meta property=\"og:image:height\" content=\"720\" \/>\n\t<meta property=\"og:image:type\" content=\"image\/jpeg\" \/>\n<meta name=\"author\" content=\"Jorge Matheus\" \/>\n<meta name=\"twitter:card\" content=\"summary_large_image\" \/>\n<meta name=\"twitter:creator\" content=\"@infoecos\" \/>\n<meta name=\"twitter:site\" content=\"@infoecos\" \/>\n<meta name=\"twitter:label1\" content=\"Escrito por\" \/>\n\t<meta name=\"twitter:data1\" content=\"Jorge Matheus\" \/>\n\t<meta name=\"twitter:label2\" content=\"Tiempo de lectura\" \/>\n\t<meta name=\"twitter:data2\" content=\"1 minuto\" \/>\n<script type=\"application\/ld+json\" class=\"yoast-schema-graph\">{\"@context\":\"https:\/\/schema.org\",\"@graph\":[{\"@type\":\"Article\",\"@id\":\"https:\/\/infoecos.com.ar\/index.php\/la-misa-de-los-domingos-en-la-diocesis-de-9-de-julio-sin-aforos-y-monsenor-mosconi-hizo-distribuir-un-breve-comunicado\/#article\",\"isPartOf\":{\"@id\":\"https:\/\/infoecos.com.ar\/index.php\/la-misa-de-los-domingos-en-la-diocesis-de-9-de-julio-sin-aforos-y-monsenor-mosconi-hizo-distribuir-un-breve-comunicado\/\"},\"author\":{\"name\":\"Jorge Matheus\",\"@id\":\"https:\/\/infoecos.com.ar\/#\/schema\/person\/8f5ace5ce73b4b4aac4b7245aee6f191\"},\"headline\":\"La misa de los domingos en la Dioc\u00e9sis de 9 de Julio sin aforos y monse\u00f1or Mosconi hizo distribuir un breve comunicado\",\"datePublished\":\"2021-09-27T07:50:13+00:00\",\"dateModified\":\"2021-09-27T07:50:20+00:00\",\"mainEntityOfPage\":{\"@id\":\"https:\/\/infoecos.com.ar\/index.php\/la-misa-de-los-domingos-en-la-diocesis-de-9-de-julio-sin-aforos-y-monsenor-mosconi-hizo-distribuir-un-breve-comunicado\/\"},\"wordCount\":281,\"publisher\":{\"@id\":\"https:\/\/infoecos.com.ar\/#organization\"},\"image\":{\"@id\":\"https:\/\/infoecos.com.ar\/index.php\/la-misa-de-los-domingos-en-la-diocesis-de-9-de-julio-sin-aforos-y-monsenor-mosconi-hizo-distribuir-un-breve-comunicado\/#primaryimage\"},\"thumbnailUrl\":\"https:\/\/infoecos.com.ar\/wp-content\/uploads\/2021\/07\/WhatsApp-Image-2021-07-09-at-11.22.54-AM.jpeg\",\"keywords\":[\"se mantendr\u00e1n las emisiones por redes\"],\"articleSection\":[\"C3 N1\"],\"inLanguage\":\"es\"},{\"@type\":\"WebPage\",\"@id\":\"https:\/\/infoecos.com.ar\/index.php\/la-misa-de-los-domingos-en-la-diocesis-de-9-de-julio-sin-aforos-y-monsenor-mosconi-hizo-distribuir-un-breve-comunicado\/\",\"url\":\"https:\/\/infoecos.com.ar\/index.php\/la-misa-de-los-domingos-en-la-diocesis-de-9-de-julio-sin-aforos-y-monsenor-mosconi-hizo-distribuir-un-breve-comunicado\/\",\"name\":\"La misa de los domingos en la Dioc\u00e9sis de 9 de Julio sin aforos y monse\u00f1or Mosconi hizo distribuir un breve comunicado - Infoecos\",\"isPartOf\":{\"@id\":\"https:\/\/infoecos.com.ar\/#website\"},\"primaryImageOfPage\":{\"@id\":\"https:\/\/infoecos.com.ar\/index.php\/la-misa-de-los-domingos-en-la-diocesis-de-9-de-julio-sin-aforos-y-monsenor-mosconi-hizo-distribuir-un-breve-comunicado\/#primaryimage\"},\"image\":{\"@id\":\"https:\/\/infoecos.com.ar\/index.php\/la-misa-de-los-domingos-en-la-diocesis-de-9-de-julio-sin-aforos-y-monsenor-mosconi-hizo-distribuir-un-breve-comunicado\/#primaryimage\"},\"thumbnailUrl\":\"https:\/\/infoecos.com.ar\/wp-content\/uploads\/2021\/07\/WhatsApp-Image-2021-07-09-at-11.22.54-AM.jpeg\",\"datePublished\":\"2021-09-27T07:50:13+00:00\",\"dateModified\":\"2021-09-27T07:50:20+00:00\",\"breadcrumb\":{\"@id\":\"https:\/\/infoecos.com.ar\/index.php\/la-misa-de-los-domingos-en-la-diocesis-de-9-de-julio-sin-aforos-y-monsenor-mosconi-hizo-distribuir-un-breve-comunicado\/#breadcrumb\"},\"inLanguage\":\"es\",\"potentialAction\":[{\"@type\":\"ReadAction\",\"target\":[\"https:\/\/infoecos.com.ar\/index.php\/la-misa-de-los-domingos-en-la-diocesis-de-9-de-julio-sin-aforos-y-monsenor-mosconi-hizo-distribuir-un-breve-comunicado\/\"]}]},{\"@type\":\"ImageObject\",\"inLanguage\":\"es\",\"@id\":\"https:\/\/infoecos.com.ar\/index.php\/la-misa-de-los-domingos-en-la-diocesis-de-9-de-julio-sin-aforos-y-monsenor-mosconi-hizo-distribuir-un-breve-comunicado\/#primaryimage\",\"url\":\"https:\/\/infoecos.com.ar\/wp-content\/uploads\/2021\/07\/WhatsApp-Image-2021-07-09-at-11.22.54-AM.jpeg\",\"contentUrl\":\"https:\/\/infoecos.com.ar\/wp-content\/uploads\/2021\/07\/WhatsApp-Image-2021-07-09-at-11.22.54-AM.jpeg\",\"width\":1280,\"height\":720},{\"@type\":\"BreadcrumbList\",\"@id\":\"https:\/\/infoecos.com.ar\/index.php\/la-misa-de-los-domingos-en-la-diocesis-de-9-de-julio-sin-aforos-y-monsenor-mosconi-hizo-distribuir-un-breve-comunicado\/#breadcrumb\",\"itemListElement\":[{\"@type\":\"ListItem\",\"position\":1,\"name\":\"Portada\",\"item\":\"https:\/\/infoecos.com.ar\/\"},{\"@type\":\"ListItem\",\"position\":2,\"name\":\"La misa de los domingos en la Dioc\u00e9sis de 9 de Julio sin aforos y monse\u00f1or Mosconi hizo distribuir un breve comunicado\"}]},{\"@type\":\"WebSite\",\"@id\":\"https:\/\/infoecos.com.ar\/#website\",\"url\":\"https:\/\/infoecos.com.ar\/\",\"name\":\"Infoecos\",\"description\":\"Noticias de trenque lauquen y la zona\",\"publisher\":{\"@id\":\"https:\/\/infoecos.com.ar\/#organization\"},\"alternateName\":\"Noticias\",\"potentialAction\":[{\"@type\":\"SearchAction\",\"target\":{\"@type\":\"EntryPoint\",\"urlTemplate\":\"https:\/\/infoecos.com.ar\/?s={search_term_string}\"},\"query-input\":{\"@type\":\"PropertyValueSpecification\",\"valueRequired\":true,\"valueName\":\"search_term_string\"}}],\"inLanguage\":\"es\"},{\"@type\":\"Organization\",\"@id\":\"https:\/\/infoecos.com.ar\/#organization\",\"name\":\"Infoecos\",\"alternateName\":\"Noticias\",\"url\":\"https:\/\/infoecos.com.ar\/\",\"logo\":{\"@type\":\"ImageObject\",\"inLanguage\":\"es\",\"@id\":\"https:\/\/infoecos.com.ar\/#\/schema\/logo\/image\/\",\"url\":\"https:\/\/infoecos.com.ar\/wp-content\/uploads\/2024\/03\/cropped-logo.png\",\"contentUrl\":\"https:\/\/infoecos.com.ar\/wp-content\/uploads\/2024\/03\/cropped-logo.png\",\"width\":374,\"height\":90,\"caption\":\"Infoecos\"},\"image\":{\"@id\":\"https:\/\/infoecos.com.ar\/#\/schema\/logo\/image\/\"},\"sameAs\":[\"https:\/\/www.facebook.com\/profile.php?id=100063200290284\",\"https:\/\/x.com\/infoecos\"]},{\"@type\":\"Person\",\"@id\":\"https:\/\/infoecos.com.ar\/#\/schema\/person\/8f5ace5ce73b4b4aac4b7245aee6f191\",\"name\":\"Jorge Matheus\",\"url\":\"https:\/\/infoecos.com.ar\/index.php\/author\/jomatheus\/\"}]}<\/script>\n<!-- \/ Yoast SEO plugin. -->","yoast_head_json":{"title":"La misa de los domingos en la Dioc\u00e9sis de 9 de Julio sin aforos y monse\u00f1or Mosconi hizo distribuir un breve comunicado - Infoecos","robots":{"index":"index","follow":"follow","max-snippet":"max-snippet:-1","max-image-preview":"max-image-preview:large","max-video-preview":"max-video-preview:-1"},"canonical":"https:\/\/infoecos.com.ar\/index.php\/la-misa-de-los-domingos-en-la-diocesis-de-9-de-julio-sin-aforos-y-monsenor-mosconi-hizo-distribuir-un-breve-comunicado\/","og_locale":"es_ES","og_type":"article","og_title":"La misa de los domingos en la Dioc\u00e9sis de 9 de Julio sin aforos y monse\u00f1or Mosconi hizo distribuir un breve comunicado - Infoecos","og_description":"Al aprobarse el aforo del 100% ya no se exigir\u00e1 anotaci\u00f3n previa para ingresar al templo para las celebraciones lit\u00fargicas","og_url":"https:\/\/infoecos.com.ar\/index.php\/la-misa-de-los-domingos-en-la-diocesis-de-9-de-julio-sin-aforos-y-monsenor-mosconi-hizo-distribuir-un-breve-comunicado\/","og_site_name":"Infoecos","article_publisher":"https:\/\/www.facebook.com\/profile.php?id=100063200290284","article_published_time":"2021-09-27T07:50:13+00:00","article_modified_time":"2021-09-27T07:50:20+00:00","og_image":[{"width":1280,"height":720,"url":"https:\/\/infoecos.com.ar\/wp-content\/uploads\/2021\/07\/WhatsApp-Image-2021-07-09-at-11.22.54-AM.jpeg","type":"image\/jpeg"}],"author":"Jorge Matheus","twitter_card":"summary_large_image","twitter_creator":"@infoecos","twitter_site":"@infoecos","twitter_misc":{"Escrito por":"Jorge Matheus","Tiempo de lectura":"1 minuto"},"schema":{"@context":"https:\/\/schema.org","@graph":[{"@type":"Article","@id":"https:\/\/infoecos.com.ar\/index.php\/la-misa-de-los-domingos-en-la-diocesis-de-9-de-julio-sin-aforos-y-monsenor-mosconi-hizo-distribuir-un-breve-comunicado\/#article","isPartOf":{"@id":"https:\/\/infoecos.com.ar\/index.php\/la-misa-de-los-domingos-en-la-diocesis-de-9-de-julio-sin-aforos-y-monsenor-mosconi-hizo-distribuir-un-breve-comunicado\/"},"author":{"name":"Jorge Matheus","@id":"https:\/\/infoecos.com.ar\/#\/schema\/person\/8f5ace5ce73b4b4aac4b7245aee6f191"},"headline":"La misa de los domingos en la Dioc\u00e9sis de 9 de Julio sin aforos y monse\u00f1or Mosconi hizo distribuir un breve comunicado","datePublished":"2021-09-27T07:50:13+00:00","dateModified":"2021-09-27T07:50:20+00:00","mainEntityOfPage":{"@id":"https:\/\/infoecos.com.ar\/index.php\/la-misa-de-los-domingos-en-la-diocesis-de-9-de-julio-sin-aforos-y-monsenor-mosconi-hizo-distribuir-un-breve-comunicado\/"},"wordCount":281,"publisher":{"@id":"https:\/\/infoecos.com.ar\/#organization"},"image":{"@id":"https:\/\/infoecos.com.ar\/index.php\/la-misa-de-los-domingos-en-la-diocesis-de-9-de-julio-sin-aforos-y-monsenor-mosconi-hizo-distribuir-un-breve-comunicado\/#primaryimage"},"thumbnailUrl":"https:\/\/infoecos.com.ar\/wp-content\/uploads\/2021\/07\/WhatsApp-Image-2021-07-09-at-11.22.54-AM.jpeg","keywords":["se mantendr\u00e1n las emisiones por redes"],"articleSection":["C3 N1"],"inLanguage":"es"},{"@type":"WebPage","@id":"https:\/\/infoecos.com.ar\/index.php\/la-misa-de-los-domingos-en-la-diocesis-de-9-de-julio-sin-aforos-y-monsenor-mosconi-hizo-distribuir-un-breve-comunicado\/","url":"https:\/\/infoecos.com.ar\/index.php\/la-misa-de-los-domingos-en-la-diocesis-de-9-de-julio-sin-aforos-y-monsenor-mosconi-hizo-distribuir-un-breve-comunicado\/","name":"La misa de los domingos en la Dioc\u00e9sis de 9 de Julio sin aforos y monse\u00f1or Mosconi hizo distribuir un breve comunicado - Infoecos","isPartOf":{"@id":"https:\/\/infoecos.com.ar\/#website"},"primaryImageOfPage":{"@id":"https:\/\/infoecos.com.ar\/index.php\/la-misa-de-los-domingos-en-la-diocesis-de-9-de-julio-sin-aforos-y-monsenor-mosconi-hizo-distribuir-un-breve-comunicado\/#primaryimage"},"image":{"@id":"https:\/\/infoecos.com.ar\/index.php\/la-misa-de-los-domingos-en-la-diocesis-de-9-de-julio-sin-aforos-y-monsenor-mosconi-hizo-distribuir-un-breve-comunicado\/#primaryimage"},"thumbnailUrl":"https:\/\/infoecos.com.ar\/wp-content\/uploads\/2021\/07\/WhatsApp-Image-2021-07-09-at-11.22.54-AM.jpeg","datePublished":"2021-09-27T07:50:13+00:00","dateModified":"2021-09-27T07:50:20+00:00","breadcrumb":{"@id":"https:\/\/infoecos.com.ar\/index.php\/la-misa-de-los-domingos-en-la-diocesis-de-9-de-julio-sin-aforos-y-monsenor-mosconi-hizo-distribuir-un-breve-comunicado\/#breadcrumb"},"inLanguage":"es","potentialAction":[{"@type":"ReadAction","target":["https:\/\/infoecos.com.ar\/index.php\/la-misa-de-los-domingos-en-la-diocesis-de-9-de-julio-sin-aforos-y-monsenor-mosconi-hizo-distribuir-un-breve-comunicado\/"]}]},{"@type":"ImageObject","inLanguage":"es","@id":"https:\/\/infoecos.com.ar\/index.php\/la-misa-de-los-domingos-en-la-diocesis-de-9-de-julio-sin-aforos-y-monsenor-mosconi-hizo-distribuir-un-breve-comunicado\/#primaryimage","url":"https:\/\/infoecos.com.ar\/wp-content\/uploads\/2021\/07\/WhatsApp-Image-2021-07-09-at-11.22.54-AM.jpeg","contentUrl":"https:\/\/infoecos.com.ar\/wp-content\/uploads\/2021\/07\/WhatsApp-Image-2021-07-09-at-11.22.54-AM.jpeg","width":1280,"height":720},{"@type":"BreadcrumbList","@id":"https:\/\/infoecos.com.ar\/index.php\/la-misa-de-los-domingos-en-la-diocesis-de-9-de-julio-sin-aforos-y-monsenor-mosconi-hizo-distribuir-un-breve-comunicado\/#breadcrumb","itemListElement":[{"@type":"ListItem","position":1,"name":"Portada","item":"https:\/\/infoecos.com.ar\/"},{"@type":"ListItem","position":2,"name":"La misa de los domingos en la Dioc\u00e9sis de 9 de Julio sin aforos y monse\u00f1or Mosconi hizo distribuir un breve comunicado"}]},{"@type":"WebSite","@id":"https:\/\/infoecos.com.ar\/#website","url":"https:\/\/infoecos.com.ar\/","name":"Infoecos","description":"Noticias de trenque lauquen y la zona","publisher":{"@id":"https:\/\/infoecos.com.ar\/#organization"},"alternateName":"Noticias","potentialAction":[{"@type":"SearchAction","target":{"@type":"EntryPoint","urlTemplate":"https:\/\/infoecos.com.ar\/?s={search_term_string}"},"query-input":{"@type":"PropertyValueSpecification","valueRequired":true,"valueName":"search_term_string"}}],"inLanguage":"es"},{"@type":"Organization","@id":"https:\/\/infoecos.com.ar\/#organization","name":"Infoecos","alternateName":"Noticias","url":"https:\/\/infoecos.com.ar\/","logo":{"@type":"ImageObject","inLanguage":"es","@id":"https:\/\/infoecos.com.ar\/#\/schema\/logo\/image\/","url":"https:\/\/infoecos.com.ar\/wp-content\/uploads\/2024\/03\/cropped-logo.png","contentUrl":"https:\/\/infoecos.com.ar\/wp-content\/uploads\/2024\/03\/cropped-logo.png","width":374,"height":90,"caption":"Infoecos"},"image":{"@id":"https:\/\/infoecos.com.ar\/#\/schema\/logo\/image\/"},"sameAs":["https:\/\/www.facebook.com\/profile.php?id=100063200290284","https:\/\/x.com\/infoecos"]},{"@type":"Person","@id":"https:\/\/infoecos.com.ar\/#\/schema\/person\/8f5ace5ce73b4b4aac4b7245aee6f191","name":"Jorge Matheus","url":"https:\/\/infoecos.com.ar\/index.php\/author\/jomatheus\/"}]}},"featured_image_urls":{"full":["https:\/\/infoecos.com.ar\/wp-content\/uploads\/2021\/07\/WhatsApp-Image-2021-07-09-at-11.22.54-AM.jpeg",1280,720,false],"thumbnail":["https:\/\/infoecos.com.ar\/wp-content\/uploads\/2021\/07\/WhatsApp-Image-2021-07-09-at-11.22.54-AM-150x150.jpeg",150,150,true],"medium":["https:\/\/infoecos.com.ar\/wp-content\/uploads\/2021\/07\/WhatsApp-Image-2021-07-09-at-11.22.54-AM-460x259.jpeg",460,259,true],"medium_large":["https:\/\/infoecos.com.ar\/wp-content\/uploads\/2021\/07\/WhatsApp-Image-2021-07-09-at-11.22.54-AM-768x432.jpeg",640,360,true],"large":["https:\/\/infoecos.com.ar\/wp-content\/uploads\/2021\/07\/WhatsApp-Image-2021-07-09-at-11.22.54-AM-920x518.jpeg",640,360,true],"1536x1536":["https:\/\/infoecos.com.ar\/wp-content\/uploads\/2021\/07\/WhatsApp-Image-2021-07-09-at-11.22.54-AM.jpeg",1280,720,false],"2048x2048":["https:\/\/infoecos.com.ar\/wp-content\/uploads\/2021\/07\/WhatsApp-Image-2021-07-09-at-11.22.54-AM.jpeg",1280,720,false],"covernews-slider-full":["https:\/\/infoecos.com.ar\/wp-content\/uploads\/2021\/07\/WhatsApp-Image-2021-07-09-at-11.22.54-AM.jpeg",1115,627,false],"covernews-slider-center":["https:\/\/infoecos.com.ar\/wp-content\/uploads\/2021\/07\/WhatsApp-Image-2021-07-09-at-11.22.54-AM-936x720.jpeg",650,500,true],"covernews-featured":["https:\/\/infoecos.com.ar\/wp-content\/uploads\/2021\/07\/WhatsApp-Image-2021-07-09-at-11.22.54-AM-1024x576.jpeg",1024,576,true],"covernews-medium":["https:\/\/infoecos.com.ar\/wp-content\/uploads\/2021\/07\/WhatsApp-Image-2021-07-09-at-11.22.54-AM-720x380.jpeg",540,285,true],"covernews-medium-square":["https:\/\/infoecos.com.ar\/wp-content\/uploads\/2021\/07\/WhatsApp-Image-2021-07-09-at-11.22.54-AM-675x450.jpeg",375,250,true]},"author_info":{"info":["Jorge Matheus"]},"category_info":"<a href=\"https:\/\/infoecos.com.ar\/index.php\/category\/c3nota1\/\" rel=\"category tag\">C3 N1<\/a>","tag_info":"C3 N1","comment_count":"0","_links":{"self":[{"href":"https:\/\/infoecos.com.ar\/index.php\/wp-json\/wp\/v2\/posts\/86964"}],"collection":[{"href":"https:\/\/infoecos.com.ar\/index.php\/wp-json\/wp\/v2\/posts"}],"about":[{"href":"https:\/\/infoecos.com.ar\/index.php\/wp-json\/wp\/v2\/types\/post"}],"author":[{"embeddable":true,"href":"https:\/\/infoecos.com.ar\/index.php\/wp-json\/wp\/v2\/users\/2"}],"replies":[{"embeddable":true,"href":"https:\/\/infoecos.com.ar\/index.php\/wp-json\/wp\/v2\/comments?post=86964"}],"version-history":[{"count":1,"href":"https:\/\/infoecos.com.ar\/index.php\/wp-json\/wp\/v2\/posts\/86964\/revisions"}],"predecessor-version":[{"id":86965,"href":"https:\/\/infoecos.com.ar\/index.php\/wp-json\/wp\/v2\/posts\/86964\/revisions\/86965"}],"wp:featuredmedia":[{"embeddable":true,"href":"https:\/\/infoecos.com.ar\/index.php\/wp-json\/wp\/v2\/media\/81056"}],"wp:attachment":[{"href":"https:\/\/infoecos.com.ar\/index.php\/wp-json\/wp\/v2\/media?parent=86964"}],"wp:term":[{"taxonomy":"category","embeddable":true,"href":"https:\/\/infoecos.com.ar\/index.php\/wp-json\/wp\/v2\/categories?post=86964"},{"taxonomy":"post_tag","embeddable":true,"href":"https:\/\/infoecos.com.ar\/index.php\/wp-json\/wp\/v2\/tags?post=86964"}],"curies":[{"name":"wp","href":"https:\/\/api.w.org\/{rel}","templated":true}]}}